{"id":45967,"date":"2016-02-18T11:29:10","date_gmt":"2016-02-18T10:29:10","guid":{"rendered":"http:\/\/www.serbia.com\/srpski\/?p=45967"},"modified":"2016-02-18T11:29:10","modified_gmt":"2016-02-18T10:29:10","slug":"unhcr-hrtvatska-nocas-vratila-217-izbeglica-u-srbiju","status":"publish","type":"post","link":"https:\/\/serbia.com\/srpski\/unhcr-hrtvatska-nocas-vratila-217-izbeglica-u-srbiju\/","title":{"rendered":"UNHCR: Hrtvatska no\u0107as vratila 217 izbeglica u Srbiju"},"content":{"rendered":"<h4>Hrvatska je u Srbiju vratila 217 izbeglica, koje se trenutno nalaze u Prihvatnom centru u \u0160idu, izjavila je danas Mirjana Milenkovski iz kancelarije UNHCR.<\/h4>\n<p>Milenkovski je Tanjugu rekla da su izbeglice, uglavnom Avganistanci, Ira\u010dani i mali broj Sirijaca, vra\u0107eni no\u0107as vozom.<\/p>\n<p>Re\u010d je o izbeglicama koje je tokom vikenda Slovenija vratila u Hrvatsku, rekla je ona.<\/p>\n<p>Milenkovski je navela da se izbeglicama u \u0160idu pru\u017ea humanitarna pomo\u0107 i da su obave\u0161teni o procedurama za dobijanje azila u Srbiji.<\/p>\n<p>&#8220;Poku\u0161avamo da saznamo za\u0161to su vra\u0107eni iz Hrvatske u Srbiju&#8221;, rekla je Milenkovski.<\/p>\n<p>Izvor: Tanjug<\/p>\n","protected":false},"excerpt":{"rendered":"<p>Hrvatska je u Srbiju vratila 217 izbeglica, koje se trenutno nalaze u Prihvatnom centru u \u0160idu, izjavila je danas Mirjana Milenkovski iz kancelarije UNHCR. Milenkovski je Tanjugu rekla da su [&hellip;]<\/p>\n","protected":false},"author":9,"featured_media":37975,"comment_status":"closed","ping_status":"closed","sticky":false,"template":"","format":"standard","meta":{"_acf_changed":false,"inline_featured_image":false,"_monsterinsights_skip_tracking":false,"_monsterinsights_sitenote_active":false,"_monsterinsights_sitenote_note":"","_monsterinsights_sitenote_category":0,"footnotes":""},"categories":[2700],"tags":[4801,3904,3878,4098],"class_list":["post-45967","post","type-post","status-publish","format-standard","has-post-thumbnail","hentry","category-vesti","tag-hrvatska","tag-migranti","tag-migrantska-kriza","tag-unhcr"],"acf":[],"yoast_head":"<!-- This site is optimized with the Yoast SEO plugin v27.4 - https:\/\/yoast.com\/product\/yoast-seo-wordpress\/ -->\n<title>UNHCR: Hrtvatska no\u0107as vratila 217 izbeglica u Srbiju - Serbia.com<\/title>\n<meta name=\"robots\" content=\"index, follow, max-snippet:-1, max-image-preview:large, max-video-preview:-1\" \/>\n<link rel=\"canonical\" href=\"https:\/\/serbia.com\/srpski\/unhcr-hrtvatska-nocas-vratila-217-izbeglica-u-srbiju\/\" \/>\n<meta property=\"og:locale\" content=\"en_US\" \/>\n<meta property=\"og:type\" content=\"article\" \/>\n<meta property=\"og:title\" content=\"UNHCR: Hrtvatska no\u0107as vratila 217 izbeglica u Srbiju - Serbia.com\" \/>\n<meta property=\"og:description\" content=\"Hrvatska je u Srbiju vratila 217 izbeglica, koje se trenutno nalaze u Prihvatnom centru u \u0160idu, izjavila je danas Mirjana Milenkovski iz kancelarije UNHCR. Milenkovski je Tanjugu rekla da su [&hellip;]\" \/>\n<meta property=\"og:url\" content=\"https:\/\/serbia.com\/srpski\/unhcr-hrtvatska-nocas-vratila-217-izbeglica-u-srbiju\/\" \/>\n<meta property=\"og:site_name\" content=\"Serbia.com\" \/>\n<meta property=\"article:published_time\" content=\"2016-02-18T10:29:10+00:00\" \/>\n<meta property=\"og:image\" content=\"https:\/\/serbia.com\/wp-content\/uploads\/2015\/11\/migranti-soccorsi-augusta-reuters1111.jpg\" \/>\n\t<meta property=\"og:image:width\" content=\"800\" \/>\n\t<meta property=\"og:image:height\" content=\"542\" \/>\n\t<meta property=\"og:image:type\" content=\"image\/jpeg\" \/>\n<meta name=\"author\" content=\"Serbia.com\" \/>\n<meta name=\"twitter:label1\" content=\"Written by\" \/>\n\t<meta name=\"twitter:data1\" content=\"Serbia.com\" \/>\n\t<meta name=\"twitter:label2\" content=\"Est. reading time\" \/>\n\t<meta name=\"twitter:data2\" content=\"1 minute\" \/>\n<script type=\"application\/ld+json\" class=\"yoast-schema-graph\">{\"@context\":\"https:\\\/\\\/schema.org\",\"@graph\":[{\"@type\":\"Article\",\"@id\":\"https:\\\/\\\/serbia.com\\\/srpski\\\/unhcr-hrtvatska-nocas-vratila-217-izbeglica-u-srbiju\\\/#article\",\"isPartOf\":{\"@id\":\"https:\\\/\\\/serbia.com\\\/srpski\\\/unhcr-hrtvatska-nocas-vratila-217-izbeglica-u-srbiju\\\/\"},\"author\":{\"name\":\"Serbia.com\",\"@id\":\"https:\\\/\\\/serbia.com\\\/#\\\/schema\\\/person\\\/6fe28d3055f5f291d832531e555da490\"},\"headline\":\"UNHCR: Hrtvatska no\u0107as vratila 217 izbeglica u Srbiju\",\"datePublished\":\"2016-02-18T10:29:10+00:00\",\"mainEntityOfPage\":{\"@id\":\"https:\\\/\\\/serbia.com\\\/srpski\\\/unhcr-hrtvatska-nocas-vratila-217-izbeglica-u-srbiju\\\/\"},\"wordCount\":108,\"image\":{\"@id\":\"https:\\\/\\\/serbia.com\\\/srpski\\\/unhcr-hrtvatska-nocas-vratila-217-izbeglica-u-srbiju\\\/#primaryimage\"},\"thumbnailUrl\":\"https:\\\/\\\/serbia.com\\\/wp-content\\\/uploads\\\/2015\\\/11\\\/migranti-soccorsi-augusta-reuters1111.jpg\",\"keywords\":[\"Hrvatska\",\"Migranti\",\"Migrantska kriza\",\"UNHCR\"],\"articleSection\":[\"Vesti\"],\"inLanguage\":\"srpski\"},{\"@type\":\"WebPage\",\"@id\":\"https:\\\/\\\/serbia.com\\\/srpski\\\/unhcr-hrtvatska-nocas-vratila-217-izbeglica-u-srbiju\\\/\",\"url\":\"https:\\\/\\\/serbia.com\\\/srpski\\\/unhcr-hrtvatska-nocas-vratila-217-izbeglica-u-srbiju\\\/\",\"name\":\"UNHCR: Hrtvatska no\u0107as vratila 217 izbeglica u Srbiju - Serbia.com\",\"isPartOf\":{\"@id\":\"https:\\\/\\\/serbia.com\\\/#website\"},\"primaryImageOfPage\":{\"@id\":\"https:\\\/\\\/serbia.com\\\/srpski\\\/unhcr-hrtvatska-nocas-vratila-217-izbeglica-u-srbiju\\\/#primaryimage\"},\"image\":{\"@id\":\"https:\\\/\\\/serbia.com\\\/srpski\\\/unhcr-hrtvatska-nocas-vratila-217-izbeglica-u-srbiju\\\/#primaryimage\"},\"thumbnailUrl\":\"https:\\\/\\\/serbia.com\\\/wp-content\\\/uploads\\\/2015\\\/11\\\/migranti-soccorsi-augusta-reuters1111.jpg\",\"datePublished\":\"2016-02-18T10:29:10+00:00\",\"author\":{\"@id\":\"https:\\\/\\\/serbia.com\\\/#\\\/schema\\\/person\\\/6fe28d3055f5f291d832531e555da490\"},\"breadcrumb\":{\"@id\":\"https:\\\/\\\/serbia.com\\\/srpski\\\/unhcr-hrtvatska-nocas-vratila-217-izbeglica-u-srbiju\\\/#breadcrumb\"},\"inLanguage\":\"srpski\",\"potentialAction\":[{\"@type\":\"ReadAction\",\"target\":[\"https:\\\/\\\/serbia.com\\\/srpski\\\/unhcr-hrtvatska-nocas-vratila-217-izbeglica-u-srbiju\\\/\"]}]},{\"@type\":\"ImageObject\",\"inLanguage\":\"srpski\",\"@id\":\"https:\\\/\\\/serbia.com\\\/srpski\\\/unhcr-hrtvatska-nocas-vratila-217-izbeglica-u-srbiju\\\/#primaryimage\",\"url\":\"https:\\\/\\\/serbia.com\\\/wp-content\\\/uploads\\\/2015\\\/11\\\/migranti-soccorsi-augusta-reuters1111.jpg\",\"contentUrl\":\"https:\\\/\\\/serbia.com\\\/wp-content\\\/uploads\\\/2015\\\/11\\\/migranti-soccorsi-augusta-reuters1111.jpg\",\"width\":800,\"height\":542,\"caption\":\"Migrants\"},{\"@type\":\"BreadcrumbList\",\"@id\":\"https:\\\/\\\/serbia.com\\\/srpski\\\/unhcr-hrtvatska-nocas-vratila-217-izbeglica-u-srbiju\\\/#breadcrumb\",\"itemListElement\":[{\"@type\":\"ListItem\",\"position\":1,\"name\":\"Home\",\"item\":\"https:\\\/\\\/serbia.com\\\/srpski\\\/srbija\\\/\"},{\"@type\":\"ListItem\",\"position\":2,\"name\":\"UNHCR: Hrtvatska no\u0107as vratila 217 izbeglica u Srbiju\"}]},{\"@type\":\"WebSite\",\"@id\":\"https:\\\/\\\/serbia.com\\\/#website\",\"url\":\"https:\\\/\\\/serbia.com\\\/\",\"name\":\"Serbia.com\",\"description\":\"Your Gateway to Serbia\",\"potentialAction\":[{\"@type\":\"SearchAction\",\"target\":{\"@type\":\"EntryPoint\",\"urlTemplate\":\"https:\\\/\\\/serbia.com\\\/?s={search_term_string}\"},\"query-input\":{\"@type\":\"PropertyValueSpecification\",\"valueRequired\":true,\"valueName\":\"search_term_string\"}}],\"inLanguage\":\"srpski\"},{\"@type\":\"Person\",\"@id\":\"https:\\\/\\\/serbia.com\\\/#\\\/schema\\\/person\\\/6fe28d3055f5f291d832531e555da490\",\"name\":\"Serbia.com\",\"image\":{\"@type\":\"ImageObject\",\"inLanguage\":\"srpski\",\"@id\":\"https:\\\/\\\/secure.gravatar.com\\\/avatar\\\/8381eb54f5b393857857cb5fd6c42264c9e14b10435326bc567fcc3511bd8df4?s=96&d=mm&r=g\",\"url\":\"https:\\\/\\\/secure.gravatar.com\\\/avatar\\\/8381eb54f5b393857857cb5fd6c42264c9e14b10435326bc567fcc3511bd8df4?s=96&d=mm&r=g\",\"contentUrl\":\"https:\\\/\\\/secure.gravatar.com\\\/avatar\\\/8381eb54f5b393857857cb5fd6c42264c9e14b10435326bc567fcc3511bd8df4?s=96&d=mm&r=g\",\"caption\":\"Serbia.com\"},\"url\":\"https:\\\/\\\/serbia.com\\\/srpski\\\/author\\\/serbia-com\\\/\"}]}<\/script>\n<!-- \/ Yoast SEO plugin. -->","yoast_head_json":{"title":"UNHCR: Hrtvatska no\u0107as vratila 217 izbeglica u Srbiju - Serbia.com","robots":{"index":"index","follow":"follow","max-snippet":"max-snippet:-1","max-image-preview":"max-image-preview:large","max-video-preview":"max-video-preview:-1"},"canonical":"https:\/\/serbia.com\/srpski\/unhcr-hrtvatska-nocas-vratila-217-izbeglica-u-srbiju\/","og_locale":"en_US","og_type":"article","og_title":"UNHCR: Hrtvatska no\u0107as vratila 217 izbeglica u Srbiju - Serbia.com","og_description":"Hrvatska je u Srbiju vratila 217 izbeglica, koje se trenutno nalaze u Prihvatnom centru u \u0160idu, izjavila je danas Mirjana Milenkovski iz kancelarije UNHCR. Milenkovski je Tanjugu rekla da su [&hellip;]","og_url":"https:\/\/serbia.com\/srpski\/unhcr-hrtvatska-nocas-vratila-217-izbeglica-u-srbiju\/","og_site_name":"Serbia.com","article_published_time":"2016-02-18T10:29:10+00:00","og_image":[{"width":800,"height":542,"url":"https:\/\/serbia.com\/wp-content\/uploads\/2015\/11\/migranti-soccorsi-augusta-reuters1111.jpg","type":"image\/jpeg"}],"author":"Serbia.com","twitter_misc":{"Written by":"Serbia.com","Est. reading time":"1 minute"},"schema":{"@context":"https:\/\/schema.org","@graph":[{"@type":"Article","@id":"https:\/\/serbia.com\/srpski\/unhcr-hrtvatska-nocas-vratila-217-izbeglica-u-srbiju\/#article","isPartOf":{"@id":"https:\/\/serbia.com\/srpski\/unhcr-hrtvatska-nocas-vratila-217-izbeglica-u-srbiju\/"},"author":{"name":"Serbia.com","@id":"https:\/\/serbia.com\/#\/schema\/person\/6fe28d3055f5f291d832531e555da490"},"headline":"UNHCR: Hrtvatska no\u0107as vratila 217 izbeglica u Srbiju","datePublished":"2016-02-18T10:29:10+00:00","mainEntityOfPage":{"@id":"https:\/\/serbia.com\/srpski\/unhcr-hrtvatska-nocas-vratila-217-izbeglica-u-srbiju\/"},"wordCount":108,"image":{"@id":"https:\/\/serbia.com\/srpski\/unhcr-hrtvatska-nocas-vratila-217-izbeglica-u-srbiju\/#primaryimage"},"thumbnailUrl":"https:\/\/serbia.com\/wp-content\/uploads\/2015\/11\/migranti-soccorsi-augusta-reuters1111.jpg","keywords":["Hrvatska","Migranti","Migrantska kriza","UNHCR"],"articleSection":["Vesti"],"inLanguage":"srpski"},{"@type":"WebPage","@id":"https:\/\/serbia.com\/srpski\/unhcr-hrtvatska-nocas-vratila-217-izbeglica-u-srbiju\/","url":"https:\/\/serbia.com\/srpski\/unhcr-hrtvatska-nocas-vratila-217-izbeglica-u-srbiju\/","name":"UNHCR: Hrtvatska no\u0107as vratila 217 izbeglica u Srbiju - Serbia.com","isPartOf":{"@id":"https:\/\/serbia.com\/#website"},"primaryImageOfPage":{"@id":"https:\/\/serbia.com\/srpski\/unhcr-hrtvatska-nocas-vratila-217-izbeglica-u-srbiju\/#primaryimage"},"image":{"@id":"https:\/\/serbia.com\/srpski\/unhcr-hrtvatska-nocas-vratila-217-izbeglica-u-srbiju\/#primaryimage"},"thumbnailUrl":"https:\/\/serbia.com\/wp-content\/uploads\/2015\/11\/migranti-soccorsi-augusta-reuters1111.jpg","datePublished":"2016-02-18T10:29:10+00:00","author":{"@id":"https:\/\/serbia.com\/#\/schema\/person\/6fe28d3055f5f291d832531e555da490"},"breadcrumb":{"@id":"https:\/\/serbia.com\/srpski\/unhcr-hrtvatska-nocas-vratila-217-izbeglica-u-srbiju\/#breadcrumb"},"inLanguage":"srpski","potentialAction":[{"@type":"ReadAction","target":["https:\/\/serbia.com\/srpski\/unhcr-hrtvatska-nocas-vratila-217-izbeglica-u-srbiju\/"]}]},{"@type":"ImageObject","inLanguage":"srpski","@id":"https:\/\/serbia.com\/srpski\/unhcr-hrtvatska-nocas-vratila-217-izbeglica-u-srbiju\/#primaryimage","url":"https:\/\/serbia.com\/wp-content\/uploads\/2015\/11\/migranti-soccorsi-augusta-reuters1111.jpg","contentUrl":"https:\/\/serbia.com\/wp-content\/uploads\/2015\/11\/migranti-soccorsi-augusta-reuters1111.jpg","width":800,"height":542,"caption":"Migrants"},{"@type":"BreadcrumbList","@id":"https:\/\/serbia.com\/srpski\/unhcr-hrtvatska-nocas-vratila-217-izbeglica-u-srbiju\/#breadcrumb","itemListElement":[{"@type":"ListItem","position":1,"name":"Home","item":"https:\/\/serbia.com\/srpski\/srbija\/"},{"@type":"ListItem","position":2,"name":"UNHCR: Hrtvatska no\u0107as vratila 217 izbeglica u Srbiju"}]},{"@type":"WebSite","@id":"https:\/\/serbia.com\/#website","url":"https:\/\/serbia.com\/","name":"Serbia.com","description":"Your Gateway to Serbia","potentialAction":[{"@type":"SearchAction","target":{"@type":"EntryPoint","urlTemplate":"https:\/\/serbia.com\/?s={search_term_string}"},"query-input":{"@type":"PropertyValueSpecification","valueRequired":true,"valueName":"search_term_string"}}],"inLanguage":"srpski"},{"@type":"Person","@id":"https:\/\/serbia.com\/#\/schema\/person\/6fe28d3055f5f291d832531e555da490","name":"Serbia.com","image":{"@type":"ImageObject","inLanguage":"srpski","@id":"https:\/\/secure.gravatar.com\/avatar\/8381eb54f5b393857857cb5fd6c42264c9e14b10435326bc567fcc3511bd8df4?s=96&d=mm&r=g","url":"https:\/\/secure.gravatar.com\/avatar\/8381eb54f5b393857857cb5fd6c42264c9e14b10435326bc567fcc3511bd8df4?s=96&d=mm&r=g","contentUrl":"https:\/\/secure.gravatar.com\/avatar\/8381eb54f5b393857857cb5fd6c42264c9e14b10435326bc567fcc3511bd8df4?s=96&d=mm&r=g","caption":"Serbia.com"},"url":"https:\/\/serbia.com\/srpski\/author\/serbia-com\/"}]}},"brizy_media":[],"_links":{"self":[{"href":"https:\/\/serbia.com\/srpski\/wp-json\/wp\/v2\/posts\/45967","targetHints":{"allow":["GET"]}}],"collection":[{"href":"https:\/\/serbia.com\/srpski\/wp-json\/wp\/v2\/posts"}],"about":[{"href":"https:\/\/serbia.com\/srpski\/wp-json\/wp\/v2\/types\/post"}],"author":[{"embeddable":true,"href":"https:\/\/serbia.com\/srpski\/wp-json\/wp\/v2\/users\/9"}],"replies":[{"embeddable":true,"href":"https:\/\/serbia.com\/srpski\/wp-json\/wp\/v2\/comments?post=45967"}],"version-history":[{"count":0,"href":"https:\/\/serbia.com\/srpski\/wp-json\/wp\/v2\/posts\/45967\/revisions"}],"wp:featuredmedia":[{"embeddable":true,"href":"https:\/\/serbia.com\/srpski\/wp-json\/wp\/v2\/media\/37975"}],"wp:attachment":[{"href":"https:\/\/serbia.com\/srpski\/wp-json\/wp\/v2\/media?parent=45967"}],"wp:term":[{"taxonomy":"category","embeddable":true,"href":"https:\/\/serbia.com\/srpski\/wp-json\/wp\/v2\/categories?post=45967"},{"taxonomy":"post_tag","embeddable":true,"href":"https:\/\/serbia.com\/srpski\/wp-json\/wp\/v2\/tags?post=45967"}],"curies":[{"name":"wp","href":"https:\/\/api.w.org\/{rel}","templated":true}]}}