{"id":45945,"date":"2016-02-17T12:50:03","date_gmt":"2016-02-17T11:50:03","guid":{"rendered":"http:\/\/www.serbia.com\/srpski\/?p=45945"},"modified":"2016-02-17T12:50:03","modified_gmt":"2016-02-17T11:50:03","slug":"mmf-ocena-cetvrte-revizije-nakon-izbora","status":"publish","type":"post","link":"https:\/\/serbia.com\/srpski\/mmf-ocena-cetvrte-revizije-nakon-izbora\/","title":{"rendered":"MMF: Ocena \u010detvrte revizije nakon izbora"},"content":{"rendered":"<h4>Ocena stend baj aran\u017emana koji je Srbija zaklju\u010dila sa MMF-om, usledi\u0107e nakon izbora, izjavio je danas \u0161ef Misije MMF-a za Srbiju D\u017eejms Ruf.<\/h4>\n<p>Tim Me\u0111unarodnog monetarnog fonda koji dolazi u posetu Beogradu\u00a0sad \u0107e inicirati razgovore o \u010detvrtoj reviziji, ali \u0107e zaklju\u010dak uslediti nakon izbora i formiranja nove vlade.<\/p>\n<p>&#8220;Zbog predstoje\u0107ih izbora, tim MMF-a i vlasti u Srbiji slo\u017eili su se da se diskusija o \u010detvrtoj reviziji zavr\u0161i nakon slede\u0107e posete, kada se o\u010dekuje da \u0107e nova vlada biti formirana&#8221;, izjavio je Ruf, prenosi Kancelarija MMF-a u Beogradu.<\/p>\n<p>On je rekao da \u0107e tim MMF-a biti u poseti Beogradu od 18. do 26. februara.<\/p>\n<p>Premijer Aleksandar Vu\u010di\u0107 ranije je izjavio da razgovori koje \u0107e sutra imati sa predstavnicima MMF ne\u0107e biti laki, ali da nema \u0161ta da im zameri.<\/p>\n<p>&#8220;Ne mislim da su na\u0161i protivnici. Oni su nam saradnici i oni su tu da nam pomognu da bi Srbija bila zdravija i uspe\u0161nija zemlja&#8221;, poru\u010dio je Vu\u010di\u0107.<\/p>\n<p>Upitan za narednu reviziju MMF-a, premijer je rekao da oni o\u010dekuju i moraju da vide jo\u0161 bolje rezultate u reformi javnih preduze\u0107a.<\/p>\n<p>Odgovaraju\u0107i na novinarska pitanja u Vladi Srbije, Vu\u010di\u0107 je ponovio da je Srbija iza\u0161la iz recesije i da je pred nama pet godina rasta.<\/p>\n<p>&#8220;Uspeli smo da popravimo poslovni ambijent i ne\u0107emo se smiriti dok ne u\u0111emo u prvih 40 zemlja sveta&#8221;, istakao je premijer.<\/p>\n<p>Srbija je sa MMF-om zaklju\u010dila stend baj aran\u017eman iz predostro\u017enosti u februaru 2015.<\/p>\n<p>Aran\u017eman je vredan oko 1,2 milijarde evra, ali se vlada opredelila da taj novac ne povla\u010di.<\/p>\n<p>Izvor: Tanjug<\/p>\n","protected":false},"excerpt":{"rendered":"<p>Ocena stend baj aran\u017emana koji je Srbija zaklju\u010dila sa MMF-om, usledi\u0107e nakon izbora, izjavio je danas \u0161ef Misije MMF-a za Srbiju D\u017eejms Ruf. Tim Me\u0111unarodnog monetarnog fonda koji dolazi u [&hellip;]<\/p>\n","protected":false},"author":9,"featured_media":45942,"comment_status":"closed","ping_status":"closed","sticky":false,"template":"","format":"standard","meta":{"_acf_changed":false,"inline_featured_image":false,"_monsterinsights_skip_tracking":false,"_monsterinsights_sitenote_active":false,"_monsterinsights_sitenote_note":"","_monsterinsights_sitenote_category":0,"footnotes":""},"categories":[2700],"tags":[4790,4789],"class_list":["post-45945","post","type-post","status-publish","format-standard","has-post-thumbnail","hentry","category-vesti","tag-dzejms-ruf","tag-mmf"],"acf":[],"yoast_head":"<!-- This site is optimized with the Yoast SEO plugin v27.4 - https:\/\/yoast.com\/product\/yoast-seo-wordpress\/ -->\n<title>MMF: Ocena \u010detvrte revizije nakon izbora - Serbia.com<\/title>\n<meta name=\"robots\" content=\"index, follow, max-snippet:-1, max-image-preview:large, max-video-preview:-1\" \/>\n<link rel=\"canonical\" href=\"https:\/\/serbia.com\/srpski\/mmf-ocena-cetvrte-revizije-nakon-izbora\/\" \/>\n<meta property=\"og:locale\" content=\"en_US\" \/>\n<meta property=\"og:type\" content=\"article\" \/>\n<meta property=\"og:title\" content=\"MMF: Ocena \u010detvrte revizije nakon izbora - Serbia.com\" \/>\n<meta property=\"og:description\" content=\"Ocena stend baj aran\u017emana koji je Srbija zaklju\u010dila sa MMF-om, usledi\u0107e nakon izbora, izjavio je danas \u0161ef Misije MMF-a za Srbiju D\u017eejms Ruf. Tim Me\u0111unarodnog monetarnog fonda koji dolazi u [&hellip;]\" \/>\n<meta property=\"og:url\" content=\"https:\/\/serbia.com\/srpski\/mmf-ocena-cetvrte-revizije-nakon-izbora\/\" \/>\n<meta property=\"og:site_name\" content=\"Serbia.com\" \/>\n<meta property=\"article:published_time\" content=\"2016-02-17T11:50:03+00:00\" \/>\n<meta property=\"og:image\" content=\"https:\/\/serbia.com\/wp-content\/uploads\/2016\/02\/james-.jpg\" \/>\n\t<meta property=\"og:image:width\" content=\"650\" \/>\n\t<meta property=\"og:image:height\" content=\"431\" \/>\n\t<meta property=\"og:image:type\" content=\"image\/jpeg\" \/>\n<meta name=\"author\" content=\"Serbia.com\" \/>\n<meta name=\"twitter:label1\" content=\"Written by\" \/>\n\t<meta name=\"twitter:data1\" content=\"Serbia.com\" \/>\n\t<meta name=\"twitter:label2\" content=\"Est. reading time\" \/>\n\t<meta name=\"twitter:data2\" content=\"1 minute\" \/>\n<script type=\"application\/ld+json\" class=\"yoast-schema-graph\">{\"@context\":\"https:\\\/\\\/schema.org\",\"@graph\":[{\"@type\":\"Article\",\"@id\":\"https:\\\/\\\/serbia.com\\\/srpski\\\/mmf-ocena-cetvrte-revizije-nakon-izbora\\\/#article\",\"isPartOf\":{\"@id\":\"https:\\\/\\\/serbia.com\\\/srpski\\\/mmf-ocena-cetvrte-revizije-nakon-izbora\\\/\"},\"author\":{\"name\":\"Serbia.com\",\"@id\":\"https:\\\/\\\/serbia.com\\\/#\\\/schema\\\/person\\\/6fe28d3055f5f291d832531e555da490\"},\"headline\":\"MMF: Ocena \u010detvrte revizije nakon izbora\",\"datePublished\":\"2016-02-17T11:50:03+00:00\",\"mainEntityOfPage\":{\"@id\":\"https:\\\/\\\/serbia.com\\\/srpski\\\/mmf-ocena-cetvrte-revizije-nakon-izbora\\\/\"},\"wordCount\":285,\"image\":{\"@id\":\"https:\\\/\\\/serbia.com\\\/srpski\\\/mmf-ocena-cetvrte-revizije-nakon-izbora\\\/#primaryimage\"},\"thumbnailUrl\":\"https:\\\/\\\/serbia.com\\\/wp-content\\\/uploads\\\/2016\\\/02\\\/james-.jpg\",\"keywords\":[\"D\u017eejms Ruf\",\"MMF\"],\"articleSection\":[\"Vesti\"],\"inLanguage\":\"srpski\"},{\"@type\":\"WebPage\",\"@id\":\"https:\\\/\\\/serbia.com\\\/srpski\\\/mmf-ocena-cetvrte-revizije-nakon-izbora\\\/\",\"url\":\"https:\\\/\\\/serbia.com\\\/srpski\\\/mmf-ocena-cetvrte-revizije-nakon-izbora\\\/\",\"name\":\"MMF: Ocena \u010detvrte revizije nakon izbora - Serbia.com\",\"isPartOf\":{\"@id\":\"https:\\\/\\\/serbia.com\\\/#website\"},\"primaryImageOfPage\":{\"@id\":\"https:\\\/\\\/serbia.com\\\/srpski\\\/mmf-ocena-cetvrte-revizije-nakon-izbora\\\/#primaryimage\"},\"image\":{\"@id\":\"https:\\\/\\\/serbia.com\\\/srpski\\\/mmf-ocena-cetvrte-revizije-nakon-izbora\\\/#primaryimage\"},\"thumbnailUrl\":\"https:\\\/\\\/serbia.com\\\/wp-content\\\/uploads\\\/2016\\\/02\\\/james-.jpg\",\"datePublished\":\"2016-02-17T11:50:03+00:00\",\"author\":{\"@id\":\"https:\\\/\\\/serbia.com\\\/#\\\/schema\\\/person\\\/6fe28d3055f5f291d832531e555da490\"},\"breadcrumb\":{\"@id\":\"https:\\\/\\\/serbia.com\\\/srpski\\\/mmf-ocena-cetvrte-revizije-nakon-izbora\\\/#breadcrumb\"},\"inLanguage\":\"srpski\",\"potentialAction\":[{\"@type\":\"ReadAction\",\"target\":[\"https:\\\/\\\/serbia.com\\\/srpski\\\/mmf-ocena-cetvrte-revizije-nakon-izbora\\\/\"]}]},{\"@type\":\"ImageObject\",\"inLanguage\":\"srpski\",\"@id\":\"https:\\\/\\\/serbia.com\\\/srpski\\\/mmf-ocena-cetvrte-revizije-nakon-izbora\\\/#primaryimage\",\"url\":\"https:\\\/\\\/serbia.com\\\/wp-content\\\/uploads\\\/2016\\\/02\\\/james-.jpg\",\"contentUrl\":\"https:\\\/\\\/serbia.com\\\/wp-content\\\/uploads\\\/2016\\\/02\\\/james-.jpg\",\"width\":650,\"height\":431,\"caption\":\"James Roaf\"},{\"@type\":\"BreadcrumbList\",\"@id\":\"https:\\\/\\\/serbia.com\\\/srpski\\\/mmf-ocena-cetvrte-revizije-nakon-izbora\\\/#breadcrumb\",\"itemListElement\":[{\"@type\":\"ListItem\",\"position\":1,\"name\":\"Home\",\"item\":\"https:\\\/\\\/serbia.com\\\/srpski\\\/srbija\\\/\"},{\"@type\":\"ListItem\",\"position\":2,\"name\":\"MMF: Ocena \u010detvrte revizije nakon izbora\"}]},{\"@type\":\"WebSite\",\"@id\":\"https:\\\/\\\/serbia.com\\\/#website\",\"url\":\"https:\\\/\\\/serbia.com\\\/\",\"name\":\"Serbia.com\",\"description\":\"Your Gateway to Serbia\",\"potentialAction\":[{\"@type\":\"SearchAction\",\"target\":{\"@type\":\"EntryPoint\",\"urlTemplate\":\"https:\\\/\\\/serbia.com\\\/?s={search_term_string}\"},\"query-input\":{\"@type\":\"PropertyValueSpecification\",\"valueRequired\":true,\"valueName\":\"search_term_string\"}}],\"inLanguage\":\"srpski\"},{\"@type\":\"Person\",\"@id\":\"https:\\\/\\\/serbia.com\\\/#\\\/schema\\\/person\\\/6fe28d3055f5f291d832531e555da490\",\"name\":\"Serbia.com\",\"image\":{\"@type\":\"ImageObject\",\"inLanguage\":\"srpski\",\"@id\":\"https:\\\/\\\/secure.gravatar.com\\\/avatar\\\/8381eb54f5b393857857cb5fd6c42264c9e14b10435326bc567fcc3511bd8df4?s=96&d=mm&r=g\",\"url\":\"https:\\\/\\\/secure.gravatar.com\\\/avatar\\\/8381eb54f5b393857857cb5fd6c42264c9e14b10435326bc567fcc3511bd8df4?s=96&d=mm&r=g\",\"contentUrl\":\"https:\\\/\\\/secure.gravatar.com\\\/avatar\\\/8381eb54f5b393857857cb5fd6c42264c9e14b10435326bc567fcc3511bd8df4?s=96&d=mm&r=g\",\"caption\":\"Serbia.com\"},\"url\":\"https:\\\/\\\/serbia.com\\\/srpski\\\/author\\\/serbia-com\\\/\"}]}<\/script>\n<!-- \/ Yoast SEO plugin. -->","yoast_head_json":{"title":"MMF: Ocena \u010detvrte revizije nakon izbora - Serbia.com","robots":{"index":"index","follow":"follow","max-snippet":"max-snippet:-1","max-image-preview":"max-image-preview:large","max-video-preview":"max-video-preview:-1"},"canonical":"https:\/\/serbia.com\/srpski\/mmf-ocena-cetvrte-revizije-nakon-izbora\/","og_locale":"en_US","og_type":"article","og_title":"MMF: Ocena \u010detvrte revizije nakon izbora - Serbia.com","og_description":"Ocena stend baj aran\u017emana koji je Srbija zaklju\u010dila sa MMF-om, usledi\u0107e nakon izbora, izjavio je danas \u0161ef Misije MMF-a za Srbiju D\u017eejms Ruf. Tim Me\u0111unarodnog monetarnog fonda koji dolazi u [&hellip;]","og_url":"https:\/\/serbia.com\/srpski\/mmf-ocena-cetvrte-revizije-nakon-izbora\/","og_site_name":"Serbia.com","article_published_time":"2016-02-17T11:50:03+00:00","og_image":[{"width":650,"height":431,"url":"https:\/\/serbia.com\/wp-content\/uploads\/2016\/02\/james-.jpg","type":"image\/jpeg"}],"author":"Serbia.com","twitter_misc":{"Written by":"Serbia.com","Est. reading time":"1 minute"},"schema":{"@context":"https:\/\/schema.org","@graph":[{"@type":"Article","@id":"https:\/\/serbia.com\/srpski\/mmf-ocena-cetvrte-revizije-nakon-izbora\/#article","isPartOf":{"@id":"https:\/\/serbia.com\/srpski\/mmf-ocena-cetvrte-revizije-nakon-izbora\/"},"author":{"name":"Serbia.com","@id":"https:\/\/serbia.com\/#\/schema\/person\/6fe28d3055f5f291d832531e555da490"},"headline":"MMF: Ocena \u010detvrte revizije nakon izbora","datePublished":"2016-02-17T11:50:03+00:00","mainEntityOfPage":{"@id":"https:\/\/serbia.com\/srpski\/mmf-ocena-cetvrte-revizije-nakon-izbora\/"},"wordCount":285,"image":{"@id":"https:\/\/serbia.com\/srpski\/mmf-ocena-cetvrte-revizije-nakon-izbora\/#primaryimage"},"thumbnailUrl":"https:\/\/serbia.com\/wp-content\/uploads\/2016\/02\/james-.jpg","keywords":["D\u017eejms Ruf","MMF"],"articleSection":["Vesti"],"inLanguage":"srpski"},{"@type":"WebPage","@id":"https:\/\/serbia.com\/srpski\/mmf-ocena-cetvrte-revizije-nakon-izbora\/","url":"https:\/\/serbia.com\/srpski\/mmf-ocena-cetvrte-revizije-nakon-izbora\/","name":"MMF: Ocena \u010detvrte revizije nakon izbora - Serbia.com","isPartOf":{"@id":"https:\/\/serbia.com\/#website"},"primaryImageOfPage":{"@id":"https:\/\/serbia.com\/srpski\/mmf-ocena-cetvrte-revizije-nakon-izbora\/#primaryimage"},"image":{"@id":"https:\/\/serbia.com\/srpski\/mmf-ocena-cetvrte-revizije-nakon-izbora\/#primaryimage"},"thumbnailUrl":"https:\/\/serbia.com\/wp-content\/uploads\/2016\/02\/james-.jpg","datePublished":"2016-02-17T11:50:03+00:00","author":{"@id":"https:\/\/serbia.com\/#\/schema\/person\/6fe28d3055f5f291d832531e555da490"},"breadcrumb":{"@id":"https:\/\/serbia.com\/srpski\/mmf-ocena-cetvrte-revizije-nakon-izbora\/#breadcrumb"},"inLanguage":"srpski","potentialAction":[{"@type":"ReadAction","target":["https:\/\/serbia.com\/srpski\/mmf-ocena-cetvrte-revizije-nakon-izbora\/"]}]},{"@type":"ImageObject","inLanguage":"srpski","@id":"https:\/\/serbia.com\/srpski\/mmf-ocena-cetvrte-revizije-nakon-izbora\/#primaryimage","url":"https:\/\/serbia.com\/wp-content\/uploads\/2016\/02\/james-.jpg","contentUrl":"https:\/\/serbia.com\/wp-content\/uploads\/2016\/02\/james-.jpg","width":650,"height":431,"caption":"James Roaf"},{"@type":"BreadcrumbList","@id":"https:\/\/serbia.com\/srpski\/mmf-ocena-cetvrte-revizije-nakon-izbora\/#breadcrumb","itemListElement":[{"@type":"ListItem","position":1,"name":"Home","item":"https:\/\/serbia.com\/srpski\/srbija\/"},{"@type":"ListItem","position":2,"name":"MMF: Ocena \u010detvrte revizije nakon izbora"}]},{"@type":"WebSite","@id":"https:\/\/serbia.com\/#website","url":"https:\/\/serbia.com\/","name":"Serbia.com","description":"Your Gateway to Serbia","potentialAction":[{"@type":"SearchAction","target":{"@type":"EntryPoint","urlTemplate":"https:\/\/serbia.com\/?s={search_term_string}"},"query-input":{"@type":"PropertyValueSpecification","valueRequired":true,"valueName":"search_term_string"}}],"inLanguage":"srpski"},{"@type":"Person","@id":"https:\/\/serbia.com\/#\/schema\/person\/6fe28d3055f5f291d832531e555da490","name":"Serbia.com","image":{"@type":"ImageObject","inLanguage":"srpski","@id":"https:\/\/secure.gravatar.com\/avatar\/8381eb54f5b393857857cb5fd6c42264c9e14b10435326bc567fcc3511bd8df4?s=96&d=mm&r=g","url":"https:\/\/secure.gravatar.com\/avatar\/8381eb54f5b393857857cb5fd6c42264c9e14b10435326bc567fcc3511bd8df4?s=96&d=mm&r=g","contentUrl":"https:\/\/secure.gravatar.com\/avatar\/8381eb54f5b393857857cb5fd6c42264c9e14b10435326bc567fcc3511bd8df4?s=96&d=mm&r=g","caption":"Serbia.com"},"url":"https:\/\/serbia.com\/srpski\/author\/serbia-com\/"}]}},"brizy_media":[],"_links":{"self":[{"href":"https:\/\/serbia.com\/srpski\/wp-json\/wp\/v2\/posts\/45945","targetHints":{"allow":["GET"]}}],"collection":[{"href":"https:\/\/serbia.com\/srpski\/wp-json\/wp\/v2\/posts"}],"about":[{"href":"https:\/\/serbia.com\/srpski\/wp-json\/wp\/v2\/types\/post"}],"author":[{"embeddable":true,"href":"https:\/\/serbia.com\/srpski\/wp-json\/wp\/v2\/users\/9"}],"replies":[{"embeddable":true,"href":"https:\/\/serbia.com\/srpski\/wp-json\/wp\/v2\/comments?post=45945"}],"version-history":[{"count":0,"href":"https:\/\/serbia.com\/srpski\/wp-json\/wp\/v2\/posts\/45945\/revisions"}],"wp:featuredmedia":[{"embeddable":true,"href":"https:\/\/serbia.com\/srpski\/wp-json\/wp\/v2\/media\/45942"}],"wp:attachment":[{"href":"https:\/\/serbia.com\/srpski\/wp-json\/wp\/v2\/media?parent=45945"}],"wp:term":[{"taxonomy":"category","embeddable":true,"href":"https:\/\/serbia.com\/srpski\/wp-json\/wp\/v2\/categories?post=45945"},{"taxonomy":"post_tag","embeddable":true,"href":"https:\/\/serbia.com\/srpski\/wp-json\/wp\/v2\/tags?post=45945"}],"curies":[{"name":"wp","href":"https:\/\/api.w.org\/{rel}","templated":true}]}}