{"id":45619,"date":"2016-02-10T13:13:41","date_gmt":"2016-02-10T12:13:41","guid":{"rendered":"http:\/\/www.serbia.com\/srpski\/?p=45619"},"modified":"2016-02-10T13:13:41","modified_gmt":"2016-02-10T12:13:41","slug":"dacic-zatvoricemo-granicu-za-migrante-ako-to-i-drugi-urade","status":"publish","type":"post","link":"https:\/\/serbia.com\/srpski\/dacic-zatvoricemo-granicu-za-migrante-ako-to-i-drugi-urade\/","title":{"rendered":"Da\u010di\u0107: Zatvori\u0107emo granicu za migrante, ako to i drugi urade"},"content":{"rendered":"<h4>Ministar spoljnih poslova Srbije Ivica Da\u010di\u0107 \u00a0rekao je danas da ukoliko pojedine zemlje na balkanskoj ruti zatvore granice za izbeglice i Srbija \u0107e biti prinu\u0111ena da primeni takvu odluku na granici sa Makedonijom.<\/h4>\n<p>Da\u010di\u0107 je na zajedni\u010dkoj konferenciji za medije sa \u0161efom austrijske diplomatije Sebastijanom Kurcom naglasio da migranti ne mogu da budu stacionirani u Srbiji.<\/p>\n<p>&#8220;Va\u017eno je da se zemlje me\u0111usobno informi\u0161u u vezi sa migrantima i da nema iznena\u0111enja ve\u0107 da postoji predvidljiva politika&#8221;, rekao je Da\u010di\u0107.<\/p>\n<p>Austrijski ministar je naglasio da njegova zemlja ne mo\u017ee neograni\u010deno da prima izbeglice.<\/p>\n<p>Kako je rekao, gornja granica za prijem izbeglica u Austriju ove godine je 37.500.<\/p>\n<p>&#8220;Ako postavimo jasne granice za prihvat du\u017e zapadnobalkanske rute stvori\u0107e se nova situacija, a cilj je da se zaustave izbeglice na gr\u010dko-makedskoj granici&#8221;, rekao je Kurc.<\/p>\n<p>Va\u017eno je da Srbija bude od starta ukljucena u to, rekao je Kurc, dodav\u0161i da \u0107e jedan broj austrijskih vojnika i policajaca biti upu\u0107en na gr\u010dko-makedonsku granicu.<\/p>\n<p>&#8220;Ne verujem da \u0107e masa izbeglica sada \u017eeleti da ostane u Srbiji, ve\u0107 \u0107e izbeglice manje kretati na put kada vide da se politika otvorenog poziva promenila. Od odlu\u010duju\u0107eg zna\u010daja je da promenimo pristup&#8221;, rekao je on.<\/p>\n<p>Na pitanje da li postoji dogovor da se migranti vozovima prevoze bez zaustavljanja od Atine do Berlina, Kurc ka\u017ee \u00a0da tog plana definitivno ne\u0107e biti i da Austrija ne\u0107e biti spremna da to podr\u017ei.<\/p>\n<p>&#8220;Mi razmi\u0161ljamo suprotno, da ih zaustavimo na gr\u010dko-makedonskoj granici. Br\u017ei transport do austrijske granice ne\u0107e biti re\u0161enje&#8221;, rekao je Kurc.<\/p>\n<p>Da\u010di\u0107 nije \u017eeleo to da komentari\u0161e, dodaju\u0107i da se Ministarstvo spoljnih poslova ne bavi time.<\/p>\n<h4>\nKurc: Srbija zaslu\u017ena za stabilnost i razvoj regiona<\/h4>\n<p>Srbija je najva\u017enija zemlja regiona koja ima va\u017enu ulogu u o\u010duvanju njegove stabilnosti a zasluga srpske vlade i premijera je \u0161to \u0107e se narednih godina ovaj region pozitivno razvijati, izjavio je Kurc.<\/p>\n<p>On je rekao da Austrija podr\u017eava evropske integracije Srbije, kao i reforme koje ona \u010dini na tom putu.<\/p>\n<p>Ministri su se slo\u017eili da je politi\u010dki dijalog ali i privredna saradnja dve zemlje dobra i intenzivna.<\/p>\n<p>Obim trgovinske razmene u pro\u0161loj godini bio je 800 miliona evra, naveo je Da\u010di\u0107 i podsetio da je Austrija najve\u0107i investitor u Srbiji.<\/p>\n<p>On je konstatovao da Austrija i Srbija dele i posledice zajedni\u010dkih izazova poput migrantske krize i da je va\u017ena dobra razmena informacija na zapadnobalkanskoj ruti.<\/p>\n<p>Potreban je jedinstven evropski odgovor, rekao je Da\u010di\u0107 i dodao da se ne sme dozvoliti da migraciona kriza postane nere\u0161iv problem za zemlje na zapadnobalkanskoj ruti.<\/p>\n<p>Izvor: Tanjug<\/p>\n","protected":false},"excerpt":{"rendered":"<p>Ministar spoljnih poslova Srbije Ivica Da\u010di\u0107 \u00a0rekao je danas da ukoliko pojedine zemlje na balkanskoj ruti zatvore granice za izbeglice i Srbija \u0107e biti prinu\u0111ena da primeni takvu odluku na [&hellip;]<\/p>\n","protected":false},"author":9,"featured_media":42077,"comment_status":"closed","ping_status":"closed","sticky":false,"template":"","format":"standard","meta":{"_acf_changed":false,"inline_featured_image":false,"_monsterinsights_skip_tracking":false,"_monsterinsights_sitenote_active":false,"_monsterinsights_sitenote_note":"","_monsterinsights_sitenote_category":0,"footnotes":""},"categories":[2700],"tags":[4041,3904,3878],"class_list":["post-45619","post","type-post","status-publish","format-standard","has-post-thumbnail","hentry","category-vesti","tag-ivica-dacic","tag-migranti","tag-migrantska-kriza"],"acf":[],"yoast_head":"<!-- This site is optimized with the Yoast SEO plugin v27.4 - https:\/\/yoast.com\/product\/yoast-seo-wordpress\/ -->\n<title>Da\u010di\u0107: Zatvori\u0107emo granicu za migrante, ako to i drugi urade - Serbia.com<\/title>\n<meta name=\"robots\" content=\"index, follow, max-snippet:-1, max-image-preview:large, max-video-preview:-1\" \/>\n<link rel=\"canonical\" href=\"https:\/\/serbia.com\/srpski\/dacic-zatvoricemo-granicu-za-migrante-ako-to-i-drugi-urade\/\" \/>\n<meta property=\"og:locale\" content=\"en_US\" \/>\n<meta property=\"og:type\" content=\"article\" \/>\n<meta property=\"og:title\" content=\"Da\u010di\u0107: Zatvori\u0107emo granicu za migrante, ako to i drugi urade - Serbia.com\" \/>\n<meta property=\"og:description\" content=\"Ministar spoljnih poslova Srbije Ivica Da\u010di\u0107 \u00a0rekao je danas da ukoliko pojedine zemlje na balkanskoj ruti zatvore granice za izbeglice i Srbija \u0107e biti prinu\u0111ena da primeni takvu odluku na [&hellip;]\" \/>\n<meta property=\"og:url\" content=\"https:\/\/serbia.com\/srpski\/dacic-zatvoricemo-granicu-za-migrante-ako-to-i-drugi-urade\/\" \/>\n<meta property=\"og:site_name\" content=\"Serbia.com\" \/>\n<meta property=\"article:published_time\" content=\"2016-02-10T12:13:41+00:00\" \/>\n<meta property=\"og:image\" content=\"https:\/\/serbia.com\/wp-content\/uploads\/2015\/12\/maxresdefault2.jpg\" \/>\n\t<meta property=\"og:image:width\" content=\"800\" \/>\n\t<meta property=\"og:image:height\" content=\"409\" \/>\n\t<meta property=\"og:image:type\" content=\"image\/jpeg\" \/>\n<meta name=\"author\" content=\"Serbia.com\" \/>\n<meta name=\"twitter:label1\" content=\"Written by\" \/>\n\t<meta name=\"twitter:data1\" content=\"Serbia.com\" \/>\n\t<meta name=\"twitter:label2\" content=\"Est. reading time\" \/>\n\t<meta name=\"twitter:data2\" content=\"2 minutes\" \/>\n<script type=\"application\/ld+json\" class=\"yoast-schema-graph\">{\"@context\":\"https:\\\/\\\/schema.org\",\"@graph\":[{\"@type\":\"Article\",\"@id\":\"https:\\\/\\\/serbia.com\\\/srpski\\\/dacic-zatvoricemo-granicu-za-migrante-ako-to-i-drugi-urade\\\/#article\",\"isPartOf\":{\"@id\":\"https:\\\/\\\/serbia.com\\\/srpski\\\/dacic-zatvoricemo-granicu-za-migrante-ako-to-i-drugi-urade\\\/\"},\"author\":{\"name\":\"Serbia.com\",\"@id\":\"https:\\\/\\\/serbia.com\\\/#\\\/schema\\\/person\\\/6fe28d3055f5f291d832531e555da490\"},\"headline\":\"Da\u010di\u0107: Zatvori\u0107emo granicu za migrante, ako to i drugi urade\",\"datePublished\":\"2016-02-10T12:13:41+00:00\",\"mainEntityOfPage\":{\"@id\":\"https:\\\/\\\/serbia.com\\\/srpski\\\/dacic-zatvoricemo-granicu-za-migrante-ako-to-i-drugi-urade\\\/\"},\"wordCount\":472,\"image\":{\"@id\":\"https:\\\/\\\/serbia.com\\\/srpski\\\/dacic-zatvoricemo-granicu-za-migrante-ako-to-i-drugi-urade\\\/#primaryimage\"},\"thumbnailUrl\":\"https:\\\/\\\/serbia.com\\\/wp-content\\\/uploads\\\/2015\\\/12\\\/maxresdefault2.jpg\",\"keywords\":[\"Ivica Da\u010di\u0107\",\"Migranti\",\"Migrantska kriza\"],\"articleSection\":[\"Vesti\"],\"inLanguage\":\"srpski\"},{\"@type\":\"WebPage\",\"@id\":\"https:\\\/\\\/serbia.com\\\/srpski\\\/dacic-zatvoricemo-granicu-za-migrante-ako-to-i-drugi-urade\\\/\",\"url\":\"https:\\\/\\\/serbia.com\\\/srpski\\\/dacic-zatvoricemo-granicu-za-migrante-ako-to-i-drugi-urade\\\/\",\"name\":\"Da\u010di\u0107: Zatvori\u0107emo granicu za migrante, ako to i drugi urade - Serbia.com\",\"isPartOf\":{\"@id\":\"https:\\\/\\\/serbia.com\\\/#website\"},\"primaryImageOfPage\":{\"@id\":\"https:\\\/\\\/serbia.com\\\/srpski\\\/dacic-zatvoricemo-granicu-za-migrante-ako-to-i-drugi-urade\\\/#primaryimage\"},\"image\":{\"@id\":\"https:\\\/\\\/serbia.com\\\/srpski\\\/dacic-zatvoricemo-granicu-za-migrante-ako-to-i-drugi-urade\\\/#primaryimage\"},\"thumbnailUrl\":\"https:\\\/\\\/serbia.com\\\/wp-content\\\/uploads\\\/2015\\\/12\\\/maxresdefault2.jpg\",\"datePublished\":\"2016-02-10T12:13:41+00:00\",\"author\":{\"@id\":\"https:\\\/\\\/serbia.com\\\/#\\\/schema\\\/person\\\/6fe28d3055f5f291d832531e555da490\"},\"breadcrumb\":{\"@id\":\"https:\\\/\\\/serbia.com\\\/srpski\\\/dacic-zatvoricemo-granicu-za-migrante-ako-to-i-drugi-urade\\\/#breadcrumb\"},\"inLanguage\":\"srpski\",\"potentialAction\":[{\"@type\":\"ReadAction\",\"target\":[\"https:\\\/\\\/serbia.com\\\/srpski\\\/dacic-zatvoricemo-granicu-za-migrante-ako-to-i-drugi-urade\\\/\"]}]},{\"@type\":\"ImageObject\",\"inLanguage\":\"srpski\",\"@id\":\"https:\\\/\\\/serbia.com\\\/srpski\\\/dacic-zatvoricemo-granicu-za-migrante-ako-to-i-drugi-urade\\\/#primaryimage\",\"url\":\"https:\\\/\\\/serbia.com\\\/wp-content\\\/uploads\\\/2015\\\/12\\\/maxresdefault2.jpg\",\"contentUrl\":\"https:\\\/\\\/serbia.com\\\/wp-content\\\/uploads\\\/2015\\\/12\\\/maxresdefault2.jpg\",\"width\":800,\"height\":409,\"caption\":\"Ivica Dacic\"},{\"@type\":\"BreadcrumbList\",\"@id\":\"https:\\\/\\\/serbia.com\\\/srpski\\\/dacic-zatvoricemo-granicu-za-migrante-ako-to-i-drugi-urade\\\/#breadcrumb\",\"itemListElement\":[{\"@type\":\"ListItem\",\"position\":1,\"name\":\"Home\",\"item\":\"https:\\\/\\\/serbia.com\\\/srpski\\\/srbija\\\/\"},{\"@type\":\"ListItem\",\"position\":2,\"name\":\"Da\u010di\u0107: Zatvori\u0107emo granicu za migrante, ako to i drugi urade\"}]},{\"@type\":\"WebSite\",\"@id\":\"https:\\\/\\\/serbia.com\\\/#website\",\"url\":\"https:\\\/\\\/serbia.com\\\/\",\"name\":\"Serbia.com\",\"description\":\"Your Gateway to Serbia\",\"potentialAction\":[{\"@type\":\"SearchAction\",\"target\":{\"@type\":\"EntryPoint\",\"urlTemplate\":\"https:\\\/\\\/serbia.com\\\/?s={search_term_string}\"},\"query-input\":{\"@type\":\"PropertyValueSpecification\",\"valueRequired\":true,\"valueName\":\"search_term_string\"}}],\"inLanguage\":\"srpski\"},{\"@type\":\"Person\",\"@id\":\"https:\\\/\\\/serbia.com\\\/#\\\/schema\\\/person\\\/6fe28d3055f5f291d832531e555da490\",\"name\":\"Serbia.com\",\"image\":{\"@type\":\"ImageObject\",\"inLanguage\":\"srpski\",\"@id\":\"https:\\\/\\\/secure.gravatar.com\\\/avatar\\\/8381eb54f5b393857857cb5fd6c42264c9e14b10435326bc567fcc3511bd8df4?s=96&d=mm&r=g\",\"url\":\"https:\\\/\\\/secure.gravatar.com\\\/avatar\\\/8381eb54f5b393857857cb5fd6c42264c9e14b10435326bc567fcc3511bd8df4?s=96&d=mm&r=g\",\"contentUrl\":\"https:\\\/\\\/secure.gravatar.com\\\/avatar\\\/8381eb54f5b393857857cb5fd6c42264c9e14b10435326bc567fcc3511bd8df4?s=96&d=mm&r=g\",\"caption\":\"Serbia.com\"},\"url\":\"https:\\\/\\\/serbia.com\\\/srpski\\\/author\\\/serbia-com\\\/\"}]}<\/script>\n<!-- \/ Yoast SEO plugin. -->","yoast_head_json":{"title":"Da\u010di\u0107: Zatvori\u0107emo granicu za migrante, ako to i drugi urade - Serbia.com","robots":{"index":"index","follow":"follow","max-snippet":"max-snippet:-1","max-image-preview":"max-image-preview:large","max-video-preview":"max-video-preview:-1"},"canonical":"https:\/\/serbia.com\/srpski\/dacic-zatvoricemo-granicu-za-migrante-ako-to-i-drugi-urade\/","og_locale":"en_US","og_type":"article","og_title":"Da\u010di\u0107: Zatvori\u0107emo granicu za migrante, ako to i drugi urade - Serbia.com","og_description":"Ministar spoljnih poslova Srbije Ivica Da\u010di\u0107 \u00a0rekao je danas da ukoliko pojedine zemlje na balkanskoj ruti zatvore granice za izbeglice i Srbija \u0107e biti prinu\u0111ena da primeni takvu odluku na [&hellip;]","og_url":"https:\/\/serbia.com\/srpski\/dacic-zatvoricemo-granicu-za-migrante-ako-to-i-drugi-urade\/","og_site_name":"Serbia.com","article_published_time":"2016-02-10T12:13:41+00:00","og_image":[{"width":800,"height":409,"url":"https:\/\/serbia.com\/wp-content\/uploads\/2015\/12\/maxresdefault2.jpg","type":"image\/jpeg"}],"author":"Serbia.com","twitter_misc":{"Written by":"Serbia.com","Est. reading time":"2 minutes"},"schema":{"@context":"https:\/\/schema.org","@graph":[{"@type":"Article","@id":"https:\/\/serbia.com\/srpski\/dacic-zatvoricemo-granicu-za-migrante-ako-to-i-drugi-urade\/#article","isPartOf":{"@id":"https:\/\/serbia.com\/srpski\/dacic-zatvoricemo-granicu-za-migrante-ako-to-i-drugi-urade\/"},"author":{"name":"Serbia.com","@id":"https:\/\/serbia.com\/#\/schema\/person\/6fe28d3055f5f291d832531e555da490"},"headline":"Da\u010di\u0107: Zatvori\u0107emo granicu za migrante, ako to i drugi urade","datePublished":"2016-02-10T12:13:41+00:00","mainEntityOfPage":{"@id":"https:\/\/serbia.com\/srpski\/dacic-zatvoricemo-granicu-za-migrante-ako-to-i-drugi-urade\/"},"wordCount":472,"image":{"@id":"https:\/\/serbia.com\/srpski\/dacic-zatvoricemo-granicu-za-migrante-ako-to-i-drugi-urade\/#primaryimage"},"thumbnailUrl":"https:\/\/serbia.com\/wp-content\/uploads\/2015\/12\/maxresdefault2.jpg","keywords":["Ivica Da\u010di\u0107","Migranti","Migrantska kriza"],"articleSection":["Vesti"],"inLanguage":"srpski"},{"@type":"WebPage","@id":"https:\/\/serbia.com\/srpski\/dacic-zatvoricemo-granicu-za-migrante-ako-to-i-drugi-urade\/","url":"https:\/\/serbia.com\/srpski\/dacic-zatvoricemo-granicu-za-migrante-ako-to-i-drugi-urade\/","name":"Da\u010di\u0107: Zatvori\u0107emo granicu za migrante, ako to i drugi urade - Serbia.com","isPartOf":{"@id":"https:\/\/serbia.com\/#website"},"primaryImageOfPage":{"@id":"https:\/\/serbia.com\/srpski\/dacic-zatvoricemo-granicu-za-migrante-ako-to-i-drugi-urade\/#primaryimage"},"image":{"@id":"https:\/\/serbia.com\/srpski\/dacic-zatvoricemo-granicu-za-migrante-ako-to-i-drugi-urade\/#primaryimage"},"thumbnailUrl":"https:\/\/serbia.com\/wp-content\/uploads\/2015\/12\/maxresdefault2.jpg","datePublished":"2016-02-10T12:13:41+00:00","author":{"@id":"https:\/\/serbia.com\/#\/schema\/person\/6fe28d3055f5f291d832531e555da490"},"breadcrumb":{"@id":"https:\/\/serbia.com\/srpski\/dacic-zatvoricemo-granicu-za-migrante-ako-to-i-drugi-urade\/#breadcrumb"},"inLanguage":"srpski","potentialAction":[{"@type":"ReadAction","target":["https:\/\/serbia.com\/srpski\/dacic-zatvoricemo-granicu-za-migrante-ako-to-i-drugi-urade\/"]}]},{"@type":"ImageObject","inLanguage":"srpski","@id":"https:\/\/serbia.com\/srpski\/dacic-zatvoricemo-granicu-za-migrante-ako-to-i-drugi-urade\/#primaryimage","url":"https:\/\/serbia.com\/wp-content\/uploads\/2015\/12\/maxresdefault2.jpg","contentUrl":"https:\/\/serbia.com\/wp-content\/uploads\/2015\/12\/maxresdefault2.jpg","width":800,"height":409,"caption":"Ivica Dacic"},{"@type":"BreadcrumbList","@id":"https:\/\/serbia.com\/srpski\/dacic-zatvoricemo-granicu-za-migrante-ako-to-i-drugi-urade\/#breadcrumb","itemListElement":[{"@type":"ListItem","position":1,"name":"Home","item":"https:\/\/serbia.com\/srpski\/srbija\/"},{"@type":"ListItem","position":2,"name":"Da\u010di\u0107: Zatvori\u0107emo granicu za migrante, ako to i drugi urade"}]},{"@type":"WebSite","@id":"https:\/\/serbia.com\/#website","url":"https:\/\/serbia.com\/","name":"Serbia.com","description":"Your Gateway to Serbia","potentialAction":[{"@type":"SearchAction","target":{"@type":"EntryPoint","urlTemplate":"https:\/\/serbia.com\/?s={search_term_string}"},"query-input":{"@type":"PropertyValueSpecification","valueRequired":true,"valueName":"search_term_string"}}],"inLanguage":"srpski"},{"@type":"Person","@id":"https:\/\/serbia.com\/#\/schema\/person\/6fe28d3055f5f291d832531e555da490","name":"Serbia.com","image":{"@type":"ImageObject","inLanguage":"srpski","@id":"https:\/\/secure.gravatar.com\/avatar\/8381eb54f5b393857857cb5fd6c42264c9e14b10435326bc567fcc3511bd8df4?s=96&d=mm&r=g","url":"https:\/\/secure.gravatar.com\/avatar\/8381eb54f5b393857857cb5fd6c42264c9e14b10435326bc567fcc3511bd8df4?s=96&d=mm&r=g","contentUrl":"https:\/\/secure.gravatar.com\/avatar\/8381eb54f5b393857857cb5fd6c42264c9e14b10435326bc567fcc3511bd8df4?s=96&d=mm&r=g","caption":"Serbia.com"},"url":"https:\/\/serbia.com\/srpski\/author\/serbia-com\/"}]}},"brizy_media":[],"_links":{"self":[{"href":"https:\/\/serbia.com\/srpski\/wp-json\/wp\/v2\/posts\/45619","targetHints":{"allow":["GET"]}}],"collection":[{"href":"https:\/\/serbia.com\/srpski\/wp-json\/wp\/v2\/posts"}],"about":[{"href":"https:\/\/serbia.com\/srpski\/wp-json\/wp\/v2\/types\/post"}],"author":[{"embeddable":true,"href":"https:\/\/serbia.com\/srpski\/wp-json\/wp\/v2\/users\/9"}],"replies":[{"embeddable":true,"href":"https:\/\/serbia.com\/srpski\/wp-json\/wp\/v2\/comments?post=45619"}],"version-history":[{"count":0,"href":"https:\/\/serbia.com\/srpski\/wp-json\/wp\/v2\/posts\/45619\/revisions"}],"wp:featuredmedia":[{"embeddable":true,"href":"https:\/\/serbia.com\/srpski\/wp-json\/wp\/v2\/media\/42077"}],"wp:attachment":[{"href":"https:\/\/serbia.com\/srpski\/wp-json\/wp\/v2\/media?parent=45619"}],"wp:term":[{"taxonomy":"category","embeddable":true,"href":"https:\/\/serbia.com\/srpski\/wp-json\/wp\/v2\/categories?post=45619"},{"taxonomy":"post_tag","embeddable":true,"href":"https:\/\/serbia.com\/srpski\/wp-json\/wp\/v2\/tags?post=45619"}],"curies":[{"name":"wp","href":"https:\/\/api.w.org\/{rel}","templated":true}]}}