{"id":45602,"date":"2016-02-09T15:04:02","date_gmt":"2016-02-09T14:04:02","guid":{"rendered":"http:\/\/www.serbia.com\/srpski\/?p=45602"},"modified":"2016-02-09T15:04:02","modified_gmt":"2016-02-09T14:04:02","slug":"vucic-i-kurc-o-ozbiljnosti-migrantske-krize","status":"publish","type":"post","link":"https:\/\/serbia.com\/srpski\/vucic-i-kurc-o-ozbiljnosti-migrantske-krize\/","title":{"rendered":"Vu\u010di\u0107 i Kurc o ozbiljnosti migrantske krize"},"content":{"rendered":"<h4>Premijer Srbije Aleksandar Vu\u010di\u0107 izjavio je danas da \u0107e Srbija u\u010destvovati u re\u0161avanju migrantske krize, ali ne na \u0161tetu svoje ekonomije, a \u0161ef austrijske diplomatije Sebastijan Kurc ukazao da je njegova zemlja posebno pogo\u0111ena tom krizom, jer je istovremeno i zemlja tranzita i krajnje destinacije.<\/h4>\n<p>Premijer Vu\u010di\u0107 je, na zajedni\u010dkoj pres konferenciji sa austrijskim ministrom, tako\u0111e istakao da bi voleo da se na\u0111e sveobuhvatno evropsko re\u0161enje za migrantsku krizu:<\/p>\n<p>&#8220;Ali, pla\u0161im se da ga ne\u0107emo videti u skorije vreme&#8221;, rekao je Vu\u010di\u0107.<\/p>\n<p>On je istakao da Srbija ne\u0107e podizati zidove, ali da \u0107e umeti da za\u0161titi svoju granicu i istakao da postoje linije preko kojih ne\u0107e pre\u0107i, odnosno da ne\u0107e dozvoliti da bude ekonomski ugro\u017eena zbog migranata.<\/p>\n<p>Navode\u0107i da se u Austriji nalazi 90.000 izbeglica za koje ta dr\u017eava izdvaja dve milijarde evra, Vu\u010di\u0107 je rekao da tako ne\u0161to Srbija ne bi bila u stanju da uradi i &#8220;ne bi mogla da pre\u017eivi&#8221;.<\/p>\n<p>Vu\u010di\u0107 je rekao da je Srbija spremna da u\u010destvuje i u sistemu kvota, za \u0161ta nisu bile spremne mnoge druge evropske zemlje koje su imale novac i iz evropskih fondova.<\/p>\n<p>&#8220;Postoje granice do kojih Srbija mo\u017ee da ide, ali i granice preko kojih Srbija ne mo\u017ee dozvoliti da se ide jer bi onemogu\u0107ile dalji ekonomski razvoj&#8221;, rekao je Vu\u010di\u0107.<\/p>\n<p>Upitan da li \u0107e Srbija poslati dodatnu podr\u0161ku na makedonsko-gr\u010dku granicu, Vu\u010di\u0107 je rekao da je Srbija spremna da to uradi, ukoliko to zatra\u017ee makedonske kolege.<\/p>\n<p>Vu\u010di\u0107 je rekao i da \u0107e Srbija umeti da za\u0161titi i svoju granicu sa Makedonijom.<\/p>\n<p>Po pitanju izbegli\u010dke krize, Kurc je kazao da Austriju posebno poga\u0111a ovaj problem jer nije samo tranzitna, ve\u0107 i zemlja destinacije, koja je pro\u0161le godine primila 90. 000 tra\u017eilaca azila.<\/p>\n<p>&#8220;Ove godine ne mo\u017eemo da primimo toliki broj, i zato je na\u0161a vlada ograni\u010dila prihvat izbeglica. To je odluka koju moramo doneti, ali smo svesni da mo\u017ee imati posledice po zemlje du\u017e balkanske rute. Zato mi je bilo va\u017eno ju\u010de u BiH, ali i danas u Srbiji da informi\u0161em vlade da je mogu\u0107e da do\u0111e do promene situacije, ali i da smo spremni da podr\u017eimo vlade u cilju smanejnja talasa&#8221;, podvukao je Kurc.<\/p>\n<p>Prema njegovim re\u010dima zajedni\u010dki cilj je svih da se smanji talas izbeglica.<\/p>\n<p>&#8220;moramo preduzimati ancionalne mere, jer smo na to prinu\u0111eni. Na\u0161 cilj nije da preduzimamo samo nacionalne mere ve\u0107 i da sara\u0111ujemo sa drugim zemljama. To bi rado \u010dinili sa Gr\u010dkom, ali ne mo\u017eemo \u010dekati da do\u0111e do promene u toj zemlji i spremnsoti da joj se pomogne od strane EU kako treba&#8221;, podvukao je on.<\/p>\n<p>Izvor: Tanjug<\/p>\n","protected":false},"excerpt":{"rendered":"<p>Premijer Srbije Aleksandar Vu\u010di\u0107 izjavio je danas da \u0107e Srbija u\u010destvovati u re\u0161avanju migrantske krize, ali ne na \u0161tetu svoje ekonomije, a \u0161ef austrijske diplomatije Sebastijan Kurc ukazao da je [&hellip;]<\/p>\n","protected":false},"author":9,"featured_media":37244,"comment_status":"closed","ping_status":"closed","sticky":false,"template":"","format":"standard","meta":{"_acf_changed":false,"inline_featured_image":false,"_monsterinsights_skip_tracking":false,"_monsterinsights_sitenote_active":false,"_monsterinsights_sitenote_note":"","_monsterinsights_sitenote_category":0,"footnotes":""},"categories":[2700],"tags":[3898,3904,3878,4083],"class_list":["post-45602","post","type-post","status-publish","format-standard","has-post-thumbnail","hentry","category-vesti","tag-aleksandar-vucic","tag-migranti","tag-migrantska-kriza","tag-sebastijan-kurc"],"acf":[],"yoast_head":"<!-- This site is optimized with the Yoast SEO plugin v27.4 - https:\/\/yoast.com\/product\/yoast-seo-wordpress\/ -->\n<title>Vu\u010di\u0107 i Kurc o ozbiljnosti migrantske krize - Serbia.com<\/title>\n<meta name=\"robots\" content=\"index, follow, max-snippet:-1, max-image-preview:large, max-video-preview:-1\" \/>\n<link rel=\"canonical\" href=\"https:\/\/serbia.com\/srpski\/vucic-i-kurc-o-ozbiljnosti-migrantske-krize\/\" \/>\n<meta property=\"og:locale\" content=\"en_US\" \/>\n<meta property=\"og:type\" content=\"article\" \/>\n<meta property=\"og:title\" content=\"Vu\u010di\u0107 i Kurc o ozbiljnosti migrantske krize - Serbia.com\" \/>\n<meta property=\"og:description\" content=\"Premijer Srbije Aleksandar Vu\u010di\u0107 izjavio je danas da \u0107e Srbija u\u010destvovati u re\u0161avanju migrantske krize, ali ne na \u0161tetu svoje ekonomije, a \u0161ef austrijske diplomatije Sebastijan Kurc ukazao da je [&hellip;]\" \/>\n<meta property=\"og:url\" content=\"https:\/\/serbia.com\/srpski\/vucic-i-kurc-o-ozbiljnosti-migrantske-krize\/\" \/>\n<meta property=\"og:site_name\" content=\"Serbia.com\" \/>\n<meta property=\"article:published_time\" content=\"2016-02-09T14:04:02+00:00\" \/>\n<meta property=\"og:image\" content=\"https:\/\/serbia.com\/wp-content\/uploads\/2015\/11\/Migranti-emigranti-imigranti-izbeglice-8-620x350.jpg\" \/>\n\t<meta property=\"og:image:width\" content=\"620\" \/>\n\t<meta property=\"og:image:height\" content=\"350\" \/>\n\t<meta property=\"og:image:type\" content=\"image\/jpeg\" \/>\n<meta name=\"author\" content=\"Serbia.com\" \/>\n<meta name=\"twitter:label1\" content=\"Written by\" \/>\n\t<meta name=\"twitter:data1\" content=\"Serbia.com\" \/>\n\t<meta name=\"twitter:label2\" content=\"Est. reading time\" \/>\n\t<meta name=\"twitter:data2\" content=\"2 minutes\" \/>\n<script type=\"application\/ld+json\" class=\"yoast-schema-graph\">{\"@context\":\"https:\\\/\\\/schema.org\",\"@graph\":[{\"@type\":\"Article\",\"@id\":\"https:\\\/\\\/serbia.com\\\/srpski\\\/vucic-i-kurc-o-ozbiljnosti-migrantske-krize\\\/#article\",\"isPartOf\":{\"@id\":\"https:\\\/\\\/serbia.com\\\/srpski\\\/vucic-i-kurc-o-ozbiljnosti-migrantske-krize\\\/\"},\"author\":{\"name\":\"Serbia.com\",\"@id\":\"https:\\\/\\\/serbia.com\\\/#\\\/schema\\\/person\\\/6fe28d3055f5f291d832531e555da490\"},\"headline\":\"Vu\u010di\u0107 i Kurc o ozbiljnosti migrantske krize\",\"datePublished\":\"2016-02-09T14:04:02+00:00\",\"mainEntityOfPage\":{\"@id\":\"https:\\\/\\\/serbia.com\\\/srpski\\\/vucic-i-kurc-o-ozbiljnosti-migrantske-krize\\\/\"},\"wordCount\":486,\"image\":{\"@id\":\"https:\\\/\\\/serbia.com\\\/srpski\\\/vucic-i-kurc-o-ozbiljnosti-migrantske-krize\\\/#primaryimage\"},\"thumbnailUrl\":\"https:\\\/\\\/serbia.com\\\/wp-content\\\/uploads\\\/2015\\\/11\\\/Migranti-emigranti-imigranti-izbeglice-8-620x350.jpg\",\"keywords\":[\"Aleksandar Vu\u010di\u0107\",\"Migranti\",\"Migrantska kriza\",\"Sebastijan Kurc\"],\"articleSection\":[\"Vesti\"],\"inLanguage\":\"srpski\"},{\"@type\":\"WebPage\",\"@id\":\"https:\\\/\\\/serbia.com\\\/srpski\\\/vucic-i-kurc-o-ozbiljnosti-migrantske-krize\\\/\",\"url\":\"https:\\\/\\\/serbia.com\\\/srpski\\\/vucic-i-kurc-o-ozbiljnosti-migrantske-krize\\\/\",\"name\":\"Vu\u010di\u0107 i Kurc o ozbiljnosti migrantske krize - Serbia.com\",\"isPartOf\":{\"@id\":\"https:\\\/\\\/serbia.com\\\/#website\"},\"primaryImageOfPage\":{\"@id\":\"https:\\\/\\\/serbia.com\\\/srpski\\\/vucic-i-kurc-o-ozbiljnosti-migrantske-krize\\\/#primaryimage\"},\"image\":{\"@id\":\"https:\\\/\\\/serbia.com\\\/srpski\\\/vucic-i-kurc-o-ozbiljnosti-migrantske-krize\\\/#primaryimage\"},\"thumbnailUrl\":\"https:\\\/\\\/serbia.com\\\/wp-content\\\/uploads\\\/2015\\\/11\\\/Migranti-emigranti-imigranti-izbeglice-8-620x350.jpg\",\"datePublished\":\"2016-02-09T14:04:02+00:00\",\"author\":{\"@id\":\"https:\\\/\\\/serbia.com\\\/#\\\/schema\\\/person\\\/6fe28d3055f5f291d832531e555da490\"},\"breadcrumb\":{\"@id\":\"https:\\\/\\\/serbia.com\\\/srpski\\\/vucic-i-kurc-o-ozbiljnosti-migrantske-krize\\\/#breadcrumb\"},\"inLanguage\":\"srpski\",\"potentialAction\":[{\"@type\":\"ReadAction\",\"target\":[\"https:\\\/\\\/serbia.com\\\/srpski\\\/vucic-i-kurc-o-ozbiljnosti-migrantske-krize\\\/\"]}]},{\"@type\":\"ImageObject\",\"inLanguage\":\"srpski\",\"@id\":\"https:\\\/\\\/serbia.com\\\/srpski\\\/vucic-i-kurc-o-ozbiljnosti-migrantske-krize\\\/#primaryimage\",\"url\":\"https:\\\/\\\/serbia.com\\\/wp-content\\\/uploads\\\/2015\\\/11\\\/Migranti-emigranti-imigranti-izbeglice-8-620x350.jpg\",\"contentUrl\":\"https:\\\/\\\/serbia.com\\\/wp-content\\\/uploads\\\/2015\\\/11\\\/Migranti-emigranti-imigranti-izbeglice-8-620x350.jpg\",\"width\":620,\"height\":350,\"caption\":\"Migranti-emigranti-imigranti\"},{\"@type\":\"BreadcrumbList\",\"@id\":\"https:\\\/\\\/serbia.com\\\/srpski\\\/vucic-i-kurc-o-ozbiljnosti-migrantske-krize\\\/#breadcrumb\",\"itemListElement\":[{\"@type\":\"ListItem\",\"position\":1,\"name\":\"Home\",\"item\":\"https:\\\/\\\/serbia.com\\\/srpski\\\/\"},{\"@type\":\"ListItem\",\"position\":2,\"name\":\"Vu\u010di\u0107 i Kurc o ozbiljnosti migrantske krize\"}]},{\"@type\":\"WebSite\",\"@id\":\"https:\\\/\\\/serbia.com\\\/#website\",\"url\":\"https:\\\/\\\/serbia.com\\\/\",\"name\":\"Serbia.com\",\"description\":\"Your Gateway to Serbia\",\"potentialAction\":[{\"@type\":\"SearchAction\",\"target\":{\"@type\":\"EntryPoint\",\"urlTemplate\":\"https:\\\/\\\/serbia.com\\\/?s={search_term_string}\"},\"query-input\":{\"@type\":\"PropertyValueSpecification\",\"valueRequired\":true,\"valueName\":\"search_term_string\"}}],\"inLanguage\":\"srpski\"},{\"@type\":\"Person\",\"@id\":\"https:\\\/\\\/serbia.com\\\/#\\\/schema\\\/person\\\/6fe28d3055f5f291d832531e555da490\",\"name\":\"Serbia.com\",\"image\":{\"@type\":\"ImageObject\",\"inLanguage\":\"srpski\",\"@id\":\"https:\\\/\\\/secure.gravatar.com\\\/avatar\\\/8381eb54f5b393857857cb5fd6c42264c9e14b10435326bc567fcc3511bd8df4?s=96&d=mm&r=g\",\"url\":\"https:\\\/\\\/secure.gravatar.com\\\/avatar\\\/8381eb54f5b393857857cb5fd6c42264c9e14b10435326bc567fcc3511bd8df4?s=96&d=mm&r=g\",\"contentUrl\":\"https:\\\/\\\/secure.gravatar.com\\\/avatar\\\/8381eb54f5b393857857cb5fd6c42264c9e14b10435326bc567fcc3511bd8df4?s=96&d=mm&r=g\",\"caption\":\"Serbia.com\"},\"url\":\"https:\\\/\\\/serbia.com\\\/srpski\\\/author\\\/serbia-com\\\/\"}]}<\/script>\n<!-- \/ Yoast SEO plugin. -->","yoast_head_json":{"title":"Vu\u010di\u0107 i Kurc o ozbiljnosti migrantske krize - Serbia.com","robots":{"index":"index","follow":"follow","max-snippet":"max-snippet:-1","max-image-preview":"max-image-preview:large","max-video-preview":"max-video-preview:-1"},"canonical":"https:\/\/serbia.com\/srpski\/vucic-i-kurc-o-ozbiljnosti-migrantske-krize\/","og_locale":"en_US","og_type":"article","og_title":"Vu\u010di\u0107 i Kurc o ozbiljnosti migrantske krize - Serbia.com","og_description":"Premijer Srbije Aleksandar Vu\u010di\u0107 izjavio je danas da \u0107e Srbija u\u010destvovati u re\u0161avanju migrantske krize, ali ne na \u0161tetu svoje ekonomije, a \u0161ef austrijske diplomatije Sebastijan Kurc ukazao da je [&hellip;]","og_url":"https:\/\/serbia.com\/srpski\/vucic-i-kurc-o-ozbiljnosti-migrantske-krize\/","og_site_name":"Serbia.com","article_published_time":"2016-02-09T14:04:02+00:00","og_image":[{"width":620,"height":350,"url":"https:\/\/serbia.com\/wp-content\/uploads\/2015\/11\/Migranti-emigranti-imigranti-izbeglice-8-620x350.jpg","type":"image\/jpeg"}],"author":"Serbia.com","twitter_misc":{"Written by":"Serbia.com","Est. reading time":"2 minutes"},"schema":{"@context":"https:\/\/schema.org","@graph":[{"@type":"Article","@id":"https:\/\/serbia.com\/srpski\/vucic-i-kurc-o-ozbiljnosti-migrantske-krize\/#article","isPartOf":{"@id":"https:\/\/serbia.com\/srpski\/vucic-i-kurc-o-ozbiljnosti-migrantske-krize\/"},"author":{"name":"Serbia.com","@id":"https:\/\/serbia.com\/#\/schema\/person\/6fe28d3055f5f291d832531e555da490"},"headline":"Vu\u010di\u0107 i Kurc o ozbiljnosti migrantske krize","datePublished":"2016-02-09T14:04:02+00:00","mainEntityOfPage":{"@id":"https:\/\/serbia.com\/srpski\/vucic-i-kurc-o-ozbiljnosti-migrantske-krize\/"},"wordCount":486,"image":{"@id":"https:\/\/serbia.com\/srpski\/vucic-i-kurc-o-ozbiljnosti-migrantske-krize\/#primaryimage"},"thumbnailUrl":"https:\/\/serbia.com\/wp-content\/uploads\/2015\/11\/Migranti-emigranti-imigranti-izbeglice-8-620x350.jpg","keywords":["Aleksandar Vu\u010di\u0107","Migranti","Migrantska kriza","Sebastijan Kurc"],"articleSection":["Vesti"],"inLanguage":"srpski"},{"@type":"WebPage","@id":"https:\/\/serbia.com\/srpski\/vucic-i-kurc-o-ozbiljnosti-migrantske-krize\/","url":"https:\/\/serbia.com\/srpski\/vucic-i-kurc-o-ozbiljnosti-migrantske-krize\/","name":"Vu\u010di\u0107 i Kurc o ozbiljnosti migrantske krize - Serbia.com","isPartOf":{"@id":"https:\/\/serbia.com\/#website"},"primaryImageOfPage":{"@id":"https:\/\/serbia.com\/srpski\/vucic-i-kurc-o-ozbiljnosti-migrantske-krize\/#primaryimage"},"image":{"@id":"https:\/\/serbia.com\/srpski\/vucic-i-kurc-o-ozbiljnosti-migrantske-krize\/#primaryimage"},"thumbnailUrl":"https:\/\/serbia.com\/wp-content\/uploads\/2015\/11\/Migranti-emigranti-imigranti-izbeglice-8-620x350.jpg","datePublished":"2016-02-09T14:04:02+00:00","author":{"@id":"https:\/\/serbia.com\/#\/schema\/person\/6fe28d3055f5f291d832531e555da490"},"breadcrumb":{"@id":"https:\/\/serbia.com\/srpski\/vucic-i-kurc-o-ozbiljnosti-migrantske-krize\/#breadcrumb"},"inLanguage":"srpski","potentialAction":[{"@type":"ReadAction","target":["https:\/\/serbia.com\/srpski\/vucic-i-kurc-o-ozbiljnosti-migrantske-krize\/"]}]},{"@type":"ImageObject","inLanguage":"srpski","@id":"https:\/\/serbia.com\/srpski\/vucic-i-kurc-o-ozbiljnosti-migrantske-krize\/#primaryimage","url":"https:\/\/serbia.com\/wp-content\/uploads\/2015\/11\/Migranti-emigranti-imigranti-izbeglice-8-620x350.jpg","contentUrl":"https:\/\/serbia.com\/wp-content\/uploads\/2015\/11\/Migranti-emigranti-imigranti-izbeglice-8-620x350.jpg","width":620,"height":350,"caption":"Migranti-emigranti-imigranti"},{"@type":"BreadcrumbList","@id":"https:\/\/serbia.com\/srpski\/vucic-i-kurc-o-ozbiljnosti-migrantske-krize\/#breadcrumb","itemListElement":[{"@type":"ListItem","position":1,"name":"Home","item":"https:\/\/serbia.com\/srpski\/"},{"@type":"ListItem","position":2,"name":"Vu\u010di\u0107 i Kurc o ozbiljnosti migrantske krize"}]},{"@type":"WebSite","@id":"https:\/\/serbia.com\/#website","url":"https:\/\/serbia.com\/","name":"Serbia.com","description":"Your Gateway to Serbia","potentialAction":[{"@type":"SearchAction","target":{"@type":"EntryPoint","urlTemplate":"https:\/\/serbia.com\/?s={search_term_string}"},"query-input":{"@type":"PropertyValueSpecification","valueRequired":true,"valueName":"search_term_string"}}],"inLanguage":"srpski"},{"@type":"Person","@id":"https:\/\/serbia.com\/#\/schema\/person\/6fe28d3055f5f291d832531e555da490","name":"Serbia.com","image":{"@type":"ImageObject","inLanguage":"srpski","@id":"https:\/\/secure.gravatar.com\/avatar\/8381eb54f5b393857857cb5fd6c42264c9e14b10435326bc567fcc3511bd8df4?s=96&d=mm&r=g","url":"https:\/\/secure.gravatar.com\/avatar\/8381eb54f5b393857857cb5fd6c42264c9e14b10435326bc567fcc3511bd8df4?s=96&d=mm&r=g","contentUrl":"https:\/\/secure.gravatar.com\/avatar\/8381eb54f5b393857857cb5fd6c42264c9e14b10435326bc567fcc3511bd8df4?s=96&d=mm&r=g","caption":"Serbia.com"},"url":"https:\/\/serbia.com\/srpski\/author\/serbia-com\/"}]}},"brizy_media":[],"_links":{"self":[{"href":"https:\/\/serbia.com\/srpski\/wp-json\/wp\/v2\/posts\/45602","targetHints":{"allow":["GET"]}}],"collection":[{"href":"https:\/\/serbia.com\/srpski\/wp-json\/wp\/v2\/posts"}],"about":[{"href":"https:\/\/serbia.com\/srpski\/wp-json\/wp\/v2\/types\/post"}],"author":[{"embeddable":true,"href":"https:\/\/serbia.com\/srpski\/wp-json\/wp\/v2\/users\/9"}],"replies":[{"embeddable":true,"href":"https:\/\/serbia.com\/srpski\/wp-json\/wp\/v2\/comments?post=45602"}],"version-history":[{"count":0,"href":"https:\/\/serbia.com\/srpski\/wp-json\/wp\/v2\/posts\/45602\/revisions"}],"wp:featuredmedia":[{"embeddable":true,"href":"https:\/\/serbia.com\/srpski\/wp-json\/wp\/v2\/media\/37244"}],"wp:attachment":[{"href":"https:\/\/serbia.com\/srpski\/wp-json\/wp\/v2\/media?parent=45602"}],"wp:term":[{"taxonomy":"category","embeddable":true,"href":"https:\/\/serbia.com\/srpski\/wp-json\/wp\/v2\/categories?post=45602"},{"taxonomy":"post_tag","embeddable":true,"href":"https:\/\/serbia.com\/srpski\/wp-json\/wp\/v2\/tags?post=45602"}],"curies":[{"name":"wp","href":"https:\/\/api.w.org\/{rel}","templated":true}]}}