{"id":45478,"date":"2016-02-07T19:21:12","date_gmt":"2016-02-07T18:21:12","guid":{"rendered":"http:\/\/www.serbia.com\/srpski\/?p=45478"},"modified":"2016-02-07T19:21:12","modified_gmt":"2016-02-07T18:21:12","slug":"vulin-trenutno-u-srbiji-od-1-000-do-1-500-migranata","status":"publish","type":"post","link":"https:\/\/serbia.com\/srpski\/vulin-trenutno-u-srbiji-od-1-000-do-1-500-migranata\/","title":{"rendered":"Vulin: Trenutno u Srbiji od 1.000 do 1.500 migranata"},"content":{"rendered":"<h4>Trenutno u Srbiji nema vi\u0161e od 1.000 do 1.500 ljudi u kretanju od Pre\u0161eva do \u0160ida, izjavio je danas ministar za rad, zapo\u0161ljavanje, bora\u010dka i socijalna pitanja Aleksandar Vulin.<\/h4>\n<p>&#8220;Sa neznatnim pobolj\u0161anjem vremenskih prilika nije se zna\u010dano pobolj\u0161ao broj migranata&#8230;Za sad su brojevi jo\u0161 uvek zna\u010dajno ni\u017ei ispod proseka, trenutno u Srbiji nema vi\u0161e od 1.000 do 1.500 ljudi u kretanju od Pre\u0161eva do \u0160ida&#8221;, rekao je Vulin za Tanjug i dodao da Srbija nema nikakav problem sa velikim brojem migranata i da je spremna za daleko ve\u0107i broj.<\/p>\n<p>Dodao je da se borbe u Siriji inteziviraju i da to obi\u010dno izaziva kretanje ljudi i ve\u0107i broj migranata, te da je sa da oko 30.000 ljudi zarobljeno na granici izme\u0111u Sirije i Turske.<\/p>\n<p>&#8220;Ukoliko Turska propusti te ljude, oni \u0107e pre ili kasnije sti\u0107i i do nas&#8221;, naveo je Vulin.<\/p>\n<p>Vulin, koji je na \u010delu Radne grupe za re\u0161avanje migracione krize, je ponovio da Srbija ne\u0107e biti nikakav parking za migrante, niti nikakva zona u kojoj \u0107e se skupljati ljudi koji ne mogu nigde dalje da idu.<\/p>\n<p>&#8220;Srbija se dr\u017ei svoje politike da \u0107e biti maksimalno humana i maksimalno organizovana, ali \u0107e sprovoditi odluke i onih zemalja na ruti, kako se oni budu pona\u0161ali tako \u0107emo se i mi ponasati&#8221;, kazao je Vulin.<\/p>\n<p>izvor: Tanjug<\/p>\n","protected":false},"excerpt":{"rendered":"<p>Trenutno u Srbiji nema vi\u0161e od 1.000 do 1.500 ljudi u kretanju od Pre\u0161eva do \u0160ida, izjavio je danas ministar za rad, zapo\u0161ljavanje, bora\u010dka i socijalna pitanja Aleksandar Vulin. &#8220;Sa [&hellip;]<\/p>\n","protected":false},"author":9,"featured_media":37540,"comment_status":"closed","ping_status":"closed","sticky":false,"template":"","format":"standard","meta":{"_acf_changed":false,"inline_featured_image":false,"_monsterinsights_skip_tracking":false,"_monsterinsights_sitenote_active":false,"_monsterinsights_sitenote_note":"","_monsterinsights_sitenote_category":0,"footnotes":""},"categories":[2700],"tags":[3984],"class_list":["post-45478","post","type-post","status-publish","format-standard","has-post-thumbnail","hentry","category-vesti","tag-aleksandar-vulin"],"acf":[],"yoast_head":"<!-- This site is optimized with the Yoast SEO plugin v27.4 - https:\/\/yoast.com\/product\/yoast-seo-wordpress\/ -->\n<title>Vulin: Trenutno u Srbiji od 1.000 do 1.500 migranata - Serbia.com<\/title>\n<meta name=\"robots\" content=\"index, follow, max-snippet:-1, max-image-preview:large, max-video-preview:-1\" \/>\n<link rel=\"canonical\" href=\"https:\/\/serbia.com\/srpski\/vulin-trenutno-u-srbiji-od-1-000-do-1-500-migranata\/\" \/>\n<meta property=\"og:locale\" content=\"en_US\" \/>\n<meta property=\"og:type\" content=\"article\" \/>\n<meta property=\"og:title\" content=\"Vulin: Trenutno u Srbiji od 1.000 do 1.500 migranata - Serbia.com\" \/>\n<meta property=\"og:description\" content=\"Trenutno u Srbiji nema vi\u0161e od 1.000 do 1.500 ljudi u kretanju od Pre\u0161eva do \u0160ida, izjavio je danas ministar za rad, zapo\u0161ljavanje, bora\u010dka i socijalna pitanja Aleksandar Vulin. &#8220;Sa [&hellip;]\" \/>\n<meta property=\"og:url\" content=\"https:\/\/serbia.com\/srpski\/vulin-trenutno-u-srbiji-od-1-000-do-1-500-migranata\/\" \/>\n<meta property=\"og:site_name\" content=\"Serbia.com\" \/>\n<meta property=\"article:published_time\" content=\"2016-02-07T18:21:12+00:00\" \/>\n<meta property=\"og:image\" content=\"https:\/\/serbia.com\/wp-content\/uploads\/2015\/11\/f-migrants-b-20150909-e1448283099146.jpg\" \/>\n\t<meta property=\"og:image:width\" content=\"734\" \/>\n\t<meta property=\"og:image:height\" content=\"489\" \/>\n\t<meta property=\"og:image:type\" content=\"image\/jpeg\" \/>\n<meta name=\"author\" content=\"Serbia.com\" \/>\n<meta name=\"twitter:label1\" content=\"Written by\" \/>\n\t<meta name=\"twitter:data1\" content=\"Serbia.com\" \/>\n\t<meta name=\"twitter:label2\" content=\"Est. reading time\" \/>\n\t<meta name=\"twitter:data2\" content=\"1 minute\" \/>\n<script type=\"application\/ld+json\" class=\"yoast-schema-graph\">{\"@context\":\"https:\\\/\\\/schema.org\",\"@graph\":[{\"@type\":\"Article\",\"@id\":\"https:\\\/\\\/serbia.com\\\/srpski\\\/vulin-trenutno-u-srbiji-od-1-000-do-1-500-migranata\\\/#article\",\"isPartOf\":{\"@id\":\"https:\\\/\\\/serbia.com\\\/srpski\\\/vulin-trenutno-u-srbiji-od-1-000-do-1-500-migranata\\\/\"},\"author\":{\"name\":\"Serbia.com\",\"@id\":\"https:\\\/\\\/serbia.com\\\/#\\\/schema\\\/person\\\/6fe28d3055f5f291d832531e555da490\"},\"headline\":\"Vulin: Trenutno u Srbiji od 1.000 do 1.500 migranata\",\"datePublished\":\"2016-02-07T18:21:12+00:00\",\"mainEntityOfPage\":{\"@id\":\"https:\\\/\\\/serbia.com\\\/srpski\\\/vulin-trenutno-u-srbiji-od-1-000-do-1-500-migranata\\\/\"},\"wordCount\":238,\"image\":{\"@id\":\"https:\\\/\\\/serbia.com\\\/srpski\\\/vulin-trenutno-u-srbiji-od-1-000-do-1-500-migranata\\\/#primaryimage\"},\"thumbnailUrl\":\"https:\\\/\\\/serbia.com\\\/wp-content\\\/uploads\\\/2015\\\/11\\\/f-migrants-b-20150909-e1448283099146.jpg\",\"keywords\":[\"Aleksandar Vulin\"],\"articleSection\":[\"Vesti\"],\"inLanguage\":\"srpski\"},{\"@type\":\"WebPage\",\"@id\":\"https:\\\/\\\/serbia.com\\\/srpski\\\/vulin-trenutno-u-srbiji-od-1-000-do-1-500-migranata\\\/\",\"url\":\"https:\\\/\\\/serbia.com\\\/srpski\\\/vulin-trenutno-u-srbiji-od-1-000-do-1-500-migranata\\\/\",\"name\":\"Vulin: Trenutno u Srbiji od 1.000 do 1.500 migranata - Serbia.com\",\"isPartOf\":{\"@id\":\"https:\\\/\\\/serbia.com\\\/#website\"},\"primaryImageOfPage\":{\"@id\":\"https:\\\/\\\/serbia.com\\\/srpski\\\/vulin-trenutno-u-srbiji-od-1-000-do-1-500-migranata\\\/#primaryimage\"},\"image\":{\"@id\":\"https:\\\/\\\/serbia.com\\\/srpski\\\/vulin-trenutno-u-srbiji-od-1-000-do-1-500-migranata\\\/#primaryimage\"},\"thumbnailUrl\":\"https:\\\/\\\/serbia.com\\\/wp-content\\\/uploads\\\/2015\\\/11\\\/f-migrants-b-20150909-e1448283099146.jpg\",\"datePublished\":\"2016-02-07T18:21:12+00:00\",\"author\":{\"@id\":\"https:\\\/\\\/serbia.com\\\/#\\\/schema\\\/person\\\/6fe28d3055f5f291d832531e555da490\"},\"breadcrumb\":{\"@id\":\"https:\\\/\\\/serbia.com\\\/srpski\\\/vulin-trenutno-u-srbiji-od-1-000-do-1-500-migranata\\\/#breadcrumb\"},\"inLanguage\":\"srpski\",\"potentialAction\":[{\"@type\":\"ReadAction\",\"target\":[\"https:\\\/\\\/serbia.com\\\/srpski\\\/vulin-trenutno-u-srbiji-od-1-000-do-1-500-migranata\\\/\"]}]},{\"@type\":\"ImageObject\",\"inLanguage\":\"srpski\",\"@id\":\"https:\\\/\\\/serbia.com\\\/srpski\\\/vulin-trenutno-u-srbiji-od-1-000-do-1-500-migranata\\\/#primaryimage\",\"url\":\"https:\\\/\\\/serbia.com\\\/wp-content\\\/uploads\\\/2015\\\/11\\\/f-migrants-b-20150909-e1448283099146.jpg\",\"contentUrl\":\"https:\\\/\\\/serbia.com\\\/wp-content\\\/uploads\\\/2015\\\/11\\\/f-migrants-b-20150909-e1448283099146.jpg\",\"width\":734,\"height\":489,\"caption\":\"Migrants move away from a temporary holding center controlled by Hungarian authorities in Roszke, southern Hungary, Monday, Sept. 7, 2015, inside Hungary, just over the border from Serbia. The situation is confused with many hundreds of migrants moving in several directions and trying to reach a migrant registration camp, rather than wait for a unreliable bus service. (AP Photo\\\/Marko Drobnjakovic)\"},{\"@type\":\"BreadcrumbList\",\"@id\":\"https:\\\/\\\/serbia.com\\\/srpski\\\/vulin-trenutno-u-srbiji-od-1-000-do-1-500-migranata\\\/#breadcrumb\",\"itemListElement\":[{\"@type\":\"ListItem\",\"position\":1,\"name\":\"Home\",\"item\":\"https:\\\/\\\/serbia.com\\\/srpski\\\/\"},{\"@type\":\"ListItem\",\"position\":2,\"name\":\"Vulin: Trenutno u Srbiji od 1.000 do 1.500 migranata\"}]},{\"@type\":\"WebSite\",\"@id\":\"https:\\\/\\\/serbia.com\\\/#website\",\"url\":\"https:\\\/\\\/serbia.com\\\/\",\"name\":\"Serbia.com\",\"description\":\"Your Gateway to Serbia\",\"potentialAction\":[{\"@type\":\"SearchAction\",\"target\":{\"@type\":\"EntryPoint\",\"urlTemplate\":\"https:\\\/\\\/serbia.com\\\/?s={search_term_string}\"},\"query-input\":{\"@type\":\"PropertyValueSpecification\",\"valueRequired\":true,\"valueName\":\"search_term_string\"}}],\"inLanguage\":\"srpski\"},{\"@type\":\"Person\",\"@id\":\"https:\\\/\\\/serbia.com\\\/#\\\/schema\\\/person\\\/6fe28d3055f5f291d832531e555da490\",\"name\":\"Serbia.com\",\"image\":{\"@type\":\"ImageObject\",\"inLanguage\":\"srpski\",\"@id\":\"https:\\\/\\\/secure.gravatar.com\\\/avatar\\\/8381eb54f5b393857857cb5fd6c42264c9e14b10435326bc567fcc3511bd8df4?s=96&d=mm&r=g\",\"url\":\"https:\\\/\\\/secure.gravatar.com\\\/avatar\\\/8381eb54f5b393857857cb5fd6c42264c9e14b10435326bc567fcc3511bd8df4?s=96&d=mm&r=g\",\"contentUrl\":\"https:\\\/\\\/secure.gravatar.com\\\/avatar\\\/8381eb54f5b393857857cb5fd6c42264c9e14b10435326bc567fcc3511bd8df4?s=96&d=mm&r=g\",\"caption\":\"Serbia.com\"},\"url\":\"https:\\\/\\\/serbia.com\\\/srpski\\\/author\\\/serbia-com\\\/\"}]}<\/script>\n<!-- \/ Yoast SEO plugin. -->","yoast_head_json":{"title":"Vulin: Trenutno u Srbiji od 1.000 do 1.500 migranata - Serbia.com","robots":{"index":"index","follow":"follow","max-snippet":"max-snippet:-1","max-image-preview":"max-image-preview:large","max-video-preview":"max-video-preview:-1"},"canonical":"https:\/\/serbia.com\/srpski\/vulin-trenutno-u-srbiji-od-1-000-do-1-500-migranata\/","og_locale":"en_US","og_type":"article","og_title":"Vulin: Trenutno u Srbiji od 1.000 do 1.500 migranata - Serbia.com","og_description":"Trenutno u Srbiji nema vi\u0161e od 1.000 do 1.500 ljudi u kretanju od Pre\u0161eva do \u0160ida, izjavio je danas ministar za rad, zapo\u0161ljavanje, bora\u010dka i socijalna pitanja Aleksandar Vulin. &#8220;Sa [&hellip;]","og_url":"https:\/\/serbia.com\/srpski\/vulin-trenutno-u-srbiji-od-1-000-do-1-500-migranata\/","og_site_name":"Serbia.com","article_published_time":"2016-02-07T18:21:12+00:00","og_image":[{"width":734,"height":489,"url":"https:\/\/serbia.com\/wp-content\/uploads\/2015\/11\/f-migrants-b-20150909-e1448283099146.jpg","type":"image\/jpeg"}],"author":"Serbia.com","twitter_misc":{"Written by":"Serbia.com","Est. reading time":"1 minute"},"schema":{"@context":"https:\/\/schema.org","@graph":[{"@type":"Article","@id":"https:\/\/serbia.com\/srpski\/vulin-trenutno-u-srbiji-od-1-000-do-1-500-migranata\/#article","isPartOf":{"@id":"https:\/\/serbia.com\/srpski\/vulin-trenutno-u-srbiji-od-1-000-do-1-500-migranata\/"},"author":{"name":"Serbia.com","@id":"https:\/\/serbia.com\/#\/schema\/person\/6fe28d3055f5f291d832531e555da490"},"headline":"Vulin: Trenutno u Srbiji od 1.000 do 1.500 migranata","datePublished":"2016-02-07T18:21:12+00:00","mainEntityOfPage":{"@id":"https:\/\/serbia.com\/srpski\/vulin-trenutno-u-srbiji-od-1-000-do-1-500-migranata\/"},"wordCount":238,"image":{"@id":"https:\/\/serbia.com\/srpski\/vulin-trenutno-u-srbiji-od-1-000-do-1-500-migranata\/#primaryimage"},"thumbnailUrl":"https:\/\/serbia.com\/wp-content\/uploads\/2015\/11\/f-migrants-b-20150909-e1448283099146.jpg","keywords":["Aleksandar Vulin"],"articleSection":["Vesti"],"inLanguage":"srpski"},{"@type":"WebPage","@id":"https:\/\/serbia.com\/srpski\/vulin-trenutno-u-srbiji-od-1-000-do-1-500-migranata\/","url":"https:\/\/serbia.com\/srpski\/vulin-trenutno-u-srbiji-od-1-000-do-1-500-migranata\/","name":"Vulin: Trenutno u Srbiji od 1.000 do 1.500 migranata - Serbia.com","isPartOf":{"@id":"https:\/\/serbia.com\/#website"},"primaryImageOfPage":{"@id":"https:\/\/serbia.com\/srpski\/vulin-trenutno-u-srbiji-od-1-000-do-1-500-migranata\/#primaryimage"},"image":{"@id":"https:\/\/serbia.com\/srpski\/vulin-trenutno-u-srbiji-od-1-000-do-1-500-migranata\/#primaryimage"},"thumbnailUrl":"https:\/\/serbia.com\/wp-content\/uploads\/2015\/11\/f-migrants-b-20150909-e1448283099146.jpg","datePublished":"2016-02-07T18:21:12+00:00","author":{"@id":"https:\/\/serbia.com\/#\/schema\/person\/6fe28d3055f5f291d832531e555da490"},"breadcrumb":{"@id":"https:\/\/serbia.com\/srpski\/vulin-trenutno-u-srbiji-od-1-000-do-1-500-migranata\/#breadcrumb"},"inLanguage":"srpski","potentialAction":[{"@type":"ReadAction","target":["https:\/\/serbia.com\/srpski\/vulin-trenutno-u-srbiji-od-1-000-do-1-500-migranata\/"]}]},{"@type":"ImageObject","inLanguage":"srpski","@id":"https:\/\/serbia.com\/srpski\/vulin-trenutno-u-srbiji-od-1-000-do-1-500-migranata\/#primaryimage","url":"https:\/\/serbia.com\/wp-content\/uploads\/2015\/11\/f-migrants-b-20150909-e1448283099146.jpg","contentUrl":"https:\/\/serbia.com\/wp-content\/uploads\/2015\/11\/f-migrants-b-20150909-e1448283099146.jpg","width":734,"height":489,"caption":"Migrants move away from a temporary holding center controlled by Hungarian authorities in Roszke, southern Hungary, Monday, Sept. 7, 2015, inside Hungary, just over the border from Serbia. The situation is confused with many hundreds of migrants moving in several directions and trying to reach a migrant registration camp, rather than wait for a unreliable bus service. (AP Photo\/Marko Drobnjakovic)"},{"@type":"BreadcrumbList","@id":"https:\/\/serbia.com\/srpski\/vulin-trenutno-u-srbiji-od-1-000-do-1-500-migranata\/#breadcrumb","itemListElement":[{"@type":"ListItem","position":1,"name":"Home","item":"https:\/\/serbia.com\/srpski\/"},{"@type":"ListItem","position":2,"name":"Vulin: Trenutno u Srbiji od 1.000 do 1.500 migranata"}]},{"@type":"WebSite","@id":"https:\/\/serbia.com\/#website","url":"https:\/\/serbia.com\/","name":"Serbia.com","description":"Your Gateway to Serbia","potentialAction":[{"@type":"SearchAction","target":{"@type":"EntryPoint","urlTemplate":"https:\/\/serbia.com\/?s={search_term_string}"},"query-input":{"@type":"PropertyValueSpecification","valueRequired":true,"valueName":"search_term_string"}}],"inLanguage":"srpski"},{"@type":"Person","@id":"https:\/\/serbia.com\/#\/schema\/person\/6fe28d3055f5f291d832531e555da490","name":"Serbia.com","image":{"@type":"ImageObject","inLanguage":"srpski","@id":"https:\/\/secure.gravatar.com\/avatar\/8381eb54f5b393857857cb5fd6c42264c9e14b10435326bc567fcc3511bd8df4?s=96&d=mm&r=g","url":"https:\/\/secure.gravatar.com\/avatar\/8381eb54f5b393857857cb5fd6c42264c9e14b10435326bc567fcc3511bd8df4?s=96&d=mm&r=g","contentUrl":"https:\/\/secure.gravatar.com\/avatar\/8381eb54f5b393857857cb5fd6c42264c9e14b10435326bc567fcc3511bd8df4?s=96&d=mm&r=g","caption":"Serbia.com"},"url":"https:\/\/serbia.com\/srpski\/author\/serbia-com\/"}]}},"brizy_media":[],"_links":{"self":[{"href":"https:\/\/serbia.com\/srpski\/wp-json\/wp\/v2\/posts\/45478","targetHints":{"allow":["GET"]}}],"collection":[{"href":"https:\/\/serbia.com\/srpski\/wp-json\/wp\/v2\/posts"}],"about":[{"href":"https:\/\/serbia.com\/srpski\/wp-json\/wp\/v2\/types\/post"}],"author":[{"embeddable":true,"href":"https:\/\/serbia.com\/srpski\/wp-json\/wp\/v2\/users\/9"}],"replies":[{"embeddable":true,"href":"https:\/\/serbia.com\/srpski\/wp-json\/wp\/v2\/comments?post=45478"}],"version-history":[{"count":0,"href":"https:\/\/serbia.com\/srpski\/wp-json\/wp\/v2\/posts\/45478\/revisions"}],"wp:featuredmedia":[{"embeddable":true,"href":"https:\/\/serbia.com\/srpski\/wp-json\/wp\/v2\/media\/37540"}],"wp:attachment":[{"href":"https:\/\/serbia.com\/srpski\/wp-json\/wp\/v2\/media?parent=45478"}],"wp:term":[{"taxonomy":"category","embeddable":true,"href":"https:\/\/serbia.com\/srpski\/wp-json\/wp\/v2\/categories?post=45478"},{"taxonomy":"post_tag","embeddable":true,"href":"https:\/\/serbia.com\/srpski\/wp-json\/wp\/v2\/tags?post=45478"}],"curies":[{"name":"wp","href":"https:\/\/api.w.org\/{rel}","templated":true}]}}