{"id":45165,"date":"2016-02-01T10:07:59","date_gmt":"2016-02-01T09:07:59","guid":{"rendered":"http:\/\/www.serbia.com\/srpski\/?p=45165"},"modified":"2016-02-01T10:07:59","modified_gmt":"2016-02-01T09:07:59","slug":"stjepanovicu-tri-zlata-i-tri-rekorda-u-luksemburgu","status":"publish","type":"post","link":"https:\/\/serbia.com\/srpski\/stjepanovicu-tri-zlata-i-tri-rekorda-u-luksemburgu\/","title":{"rendered":"Stjepanovi\u0107u tri zlata i tri rekorda u Luksemburgu"},"content":{"rendered":"<h4>Najbolji srpski pliva\u010d Velimir Stjepanovi\u0107 dominirao je na mitingu u Luksemburgu, gde je u tri trke tokom vikenda bio najbr\u017ei i oborio tri rekorda takmi\u010denja.<\/h4>\n<p>U dana\u0161njem finalu trke na 100 metara kraul bio je prvi, u vremenu 48.50, kao i na 400m kraul, gde je oborio rekord u vremenu 3:48.70.<\/p>\n<p>Prethodno, u subotu, bio je prvi na 200m kraul, kada je, tako\u0111e, postavio najbr\u017ee vreme u istoriji mitinga u Luksemburgu &#8211; 1:48.1.<\/p>\n<p>&#8220;Bilo je ovo zaista dobro i uspe\u0161no takmi\u010denje za mene. Nadam se da \u0107u da odr\u017eim ovu formu za Evropsko prvenstvo u Engleskoj, a potom i za Olimpijske igre u Riju, gde \u017eelim da poka\u017eem ono najbolje od sebe&#8221;, izjavio je Stjepanovi\u0107.<\/p>\n<p>Naredno takmi\u010denje, na kojem \u0107e Stjepanovi\u0107 u\u010destvovati bi\u0107e dr\u017eavno prvenstvo Srbije krajem februara u Beogradu.<\/p>\n<p>Izvor: Tanjug<\/p>\n","protected":false},"excerpt":{"rendered":"<p>Najbolji srpski pliva\u010d Velimir Stjepanovi\u0107 dominirao je na mitingu u Luksemburgu, gde je u tri trke tokom vikenda bio najbr\u017ei i oborio tri rekorda takmi\u010denja. U dana\u0161njem finalu trke na [&hellip;]<\/p>\n","protected":false},"author":9,"featured_media":45162,"comment_status":"closed","ping_status":"closed","sticky":false,"template":"","format":"standard","meta":{"_acf_changed":false,"inline_featured_image":false,"_monsterinsights_skip_tracking":false,"_monsterinsights_sitenote_active":false,"_monsterinsights_sitenote_note":"","_monsterinsights_sitenote_category":0,"footnotes":""},"categories":[2700],"tags":[4568,4567,823,4377,4565],"class_list":["post-45165","post","type-post","status-publish","format-standard","has-post-thumbnail","hentry","category-vesti","tag-miting-u-luksemburgu","tag-plivanje","tag-sport-srpski","tag-srpski-sport","tag-velimir-stjepanovic"],"acf":[],"yoast_head":"<!-- This site is optimized with the Yoast SEO plugin v27.4 - https:\/\/yoast.com\/product\/yoast-seo-wordpress\/ -->\n<title>Stjepanovi\u0107u tri zlata i tri rekorda u Luksemburgu - Serbia.com<\/title>\n<meta name=\"robots\" content=\"index, follow, max-snippet:-1, max-image-preview:large, max-video-preview:-1\" \/>\n<link rel=\"canonical\" href=\"https:\/\/serbia.com\/srpski\/stjepanovicu-tri-zlata-i-tri-rekorda-u-luksemburgu\/\" \/>\n<meta property=\"og:locale\" content=\"en_US\" \/>\n<meta property=\"og:type\" content=\"article\" \/>\n<meta property=\"og:title\" content=\"Stjepanovi\u0107u tri zlata i tri rekorda u Luksemburgu - Serbia.com\" \/>\n<meta property=\"og:description\" content=\"Najbolji srpski pliva\u010d Velimir Stjepanovi\u0107 dominirao je na mitingu u Luksemburgu, gde je u tri trke tokom vikenda bio najbr\u017ei i oborio tri rekorda takmi\u010denja. U dana\u0161njem finalu trke na [&hellip;]\" \/>\n<meta property=\"og:url\" content=\"https:\/\/serbia.com\/srpski\/stjepanovicu-tri-zlata-i-tri-rekorda-u-luksemburgu\/\" \/>\n<meta property=\"og:site_name\" content=\"Serbia.com\" \/>\n<meta property=\"article:published_time\" content=\"2016-02-01T09:07:59+00:00\" \/>\n<meta property=\"og:image\" content=\"https:\/\/serbia.com\/wp-content\/uploads\/2016\/02\/velimir-stjepanovic-1343775297-192609.jpg\" \/>\n\t<meta property=\"og:image:width\" content=\"900\" \/>\n\t<meta property=\"og:image:height\" content=\"483\" \/>\n\t<meta property=\"og:image:type\" content=\"image\/jpeg\" \/>\n<meta name=\"author\" content=\"Serbia.com\" \/>\n<meta name=\"twitter:label1\" content=\"Written by\" \/>\n\t<meta name=\"twitter:data1\" content=\"Serbia.com\" \/>\n\t<meta name=\"twitter:label2\" content=\"Est. reading time\" \/>\n\t<meta name=\"twitter:data2\" content=\"1 minute\" \/>\n<script type=\"application\/ld+json\" class=\"yoast-schema-graph\">{\"@context\":\"https:\\\/\\\/schema.org\",\"@graph\":[{\"@type\":\"Article\",\"@id\":\"https:\\\/\\\/serbia.com\\\/srpski\\\/stjepanovicu-tri-zlata-i-tri-rekorda-u-luksemburgu\\\/#article\",\"isPartOf\":{\"@id\":\"https:\\\/\\\/serbia.com\\\/srpski\\\/stjepanovicu-tri-zlata-i-tri-rekorda-u-luksemburgu\\\/\"},\"author\":{\"name\":\"Serbia.com\",\"@id\":\"https:\\\/\\\/serbia.com\\\/#\\\/schema\\\/person\\\/6fe28d3055f5f291d832531e555da490\"},\"headline\":\"Stjepanovi\u0107u tri zlata i tri rekorda u Luksemburgu\",\"datePublished\":\"2016-02-01T09:07:59+00:00\",\"mainEntityOfPage\":{\"@id\":\"https:\\\/\\\/serbia.com\\\/srpski\\\/stjepanovicu-tri-zlata-i-tri-rekorda-u-luksemburgu\\\/\"},\"wordCount\":150,\"image\":{\"@id\":\"https:\\\/\\\/serbia.com\\\/srpski\\\/stjepanovicu-tri-zlata-i-tri-rekorda-u-luksemburgu\\\/#primaryimage\"},\"thumbnailUrl\":\"https:\\\/\\\/serbia.com\\\/wp-content\\\/uploads\\\/2016\\\/02\\\/velimir-stjepanovic-1343775297-192609.jpg\",\"keywords\":[\"Miting u Luksemburgu\",\"Plivanje\",\"Sport\",\"Srpski sport\",\"Velimir Stjepanovi\u0107\"],\"articleSection\":[\"Vesti\"],\"inLanguage\":\"srpski\"},{\"@type\":\"WebPage\",\"@id\":\"https:\\\/\\\/serbia.com\\\/srpski\\\/stjepanovicu-tri-zlata-i-tri-rekorda-u-luksemburgu\\\/\",\"url\":\"https:\\\/\\\/serbia.com\\\/srpski\\\/stjepanovicu-tri-zlata-i-tri-rekorda-u-luksemburgu\\\/\",\"name\":\"Stjepanovi\u0107u tri zlata i tri rekorda u Luksemburgu - Serbia.com\",\"isPartOf\":{\"@id\":\"https:\\\/\\\/serbia.com\\\/#website\"},\"primaryImageOfPage\":{\"@id\":\"https:\\\/\\\/serbia.com\\\/srpski\\\/stjepanovicu-tri-zlata-i-tri-rekorda-u-luksemburgu\\\/#primaryimage\"},\"image\":{\"@id\":\"https:\\\/\\\/serbia.com\\\/srpski\\\/stjepanovicu-tri-zlata-i-tri-rekorda-u-luksemburgu\\\/#primaryimage\"},\"thumbnailUrl\":\"https:\\\/\\\/serbia.com\\\/wp-content\\\/uploads\\\/2016\\\/02\\\/velimir-stjepanovic-1343775297-192609.jpg\",\"datePublished\":\"2016-02-01T09:07:59+00:00\",\"author\":{\"@id\":\"https:\\\/\\\/serbia.com\\\/#\\\/schema\\\/person\\\/6fe28d3055f5f291d832531e555da490\"},\"breadcrumb\":{\"@id\":\"https:\\\/\\\/serbia.com\\\/srpski\\\/stjepanovicu-tri-zlata-i-tri-rekorda-u-luksemburgu\\\/#breadcrumb\"},\"inLanguage\":\"srpski\",\"potentialAction\":[{\"@type\":\"ReadAction\",\"target\":[\"https:\\\/\\\/serbia.com\\\/srpski\\\/stjepanovicu-tri-zlata-i-tri-rekorda-u-luksemburgu\\\/\"]}]},{\"@type\":\"ImageObject\",\"inLanguage\":\"srpski\",\"@id\":\"https:\\\/\\\/serbia.com\\\/srpski\\\/stjepanovicu-tri-zlata-i-tri-rekorda-u-luksemburgu\\\/#primaryimage\",\"url\":\"https:\\\/\\\/serbia.com\\\/wp-content\\\/uploads\\\/2016\\\/02\\\/velimir-stjepanovic-1343775297-192609.jpg\",\"contentUrl\":\"https:\\\/\\\/serbia.com\\\/wp-content\\\/uploads\\\/2016\\\/02\\\/velimir-stjepanovic-1343775297-192609.jpg\",\"width\":900,\"height\":483,\"caption\":\"Velimir Stjepanovi\u0107\"},{\"@type\":\"BreadcrumbList\",\"@id\":\"https:\\\/\\\/serbia.com\\\/srpski\\\/stjepanovicu-tri-zlata-i-tri-rekorda-u-luksemburgu\\\/#breadcrumb\",\"itemListElement\":[{\"@type\":\"ListItem\",\"position\":1,\"name\":\"Home\",\"item\":\"https:\\\/\\\/serbia.com\\\/srpski\\\/srbija\\\/\"},{\"@type\":\"ListItem\",\"position\":2,\"name\":\"Stjepanovi\u0107u tri zlata i tri rekorda u Luksemburgu\"}]},{\"@type\":\"WebSite\",\"@id\":\"https:\\\/\\\/serbia.com\\\/#website\",\"url\":\"https:\\\/\\\/serbia.com\\\/\",\"name\":\"Serbia.com\",\"description\":\"Your Gateway to Serbia\",\"potentialAction\":[{\"@type\":\"SearchAction\",\"target\":{\"@type\":\"EntryPoint\",\"urlTemplate\":\"https:\\\/\\\/serbia.com\\\/?s={search_term_string}\"},\"query-input\":{\"@type\":\"PropertyValueSpecification\",\"valueRequired\":true,\"valueName\":\"search_term_string\"}}],\"inLanguage\":\"srpski\"},{\"@type\":\"Person\",\"@id\":\"https:\\\/\\\/serbia.com\\\/#\\\/schema\\\/person\\\/6fe28d3055f5f291d832531e555da490\",\"name\":\"Serbia.com\",\"image\":{\"@type\":\"ImageObject\",\"inLanguage\":\"srpski\",\"@id\":\"https:\\\/\\\/secure.gravatar.com\\\/avatar\\\/8381eb54f5b393857857cb5fd6c42264c9e14b10435326bc567fcc3511bd8df4?s=96&d=mm&r=g\",\"url\":\"https:\\\/\\\/secure.gravatar.com\\\/avatar\\\/8381eb54f5b393857857cb5fd6c42264c9e14b10435326bc567fcc3511bd8df4?s=96&d=mm&r=g\",\"contentUrl\":\"https:\\\/\\\/secure.gravatar.com\\\/avatar\\\/8381eb54f5b393857857cb5fd6c42264c9e14b10435326bc567fcc3511bd8df4?s=96&d=mm&r=g\",\"caption\":\"Serbia.com\"},\"url\":\"https:\\\/\\\/serbia.com\\\/srpski\\\/author\\\/serbia-com\\\/\"}]}<\/script>\n<!-- \/ Yoast SEO plugin. -->","yoast_head_json":{"title":"Stjepanovi\u0107u tri zlata i tri rekorda u Luksemburgu - Serbia.com","robots":{"index":"index","follow":"follow","max-snippet":"max-snippet:-1","max-image-preview":"max-image-preview:large","max-video-preview":"max-video-preview:-1"},"canonical":"https:\/\/serbia.com\/srpski\/stjepanovicu-tri-zlata-i-tri-rekorda-u-luksemburgu\/","og_locale":"en_US","og_type":"article","og_title":"Stjepanovi\u0107u tri zlata i tri rekorda u Luksemburgu - Serbia.com","og_description":"Najbolji srpski pliva\u010d Velimir Stjepanovi\u0107 dominirao je na mitingu u Luksemburgu, gde je u tri trke tokom vikenda bio najbr\u017ei i oborio tri rekorda takmi\u010denja. U dana\u0161njem finalu trke na [&hellip;]","og_url":"https:\/\/serbia.com\/srpski\/stjepanovicu-tri-zlata-i-tri-rekorda-u-luksemburgu\/","og_site_name":"Serbia.com","article_published_time":"2016-02-01T09:07:59+00:00","og_image":[{"width":900,"height":483,"url":"https:\/\/serbia.com\/wp-content\/uploads\/2016\/02\/velimir-stjepanovic-1343775297-192609.jpg","type":"image\/jpeg"}],"author":"Serbia.com","twitter_misc":{"Written by":"Serbia.com","Est. reading time":"1 minute"},"schema":{"@context":"https:\/\/schema.org","@graph":[{"@type":"Article","@id":"https:\/\/serbia.com\/srpski\/stjepanovicu-tri-zlata-i-tri-rekorda-u-luksemburgu\/#article","isPartOf":{"@id":"https:\/\/serbia.com\/srpski\/stjepanovicu-tri-zlata-i-tri-rekorda-u-luksemburgu\/"},"author":{"name":"Serbia.com","@id":"https:\/\/serbia.com\/#\/schema\/person\/6fe28d3055f5f291d832531e555da490"},"headline":"Stjepanovi\u0107u tri zlata i tri rekorda u Luksemburgu","datePublished":"2016-02-01T09:07:59+00:00","mainEntityOfPage":{"@id":"https:\/\/serbia.com\/srpski\/stjepanovicu-tri-zlata-i-tri-rekorda-u-luksemburgu\/"},"wordCount":150,"image":{"@id":"https:\/\/serbia.com\/srpski\/stjepanovicu-tri-zlata-i-tri-rekorda-u-luksemburgu\/#primaryimage"},"thumbnailUrl":"https:\/\/serbia.com\/wp-content\/uploads\/2016\/02\/velimir-stjepanovic-1343775297-192609.jpg","keywords":["Miting u Luksemburgu","Plivanje","Sport","Srpski sport","Velimir Stjepanovi\u0107"],"articleSection":["Vesti"],"inLanguage":"srpski"},{"@type":"WebPage","@id":"https:\/\/serbia.com\/srpski\/stjepanovicu-tri-zlata-i-tri-rekorda-u-luksemburgu\/","url":"https:\/\/serbia.com\/srpski\/stjepanovicu-tri-zlata-i-tri-rekorda-u-luksemburgu\/","name":"Stjepanovi\u0107u tri zlata i tri rekorda u Luksemburgu - Serbia.com","isPartOf":{"@id":"https:\/\/serbia.com\/#website"},"primaryImageOfPage":{"@id":"https:\/\/serbia.com\/srpski\/stjepanovicu-tri-zlata-i-tri-rekorda-u-luksemburgu\/#primaryimage"},"image":{"@id":"https:\/\/serbia.com\/srpski\/stjepanovicu-tri-zlata-i-tri-rekorda-u-luksemburgu\/#primaryimage"},"thumbnailUrl":"https:\/\/serbia.com\/wp-content\/uploads\/2016\/02\/velimir-stjepanovic-1343775297-192609.jpg","datePublished":"2016-02-01T09:07:59+00:00","author":{"@id":"https:\/\/serbia.com\/#\/schema\/person\/6fe28d3055f5f291d832531e555da490"},"breadcrumb":{"@id":"https:\/\/serbia.com\/srpski\/stjepanovicu-tri-zlata-i-tri-rekorda-u-luksemburgu\/#breadcrumb"},"inLanguage":"srpski","potentialAction":[{"@type":"ReadAction","target":["https:\/\/serbia.com\/srpski\/stjepanovicu-tri-zlata-i-tri-rekorda-u-luksemburgu\/"]}]},{"@type":"ImageObject","inLanguage":"srpski","@id":"https:\/\/serbia.com\/srpski\/stjepanovicu-tri-zlata-i-tri-rekorda-u-luksemburgu\/#primaryimage","url":"https:\/\/serbia.com\/wp-content\/uploads\/2016\/02\/velimir-stjepanovic-1343775297-192609.jpg","contentUrl":"https:\/\/serbia.com\/wp-content\/uploads\/2016\/02\/velimir-stjepanovic-1343775297-192609.jpg","width":900,"height":483,"caption":"Velimir Stjepanovi\u0107"},{"@type":"BreadcrumbList","@id":"https:\/\/serbia.com\/srpski\/stjepanovicu-tri-zlata-i-tri-rekorda-u-luksemburgu\/#breadcrumb","itemListElement":[{"@type":"ListItem","position":1,"name":"Home","item":"https:\/\/serbia.com\/srpski\/srbija\/"},{"@type":"ListItem","position":2,"name":"Stjepanovi\u0107u tri zlata i tri rekorda u Luksemburgu"}]},{"@type":"WebSite","@id":"https:\/\/serbia.com\/#website","url":"https:\/\/serbia.com\/","name":"Serbia.com","description":"Your Gateway to Serbia","potentialAction":[{"@type":"SearchAction","target":{"@type":"EntryPoint","urlTemplate":"https:\/\/serbia.com\/?s={search_term_string}"},"query-input":{"@type":"PropertyValueSpecification","valueRequired":true,"valueName":"search_term_string"}}],"inLanguage":"srpski"},{"@type":"Person","@id":"https:\/\/serbia.com\/#\/schema\/person\/6fe28d3055f5f291d832531e555da490","name":"Serbia.com","image":{"@type":"ImageObject","inLanguage":"srpski","@id":"https:\/\/secure.gravatar.com\/avatar\/8381eb54f5b393857857cb5fd6c42264c9e14b10435326bc567fcc3511bd8df4?s=96&d=mm&r=g","url":"https:\/\/secure.gravatar.com\/avatar\/8381eb54f5b393857857cb5fd6c42264c9e14b10435326bc567fcc3511bd8df4?s=96&d=mm&r=g","contentUrl":"https:\/\/secure.gravatar.com\/avatar\/8381eb54f5b393857857cb5fd6c42264c9e14b10435326bc567fcc3511bd8df4?s=96&d=mm&r=g","caption":"Serbia.com"},"url":"https:\/\/serbia.com\/srpski\/author\/serbia-com\/"}]}},"brizy_media":[],"_links":{"self":[{"href":"https:\/\/serbia.com\/srpski\/wp-json\/wp\/v2\/posts\/45165","targetHints":{"allow":["GET"]}}],"collection":[{"href":"https:\/\/serbia.com\/srpski\/wp-json\/wp\/v2\/posts"}],"about":[{"href":"https:\/\/serbia.com\/srpski\/wp-json\/wp\/v2\/types\/post"}],"author":[{"embeddable":true,"href":"https:\/\/serbia.com\/srpski\/wp-json\/wp\/v2\/users\/9"}],"replies":[{"embeddable":true,"href":"https:\/\/serbia.com\/srpski\/wp-json\/wp\/v2\/comments?post=45165"}],"version-history":[{"count":0,"href":"https:\/\/serbia.com\/srpski\/wp-json\/wp\/v2\/posts\/45165\/revisions"}],"wp:featuredmedia":[{"embeddable":true,"href":"https:\/\/serbia.com\/srpski\/wp-json\/wp\/v2\/media\/45162"}],"wp:attachment":[{"href":"https:\/\/serbia.com\/srpski\/wp-json\/wp\/v2\/media?parent=45165"}],"wp:term":[{"taxonomy":"category","embeddable":true,"href":"https:\/\/serbia.com\/srpski\/wp-json\/wp\/v2\/categories?post=45165"},{"taxonomy":"post_tag","embeddable":true,"href":"https:\/\/serbia.com\/srpski\/wp-json\/wp\/v2\/tags?post=45165"}],"curies":[{"name":"wp","href":"https:\/\/api.w.org\/{rel}","templated":true}]}}