{"id":45126,"date":"2016-01-31T16:40:28","date_gmt":"2016-01-31T15:40:28","guid":{"rendered":"http:\/\/www.serbia.com\/srpski\/?p=45126"},"modified":"2016-01-31T16:40:28","modified_gmt":"2016-01-31T15:40:28","slug":"dss-na-izbore-s-dverima-protiv-evrofanaticne-srbije","status":"publish","type":"post","link":"https:\/\/serbia.com\/srpski\/dss-na-izbore-s-dverima-protiv-evrofanaticne-srbije\/","title":{"rendered":"DSS: Na izbore s Dverima, protiv evrofanati\u010dne Srbije"},"content":{"rendered":"<h4>Demokratska stranka Srbije odlu\u010dila je danas da iza\u0111e na izbore na svim nivoima u koaliciji sa pokretom Dveri i patriotskim blokom.<\/h4>\n<p>Predsednica Sanda Ra\u0161kovi\u0107 Ivi\u0107 je saop\u0161tila da je stranka danas zvani\u010dno zapo\u010dela predizbornu kampanju.<\/p>\n<p>&#8220;Svi oni kojima je Srbija na srcu i zala\u017eu se za ekonomski patriotizam, doma\u0107eg proizvo\u0111a\u010da i poljoprivrednika, koji su protiv prodaje zemlje strancima i prodaje preduze\u0107a i nisu za ulazak Srbije u NATO, a jesu za o\u010duvanje KiM, mo\u0107i \u0107e potencijalno da budu na\u0161i koalicioni partneri&#8221;, rekla je Ra\u0161kovi\u0107 Ivi\u0107 novinarima.<\/p>\n<p>Prema njenim re\u010dima, &#8220;narod treba u \u0161to ve\u0107em broju da iza\u0111e na izbore&#8221;, koji su bili neophodni jer je, kako je izjavila, aktuelna vlast &#8220;upropastila Srbiju, koja je postala &#8220;lider bede&#8221; u regionu&#8221;.<\/p>\n<p>Ona je optu\u017eila vladu za &#8220;evrofanati\u010dnu politiku&#8221; i ustupke koji su doveli do pada standarda gra\u0111ana i du\u017eni\u010dkog ropstva prema MMF-u, pada plata i penzija, pove\u0107anja nezaposlenosti i predaje KiM albanskim separatistima.<\/p>\n<p>&#8220;U na\u0161oj politici bi\u0107e Evrope u kojoj ima i Rusije&#8221;, rekla je Ivi\u0107.<\/p>\n<p>DSS predla\u017ee, na primer, vra\u0107anje plata i penzija u javnom sektoru na nivo pre njihovog smanjenja, formiranje zadruga &#8211; kooperativa u svakoj op\u0161tini kojima bi se dao kapital za finansiranje poljoprivredne sezone, i ve\u0107u podr\u0161ku materinstvu.<\/p>\n<p>Izvor: Tanjug<\/p>\n","protected":false},"excerpt":{"rendered":"<p>Demokratska stranka Srbije odlu\u010dila je danas da iza\u0111e na izbore na svim nivoima u koaliciji sa pokretom Dveri i patriotskim blokom. Predsednica Sanda Ra\u0161kovi\u0107 Ivi\u0107 je saop\u0161tila da je stranka [&hellip;]<\/p>\n","protected":false},"author":9,"featured_media":45123,"comment_status":"closed","ping_status":"closed","sticky":false,"template":"","format":"standard","meta":{"_acf_changed":false,"inline_featured_image":false,"_monsterinsights_skip_tracking":false,"_monsterinsights_sitenote_active":false,"_monsterinsights_sitenote_note":"","_monsterinsights_sitenote_category":0,"footnotes":""},"categories":[2700],"tags":[4557,4555,4556],"class_list":["post-45126","post","type-post","status-publish","format-standard","has-post-thumbnail","hentry","category-vesti","tag-demokratska-stranka-srbije","tag-dss","tag-dveri"],"acf":[],"yoast_head":"<!-- This site is optimized with the Yoast SEO plugin v27.4 - https:\/\/yoast.com\/product\/yoast-seo-wordpress\/ -->\n<title>DSS: Na izbore s Dverima, protiv evrofanati\u010dne Srbije - Serbia.com<\/title>\n<meta name=\"robots\" content=\"index, follow, max-snippet:-1, max-image-preview:large, max-video-preview:-1\" \/>\n<link rel=\"canonical\" href=\"https:\/\/serbia.com\/srpski\/dss-na-izbore-s-dverima-protiv-evrofanaticne-srbije\/\" \/>\n<meta property=\"og:locale\" content=\"en_US\" \/>\n<meta property=\"og:type\" content=\"article\" \/>\n<meta property=\"og:title\" content=\"DSS: Na izbore s Dverima, protiv evrofanati\u010dne Srbije - Serbia.com\" \/>\n<meta property=\"og:description\" content=\"Demokratska stranka Srbije odlu\u010dila je danas da iza\u0111e na izbore na svim nivoima u koaliciji sa pokretom Dveri i patriotskim blokom. Predsednica Sanda Ra\u0161kovi\u0107 Ivi\u0107 je saop\u0161tila da je stranka [&hellip;]\" \/>\n<meta property=\"og:url\" content=\"https:\/\/serbia.com\/srpski\/dss-na-izbore-s-dverima-protiv-evrofanaticne-srbije\/\" \/>\n<meta property=\"og:site_name\" content=\"Serbia.com\" \/>\n<meta property=\"article:published_time\" content=\"2016-01-31T15:40:28+00:00\" \/>\n<meta property=\"og:image\" content=\"https:\/\/serbia.com\/wp-content\/uploads\/2016\/01\/dveri-dss-logo-768x272.jpg\" \/>\n\t<meta property=\"og:image:width\" content=\"768\" \/>\n\t<meta property=\"og:image:height\" content=\"272\" \/>\n\t<meta property=\"og:image:type\" content=\"image\/jpeg\" \/>\n<meta name=\"author\" content=\"Serbia.com\" \/>\n<meta name=\"twitter:label1\" content=\"Written by\" \/>\n\t<meta name=\"twitter:data1\" content=\"Serbia.com\" \/>\n\t<meta name=\"twitter:label2\" content=\"Est. reading time\" \/>\n\t<meta name=\"twitter:data2\" content=\"1 minute\" \/>\n<script type=\"application\/ld+json\" class=\"yoast-schema-graph\">{\"@context\":\"https:\\\/\\\/schema.org\",\"@graph\":[{\"@type\":\"Article\",\"@id\":\"https:\\\/\\\/serbia.com\\\/srpski\\\/dss-na-izbore-s-dverima-protiv-evrofanaticne-srbije\\\/#article\",\"isPartOf\":{\"@id\":\"https:\\\/\\\/serbia.com\\\/srpski\\\/dss-na-izbore-s-dverima-protiv-evrofanaticne-srbije\\\/\"},\"author\":{\"name\":\"Serbia.com\",\"@id\":\"https:\\\/\\\/serbia.com\\\/#\\\/schema\\\/person\\\/6fe28d3055f5f291d832531e555da490\"},\"headline\":\"DSS: Na izbore s Dverima, protiv evrofanati\u010dne Srbije\",\"datePublished\":\"2016-01-31T15:40:28+00:00\",\"mainEntityOfPage\":{\"@id\":\"https:\\\/\\\/serbia.com\\\/srpski\\\/dss-na-izbore-s-dverima-protiv-evrofanaticne-srbije\\\/\"},\"wordCount\":242,\"image\":{\"@id\":\"https:\\\/\\\/serbia.com\\\/srpski\\\/dss-na-izbore-s-dverima-protiv-evrofanaticne-srbije\\\/#primaryimage\"},\"thumbnailUrl\":\"https:\\\/\\\/serbia.com\\\/wp-content\\\/uploads\\\/2016\\\/01\\\/dveri-dss-logo-768x272.jpg\",\"keywords\":[\"Demokratska stranka Srbije\",\"DSS\",\"Dveri\"],\"articleSection\":[\"Vesti\"],\"inLanguage\":\"srpski\"},{\"@type\":\"WebPage\",\"@id\":\"https:\\\/\\\/serbia.com\\\/srpski\\\/dss-na-izbore-s-dverima-protiv-evrofanaticne-srbije\\\/\",\"url\":\"https:\\\/\\\/serbia.com\\\/srpski\\\/dss-na-izbore-s-dverima-protiv-evrofanaticne-srbije\\\/\",\"name\":\"DSS: Na izbore s Dverima, protiv evrofanati\u010dne Srbije - Serbia.com\",\"isPartOf\":{\"@id\":\"https:\\\/\\\/serbia.com\\\/#website\"},\"primaryImageOfPage\":{\"@id\":\"https:\\\/\\\/serbia.com\\\/srpski\\\/dss-na-izbore-s-dverima-protiv-evrofanaticne-srbije\\\/#primaryimage\"},\"image\":{\"@id\":\"https:\\\/\\\/serbia.com\\\/srpski\\\/dss-na-izbore-s-dverima-protiv-evrofanaticne-srbije\\\/#primaryimage\"},\"thumbnailUrl\":\"https:\\\/\\\/serbia.com\\\/wp-content\\\/uploads\\\/2016\\\/01\\\/dveri-dss-logo-768x272.jpg\",\"datePublished\":\"2016-01-31T15:40:28+00:00\",\"author\":{\"@id\":\"https:\\\/\\\/serbia.com\\\/#\\\/schema\\\/person\\\/6fe28d3055f5f291d832531e555da490\"},\"breadcrumb\":{\"@id\":\"https:\\\/\\\/serbia.com\\\/srpski\\\/dss-na-izbore-s-dverima-protiv-evrofanaticne-srbije\\\/#breadcrumb\"},\"inLanguage\":\"srpski\",\"potentialAction\":[{\"@type\":\"ReadAction\",\"target\":[\"https:\\\/\\\/serbia.com\\\/srpski\\\/dss-na-izbore-s-dverima-protiv-evrofanaticne-srbije\\\/\"]}]},{\"@type\":\"ImageObject\",\"inLanguage\":\"srpski\",\"@id\":\"https:\\\/\\\/serbia.com\\\/srpski\\\/dss-na-izbore-s-dverima-protiv-evrofanaticne-srbije\\\/#primaryimage\",\"url\":\"https:\\\/\\\/serbia.com\\\/wp-content\\\/uploads\\\/2016\\\/01\\\/dveri-dss-logo-768x272.jpg\",\"contentUrl\":\"https:\\\/\\\/serbia.com\\\/wp-content\\\/uploads\\\/2016\\\/01\\\/dveri-dss-logo-768x272.jpg\",\"width\":768,\"height\":272,\"caption\":\"dveri-dss-logo-768x272\"},{\"@type\":\"BreadcrumbList\",\"@id\":\"https:\\\/\\\/serbia.com\\\/srpski\\\/dss-na-izbore-s-dverima-protiv-evrofanaticne-srbije\\\/#breadcrumb\",\"itemListElement\":[{\"@type\":\"ListItem\",\"position\":1,\"name\":\"Home\",\"item\":\"https:\\\/\\\/serbia.com\\\/srpski\\\/srbija\\\/\"},{\"@type\":\"ListItem\",\"position\":2,\"name\":\"DSS: Na izbore s Dverima, protiv evrofanati\u010dne Srbije\"}]},{\"@type\":\"WebSite\",\"@id\":\"https:\\\/\\\/serbia.com\\\/#website\",\"url\":\"https:\\\/\\\/serbia.com\\\/\",\"name\":\"Serbia.com\",\"description\":\"Your Gateway to Serbia\",\"potentialAction\":[{\"@type\":\"SearchAction\",\"target\":{\"@type\":\"EntryPoint\",\"urlTemplate\":\"https:\\\/\\\/serbia.com\\\/?s={search_term_string}\"},\"query-input\":{\"@type\":\"PropertyValueSpecification\",\"valueRequired\":true,\"valueName\":\"search_term_string\"}}],\"inLanguage\":\"srpski\"},{\"@type\":\"Person\",\"@id\":\"https:\\\/\\\/serbia.com\\\/#\\\/schema\\\/person\\\/6fe28d3055f5f291d832531e555da490\",\"name\":\"Serbia.com\",\"image\":{\"@type\":\"ImageObject\",\"inLanguage\":\"srpski\",\"@id\":\"https:\\\/\\\/secure.gravatar.com\\\/avatar\\\/8381eb54f5b393857857cb5fd6c42264c9e14b10435326bc567fcc3511bd8df4?s=96&d=mm&r=g\",\"url\":\"https:\\\/\\\/secure.gravatar.com\\\/avatar\\\/8381eb54f5b393857857cb5fd6c42264c9e14b10435326bc567fcc3511bd8df4?s=96&d=mm&r=g\",\"contentUrl\":\"https:\\\/\\\/secure.gravatar.com\\\/avatar\\\/8381eb54f5b393857857cb5fd6c42264c9e14b10435326bc567fcc3511bd8df4?s=96&d=mm&r=g\",\"caption\":\"Serbia.com\"},\"url\":\"https:\\\/\\\/serbia.com\\\/srpski\\\/author\\\/serbia-com\\\/\"}]}<\/script>\n<!-- \/ Yoast SEO plugin. -->","yoast_head_json":{"title":"DSS: Na izbore s Dverima, protiv evrofanati\u010dne Srbije - Serbia.com","robots":{"index":"index","follow":"follow","max-snippet":"max-snippet:-1","max-image-preview":"max-image-preview:large","max-video-preview":"max-video-preview:-1"},"canonical":"https:\/\/serbia.com\/srpski\/dss-na-izbore-s-dverima-protiv-evrofanaticne-srbije\/","og_locale":"en_US","og_type":"article","og_title":"DSS: Na izbore s Dverima, protiv evrofanati\u010dne Srbije - Serbia.com","og_description":"Demokratska stranka Srbije odlu\u010dila je danas da iza\u0111e na izbore na svim nivoima u koaliciji sa pokretom Dveri i patriotskim blokom. Predsednica Sanda Ra\u0161kovi\u0107 Ivi\u0107 je saop\u0161tila da je stranka [&hellip;]","og_url":"https:\/\/serbia.com\/srpski\/dss-na-izbore-s-dverima-protiv-evrofanaticne-srbije\/","og_site_name":"Serbia.com","article_published_time":"2016-01-31T15:40:28+00:00","og_image":[{"width":768,"height":272,"url":"https:\/\/serbia.com\/wp-content\/uploads\/2016\/01\/dveri-dss-logo-768x272.jpg","type":"image\/jpeg"}],"author":"Serbia.com","twitter_misc":{"Written by":"Serbia.com","Est. reading time":"1 minute"},"schema":{"@context":"https:\/\/schema.org","@graph":[{"@type":"Article","@id":"https:\/\/serbia.com\/srpski\/dss-na-izbore-s-dverima-protiv-evrofanaticne-srbije\/#article","isPartOf":{"@id":"https:\/\/serbia.com\/srpski\/dss-na-izbore-s-dverima-protiv-evrofanaticne-srbije\/"},"author":{"name":"Serbia.com","@id":"https:\/\/serbia.com\/#\/schema\/person\/6fe28d3055f5f291d832531e555da490"},"headline":"DSS: Na izbore s Dverima, protiv evrofanati\u010dne Srbije","datePublished":"2016-01-31T15:40:28+00:00","mainEntityOfPage":{"@id":"https:\/\/serbia.com\/srpski\/dss-na-izbore-s-dverima-protiv-evrofanaticne-srbije\/"},"wordCount":242,"image":{"@id":"https:\/\/serbia.com\/srpski\/dss-na-izbore-s-dverima-protiv-evrofanaticne-srbije\/#primaryimage"},"thumbnailUrl":"https:\/\/serbia.com\/wp-content\/uploads\/2016\/01\/dveri-dss-logo-768x272.jpg","keywords":["Demokratska stranka Srbije","DSS","Dveri"],"articleSection":["Vesti"],"inLanguage":"srpski"},{"@type":"WebPage","@id":"https:\/\/serbia.com\/srpski\/dss-na-izbore-s-dverima-protiv-evrofanaticne-srbije\/","url":"https:\/\/serbia.com\/srpski\/dss-na-izbore-s-dverima-protiv-evrofanaticne-srbije\/","name":"DSS: Na izbore s Dverima, protiv evrofanati\u010dne Srbije - Serbia.com","isPartOf":{"@id":"https:\/\/serbia.com\/#website"},"primaryImageOfPage":{"@id":"https:\/\/serbia.com\/srpski\/dss-na-izbore-s-dverima-protiv-evrofanaticne-srbije\/#primaryimage"},"image":{"@id":"https:\/\/serbia.com\/srpski\/dss-na-izbore-s-dverima-protiv-evrofanaticne-srbije\/#primaryimage"},"thumbnailUrl":"https:\/\/serbia.com\/wp-content\/uploads\/2016\/01\/dveri-dss-logo-768x272.jpg","datePublished":"2016-01-31T15:40:28+00:00","author":{"@id":"https:\/\/serbia.com\/#\/schema\/person\/6fe28d3055f5f291d832531e555da490"},"breadcrumb":{"@id":"https:\/\/serbia.com\/srpski\/dss-na-izbore-s-dverima-protiv-evrofanaticne-srbije\/#breadcrumb"},"inLanguage":"srpski","potentialAction":[{"@type":"ReadAction","target":["https:\/\/serbia.com\/srpski\/dss-na-izbore-s-dverima-protiv-evrofanaticne-srbije\/"]}]},{"@type":"ImageObject","inLanguage":"srpski","@id":"https:\/\/serbia.com\/srpski\/dss-na-izbore-s-dverima-protiv-evrofanaticne-srbije\/#primaryimage","url":"https:\/\/serbia.com\/wp-content\/uploads\/2016\/01\/dveri-dss-logo-768x272.jpg","contentUrl":"https:\/\/serbia.com\/wp-content\/uploads\/2016\/01\/dveri-dss-logo-768x272.jpg","width":768,"height":272,"caption":"dveri-dss-logo-768x272"},{"@type":"BreadcrumbList","@id":"https:\/\/serbia.com\/srpski\/dss-na-izbore-s-dverima-protiv-evrofanaticne-srbije\/#breadcrumb","itemListElement":[{"@type":"ListItem","position":1,"name":"Home","item":"https:\/\/serbia.com\/srpski\/srbija\/"},{"@type":"ListItem","position":2,"name":"DSS: Na izbore s Dverima, protiv evrofanati\u010dne Srbije"}]},{"@type":"WebSite","@id":"https:\/\/serbia.com\/#website","url":"https:\/\/serbia.com\/","name":"Serbia.com","description":"Your Gateway to Serbia","potentialAction":[{"@type":"SearchAction","target":{"@type":"EntryPoint","urlTemplate":"https:\/\/serbia.com\/?s={search_term_string}"},"query-input":{"@type":"PropertyValueSpecification","valueRequired":true,"valueName":"search_term_string"}}],"inLanguage":"srpski"},{"@type":"Person","@id":"https:\/\/serbia.com\/#\/schema\/person\/6fe28d3055f5f291d832531e555da490","name":"Serbia.com","image":{"@type":"ImageObject","inLanguage":"srpski","@id":"https:\/\/secure.gravatar.com\/avatar\/8381eb54f5b393857857cb5fd6c42264c9e14b10435326bc567fcc3511bd8df4?s=96&d=mm&r=g","url":"https:\/\/secure.gravatar.com\/avatar\/8381eb54f5b393857857cb5fd6c42264c9e14b10435326bc567fcc3511bd8df4?s=96&d=mm&r=g","contentUrl":"https:\/\/secure.gravatar.com\/avatar\/8381eb54f5b393857857cb5fd6c42264c9e14b10435326bc567fcc3511bd8df4?s=96&d=mm&r=g","caption":"Serbia.com"},"url":"https:\/\/serbia.com\/srpski\/author\/serbia-com\/"}]}},"brizy_media":[],"_links":{"self":[{"href":"https:\/\/serbia.com\/srpski\/wp-json\/wp\/v2\/posts\/45126","targetHints":{"allow":["GET"]}}],"collection":[{"href":"https:\/\/serbia.com\/srpski\/wp-json\/wp\/v2\/posts"}],"about":[{"href":"https:\/\/serbia.com\/srpski\/wp-json\/wp\/v2\/types\/post"}],"author":[{"embeddable":true,"href":"https:\/\/serbia.com\/srpski\/wp-json\/wp\/v2\/users\/9"}],"replies":[{"embeddable":true,"href":"https:\/\/serbia.com\/srpski\/wp-json\/wp\/v2\/comments?post=45126"}],"version-history":[{"count":0,"href":"https:\/\/serbia.com\/srpski\/wp-json\/wp\/v2\/posts\/45126\/revisions"}],"wp:featuredmedia":[{"embeddable":true,"href":"https:\/\/serbia.com\/srpski\/wp-json\/wp\/v2\/media\/45123"}],"wp:attachment":[{"href":"https:\/\/serbia.com\/srpski\/wp-json\/wp\/v2\/media?parent=45126"}],"wp:term":[{"taxonomy":"category","embeddable":true,"href":"https:\/\/serbia.com\/srpski\/wp-json\/wp\/v2\/categories?post=45126"},{"taxonomy":"post_tag","embeddable":true,"href":"https:\/\/serbia.com\/srpski\/wp-json\/wp\/v2\/tags?post=45126"}],"curies":[{"name":"wp","href":"https:\/\/api.w.org\/{rel}","templated":true}]}}