{"id":44827,"date":"2016-01-27T15:03:50","date_gmt":"2016-01-27T14:03:50","guid":{"rendered":"http:\/\/www.serbia.com\/srpski\/?p=44827"},"modified":"2016-01-27T15:03:50","modified_gmt":"2016-01-27T14:03:50","slug":"u-ovom-trenutku-u-srbiji-izmedu-1-500-i-1-700-migranata","status":"publish","type":"post","link":"https:\/\/serbia.com\/srpski\/u-ovom-trenutku-u-srbiji-izmedu-1-500-i-1-700-migranata\/","title":{"rendered":"U ovom trenutku u Srbiji izme\u0111u 1.500 i 1.700 migranata"},"content":{"rendered":"<h4>U ovom trenutku se izme\u0111u 1.500 i 1.700 migranata kre\u0107e od Pre\u0161eva do \u0160ida, a o\u010dekuje se da \u0107e njihov broj sa pobolj\u0161anjem vremenskih prilika po\u010deti da se izjedna\u010dava sa pro\u0161logodi\u0161njim, izjavio je danas ministar za rad, zapo\u0161ljavanje, bora\u010dka i socijalna pitanja Aleksandar Vulin.<\/h4>\n<p>Vulin je za RTS rekao da posle sastanka predstavnika zemalja zapadnobalkanske rute u Amsterdamu o\u010dekuje da \u0107e od sada od Gr\u010dke do zemalja krajnje destinacije va\u017eiti ista pravila i isti princip za kretanje migranata, evidentiranje i sve \u0161to je va\u017eno za njih i za nas.<\/p>\n<p>&#8220;Da biste u\u0161li u Srbiju iz Makedonije morate da bude dr\u017eavljani Sirije, Iraka i Avganistana i morate da izrazite nameru za tra\u017eenje azila u Austriji ili Nema\u010dkoj. To su pravila koja va\u017ee od Gr\u010dke do Berlina&#8221;, rekao je Vulin, dodaju\u0107i da su pravila usagla\u0161ena i da je va\u017eno da u budu\u0107nosti nema jednostranih poteza.<\/p>\n<p>Va\u017eno je da vi\u0161e niko ne mo\u017ee da donese odluku da, na primer, ne\u0107e vi\u0161e primati dr\u017eavljane Iraka i da o tome ne obavesti nikoga, naveo je Vulin.<\/p>\n<p>&#8220;Predvi\u0111eni su odre\u0111eni periodi kada \u0107emo se dogovarati koja su nova pravila, obave\u0161tavati jedne druge, i na taj na\u010din poku\u0161avati da ne izazovemo domino efekat du\u017e \u010ditave rute&#8221;, kazao je ministar.<\/p>\n<p>Ponavlja da Srbije nije izazvala ni emigrantsku krizu, ni ratove u Siriji, niti \u0107e re\u0161avati te probleme, ali da mo da vodi ra\u010duna o sebi.<\/p>\n<p>&#8220;Srbija je izneta kao primer kako se re\u0161ava migrantska kriza. Mi \u0107emo nastaviti da vodimo ra\u010duna o tim ljudima, ali i o interesima na\u0161e zemlje i na\u0161ih gra\u0111ana&#8221;, naveo je Vulin.<\/p>\n<p>Izvor: Tanjug<\/p>\n","protected":false},"excerpt":{"rendered":"<p>U ovom trenutku se izme\u0111u 1.500 i 1.700 migranata kre\u0107e od Pre\u0161eva do \u0160ida, a o\u010dekuje se da \u0107e njihov broj sa pobolj\u0161anjem vremenskih prilika po\u010deti da se izjedna\u010dava sa [&hellip;]<\/p>\n","protected":false},"author":9,"featured_media":38012,"comment_status":"closed","ping_status":"closed","sticky":false,"template":"","format":"standard","meta":{"_acf_changed":false,"inline_featured_image":false,"_monsterinsights_skip_tracking":false,"_monsterinsights_sitenote_active":false,"_monsterinsights_sitenote_note":"","_monsterinsights_sitenote_category":0,"footnotes":""},"categories":[2700],"tags":[3984,3904,3878],"class_list":["post-44827","post","type-post","status-publish","format-standard","has-post-thumbnail","hentry","category-vesti","tag-aleksandar-vulin","tag-migranti","tag-migrantska-kriza"],"acf":[],"yoast_head":"<!-- This site is optimized with the Yoast SEO plugin v27.4 - https:\/\/yoast.com\/product\/yoast-seo-wordpress\/ -->\n<title>U ovom trenutku u Srbiji izme\u0111u 1.500 i 1.700 migranata - Serbia.com<\/title>\n<meta name=\"robots\" content=\"index, follow, max-snippet:-1, max-image-preview:large, max-video-preview:-1\" \/>\n<link rel=\"canonical\" href=\"https:\/\/serbia.com\/srpski\/u-ovom-trenutku-u-srbiji-izmedu-1-500-i-1-700-migranata\/\" \/>\n<meta property=\"og:locale\" content=\"en_US\" \/>\n<meta property=\"og:type\" content=\"article\" \/>\n<meta property=\"og:title\" content=\"U ovom trenutku u Srbiji izme\u0111u 1.500 i 1.700 migranata - Serbia.com\" \/>\n<meta property=\"og:description\" content=\"U ovom trenutku se izme\u0111u 1.500 i 1.700 migranata kre\u0107e od Pre\u0161eva do \u0160ida, a o\u010dekuje se da \u0107e njihov broj sa pobolj\u0161anjem vremenskih prilika po\u010deti da se izjedna\u010dava sa [&hellip;]\" \/>\n<meta property=\"og:url\" content=\"https:\/\/serbia.com\/srpski\/u-ovom-trenutku-u-srbiji-izmedu-1-500-i-1-700-migranata\/\" \/>\n<meta property=\"og:site_name\" content=\"Serbia.com\" \/>\n<meta property=\"article:published_time\" content=\"2016-01-27T14:03:50+00:00\" \/>\n<meta property=\"og:image\" content=\"https:\/\/serbia.com\/wp-content\/uploads\/2015\/11\/Migrants.jpg\" \/>\n\t<meta property=\"og:image:width\" content=\"800\" \/>\n\t<meta property=\"og:image:height\" content=\"433\" \/>\n\t<meta property=\"og:image:type\" content=\"image\/jpeg\" \/>\n<meta name=\"author\" content=\"Serbia.com\" \/>\n<meta name=\"twitter:label1\" content=\"Written by\" \/>\n\t<meta name=\"twitter:data1\" content=\"Serbia.com\" \/>\n\t<meta name=\"twitter:label2\" content=\"Est. reading time\" \/>\n\t<meta name=\"twitter:data2\" content=\"2 minutes\" \/>\n<script type=\"application\/ld+json\" class=\"yoast-schema-graph\">{\"@context\":\"https:\\\/\\\/schema.org\",\"@graph\":[{\"@type\":\"Article\",\"@id\":\"https:\\\/\\\/serbia.com\\\/srpski\\\/u-ovom-trenutku-u-srbiji-izmedu-1-500-i-1-700-migranata\\\/#article\",\"isPartOf\":{\"@id\":\"https:\\\/\\\/serbia.com\\\/srpski\\\/u-ovom-trenutku-u-srbiji-izmedu-1-500-i-1-700-migranata\\\/\"},\"author\":{\"name\":\"Serbia.com\",\"@id\":\"https:\\\/\\\/serbia.com\\\/#\\\/schema\\\/person\\\/6fe28d3055f5f291d832531e555da490\"},\"headline\":\"U ovom trenutku u Srbiji izme\u0111u 1.500 i 1.700 migranata\",\"datePublished\":\"2016-01-27T14:03:50+00:00\",\"mainEntityOfPage\":{\"@id\":\"https:\\\/\\\/serbia.com\\\/srpski\\\/u-ovom-trenutku-u-srbiji-izmedu-1-500-i-1-700-migranata\\\/\"},\"wordCount\":310,\"image\":{\"@id\":\"https:\\\/\\\/serbia.com\\\/srpski\\\/u-ovom-trenutku-u-srbiji-izmedu-1-500-i-1-700-migranata\\\/#primaryimage\"},\"thumbnailUrl\":\"https:\\\/\\\/serbia.com\\\/wp-content\\\/uploads\\\/2015\\\/11\\\/Migrants.jpg\",\"keywords\":[\"Aleksandar Vulin\",\"Migranti\",\"Migrantska kriza\"],\"articleSection\":[\"Vesti\"],\"inLanguage\":\"srpski\"},{\"@type\":\"WebPage\",\"@id\":\"https:\\\/\\\/serbia.com\\\/srpski\\\/u-ovom-trenutku-u-srbiji-izmedu-1-500-i-1-700-migranata\\\/\",\"url\":\"https:\\\/\\\/serbia.com\\\/srpski\\\/u-ovom-trenutku-u-srbiji-izmedu-1-500-i-1-700-migranata\\\/\",\"name\":\"U ovom trenutku u Srbiji izme\u0111u 1.500 i 1.700 migranata - Serbia.com\",\"isPartOf\":{\"@id\":\"https:\\\/\\\/serbia.com\\\/#website\"},\"primaryImageOfPage\":{\"@id\":\"https:\\\/\\\/serbia.com\\\/srpski\\\/u-ovom-trenutku-u-srbiji-izmedu-1-500-i-1-700-migranata\\\/#primaryimage\"},\"image\":{\"@id\":\"https:\\\/\\\/serbia.com\\\/srpski\\\/u-ovom-trenutku-u-srbiji-izmedu-1-500-i-1-700-migranata\\\/#primaryimage\"},\"thumbnailUrl\":\"https:\\\/\\\/serbia.com\\\/wp-content\\\/uploads\\\/2015\\\/11\\\/Migrants.jpg\",\"datePublished\":\"2016-01-27T14:03:50+00:00\",\"author\":{\"@id\":\"https:\\\/\\\/serbia.com\\\/#\\\/schema\\\/person\\\/6fe28d3055f5f291d832531e555da490\"},\"breadcrumb\":{\"@id\":\"https:\\\/\\\/serbia.com\\\/srpski\\\/u-ovom-trenutku-u-srbiji-izmedu-1-500-i-1-700-migranata\\\/#breadcrumb\"},\"inLanguage\":\"srpski\",\"potentialAction\":[{\"@type\":\"ReadAction\",\"target\":[\"https:\\\/\\\/serbia.com\\\/srpski\\\/u-ovom-trenutku-u-srbiji-izmedu-1-500-i-1-700-migranata\\\/\"]}]},{\"@type\":\"ImageObject\",\"inLanguage\":\"srpski\",\"@id\":\"https:\\\/\\\/serbia.com\\\/srpski\\\/u-ovom-trenutku-u-srbiji-izmedu-1-500-i-1-700-migranata\\\/#primaryimage\",\"url\":\"https:\\\/\\\/serbia.com\\\/wp-content\\\/uploads\\\/2015\\\/11\\\/Migrants.jpg\",\"contentUrl\":\"https:\\\/\\\/serbia.com\\\/wp-content\\\/uploads\\\/2015\\\/11\\\/Migrants.jpg\",\"width\":800,\"height\":433,\"caption\":\"Migrant crisis\"},{\"@type\":\"BreadcrumbList\",\"@id\":\"https:\\\/\\\/serbia.com\\\/srpski\\\/u-ovom-trenutku-u-srbiji-izmedu-1-500-i-1-700-migranata\\\/#breadcrumb\",\"itemListElement\":[{\"@type\":\"ListItem\",\"position\":1,\"name\":\"Home\",\"item\":\"https:\\\/\\\/serbia.com\\\/srpski\\\/\"},{\"@type\":\"ListItem\",\"position\":2,\"name\":\"U ovom trenutku u Srbiji izme\u0111u 1.500 i 1.700 migranata\"}]},{\"@type\":\"WebSite\",\"@id\":\"https:\\\/\\\/serbia.com\\\/#website\",\"url\":\"https:\\\/\\\/serbia.com\\\/\",\"name\":\"Serbia.com\",\"description\":\"Your Gateway to Serbia\",\"potentialAction\":[{\"@type\":\"SearchAction\",\"target\":{\"@type\":\"EntryPoint\",\"urlTemplate\":\"https:\\\/\\\/serbia.com\\\/?s={search_term_string}\"},\"query-input\":{\"@type\":\"PropertyValueSpecification\",\"valueRequired\":true,\"valueName\":\"search_term_string\"}}],\"inLanguage\":\"srpski\"},{\"@type\":\"Person\",\"@id\":\"https:\\\/\\\/serbia.com\\\/#\\\/schema\\\/person\\\/6fe28d3055f5f291d832531e555da490\",\"name\":\"Serbia.com\",\"image\":{\"@type\":\"ImageObject\",\"inLanguage\":\"srpski\",\"@id\":\"https:\\\/\\\/secure.gravatar.com\\\/avatar\\\/8381eb54f5b393857857cb5fd6c42264c9e14b10435326bc567fcc3511bd8df4?s=96&d=mm&r=g\",\"url\":\"https:\\\/\\\/secure.gravatar.com\\\/avatar\\\/8381eb54f5b393857857cb5fd6c42264c9e14b10435326bc567fcc3511bd8df4?s=96&d=mm&r=g\",\"contentUrl\":\"https:\\\/\\\/secure.gravatar.com\\\/avatar\\\/8381eb54f5b393857857cb5fd6c42264c9e14b10435326bc567fcc3511bd8df4?s=96&d=mm&r=g\",\"caption\":\"Serbia.com\"},\"url\":\"https:\\\/\\\/serbia.com\\\/srpski\\\/author\\\/serbia-com\\\/\"}]}<\/script>\n<!-- \/ Yoast SEO plugin. -->","yoast_head_json":{"title":"U ovom trenutku u Srbiji izme\u0111u 1.500 i 1.700 migranata - Serbia.com","robots":{"index":"index","follow":"follow","max-snippet":"max-snippet:-1","max-image-preview":"max-image-preview:large","max-video-preview":"max-video-preview:-1"},"canonical":"https:\/\/serbia.com\/srpski\/u-ovom-trenutku-u-srbiji-izmedu-1-500-i-1-700-migranata\/","og_locale":"en_US","og_type":"article","og_title":"U ovom trenutku u Srbiji izme\u0111u 1.500 i 1.700 migranata - Serbia.com","og_description":"U ovom trenutku se izme\u0111u 1.500 i 1.700 migranata kre\u0107e od Pre\u0161eva do \u0160ida, a o\u010dekuje se da \u0107e njihov broj sa pobolj\u0161anjem vremenskih prilika po\u010deti da se izjedna\u010dava sa [&hellip;]","og_url":"https:\/\/serbia.com\/srpski\/u-ovom-trenutku-u-srbiji-izmedu-1-500-i-1-700-migranata\/","og_site_name":"Serbia.com","article_published_time":"2016-01-27T14:03:50+00:00","og_image":[{"width":800,"height":433,"url":"https:\/\/serbia.com\/wp-content\/uploads\/2015\/11\/Migrants.jpg","type":"image\/jpeg"}],"author":"Serbia.com","twitter_misc":{"Written by":"Serbia.com","Est. reading time":"2 minutes"},"schema":{"@context":"https:\/\/schema.org","@graph":[{"@type":"Article","@id":"https:\/\/serbia.com\/srpski\/u-ovom-trenutku-u-srbiji-izmedu-1-500-i-1-700-migranata\/#article","isPartOf":{"@id":"https:\/\/serbia.com\/srpski\/u-ovom-trenutku-u-srbiji-izmedu-1-500-i-1-700-migranata\/"},"author":{"name":"Serbia.com","@id":"https:\/\/serbia.com\/#\/schema\/person\/6fe28d3055f5f291d832531e555da490"},"headline":"U ovom trenutku u Srbiji izme\u0111u 1.500 i 1.700 migranata","datePublished":"2016-01-27T14:03:50+00:00","mainEntityOfPage":{"@id":"https:\/\/serbia.com\/srpski\/u-ovom-trenutku-u-srbiji-izmedu-1-500-i-1-700-migranata\/"},"wordCount":310,"image":{"@id":"https:\/\/serbia.com\/srpski\/u-ovom-trenutku-u-srbiji-izmedu-1-500-i-1-700-migranata\/#primaryimage"},"thumbnailUrl":"https:\/\/serbia.com\/wp-content\/uploads\/2015\/11\/Migrants.jpg","keywords":["Aleksandar Vulin","Migranti","Migrantska kriza"],"articleSection":["Vesti"],"inLanguage":"srpski"},{"@type":"WebPage","@id":"https:\/\/serbia.com\/srpski\/u-ovom-trenutku-u-srbiji-izmedu-1-500-i-1-700-migranata\/","url":"https:\/\/serbia.com\/srpski\/u-ovom-trenutku-u-srbiji-izmedu-1-500-i-1-700-migranata\/","name":"U ovom trenutku u Srbiji izme\u0111u 1.500 i 1.700 migranata - Serbia.com","isPartOf":{"@id":"https:\/\/serbia.com\/#website"},"primaryImageOfPage":{"@id":"https:\/\/serbia.com\/srpski\/u-ovom-trenutku-u-srbiji-izmedu-1-500-i-1-700-migranata\/#primaryimage"},"image":{"@id":"https:\/\/serbia.com\/srpski\/u-ovom-trenutku-u-srbiji-izmedu-1-500-i-1-700-migranata\/#primaryimage"},"thumbnailUrl":"https:\/\/serbia.com\/wp-content\/uploads\/2015\/11\/Migrants.jpg","datePublished":"2016-01-27T14:03:50+00:00","author":{"@id":"https:\/\/serbia.com\/#\/schema\/person\/6fe28d3055f5f291d832531e555da490"},"breadcrumb":{"@id":"https:\/\/serbia.com\/srpski\/u-ovom-trenutku-u-srbiji-izmedu-1-500-i-1-700-migranata\/#breadcrumb"},"inLanguage":"srpski","potentialAction":[{"@type":"ReadAction","target":["https:\/\/serbia.com\/srpski\/u-ovom-trenutku-u-srbiji-izmedu-1-500-i-1-700-migranata\/"]}]},{"@type":"ImageObject","inLanguage":"srpski","@id":"https:\/\/serbia.com\/srpski\/u-ovom-trenutku-u-srbiji-izmedu-1-500-i-1-700-migranata\/#primaryimage","url":"https:\/\/serbia.com\/wp-content\/uploads\/2015\/11\/Migrants.jpg","contentUrl":"https:\/\/serbia.com\/wp-content\/uploads\/2015\/11\/Migrants.jpg","width":800,"height":433,"caption":"Migrant crisis"},{"@type":"BreadcrumbList","@id":"https:\/\/serbia.com\/srpski\/u-ovom-trenutku-u-srbiji-izmedu-1-500-i-1-700-migranata\/#breadcrumb","itemListElement":[{"@type":"ListItem","position":1,"name":"Home","item":"https:\/\/serbia.com\/srpski\/"},{"@type":"ListItem","position":2,"name":"U ovom trenutku u Srbiji izme\u0111u 1.500 i 1.700 migranata"}]},{"@type":"WebSite","@id":"https:\/\/serbia.com\/#website","url":"https:\/\/serbia.com\/","name":"Serbia.com","description":"Your Gateway to Serbia","potentialAction":[{"@type":"SearchAction","target":{"@type":"EntryPoint","urlTemplate":"https:\/\/serbia.com\/?s={search_term_string}"},"query-input":{"@type":"PropertyValueSpecification","valueRequired":true,"valueName":"search_term_string"}}],"inLanguage":"srpski"},{"@type":"Person","@id":"https:\/\/serbia.com\/#\/schema\/person\/6fe28d3055f5f291d832531e555da490","name":"Serbia.com","image":{"@type":"ImageObject","inLanguage":"srpski","@id":"https:\/\/secure.gravatar.com\/avatar\/8381eb54f5b393857857cb5fd6c42264c9e14b10435326bc567fcc3511bd8df4?s=96&d=mm&r=g","url":"https:\/\/secure.gravatar.com\/avatar\/8381eb54f5b393857857cb5fd6c42264c9e14b10435326bc567fcc3511bd8df4?s=96&d=mm&r=g","contentUrl":"https:\/\/secure.gravatar.com\/avatar\/8381eb54f5b393857857cb5fd6c42264c9e14b10435326bc567fcc3511bd8df4?s=96&d=mm&r=g","caption":"Serbia.com"},"url":"https:\/\/serbia.com\/srpski\/author\/serbia-com\/"}]}},"brizy_media":[],"_links":{"self":[{"href":"https:\/\/serbia.com\/srpski\/wp-json\/wp\/v2\/posts\/44827","targetHints":{"allow":["GET"]}}],"collection":[{"href":"https:\/\/serbia.com\/srpski\/wp-json\/wp\/v2\/posts"}],"about":[{"href":"https:\/\/serbia.com\/srpski\/wp-json\/wp\/v2\/types\/post"}],"author":[{"embeddable":true,"href":"https:\/\/serbia.com\/srpski\/wp-json\/wp\/v2\/users\/9"}],"replies":[{"embeddable":true,"href":"https:\/\/serbia.com\/srpski\/wp-json\/wp\/v2\/comments?post=44827"}],"version-history":[{"count":0,"href":"https:\/\/serbia.com\/srpski\/wp-json\/wp\/v2\/posts\/44827\/revisions"}],"wp:featuredmedia":[{"embeddable":true,"href":"https:\/\/serbia.com\/srpski\/wp-json\/wp\/v2\/media\/38012"}],"wp:attachment":[{"href":"https:\/\/serbia.com\/srpski\/wp-json\/wp\/v2\/media?parent=44827"}],"wp:term":[{"taxonomy":"category","embeddable":true,"href":"https:\/\/serbia.com\/srpski\/wp-json\/wp\/v2\/categories?post=44827"},{"taxonomy":"post_tag","embeddable":true,"href":"https:\/\/serbia.com\/srpski\/wp-json\/wp\/v2\/tags?post=44827"}],"curies":[{"name":"wp","href":"https:\/\/api.w.org\/{rel}","templated":true}]}}