{"id":44611,"date":"2016-01-25T14:34:01","date_gmt":"2016-01-25T13:34:01","guid":{"rendered":"http:\/\/www.serbia.com\/srpski\/?p=44611"},"modified":"2016-01-25T14:34:01","modified_gmt":"2016-01-25T13:34:01","slug":"svedoci-za-ratne-zlocine-ovk-i-softver-u-programu-zastite","status":"publish","type":"post","link":"https:\/\/serbia.com\/srpski\/svedoci-za-ratne-zlocine-ovk-i-softver-u-programu-zastite\/","title":{"rendered":"Svedoci za ratne zlo\u010dine OVK i softver u programu za\u0161tite"},"content":{"rendered":"<h4>Svedoci, koji \u0107e o zlo\u010dinima Oslobodila\u010dke vojske Kosova (OVK) govoriti pred specijalnim sudom ve\u0107 su u programu za\u0161tite i mnogi su razme\u0161teni po svetu, a softver sa svim podacima o predmetima tog suda potpuno je za\u0161ti\u0107en i nalazi se u Briselu, pi\u0161e danas dnevnik &#8220;Danas&#8221;.<\/h4>\n<p>Prema saznanjima tog lista iz diplomatskih izvora, vi\u0161e od 400 ljudi je ve\u0107 dalo izjave o zlo\u010dinima OVK, ali \u0107e najverovatnije njih oko 30 na kraju i svedo\u010diti pred sudom, \u010dije se formiranje o\u010dekuje ove godine, a koga \u0107e \u010diniti me\u0111unarodne sudije.<\/p>\n<p>Sud \u0107e biti sme\u0161ten u nekada\u0161njim zgradama Evropola u Hagu i delova\u0107e pod pokroviteljstvom Evropske unije.<\/p>\n<p>Holandska vlada je saop\u0161tila da \u0107e se procesi voditi za &#8220;te\u0161ke zlo\u010dine koje su navodno po\u010dinili pripadnici OVK nad etnickim manjinama i politi\u010dkim protivnicima 1999-2000. godine&#8221;, ali osu\u0111eni ne\u0107e izdr\u017eavati kaznu u toj zemlji.<\/p>\n<p>List Danas podse\u0107a da \u0107e Ha\u0161ki tribunal i Tu\u017eila\u0161tvo za ratne zlo\u010dine Srbije sara\u0111ivati sa tim sudom kada bude osnovan.<\/p>\n<p>Prema re\u010dima portparola Ha\u0161kog tribunala Nenada Gol\u010devskog, Specijalni sud za ratne zlo\u010dine OVK podr\u017eava rad svih relevantnih sudskih institucija koje se bave ratnim zlo\u010dinima.<\/p>\n<p>&#8220;Tek kada taj sud bude formalno osnovan, mo\u0107i \u0107emo da ka\u017eemo vi\u0161e o eventualnoj saradnji i njenim modalitetima&#8221;, rekao je za Gol\u010devski, a sli\u010dan odgovor taj list je dobio i iz srpskog Tu\u017eila\u0161tva za ratne zlo\u010dine.<\/p>\n<p>Beogradski dnecvnik tako\u0111e prenosi i izjavu pri\u0161tinskog novinara Miljaima Zeke koji je ranije rekao da \u0107e pred Specijalnim sudom za zlo\u010dine OVK biti optu\u017eeni kosovski ministar spoljnih poslova Ha\u0161im Ta\u010di, predsednik kosovske skup\u0161tine i njegov zamenik, Kadri Veseli i D\u017eavit Haljiti, ministar bezbednosnih snaga i biv\u0161i komandant Glavnog \u0161taba OVK Agim \u010ceku.<\/p>\n<p>Tako\u0111e, naveo je tada Zeka, pred sudom \u0107e se na\u0107i i nezavisni poslanik \u0160aip Muja, poslanik Samoopredeljenja Red\u017eep Seljimi i biv\u0161i komandant Glavnog \u0161taba OVK Bislim Zurapi, kao i dva poslanika Alijanse za budu\u0107nost Kosova, \u010dija imena nije naveo.<\/p>\n<p>Pri\u0161tinski mediji su tako\u0111e pisali da je preostalo da sporazum o Specijalnom sudu bude ratifikovan u kosovskom i holandskom parlamentu, dok kosovski poslanici opozicije smatraju da je taj sud nepotreban, da je njegovo formiranje nepravedno i da predstavlja eksperiment sa Kosovom.<\/p>\n<p>S druge strane, podse\u0107a Danas, direktor Kancelarije za Kosovo i Metohiju Marko \u0110uri\u0107 se nada da \u0107e taj sud pokazati vi\u0161e odlu\u010dnosti i efikasnosti od Ha\u0161kog tribunala.<\/p>\n<p>Izvor: Tanjug<\/p>\n","protected":false},"excerpt":{"rendered":"<p>Svedoci, koji \u0107e o zlo\u010dinima Oslobodila\u010dke vojske Kosova (OVK) govoriti pred specijalnim sudom ve\u0107 su u programu za\u0161tite i mnogi su razme\u0161teni po svetu, a softver sa svim podacima o [&hellip;]<\/p>\n","protected":false},"author":9,"featured_media":44608,"comment_status":"closed","ping_status":"closed","sticky":false,"template":"","format":"standard","meta":{"_acf_changed":false,"inline_featured_image":false,"_monsterinsights_skip_tracking":false,"_monsterinsights_sitenote_active":false,"_monsterinsights_sitenote_note":"","_monsterinsights_sitenote_category":0,"footnotes":""},"categories":[2700],"tags":[4366,4371],"class_list":["post-44611","post","type-post","status-publish","format-standard","has-post-thumbnail","hentry","category-vesti","tag-oslobodilacka-vojska-kosova-ovk","tag-ovk"],"acf":[],"yoast_head":"<!-- This site is optimized with the Yoast SEO plugin v27.4 - https:\/\/yoast.com\/product\/yoast-seo-wordpress\/ -->\n<title>Svedoci za ratne zlo\u010dine OVK i softver u programu za\u0161tite - Serbia.com<\/title>\n<meta name=\"robots\" content=\"index, follow, max-snippet:-1, max-image-preview:large, max-video-preview:-1\" \/>\n<link rel=\"canonical\" href=\"https:\/\/serbia.com\/srpski\/svedoci-za-ratne-zlocine-ovk-i-softver-u-programu-zastite\/\" \/>\n<meta property=\"og:locale\" content=\"en_US\" \/>\n<meta property=\"og:type\" content=\"article\" \/>\n<meta property=\"og:title\" content=\"Svedoci za ratne zlo\u010dine OVK i softver u programu za\u0161tite - Serbia.com\" \/>\n<meta property=\"og:description\" content=\"Svedoci, koji \u0107e o zlo\u010dinima Oslobodila\u010dke vojske Kosova (OVK) govoriti pred specijalnim sudom ve\u0107 su u programu za\u0161tite i mnogi su razme\u0161teni po svetu, a softver sa svim podacima o [&hellip;]\" \/>\n<meta property=\"og:url\" content=\"https:\/\/serbia.com\/srpski\/svedoci-za-ratne-zlocine-ovk-i-softver-u-programu-zastite\/\" \/>\n<meta property=\"og:site_name\" content=\"Serbia.com\" \/>\n<meta property=\"article:published_time\" content=\"2016-01-25T13:34:01+00:00\" \/>\n<meta property=\"og:image\" content=\"https:\/\/serbia.com\/wp-content\/uploads\/2016\/01\/ovk-epa-fehim-demir.jpg\" \/>\n\t<meta property=\"og:image:width\" content=\"940\" \/>\n\t<meta property=\"og:image:height\" content=\"529\" \/>\n\t<meta property=\"og:image:type\" content=\"image\/jpeg\" \/>\n<meta name=\"author\" content=\"Serbia.com\" \/>\n<meta name=\"twitter:label1\" content=\"Written by\" \/>\n\t<meta name=\"twitter:data1\" content=\"Serbia.com\" \/>\n\t<meta name=\"twitter:label2\" content=\"Est. reading time\" \/>\n\t<meta name=\"twitter:data2\" content=\"2 minutes\" \/>\n<script type=\"application\/ld+json\" class=\"yoast-schema-graph\">{\"@context\":\"https:\\\/\\\/schema.org\",\"@graph\":[{\"@type\":\"Article\",\"@id\":\"https:\\\/\\\/serbia.com\\\/srpski\\\/svedoci-za-ratne-zlocine-ovk-i-softver-u-programu-zastite\\\/#article\",\"isPartOf\":{\"@id\":\"https:\\\/\\\/serbia.com\\\/srpski\\\/svedoci-za-ratne-zlocine-ovk-i-softver-u-programu-zastite\\\/\"},\"author\":{\"name\":\"Serbia.com\",\"@id\":\"https:\\\/\\\/serbia.com\\\/#\\\/schema\\\/person\\\/6fe28d3055f5f291d832531e555da490\"},\"headline\":\"Svedoci za ratne zlo\u010dine OVK i softver u programu za\u0161tite\",\"datePublished\":\"2016-01-25T13:34:01+00:00\",\"mainEntityOfPage\":{\"@id\":\"https:\\\/\\\/serbia.com\\\/srpski\\\/svedoci-za-ratne-zlocine-ovk-i-softver-u-programu-zastite\\\/\"},\"wordCount\":451,\"image\":{\"@id\":\"https:\\\/\\\/serbia.com\\\/srpski\\\/svedoci-za-ratne-zlocine-ovk-i-softver-u-programu-zastite\\\/#primaryimage\"},\"thumbnailUrl\":\"https:\\\/\\\/serbia.com\\\/wp-content\\\/uploads\\\/2016\\\/01\\\/ovk-epa-fehim-demir.jpg\",\"keywords\":[\"Oslobodila\u010dka vojska Kosova (OVK)\",\"OVK\"],\"articleSection\":[\"Vesti\"],\"inLanguage\":\"srpski\"},{\"@type\":\"WebPage\",\"@id\":\"https:\\\/\\\/serbia.com\\\/srpski\\\/svedoci-za-ratne-zlocine-ovk-i-softver-u-programu-zastite\\\/\",\"url\":\"https:\\\/\\\/serbia.com\\\/srpski\\\/svedoci-za-ratne-zlocine-ovk-i-softver-u-programu-zastite\\\/\",\"name\":\"Svedoci za ratne zlo\u010dine OVK i softver u programu za\u0161tite - Serbia.com\",\"isPartOf\":{\"@id\":\"https:\\\/\\\/serbia.com\\\/#website\"},\"primaryImageOfPage\":{\"@id\":\"https:\\\/\\\/serbia.com\\\/srpski\\\/svedoci-za-ratne-zlocine-ovk-i-softver-u-programu-zastite\\\/#primaryimage\"},\"image\":{\"@id\":\"https:\\\/\\\/serbia.com\\\/srpski\\\/svedoci-za-ratne-zlocine-ovk-i-softver-u-programu-zastite\\\/#primaryimage\"},\"thumbnailUrl\":\"https:\\\/\\\/serbia.com\\\/wp-content\\\/uploads\\\/2016\\\/01\\\/ovk-epa-fehim-demir.jpg\",\"datePublished\":\"2016-01-25T13:34:01+00:00\",\"author\":{\"@id\":\"https:\\\/\\\/serbia.com\\\/#\\\/schema\\\/person\\\/6fe28d3055f5f291d832531e555da490\"},\"breadcrumb\":{\"@id\":\"https:\\\/\\\/serbia.com\\\/srpski\\\/svedoci-za-ratne-zlocine-ovk-i-softver-u-programu-zastite\\\/#breadcrumb\"},\"inLanguage\":\"srpski\",\"potentialAction\":[{\"@type\":\"ReadAction\",\"target\":[\"https:\\\/\\\/serbia.com\\\/srpski\\\/svedoci-za-ratne-zlocine-ovk-i-softver-u-programu-zastite\\\/\"]}]},{\"@type\":\"ImageObject\",\"inLanguage\":\"srpski\",\"@id\":\"https:\\\/\\\/serbia.com\\\/srpski\\\/svedoci-za-ratne-zlocine-ovk-i-softver-u-programu-zastite\\\/#primaryimage\",\"url\":\"https:\\\/\\\/serbia.com\\\/wp-content\\\/uploads\\\/2016\\\/01\\\/ovk-epa-fehim-demir.jpg\",\"contentUrl\":\"https:\\\/\\\/serbia.com\\\/wp-content\\\/uploads\\\/2016\\\/01\\\/ovk-epa-fehim-demir.jpg\",\"width\":940,\"height\":529,\"caption\":\"Kosovo Liberation Army\"},{\"@type\":\"BreadcrumbList\",\"@id\":\"https:\\\/\\\/serbia.com\\\/srpski\\\/svedoci-za-ratne-zlocine-ovk-i-softver-u-programu-zastite\\\/#breadcrumb\",\"itemListElement\":[{\"@type\":\"ListItem\",\"position\":1,\"name\":\"Home\",\"item\":\"https:\\\/\\\/serbia.com\\\/srpski\\\/srbija\\\/\"},{\"@type\":\"ListItem\",\"position\":2,\"name\":\"Svedoci za ratne zlo\u010dine OVK i softver u programu za\u0161tite\"}]},{\"@type\":\"WebSite\",\"@id\":\"https:\\\/\\\/serbia.com\\\/#website\",\"url\":\"https:\\\/\\\/serbia.com\\\/\",\"name\":\"Serbia.com\",\"description\":\"Your Gateway to Serbia\",\"potentialAction\":[{\"@type\":\"SearchAction\",\"target\":{\"@type\":\"EntryPoint\",\"urlTemplate\":\"https:\\\/\\\/serbia.com\\\/?s={search_term_string}\"},\"query-input\":{\"@type\":\"PropertyValueSpecification\",\"valueRequired\":true,\"valueName\":\"search_term_string\"}}],\"inLanguage\":\"srpski\"},{\"@type\":\"Person\",\"@id\":\"https:\\\/\\\/serbia.com\\\/#\\\/schema\\\/person\\\/6fe28d3055f5f291d832531e555da490\",\"name\":\"Serbia.com\",\"image\":{\"@type\":\"ImageObject\",\"inLanguage\":\"srpski\",\"@id\":\"https:\\\/\\\/secure.gravatar.com\\\/avatar\\\/8381eb54f5b393857857cb5fd6c42264c9e14b10435326bc567fcc3511bd8df4?s=96&d=mm&r=g\",\"url\":\"https:\\\/\\\/secure.gravatar.com\\\/avatar\\\/8381eb54f5b393857857cb5fd6c42264c9e14b10435326bc567fcc3511bd8df4?s=96&d=mm&r=g\",\"contentUrl\":\"https:\\\/\\\/secure.gravatar.com\\\/avatar\\\/8381eb54f5b393857857cb5fd6c42264c9e14b10435326bc567fcc3511bd8df4?s=96&d=mm&r=g\",\"caption\":\"Serbia.com\"},\"url\":\"https:\\\/\\\/serbia.com\\\/srpski\\\/author\\\/serbia-com\\\/\"}]}<\/script>\n<!-- \/ Yoast SEO plugin. -->","yoast_head_json":{"title":"Svedoci za ratne zlo\u010dine OVK i softver u programu za\u0161tite - Serbia.com","robots":{"index":"index","follow":"follow","max-snippet":"max-snippet:-1","max-image-preview":"max-image-preview:large","max-video-preview":"max-video-preview:-1"},"canonical":"https:\/\/serbia.com\/srpski\/svedoci-za-ratne-zlocine-ovk-i-softver-u-programu-zastite\/","og_locale":"en_US","og_type":"article","og_title":"Svedoci za ratne zlo\u010dine OVK i softver u programu za\u0161tite - Serbia.com","og_description":"Svedoci, koji \u0107e o zlo\u010dinima Oslobodila\u010dke vojske Kosova (OVK) govoriti pred specijalnim sudom ve\u0107 su u programu za\u0161tite i mnogi su razme\u0161teni po svetu, a softver sa svim podacima o [&hellip;]","og_url":"https:\/\/serbia.com\/srpski\/svedoci-za-ratne-zlocine-ovk-i-softver-u-programu-zastite\/","og_site_name":"Serbia.com","article_published_time":"2016-01-25T13:34:01+00:00","og_image":[{"width":940,"height":529,"url":"https:\/\/serbia.com\/wp-content\/uploads\/2016\/01\/ovk-epa-fehim-demir.jpg","type":"image\/jpeg"}],"author":"Serbia.com","twitter_misc":{"Written by":"Serbia.com","Est. reading time":"2 minutes"},"schema":{"@context":"https:\/\/schema.org","@graph":[{"@type":"Article","@id":"https:\/\/serbia.com\/srpski\/svedoci-za-ratne-zlocine-ovk-i-softver-u-programu-zastite\/#article","isPartOf":{"@id":"https:\/\/serbia.com\/srpski\/svedoci-za-ratne-zlocine-ovk-i-softver-u-programu-zastite\/"},"author":{"name":"Serbia.com","@id":"https:\/\/serbia.com\/#\/schema\/person\/6fe28d3055f5f291d832531e555da490"},"headline":"Svedoci za ratne zlo\u010dine OVK i softver u programu za\u0161tite","datePublished":"2016-01-25T13:34:01+00:00","mainEntityOfPage":{"@id":"https:\/\/serbia.com\/srpski\/svedoci-za-ratne-zlocine-ovk-i-softver-u-programu-zastite\/"},"wordCount":451,"image":{"@id":"https:\/\/serbia.com\/srpski\/svedoci-za-ratne-zlocine-ovk-i-softver-u-programu-zastite\/#primaryimage"},"thumbnailUrl":"https:\/\/serbia.com\/wp-content\/uploads\/2016\/01\/ovk-epa-fehim-demir.jpg","keywords":["Oslobodila\u010dka vojska Kosova (OVK)","OVK"],"articleSection":["Vesti"],"inLanguage":"srpski"},{"@type":"WebPage","@id":"https:\/\/serbia.com\/srpski\/svedoci-za-ratne-zlocine-ovk-i-softver-u-programu-zastite\/","url":"https:\/\/serbia.com\/srpski\/svedoci-za-ratne-zlocine-ovk-i-softver-u-programu-zastite\/","name":"Svedoci za ratne zlo\u010dine OVK i softver u programu za\u0161tite - Serbia.com","isPartOf":{"@id":"https:\/\/serbia.com\/#website"},"primaryImageOfPage":{"@id":"https:\/\/serbia.com\/srpski\/svedoci-za-ratne-zlocine-ovk-i-softver-u-programu-zastite\/#primaryimage"},"image":{"@id":"https:\/\/serbia.com\/srpski\/svedoci-za-ratne-zlocine-ovk-i-softver-u-programu-zastite\/#primaryimage"},"thumbnailUrl":"https:\/\/serbia.com\/wp-content\/uploads\/2016\/01\/ovk-epa-fehim-demir.jpg","datePublished":"2016-01-25T13:34:01+00:00","author":{"@id":"https:\/\/serbia.com\/#\/schema\/person\/6fe28d3055f5f291d832531e555da490"},"breadcrumb":{"@id":"https:\/\/serbia.com\/srpski\/svedoci-za-ratne-zlocine-ovk-i-softver-u-programu-zastite\/#breadcrumb"},"inLanguage":"srpski","potentialAction":[{"@type":"ReadAction","target":["https:\/\/serbia.com\/srpski\/svedoci-za-ratne-zlocine-ovk-i-softver-u-programu-zastite\/"]}]},{"@type":"ImageObject","inLanguage":"srpski","@id":"https:\/\/serbia.com\/srpski\/svedoci-za-ratne-zlocine-ovk-i-softver-u-programu-zastite\/#primaryimage","url":"https:\/\/serbia.com\/wp-content\/uploads\/2016\/01\/ovk-epa-fehim-demir.jpg","contentUrl":"https:\/\/serbia.com\/wp-content\/uploads\/2016\/01\/ovk-epa-fehim-demir.jpg","width":940,"height":529,"caption":"Kosovo Liberation Army"},{"@type":"BreadcrumbList","@id":"https:\/\/serbia.com\/srpski\/svedoci-za-ratne-zlocine-ovk-i-softver-u-programu-zastite\/#breadcrumb","itemListElement":[{"@type":"ListItem","position":1,"name":"Home","item":"https:\/\/serbia.com\/srpski\/srbija\/"},{"@type":"ListItem","position":2,"name":"Svedoci za ratne zlo\u010dine OVK i softver u programu za\u0161tite"}]},{"@type":"WebSite","@id":"https:\/\/serbia.com\/#website","url":"https:\/\/serbia.com\/","name":"Serbia.com","description":"Your Gateway to Serbia","potentialAction":[{"@type":"SearchAction","target":{"@type":"EntryPoint","urlTemplate":"https:\/\/serbia.com\/?s={search_term_string}"},"query-input":{"@type":"PropertyValueSpecification","valueRequired":true,"valueName":"search_term_string"}}],"inLanguage":"srpski"},{"@type":"Person","@id":"https:\/\/serbia.com\/#\/schema\/person\/6fe28d3055f5f291d832531e555da490","name":"Serbia.com","image":{"@type":"ImageObject","inLanguage":"srpski","@id":"https:\/\/secure.gravatar.com\/avatar\/8381eb54f5b393857857cb5fd6c42264c9e14b10435326bc567fcc3511bd8df4?s=96&d=mm&r=g","url":"https:\/\/secure.gravatar.com\/avatar\/8381eb54f5b393857857cb5fd6c42264c9e14b10435326bc567fcc3511bd8df4?s=96&d=mm&r=g","contentUrl":"https:\/\/secure.gravatar.com\/avatar\/8381eb54f5b393857857cb5fd6c42264c9e14b10435326bc567fcc3511bd8df4?s=96&d=mm&r=g","caption":"Serbia.com"},"url":"https:\/\/serbia.com\/srpski\/author\/serbia-com\/"}]}},"brizy_media":[],"_links":{"self":[{"href":"https:\/\/serbia.com\/srpski\/wp-json\/wp\/v2\/posts\/44611","targetHints":{"allow":["GET"]}}],"collection":[{"href":"https:\/\/serbia.com\/srpski\/wp-json\/wp\/v2\/posts"}],"about":[{"href":"https:\/\/serbia.com\/srpski\/wp-json\/wp\/v2\/types\/post"}],"author":[{"embeddable":true,"href":"https:\/\/serbia.com\/srpski\/wp-json\/wp\/v2\/users\/9"}],"replies":[{"embeddable":true,"href":"https:\/\/serbia.com\/srpski\/wp-json\/wp\/v2\/comments?post=44611"}],"version-history":[{"count":0,"href":"https:\/\/serbia.com\/srpski\/wp-json\/wp\/v2\/posts\/44611\/revisions"}],"wp:featuredmedia":[{"embeddable":true,"href":"https:\/\/serbia.com\/srpski\/wp-json\/wp\/v2\/media\/44608"}],"wp:attachment":[{"href":"https:\/\/serbia.com\/srpski\/wp-json\/wp\/v2\/media?parent=44611"}],"wp:term":[{"taxonomy":"category","embeddable":true,"href":"https:\/\/serbia.com\/srpski\/wp-json\/wp\/v2\/categories?post=44611"},{"taxonomy":"post_tag","embeddable":true,"href":"https:\/\/serbia.com\/srpski\/wp-json\/wp\/v2\/tags?post=44611"}],"curies":[{"name":"wp","href":"https:\/\/api.w.org\/{rel}","templated":true}]}}