{"id":44553,"date":"2016-01-24T12:38:23","date_gmt":"2016-01-24T11:38:23","guid":{"rendered":"http:\/\/www.serbia.com\/srpski\/?p=44553"},"modified":"2016-01-24T12:38:23","modified_gmt":"2016-01-24T11:38:23","slug":"skup-podrske-oliveru-ivanovicu-u-beogradu","status":"publish","type":"post","link":"https:\/\/serbia.com\/srpski\/skup-podrske-oliveru-ivanovicu-u-beogradu\/","title":{"rendered":"Skup podr\u0161ke Oliveru Ivanovi\u0107u u Beogradu"},"content":{"rendered":"<h4>Na beogradskom Trgu Nikole Pa\u0161i\u0107a danas je odr\u017ean skup podr\u0161ke lideru Gra\u0111anskih inicijativa SNP Oliveru Ivanovi\u0107u, koji je pre dva dana osu\u0111en na devet godina zatvora, sa koga je poru\u010deno da je poku\u0161aj politi\u010dkog ubistva Ivanovi\u0107a i obezglavljivanja Srba sa Kosova i Metohije.<\/h4>\n<p>Skup je po\u010deo simboli\u010dno u 12.44 sati, a Ivanovi\u0107ev advokat Neboj\u0161a Vlaji\u0107 rekao je okupljenima da je Ivanovi\u0107u presuda izre\u010dena, a da nije na\u0111en nijedan svedok za 15 godina koji bi ga optu\u017eio za ratni zlo\u010din.<\/p>\n<p>&#8220;Svi svedoci su bili Albanci i nijedan od njih nije direktno optu\u017eio Ivanovi\u0107a&#8221;, rekao je Vlaji\u0107, do\u0111au\u0107i da je Ivanovi\u0107 zagovarao mir i toleraniciju, a da presuda ne\u0107e tome doprineti.<\/p>\n<p>Kako je rekao, presudom je uni\u0161teno i ono malo nade da se na KiM mo\u017ee normalno \u017eiveti.<\/p>\n<p>Vlaji\u0107 je naveo i da \u0107e postupak jo\u0161 trajati i da \u0107e borba za Ivanovi\u0107evo oslobo\u0111enje, i pored te\u0161ke presude, biti nastavljena.<\/p>\n<p>Ivanovi\u0107ev sin, \u017darko, pro\u010ditao je okupljenima pismo Ivanovi\u0107a, u kojem je poru\u010dio da ga presuda ne\u0107e slomiti, kao \u0161to ga nije slomio ni dosada\u0161nji postupak.<\/p>\n<p>&#8220;Ove dve godine bile su ve\u010dnosti, ali me to nije slomilo &#8211; nikada ne\u0107u oti\u0107i sa KiM. Moram izdr\u017eati politi\u010dku torturu, jer ako pokleknem prizna\u0107u da su ja\u010di od svega u \u0161ta sam verovao&#8221;, istakao je Ivanovi\u0107 u pismu.<\/p>\n<p>Njegov prijatelj Predrag Radonji\u0107 naveo je da je to politi\u010dka presuda i poku\u0161aj politi\u010dkog ubistva Ivanovi\u0107a i obezglavljivanja Srba sa KiM.<\/p>\n<p>&#8220;Ovo je la\u017eni balans sa sudom za zlo\u010dine OVK koji se priprema&#8221;, rekao je Radonji\u0107, dok je Aleksandar Zobenica, tako\u0111e prijatelj Ivanovi\u0107a i inicijator okupljanja preko dru\u0161tvenih mre\u017ea, rekao da je takva presuda izre\u010dena zato \u0161to je Ivanovi\u0107 Srbin.<\/p>\n<p>&#8220;Danom kada je osu\u0111en umrla je pravda, ali nije nada da \u0107e biti slobodan&#8221;, rekao je Zobenica, navode\u0107i da je skup na Trg Nikole Pa\u0161i\u0107a spontani i nepoliti\u010dki, u cilju podr\u0161ke Ivanovi\u0107u da istraje.<\/p>\n<p>Okupljeni su podr\u0161ku Ivanovi\u0107u iskazali transparentima &#8220;I ja sam Oliver&#8221;, &#8220;Sloboda za Olivera&#8221;.<\/p>\n<p>Euleksovo sudsko ve\u0107e osudilo je pre dva dana Ivanovi\u0107a na kaznu zatvora od devet godina zbog ratnih zlo\u010dina 1999. godine, a odlu\u010dilo je i da on do pravosna\u017enosti presude ostane u pritvoru.<\/p>\n<p>Izvor: Tanjug<\/p>\n","protected":false},"excerpt":{"rendered":"<p>Na beogradskom Trgu Nikole Pa\u0161i\u0107a danas je odr\u017ean skup podr\u0161ke lideru Gra\u0111anskih inicijativa SNP Oliveru Ivanovi\u0107u, koji je pre dva dana osu\u0111en na devet godina zatvora, sa koga je poru\u010deno [&hellip;]<\/p>\n","protected":false},"author":9,"featured_media":44550,"comment_status":"closed","ping_status":"closed","sticky":false,"template":"","format":"standard","meta":{"_acf_changed":false,"inline_featured_image":false,"_monsterinsights_skip_tracking":false,"_monsterinsights_sitenote_active":false,"_monsterinsights_sitenote_note":"","_monsterinsights_sitenote_category":0,"footnotes":""},"categories":[2700],"tags":[],"class_list":["post-44553","post","type-post","status-publish","format-standard","has-post-thumbnail","hentry","category-vesti"],"acf":[],"yoast_head":"<!-- This site is optimized with the Yoast SEO plugin v27.4 - https:\/\/yoast.com\/product\/yoast-seo-wordpress\/ -->\n<title>Skup podr\u0161ke Oliveru Ivanovi\u0107u u Beogradu - Serbia.com<\/title>\n<meta name=\"robots\" content=\"index, follow, max-snippet:-1, max-image-preview:large, max-video-preview:-1\" \/>\n<link rel=\"canonical\" href=\"https:\/\/serbia.com\/srpski\/skup-podrske-oliveru-ivanovicu-u-beogradu\/\" \/>\n<meta property=\"og:locale\" content=\"en_US\" \/>\n<meta property=\"og:type\" content=\"article\" \/>\n<meta property=\"og:title\" content=\"Skup podr\u0161ke Oliveru Ivanovi\u0107u u Beogradu - Serbia.com\" \/>\n<meta property=\"og:description\" content=\"Na beogradskom Trgu Nikole Pa\u0161i\u0107a danas je odr\u017ean skup podr\u0161ke lideru Gra\u0111anskih inicijativa SNP Oliveru Ivanovi\u0107u, koji je pre dva dana osu\u0111en na devet godina zatvora, sa koga je poru\u010deno [&hellip;]\" \/>\n<meta property=\"og:url\" content=\"https:\/\/serbia.com\/srpski\/skup-podrske-oliveru-ivanovicu-u-beogradu\/\" \/>\n<meta property=\"og:site_name\" content=\"Serbia.com\" \/>\n<meta property=\"article:published_time\" content=\"2016-01-24T11:38:23+00:00\" \/>\n<meta property=\"og:image\" content=\"https:\/\/serbia.com\/wp-content\/uploads\/2016\/01\/Tan2016-1-23_142148457_7.jpg\" \/>\n\t<meta property=\"og:image:width\" content=\"940\" \/>\n\t<meta property=\"og:image:height\" content=\"529\" \/>\n\t<meta property=\"og:image:type\" content=\"image\/jpeg\" \/>\n<meta name=\"author\" content=\"Serbia.com\" \/>\n<meta name=\"twitter:label1\" content=\"Written by\" \/>\n\t<meta name=\"twitter:data1\" content=\"Serbia.com\" \/>\n\t<meta name=\"twitter:label2\" content=\"Est. reading time\" \/>\n\t<meta name=\"twitter:data2\" content=\"2 minutes\" \/>\n<script type=\"application\/ld+json\" class=\"yoast-schema-graph\">{\"@context\":\"https:\\\/\\\/schema.org\",\"@graph\":[{\"@type\":\"Article\",\"@id\":\"https:\\\/\\\/serbia.com\\\/srpski\\\/skup-podrske-oliveru-ivanovicu-u-beogradu\\\/#article\",\"isPartOf\":{\"@id\":\"https:\\\/\\\/serbia.com\\\/srpski\\\/skup-podrske-oliveru-ivanovicu-u-beogradu\\\/\"},\"author\":{\"name\":\"Serbia.com\",\"@id\":\"https:\\\/\\\/serbia.com\\\/#\\\/schema\\\/person\\\/6fe28d3055f5f291d832531e555da490\"},\"headline\":\"Skup podr\u0161ke Oliveru Ivanovi\u0107u u Beogradu\",\"datePublished\":\"2016-01-24T11:38:23+00:00\",\"mainEntityOfPage\":{\"@id\":\"https:\\\/\\\/serbia.com\\\/srpski\\\/skup-podrske-oliveru-ivanovicu-u-beogradu\\\/\"},\"wordCount\":426,\"image\":{\"@id\":\"https:\\\/\\\/serbia.com\\\/srpski\\\/skup-podrske-oliveru-ivanovicu-u-beogradu\\\/#primaryimage\"},\"thumbnailUrl\":\"https:\\\/\\\/serbia.com\\\/wp-content\\\/uploads\\\/2016\\\/01\\\/Tan2016-1-23_142148457_7.jpg\",\"articleSection\":[\"Vesti\"],\"inLanguage\":\"srpski\"},{\"@type\":\"WebPage\",\"@id\":\"https:\\\/\\\/serbia.com\\\/srpski\\\/skup-podrske-oliveru-ivanovicu-u-beogradu\\\/\",\"url\":\"https:\\\/\\\/serbia.com\\\/srpski\\\/skup-podrske-oliveru-ivanovicu-u-beogradu\\\/\",\"name\":\"Skup podr\u0161ke Oliveru Ivanovi\u0107u u Beogradu - Serbia.com\",\"isPartOf\":{\"@id\":\"https:\\\/\\\/serbia.com\\\/#website\"},\"primaryImageOfPage\":{\"@id\":\"https:\\\/\\\/serbia.com\\\/srpski\\\/skup-podrske-oliveru-ivanovicu-u-beogradu\\\/#primaryimage\"},\"image\":{\"@id\":\"https:\\\/\\\/serbia.com\\\/srpski\\\/skup-podrske-oliveru-ivanovicu-u-beogradu\\\/#primaryimage\"},\"thumbnailUrl\":\"https:\\\/\\\/serbia.com\\\/wp-content\\\/uploads\\\/2016\\\/01\\\/Tan2016-1-23_142148457_7.jpg\",\"datePublished\":\"2016-01-24T11:38:23+00:00\",\"author\":{\"@id\":\"https:\\\/\\\/serbia.com\\\/#\\\/schema\\\/person\\\/6fe28d3055f5f291d832531e555da490\"},\"breadcrumb\":{\"@id\":\"https:\\\/\\\/serbia.com\\\/srpski\\\/skup-podrske-oliveru-ivanovicu-u-beogradu\\\/#breadcrumb\"},\"inLanguage\":\"srpski\",\"potentialAction\":[{\"@type\":\"ReadAction\",\"target\":[\"https:\\\/\\\/serbia.com\\\/srpski\\\/skup-podrske-oliveru-ivanovicu-u-beogradu\\\/\"]}]},{\"@type\":\"ImageObject\",\"inLanguage\":\"srpski\",\"@id\":\"https:\\\/\\\/serbia.com\\\/srpski\\\/skup-podrske-oliveru-ivanovicu-u-beogradu\\\/#primaryimage\",\"url\":\"https:\\\/\\\/serbia.com\\\/wp-content\\\/uploads\\\/2016\\\/01\\\/Tan2016-1-23_142148457_7.jpg\",\"contentUrl\":\"https:\\\/\\\/serbia.com\\\/wp-content\\\/uploads\\\/2016\\\/01\\\/Tan2016-1-23_142148457_7.jpg\",\"width\":940,\"height\":529,\"caption\":\"Support for Oliver Ivanovic\"},{\"@type\":\"BreadcrumbList\",\"@id\":\"https:\\\/\\\/serbia.com\\\/srpski\\\/skup-podrske-oliveru-ivanovicu-u-beogradu\\\/#breadcrumb\",\"itemListElement\":[{\"@type\":\"ListItem\",\"position\":1,\"name\":\"Home\",\"item\":\"https:\\\/\\\/serbia.com\\\/srpski\\\/srbija\\\/\"},{\"@type\":\"ListItem\",\"position\":2,\"name\":\"Skup podr\u0161ke Oliveru Ivanovi\u0107u u Beogradu\"}]},{\"@type\":\"WebSite\",\"@id\":\"https:\\\/\\\/serbia.com\\\/#website\",\"url\":\"https:\\\/\\\/serbia.com\\\/\",\"name\":\"Serbia.com\",\"description\":\"Your Gateway to Serbia\",\"potentialAction\":[{\"@type\":\"SearchAction\",\"target\":{\"@type\":\"EntryPoint\",\"urlTemplate\":\"https:\\\/\\\/serbia.com\\\/?s={search_term_string}\"},\"query-input\":{\"@type\":\"PropertyValueSpecification\",\"valueRequired\":true,\"valueName\":\"search_term_string\"}}],\"inLanguage\":\"srpski\"},{\"@type\":\"Person\",\"@id\":\"https:\\\/\\\/serbia.com\\\/#\\\/schema\\\/person\\\/6fe28d3055f5f291d832531e555da490\",\"name\":\"Serbia.com\",\"image\":{\"@type\":\"ImageObject\",\"inLanguage\":\"srpski\",\"@id\":\"https:\\\/\\\/secure.gravatar.com\\\/avatar\\\/8381eb54f5b393857857cb5fd6c42264c9e14b10435326bc567fcc3511bd8df4?s=96&d=mm&r=g\",\"url\":\"https:\\\/\\\/secure.gravatar.com\\\/avatar\\\/8381eb54f5b393857857cb5fd6c42264c9e14b10435326bc567fcc3511bd8df4?s=96&d=mm&r=g\",\"contentUrl\":\"https:\\\/\\\/secure.gravatar.com\\\/avatar\\\/8381eb54f5b393857857cb5fd6c42264c9e14b10435326bc567fcc3511bd8df4?s=96&d=mm&r=g\",\"caption\":\"Serbia.com\"},\"url\":\"https:\\\/\\\/serbia.com\\\/srpski\\\/author\\\/serbia-com\\\/\"}]}<\/script>\n<!-- \/ Yoast SEO plugin. -->","yoast_head_json":{"title":"Skup podr\u0161ke Oliveru Ivanovi\u0107u u Beogradu - Serbia.com","robots":{"index":"index","follow":"follow","max-snippet":"max-snippet:-1","max-image-preview":"max-image-preview:large","max-video-preview":"max-video-preview:-1"},"canonical":"https:\/\/serbia.com\/srpski\/skup-podrske-oliveru-ivanovicu-u-beogradu\/","og_locale":"en_US","og_type":"article","og_title":"Skup podr\u0161ke Oliveru Ivanovi\u0107u u Beogradu - Serbia.com","og_description":"Na beogradskom Trgu Nikole Pa\u0161i\u0107a danas je odr\u017ean skup podr\u0161ke lideru Gra\u0111anskih inicijativa SNP Oliveru Ivanovi\u0107u, koji je pre dva dana osu\u0111en na devet godina zatvora, sa koga je poru\u010deno [&hellip;]","og_url":"https:\/\/serbia.com\/srpski\/skup-podrske-oliveru-ivanovicu-u-beogradu\/","og_site_name":"Serbia.com","article_published_time":"2016-01-24T11:38:23+00:00","og_image":[{"width":940,"height":529,"url":"https:\/\/serbia.com\/wp-content\/uploads\/2016\/01\/Tan2016-1-23_142148457_7.jpg","type":"image\/jpeg"}],"author":"Serbia.com","twitter_misc":{"Written by":"Serbia.com","Est. reading time":"2 minutes"},"schema":{"@context":"https:\/\/schema.org","@graph":[{"@type":"Article","@id":"https:\/\/serbia.com\/srpski\/skup-podrske-oliveru-ivanovicu-u-beogradu\/#article","isPartOf":{"@id":"https:\/\/serbia.com\/srpski\/skup-podrske-oliveru-ivanovicu-u-beogradu\/"},"author":{"name":"Serbia.com","@id":"https:\/\/serbia.com\/#\/schema\/person\/6fe28d3055f5f291d832531e555da490"},"headline":"Skup podr\u0161ke Oliveru Ivanovi\u0107u u Beogradu","datePublished":"2016-01-24T11:38:23+00:00","mainEntityOfPage":{"@id":"https:\/\/serbia.com\/srpski\/skup-podrske-oliveru-ivanovicu-u-beogradu\/"},"wordCount":426,"image":{"@id":"https:\/\/serbia.com\/srpski\/skup-podrske-oliveru-ivanovicu-u-beogradu\/#primaryimage"},"thumbnailUrl":"https:\/\/serbia.com\/wp-content\/uploads\/2016\/01\/Tan2016-1-23_142148457_7.jpg","articleSection":["Vesti"],"inLanguage":"srpski"},{"@type":"WebPage","@id":"https:\/\/serbia.com\/srpski\/skup-podrske-oliveru-ivanovicu-u-beogradu\/","url":"https:\/\/serbia.com\/srpski\/skup-podrske-oliveru-ivanovicu-u-beogradu\/","name":"Skup podr\u0161ke Oliveru Ivanovi\u0107u u Beogradu - Serbia.com","isPartOf":{"@id":"https:\/\/serbia.com\/#website"},"primaryImageOfPage":{"@id":"https:\/\/serbia.com\/srpski\/skup-podrske-oliveru-ivanovicu-u-beogradu\/#primaryimage"},"image":{"@id":"https:\/\/serbia.com\/srpski\/skup-podrske-oliveru-ivanovicu-u-beogradu\/#primaryimage"},"thumbnailUrl":"https:\/\/serbia.com\/wp-content\/uploads\/2016\/01\/Tan2016-1-23_142148457_7.jpg","datePublished":"2016-01-24T11:38:23+00:00","author":{"@id":"https:\/\/serbia.com\/#\/schema\/person\/6fe28d3055f5f291d832531e555da490"},"breadcrumb":{"@id":"https:\/\/serbia.com\/srpski\/skup-podrske-oliveru-ivanovicu-u-beogradu\/#breadcrumb"},"inLanguage":"srpski","potentialAction":[{"@type":"ReadAction","target":["https:\/\/serbia.com\/srpski\/skup-podrske-oliveru-ivanovicu-u-beogradu\/"]}]},{"@type":"ImageObject","inLanguage":"srpski","@id":"https:\/\/serbia.com\/srpski\/skup-podrske-oliveru-ivanovicu-u-beogradu\/#primaryimage","url":"https:\/\/serbia.com\/wp-content\/uploads\/2016\/01\/Tan2016-1-23_142148457_7.jpg","contentUrl":"https:\/\/serbia.com\/wp-content\/uploads\/2016\/01\/Tan2016-1-23_142148457_7.jpg","width":940,"height":529,"caption":"Support for Oliver Ivanovic"},{"@type":"BreadcrumbList","@id":"https:\/\/serbia.com\/srpski\/skup-podrske-oliveru-ivanovicu-u-beogradu\/#breadcrumb","itemListElement":[{"@type":"ListItem","position":1,"name":"Home","item":"https:\/\/serbia.com\/srpski\/srbija\/"},{"@type":"ListItem","position":2,"name":"Skup podr\u0161ke Oliveru Ivanovi\u0107u u Beogradu"}]},{"@type":"WebSite","@id":"https:\/\/serbia.com\/#website","url":"https:\/\/serbia.com\/","name":"Serbia.com","description":"Your Gateway to Serbia","potentialAction":[{"@type":"SearchAction","target":{"@type":"EntryPoint","urlTemplate":"https:\/\/serbia.com\/?s={search_term_string}"},"query-input":{"@type":"PropertyValueSpecification","valueRequired":true,"valueName":"search_term_string"}}],"inLanguage":"srpski"},{"@type":"Person","@id":"https:\/\/serbia.com\/#\/schema\/person\/6fe28d3055f5f291d832531e555da490","name":"Serbia.com","image":{"@type":"ImageObject","inLanguage":"srpski","@id":"https:\/\/secure.gravatar.com\/avatar\/8381eb54f5b393857857cb5fd6c42264c9e14b10435326bc567fcc3511bd8df4?s=96&d=mm&r=g","url":"https:\/\/secure.gravatar.com\/avatar\/8381eb54f5b393857857cb5fd6c42264c9e14b10435326bc567fcc3511bd8df4?s=96&d=mm&r=g","contentUrl":"https:\/\/secure.gravatar.com\/avatar\/8381eb54f5b393857857cb5fd6c42264c9e14b10435326bc567fcc3511bd8df4?s=96&d=mm&r=g","caption":"Serbia.com"},"url":"https:\/\/serbia.com\/srpski\/author\/serbia-com\/"}]}},"brizy_media":[],"_links":{"self":[{"href":"https:\/\/serbia.com\/srpski\/wp-json\/wp\/v2\/posts\/44553","targetHints":{"allow":["GET"]}}],"collection":[{"href":"https:\/\/serbia.com\/srpski\/wp-json\/wp\/v2\/posts"}],"about":[{"href":"https:\/\/serbia.com\/srpski\/wp-json\/wp\/v2\/types\/post"}],"author":[{"embeddable":true,"href":"https:\/\/serbia.com\/srpski\/wp-json\/wp\/v2\/users\/9"}],"replies":[{"embeddable":true,"href":"https:\/\/serbia.com\/srpski\/wp-json\/wp\/v2\/comments?post=44553"}],"version-history":[{"count":0,"href":"https:\/\/serbia.com\/srpski\/wp-json\/wp\/v2\/posts\/44553\/revisions"}],"wp:featuredmedia":[{"embeddable":true,"href":"https:\/\/serbia.com\/srpski\/wp-json\/wp\/v2\/media\/44550"}],"wp:attachment":[{"href":"https:\/\/serbia.com\/srpski\/wp-json\/wp\/v2\/media?parent=44553"}],"wp:term":[{"taxonomy":"category","embeddable":true,"href":"https:\/\/serbia.com\/srpski\/wp-json\/wp\/v2\/categories?post=44553"},{"taxonomy":"post_tag","embeddable":true,"href":"https:\/\/serbia.com\/srpski\/wp-json\/wp\/v2\/tags?post=44553"}],"curies":[{"name":"wp","href":"https:\/\/api.w.org\/{rel}","templated":true}]}}