{"id":44395,"date":"2016-01-21T14:38:59","date_gmt":"2016-01-21T13:38:59","guid":{"rendered":"http:\/\/www.serbia.com\/srpski\/?p=44395"},"modified":"2016-01-21T14:38:59","modified_gmt":"2016-01-21T13:38:59","slug":"srbija-zgrozena-presudom-razmotriti-nastavak-dijaloga","status":"publish","type":"post","link":"https:\/\/serbia.com\/srpski\/srbija-zgrozena-presudom-razmotriti-nastavak-dijaloga\/","title":{"rendered":"Srbija zgro\u017eena presudom, razmotriti nastavak dijaloga"},"content":{"rendered":"<h4>Direktor Kancelarije za Kosovo i Metohiju Marko \u0110uri\u0107 izjavio je danas da je Srbija zgro\u017eena presudom lideru Gra\u0111anske inicijative SDP Oliveru Ivanovi\u0107u i da u takvoj atmosferi treba ozbiljno razmotriti da li treba nastaviti dijalog sa Pri\u0161tinom.<\/h4>\n<p>&#8220;Moje li\u010dno mi\u0161ljenje je da Srbiji Pri\u0161tina i me\u0111unarodna zajednica treba da pru\u017ee dodatna uveravanja da dijalog ima smisla. Li\u010dno mi se \u010dini da u ovoj atmosferi nemamo o mnogo \u010demu da razgovaramo i da se sve svodi na poni\u017eavanje Srbije, na dogovaranje sporazuma koji ostaju na papiru i ne sprovode se kada je re\u010d o onome \u0161to je u interesu na\u0161e strane i o stalnom tra\u017eenju ustupaka za Pri\u0161tinu&#8221;, rekao je \u0110uri\u0107 novinarima.<\/p>\n<p>\u0110uri\u0107 je upitao koji je smisao daljeg u\u010destvovanja u duijalogu ako se \u0107utke i o\u010digledno gaze svi dogovori koji su u interesu Srbije, a Pri\u0161tini \u010dine novi ustupci da bi se kao nevaljalom detetu stavilo do znanja da se od njega o\u010dekuje da u\u010destvuje u tom procesu.<\/p>\n<p>Srbija, kako je istakao, nema poseban interes da na taj na\u010din u takvom procesu u\u010destvuje, osim ako njeno u\u010de\u0161\u0107e zna\u010di da \u0107e iz tog procesa dobiti ne\u0161to za gra\u0111ane i zemlju.<\/p>\n<p>\u0110uri\u0107 je napomenuo da \u0107e svoje stavove preneti \u010dlanovima Vlade Srbije i premijeru Aleksandru Vu\u010di\u0107u.<\/p>\n<p>&#8220;Srbija ne sme da ostane nema na ovo \u0161to se danas dogodilo, vlada i premijer treba najhitnije da se izjasne o ovom doga\u0111aju i smatram da je neophodno da ne \u017emurimo pred \u010dinjenicom da je ovom presudom udaren \u0161amar \u010ditavoj Srbiji, \u0161amar pravu i pravdi, ali ne samo ovom presudom \u0161amar Srbiji je udaren i odnosom Pri\u0161tine prema dijalogu, prema sprovo\u0111enju sporauzma&#8221;, rekao je \u0110uri\u0107.<\/p>\n<p>Pri\u0161tina je, prema njegovim re\u010dima, pred o\u010dima \u010ditave me\u0111unarodne zajednice, EU i svih dr\u017eaava koje u\u010destvuju u tom procesu, bacila pod noge sporazum o ZSO.<\/p>\n<p>\u0110uri\u0107 je istakao da je Srbija zgro\u017eena presudom, da je ona simbol nepravde i ga\u017eenja elementarnih ljudskih i politi\u010dkih prava Ivanovi\u0107a, kao i poku\u0161aj poni\u017eenja \u010ditave Srbije i srpskog naroda na Kosovu i Metohiji.<\/p>\n<p>\u0110uri\u0107 dodaje i da vreme koje je odabrano za izricanje presude nije slu\u010dajno, a Srbija je tuma\u010di kao signal albanskoj strani u vidu ohrabrenja i podsticanja novim ustupcima da bi u\u010destvovala u dijalogu, u kome ina\u010de ni\u0161ta ne sprovodi od obaveza.<\/p>\n<p>S druge strane, presuda ima za cilj da napravi ve\u0161ta\u010dki balans uo\u010di formiranja Me\u0111unarodnog suda pravde za zlo\u010dine OVK.<\/p>\n<p>\u0110uri\u0107 navodi i da \u0107e posledica izre\u010dene presude biti da \u0107e jedan \u010dovek biti talac devet godina, a njegova porodica talac ne\u010dije \u017eelje da se neko kratkoro\u010dno politi\u010dki nagradi.<\/p>\n<p>To je, istakao je, nemoralno i surovo i nema veze sa pravom i pravdom.<\/p>\n<p>&#8220;Ovo nije bio sudski proces, ve\u0107 politi\u010dki koji je rezultirao politi\u010dkom odlukom. Ivanovi\u0107 nije osu\u0111enik, nego talac&#8221;, rekao je \u0110uri\u0107, dodaju\u0107i da je presuda Ivanovi\u0107u jo\u0161 jedan \u0161amar Srbima sa KiM i uvreda za istinske \u017ertve na Kosovu i Metohiji.<\/p>\n<p>\u0110uri\u0107 je rekao i da je Ivanovi\u0107 postao igra\u010dka u surovoj igri marionetskog pravosu\u0111a na Kosovu koje ne funkcioni\u0161e i koje u potpunosti u funkciji politike.<\/p>\n<p>&#8220;To je politi\u010dka poruka ne samo Srbima na Kosovu i Metohiji, ve\u0107 i Beogradu i Srbiji, ali i politickim predstavnicima kosovskih Alabanaca jer \u017eele da uspostave ve\u0161ta\u010dki politi\u010dki balans&#8221;, rekao je \u0110uri\u0107.<\/p>\n<p>Upitan da li je Beograd reagovao na pravi na\u010din tokom postpuka, \u0110uri\u0107 je rekao da je Beograd sve vreme uz Ivanovi\u0107a i sve druge optu\u017eene.<\/p>\n<p>&#8220;Mi jesmo sa na\u0161im ljudima na Kosovu, ali se ovde ne radi o pravu i pravdi, ve\u0107 o gruboj nepravdi, jer jedan covek treba da bude ne\u010diji talac i da le\u017ei u zatvoru&#8221;, rekao je \u0110uri\u0107.<\/p>\n<p>On je dodao da Ivanovi\u0107u poma\u017eu vrhunski advokati, ali da ne postoje advokati koji bi mogli da pomognu u situaciji politi\u010dke volje da se Srbija kazni i ponizi.<\/p>\n<p>Izvor: Tanjug<\/p>\n","protected":false},"excerpt":{"rendered":"<p>Direktor Kancelarije za Kosovo i Metohiju Marko \u0110uri\u0107 izjavio je danas da je Srbija zgro\u017eena presudom lideru Gra\u0111anske inicijative SDP Oliveru Ivanovi\u0107u i da u takvoj atmosferi treba ozbiljno razmotriti [&hellip;]<\/p>\n","protected":false},"author":9,"featured_media":42221,"comment_status":"closed","ping_status":"closed","sticky":false,"template":"","format":"standard","meta":{"_acf_changed":false,"inline_featured_image":false,"_monsterinsights_skip_tracking":false,"_monsterinsights_sitenote_active":false,"_monsterinsights_sitenote_note":"","_monsterinsights_sitenote_category":0,"footnotes":""},"categories":[2700],"tags":[2203,4310,4386,4432,3978],"class_list":["post-44395","post","type-post","status-publish","format-standard","has-post-thumbnail","hentry","category-vesti","tag-kosovo-i-metohija","tag-marko-djuric","tag-oliver-ivanovic","tag-presuda","tag-pristina"],"acf":[],"yoast_head":"<!-- This site is optimized with the Yoast SEO plugin v27.4 - https:\/\/yoast.com\/product\/yoast-seo-wordpress\/ -->\n<title>Srbija zgro\u017eena presudom, razmotriti nastavak dijaloga - Serbia.com<\/title>\n<meta name=\"robots\" content=\"index, follow, max-snippet:-1, max-image-preview:large, max-video-preview:-1\" \/>\n<link rel=\"canonical\" href=\"https:\/\/serbia.com\/srpski\/srbija-zgrozena-presudom-razmotriti-nastavak-dijaloga\/\" \/>\n<meta property=\"og:locale\" content=\"en_US\" \/>\n<meta property=\"og:type\" content=\"article\" \/>\n<meta property=\"og:title\" content=\"Srbija zgro\u017eena presudom, razmotriti nastavak dijaloga - Serbia.com\" \/>\n<meta property=\"og:description\" content=\"Direktor Kancelarije za Kosovo i Metohiju Marko \u0110uri\u0107 izjavio je danas da je Srbija zgro\u017eena presudom lideru Gra\u0111anske inicijative SDP Oliveru Ivanovi\u0107u i da u takvoj atmosferi treba ozbiljno razmotriti [&hellip;]\" \/>\n<meta property=\"og:url\" content=\"https:\/\/serbia.com\/srpski\/srbija-zgrozena-presudom-razmotriti-nastavak-dijaloga\/\" \/>\n<meta property=\"og:site_name\" content=\"Serbia.com\" \/>\n<meta property=\"article:published_time\" content=\"2016-01-21T13:38:59+00:00\" \/>\n<meta property=\"og:image\" content=\"https:\/\/serbia.com\/wp-content\/uploads\/2015\/12\/marko-djuric-e1450175092318.jpg\" \/>\n\t<meta property=\"og:image:width\" content=\"800\" \/>\n\t<meta property=\"og:image:height\" content=\"533\" \/>\n\t<meta property=\"og:image:type\" content=\"image\/jpeg\" \/>\n<meta name=\"author\" content=\"Serbia.com\" \/>\n<meta name=\"twitter:label1\" content=\"Written by\" \/>\n\t<meta name=\"twitter:data1\" content=\"Serbia.com\" \/>\n\t<meta name=\"twitter:label2\" content=\"Est. reading time\" \/>\n\t<meta name=\"twitter:data2\" content=\"3 minutes\" \/>\n<script type=\"application\/ld+json\" class=\"yoast-schema-graph\">{\"@context\":\"https:\\\/\\\/schema.org\",\"@graph\":[{\"@type\":\"Article\",\"@id\":\"https:\\\/\\\/serbia.com\\\/srpski\\\/srbija-zgrozena-presudom-razmotriti-nastavak-dijaloga\\\/#article\",\"isPartOf\":{\"@id\":\"https:\\\/\\\/serbia.com\\\/srpski\\\/srbija-zgrozena-presudom-razmotriti-nastavak-dijaloga\\\/\"},\"author\":{\"name\":\"Serbia.com\",\"@id\":\"https:\\\/\\\/serbia.com\\\/#\\\/schema\\\/person\\\/6fe28d3055f5f291d832531e555da490\"},\"headline\":\"Srbija zgro\u017eena presudom, razmotriti nastavak dijaloga\",\"datePublished\":\"2016-01-21T13:38:59+00:00\",\"mainEntityOfPage\":{\"@id\":\"https:\\\/\\\/serbia.com\\\/srpski\\\/srbija-zgrozena-presudom-razmotriti-nastavak-dijaloga\\\/\"},\"wordCount\":705,\"image\":{\"@id\":\"https:\\\/\\\/serbia.com\\\/srpski\\\/srbija-zgrozena-presudom-razmotriti-nastavak-dijaloga\\\/#primaryimage\"},\"thumbnailUrl\":\"https:\\\/\\\/serbia.com\\\/wp-content\\\/uploads\\\/2015\\\/12\\\/marko-djuric-e1450175092318.jpg\",\"keywords\":[\"Kosovo i Metohija\",\"Marko Djuric\",\"Oliver Ivanovi\u0107\",\"Presuda\",\"Pristina\"],\"articleSection\":[\"Vesti\"],\"inLanguage\":\"srpski\"},{\"@type\":\"WebPage\",\"@id\":\"https:\\\/\\\/serbia.com\\\/srpski\\\/srbija-zgrozena-presudom-razmotriti-nastavak-dijaloga\\\/\",\"url\":\"https:\\\/\\\/serbia.com\\\/srpski\\\/srbija-zgrozena-presudom-razmotriti-nastavak-dijaloga\\\/\",\"name\":\"Srbija zgro\u017eena presudom, razmotriti nastavak dijaloga - Serbia.com\",\"isPartOf\":{\"@id\":\"https:\\\/\\\/serbia.com\\\/#website\"},\"primaryImageOfPage\":{\"@id\":\"https:\\\/\\\/serbia.com\\\/srpski\\\/srbija-zgrozena-presudom-razmotriti-nastavak-dijaloga\\\/#primaryimage\"},\"image\":{\"@id\":\"https:\\\/\\\/serbia.com\\\/srpski\\\/srbija-zgrozena-presudom-razmotriti-nastavak-dijaloga\\\/#primaryimage\"},\"thumbnailUrl\":\"https:\\\/\\\/serbia.com\\\/wp-content\\\/uploads\\\/2015\\\/12\\\/marko-djuric-e1450175092318.jpg\",\"datePublished\":\"2016-01-21T13:38:59+00:00\",\"author\":{\"@id\":\"https:\\\/\\\/serbia.com\\\/#\\\/schema\\\/person\\\/6fe28d3055f5f291d832531e555da490\"},\"breadcrumb\":{\"@id\":\"https:\\\/\\\/serbia.com\\\/srpski\\\/srbija-zgrozena-presudom-razmotriti-nastavak-dijaloga\\\/#breadcrumb\"},\"inLanguage\":\"srpski\",\"potentialAction\":[{\"@type\":\"ReadAction\",\"target\":[\"https:\\\/\\\/serbia.com\\\/srpski\\\/srbija-zgrozena-presudom-razmotriti-nastavak-dijaloga\\\/\"]}]},{\"@type\":\"ImageObject\",\"inLanguage\":\"srpski\",\"@id\":\"https:\\\/\\\/serbia.com\\\/srpski\\\/srbija-zgrozena-presudom-razmotriti-nastavak-dijaloga\\\/#primaryimage\",\"url\":\"https:\\\/\\\/serbia.com\\\/wp-content\\\/uploads\\\/2015\\\/12\\\/marko-djuric-e1450175092318.jpg\",\"contentUrl\":\"https:\\\/\\\/serbia.com\\\/wp-content\\\/uploads\\\/2015\\\/12\\\/marko-djuric-e1450175092318.jpg\",\"width\":800,\"height\":533,\"caption\":\"Marko Djuric\"},{\"@type\":\"BreadcrumbList\",\"@id\":\"https:\\\/\\\/serbia.com\\\/srpski\\\/srbija-zgrozena-presudom-razmotriti-nastavak-dijaloga\\\/#breadcrumb\",\"itemListElement\":[{\"@type\":\"ListItem\",\"position\":1,\"name\":\"Home\",\"item\":\"https:\\\/\\\/serbia.com\\\/srpski\\\/srbija\\\/\"},{\"@type\":\"ListItem\",\"position\":2,\"name\":\"Srbija zgro\u017eena presudom, razmotriti nastavak dijaloga\"}]},{\"@type\":\"WebSite\",\"@id\":\"https:\\\/\\\/serbia.com\\\/#website\",\"url\":\"https:\\\/\\\/serbia.com\\\/\",\"name\":\"Serbia.com\",\"description\":\"Your Gateway to Serbia\",\"potentialAction\":[{\"@type\":\"SearchAction\",\"target\":{\"@type\":\"EntryPoint\",\"urlTemplate\":\"https:\\\/\\\/serbia.com\\\/?s={search_term_string}\"},\"query-input\":{\"@type\":\"PropertyValueSpecification\",\"valueRequired\":true,\"valueName\":\"search_term_string\"}}],\"inLanguage\":\"srpski\"},{\"@type\":\"Person\",\"@id\":\"https:\\\/\\\/serbia.com\\\/#\\\/schema\\\/person\\\/6fe28d3055f5f291d832531e555da490\",\"name\":\"Serbia.com\",\"image\":{\"@type\":\"ImageObject\",\"inLanguage\":\"srpski\",\"@id\":\"https:\\\/\\\/secure.gravatar.com\\\/avatar\\\/8381eb54f5b393857857cb5fd6c42264c9e14b10435326bc567fcc3511bd8df4?s=96&d=mm&r=g\",\"url\":\"https:\\\/\\\/secure.gravatar.com\\\/avatar\\\/8381eb54f5b393857857cb5fd6c42264c9e14b10435326bc567fcc3511bd8df4?s=96&d=mm&r=g\",\"contentUrl\":\"https:\\\/\\\/secure.gravatar.com\\\/avatar\\\/8381eb54f5b393857857cb5fd6c42264c9e14b10435326bc567fcc3511bd8df4?s=96&d=mm&r=g\",\"caption\":\"Serbia.com\"},\"url\":\"https:\\\/\\\/serbia.com\\\/srpski\\\/author\\\/serbia-com\\\/\"}]}<\/script>\n<!-- \/ Yoast SEO plugin. -->","yoast_head_json":{"title":"Srbija zgro\u017eena presudom, razmotriti nastavak dijaloga - Serbia.com","robots":{"index":"index","follow":"follow","max-snippet":"max-snippet:-1","max-image-preview":"max-image-preview:large","max-video-preview":"max-video-preview:-1"},"canonical":"https:\/\/serbia.com\/srpski\/srbija-zgrozena-presudom-razmotriti-nastavak-dijaloga\/","og_locale":"en_US","og_type":"article","og_title":"Srbija zgro\u017eena presudom, razmotriti nastavak dijaloga - Serbia.com","og_description":"Direktor Kancelarije za Kosovo i Metohiju Marko \u0110uri\u0107 izjavio je danas da je Srbija zgro\u017eena presudom lideru Gra\u0111anske inicijative SDP Oliveru Ivanovi\u0107u i da u takvoj atmosferi treba ozbiljno razmotriti [&hellip;]","og_url":"https:\/\/serbia.com\/srpski\/srbija-zgrozena-presudom-razmotriti-nastavak-dijaloga\/","og_site_name":"Serbia.com","article_published_time":"2016-01-21T13:38:59+00:00","og_image":[{"width":800,"height":533,"url":"https:\/\/serbia.com\/wp-content\/uploads\/2015\/12\/marko-djuric-e1450175092318.jpg","type":"image\/jpeg"}],"author":"Serbia.com","twitter_misc":{"Written by":"Serbia.com","Est. reading time":"3 minutes"},"schema":{"@context":"https:\/\/schema.org","@graph":[{"@type":"Article","@id":"https:\/\/serbia.com\/srpski\/srbija-zgrozena-presudom-razmotriti-nastavak-dijaloga\/#article","isPartOf":{"@id":"https:\/\/serbia.com\/srpski\/srbija-zgrozena-presudom-razmotriti-nastavak-dijaloga\/"},"author":{"name":"Serbia.com","@id":"https:\/\/serbia.com\/#\/schema\/person\/6fe28d3055f5f291d832531e555da490"},"headline":"Srbija zgro\u017eena presudom, razmotriti nastavak dijaloga","datePublished":"2016-01-21T13:38:59+00:00","mainEntityOfPage":{"@id":"https:\/\/serbia.com\/srpski\/srbija-zgrozena-presudom-razmotriti-nastavak-dijaloga\/"},"wordCount":705,"image":{"@id":"https:\/\/serbia.com\/srpski\/srbija-zgrozena-presudom-razmotriti-nastavak-dijaloga\/#primaryimage"},"thumbnailUrl":"https:\/\/serbia.com\/wp-content\/uploads\/2015\/12\/marko-djuric-e1450175092318.jpg","keywords":["Kosovo i Metohija","Marko Djuric","Oliver Ivanovi\u0107","Presuda","Pristina"],"articleSection":["Vesti"],"inLanguage":"srpski"},{"@type":"WebPage","@id":"https:\/\/serbia.com\/srpski\/srbija-zgrozena-presudom-razmotriti-nastavak-dijaloga\/","url":"https:\/\/serbia.com\/srpski\/srbija-zgrozena-presudom-razmotriti-nastavak-dijaloga\/","name":"Srbija zgro\u017eena presudom, razmotriti nastavak dijaloga - Serbia.com","isPartOf":{"@id":"https:\/\/serbia.com\/#website"},"primaryImageOfPage":{"@id":"https:\/\/serbia.com\/srpski\/srbija-zgrozena-presudom-razmotriti-nastavak-dijaloga\/#primaryimage"},"image":{"@id":"https:\/\/serbia.com\/srpski\/srbija-zgrozena-presudom-razmotriti-nastavak-dijaloga\/#primaryimage"},"thumbnailUrl":"https:\/\/serbia.com\/wp-content\/uploads\/2015\/12\/marko-djuric-e1450175092318.jpg","datePublished":"2016-01-21T13:38:59+00:00","author":{"@id":"https:\/\/serbia.com\/#\/schema\/person\/6fe28d3055f5f291d832531e555da490"},"breadcrumb":{"@id":"https:\/\/serbia.com\/srpski\/srbija-zgrozena-presudom-razmotriti-nastavak-dijaloga\/#breadcrumb"},"inLanguage":"srpski","potentialAction":[{"@type":"ReadAction","target":["https:\/\/serbia.com\/srpski\/srbija-zgrozena-presudom-razmotriti-nastavak-dijaloga\/"]}]},{"@type":"ImageObject","inLanguage":"srpski","@id":"https:\/\/serbia.com\/srpski\/srbija-zgrozena-presudom-razmotriti-nastavak-dijaloga\/#primaryimage","url":"https:\/\/serbia.com\/wp-content\/uploads\/2015\/12\/marko-djuric-e1450175092318.jpg","contentUrl":"https:\/\/serbia.com\/wp-content\/uploads\/2015\/12\/marko-djuric-e1450175092318.jpg","width":800,"height":533,"caption":"Marko Djuric"},{"@type":"BreadcrumbList","@id":"https:\/\/serbia.com\/srpski\/srbija-zgrozena-presudom-razmotriti-nastavak-dijaloga\/#breadcrumb","itemListElement":[{"@type":"ListItem","position":1,"name":"Home","item":"https:\/\/serbia.com\/srpski\/srbija\/"},{"@type":"ListItem","position":2,"name":"Srbija zgro\u017eena presudom, razmotriti nastavak dijaloga"}]},{"@type":"WebSite","@id":"https:\/\/serbia.com\/#website","url":"https:\/\/serbia.com\/","name":"Serbia.com","description":"Your Gateway to Serbia","potentialAction":[{"@type":"SearchAction","target":{"@type":"EntryPoint","urlTemplate":"https:\/\/serbia.com\/?s={search_term_string}"},"query-input":{"@type":"PropertyValueSpecification","valueRequired":true,"valueName":"search_term_string"}}],"inLanguage":"srpski"},{"@type":"Person","@id":"https:\/\/serbia.com\/#\/schema\/person\/6fe28d3055f5f291d832531e555da490","name":"Serbia.com","image":{"@type":"ImageObject","inLanguage":"srpski","@id":"https:\/\/secure.gravatar.com\/avatar\/8381eb54f5b393857857cb5fd6c42264c9e14b10435326bc567fcc3511bd8df4?s=96&d=mm&r=g","url":"https:\/\/secure.gravatar.com\/avatar\/8381eb54f5b393857857cb5fd6c42264c9e14b10435326bc567fcc3511bd8df4?s=96&d=mm&r=g","contentUrl":"https:\/\/secure.gravatar.com\/avatar\/8381eb54f5b393857857cb5fd6c42264c9e14b10435326bc567fcc3511bd8df4?s=96&d=mm&r=g","caption":"Serbia.com"},"url":"https:\/\/serbia.com\/srpski\/author\/serbia-com\/"}]}},"brizy_media":[],"_links":{"self":[{"href":"https:\/\/serbia.com\/srpski\/wp-json\/wp\/v2\/posts\/44395","targetHints":{"allow":["GET"]}}],"collection":[{"href":"https:\/\/serbia.com\/srpski\/wp-json\/wp\/v2\/posts"}],"about":[{"href":"https:\/\/serbia.com\/srpski\/wp-json\/wp\/v2\/types\/post"}],"author":[{"embeddable":true,"href":"https:\/\/serbia.com\/srpski\/wp-json\/wp\/v2\/users\/9"}],"replies":[{"embeddable":true,"href":"https:\/\/serbia.com\/srpski\/wp-json\/wp\/v2\/comments?post=44395"}],"version-history":[{"count":0,"href":"https:\/\/serbia.com\/srpski\/wp-json\/wp\/v2\/posts\/44395\/revisions"}],"wp:featuredmedia":[{"embeddable":true,"href":"https:\/\/serbia.com\/srpski\/wp-json\/wp\/v2\/media\/42221"}],"wp:attachment":[{"href":"https:\/\/serbia.com\/srpski\/wp-json\/wp\/v2\/media?parent=44395"}],"wp:term":[{"taxonomy":"category","embeddable":true,"href":"https:\/\/serbia.com\/srpski\/wp-json\/wp\/v2\/categories?post=44395"},{"taxonomy":"post_tag","embeddable":true,"href":"https:\/\/serbia.com\/srpski\/wp-json\/wp\/v2\/tags?post=44395"}],"curies":[{"name":"wp","href":"https:\/\/api.w.org\/{rel}","templated":true}]}}