{"id":44390,"date":"2016-01-21T14:34:39","date_gmt":"2016-01-21T13:34:39","guid":{"rendered":"http:\/\/www.serbia.com\/srpski\/?p=44390"},"modified":"2016-01-21T14:34:39","modified_gmt":"2016-01-21T13:34:39","slug":"ivanovicu-devet-godina-zatvora-za-zlocin-iz-1999-godine","status":"publish","type":"post","link":"https:\/\/serbia.com\/srpski\/ivanovicu-devet-godina-zatvora-za-zlocin-iz-1999-godine\/","title":{"rendered":"Ivanovi\u0107u devet godina zatvora za zlo\u010din iz 1999. godine"},"content":{"rendered":"<h4>Euleksovo sudsko ve\u0107e izreklo je danas u Osnovnom sudu u Kosovskoj Mitrovici lideru Gra\u0111anske inicijative SDP Oliveru Ivanovi\u0107u kaznu zatvora od devet godina zbog ratnih zlo\u010dina po\u010dinjenih 1999. godine u tom gradu.<\/h4>\n<p>Ivanovi\u0107 \u0107e ostati u pritvoru do pravosna\u017enosti presude, odlu\u010dilo je Euleksovo sudsko ve\u0107e.<\/p>\n<p>Ostala \u010detvorica optu\u017eenih Srba &#8211; biv\u0161i policijski pukovnik MUP-a Srbije Dragoljub Deliba\u0161i\u0107, profesor Aleksandar Lazovi\u0107, advokat Ilija Vuja\u010di\u0107 i pravnik Neboj\u0161a Vuja\u010di\u0107 oslobo\u0111eni su optu\u017ebi.<\/p>\n<p>Ivanovi\u0107a je osudilo Euleksovo sudsko ve\u0107e, kojim je predsedavala rumunka Roksana Kom\u0161a, na devet godina zatvora zbog ratnih zlo\u010dina po\u010dinjenih 14. aprila 1999. godine.<\/p>\n<p>Sudija Kom\u0161a navela je u presudi da su srpske snage tada organizovale akciju \u010di\u0161\u0107enja Ju\u017ene Mitrovice sa ciljem proterivanja Albanaca, da su brojne albanske porodice silom izba\u010dene iz svojih ku\u0107a i stanova i da su mu\u0161karci odvojeni od \u017eena i dece.<\/p>\n<p>Ivanovi\u0107 je, kako je navedeno u presudi, bio deo paramilitaraca, nosio plavu uniformu i bio je naoru\u017ean, a pred devetoricom Albanaca na pitanje jednog \u010dlana srpske paravojne policije &#8220;\u0160ta da rade sa njima (Albancima)&#8221; Ivanovi\u0107 je odgovorio: &#8220;\u0160to me pita\u0161, postupi po nare\u0111enju&#8221;.<\/p>\n<p>Sudija je navela da je Ivanovi\u0107 bio svestan operacije proterivanja i ubijanja Albanaca civila i &#8220;da je voljno postupao znaju\u0107i da \u0107e do\u0107i do ubistva&#8221;.<\/p>\n<p>U presudi je navedeno tako\u0111e, da se nije moglo ustanoviti van svake sumnje da je Ivanovi\u0107, kada je preduzimao radnje, postupao u svojstvu lidera, vo\u0111e srpskih paramilitaraca ili vo\u0111e srpske policije.<\/p>\n<p>Ivanovi\u0107 je oslobo\u0111en optu\u017ebi za krivi\u010dna dela iz februara 2000. godine.<\/p>\n<p>Vreme od skoro dve godine provedeno u pritvoru bi\u0107e ura\u010dunato u zatvorsku kaznu, a du\u017ean je da nadoknadi tro\u0161kove su\u0111enja u iznosu od 750 evra.<\/p>\n<p>U sudnici se za\u010duo pla\u010d rodbine i negodovanje nakon \u0161to je Ivanovi\u0107u izre\u010dena vi\u0161egodi\u0161nja zatvorska kazna.<\/p>\n<p>U Kosovskoj Mitrovici bilo je vidljivo poja\u010dano prisustvo Kosovske policije. Obe kapije koje vode prema zgradi suda bile su zatvorene i kontrolisali su ih pripadnici Kosovske policije.<\/p>\n<p>Pripadnici policije bili su raspore\u0111eni u ve\u0107em broju u krugu suda, kontrolisali su i prilazne ulice sudu a saobra\u0107aj je bio zatvoren u par ulica koje vode prema zgradi suda u Kosovskoj Mitrovici.<\/p>\n<p>Doga\u0111aj je izazvao i veliko interesovanje medija.<\/p>\n<p>U sudnici su pored rodbine i prijatelja petorice Srba bili i oficir za vezu za Pri\u0161tinom Vlade Srbije Dejan Pavi\u0107evi\u0107 i zamenik direktora Kancelarije za Kosovo i Metohiju Du\u0161an Kozarev.<\/p>\n<p>Euleks je Ivanovi\u0107a li\u0161io slobode pre skoro dve godine 27. januara 2014. a sudski proces tokom kojeg je saslu\u0161an 81 svedok, trajao je od 19. decembra 2015 godine.<\/p>\n<p>Ivanovi\u0107 je zajedno sa Deliba\u0161i\u0107em izricanje presude do\u010dekao u ku\u0107nom pritvoru dok su se ostala trojica Srba branili sa slobode.<\/p>\n<p>Na presudu Ivanovi\u0107u reagovao je potpredsednik vlade Rasim Ljaji\u0107, koji je istakao da je presuda pre politi\u010dki nego pravno motivisana.<\/p>\n<p>&#8220;Optu\u017eiti Ivanovi\u0107a za ove zlo\u010dine je nepojmljivo sa onim \u0161to je on radio, s jedne strane za \u010ditavo dru\u0161tvo, a sa druge na re\u0161avanju problema Kosova&#8230;, to nikad nije bilo protivno demokratskim na\u010delima re\u0161savanja tog pitanja&#8221;, rekao Ljaji\u0107 novinarima u Parlametu.<\/p>\n<p>Direktor vladine kancelarije za KiM Marko \u0110uri\u0107 poru\u010dio je da u ovakvoj atmosferi treba ozbiljno razmotriti da li treba nastaviti dijalog sa Pri\u0161tinom.<\/p>\n<p>Predsednik skup\u0161tinskog Odbora za Kosovo i Metohiju Milovan Drecun ocenio je da \u0107e se presuda Ivanovi\u0107u odraziti na politi\u010dku stabilnost i bezbednosnu situaciju na severu Kosova i Metohije.<\/p>\n<p>&#8220;Presuda \u0107e se odraziti na politi\u010dku stabilnost na severu Kosova i Metohije, jer \u0107e mnogi Srbi imati ose\u0107aj da sud nije bio dovoljno objektivan i da je to poruka Srbima da mogu da budu procesuirani za ono \u0161to nisu u\u010dinili&#8221;, rekao je Drecun Tanjugu.<\/p>\n<p>Da je malo dokaza protiv Ivanovi\u0107a smatra direktor Komiteta pravnika za ljudska prava (YUCOM) Milan Antonijevi\u0107, poru\u010duju\u0107i da treba sa\u010dekati pravosna\u017enu presudu.<\/p>\n<p>&#8220;Kolege iz Pri\u0161tine, koje su pratile ceo postupak, govore da ima veoma malo dokaza koji direktno optu\u017euju Ivanovi\u0107a, zbog \u010dega bi trebalo sa\u010dekati da vidimo kako \u0107e me\u0111unarodno sude\u0107e ve\u0107e da obrazlo\u017ei presudu&#8221;, rekao je Antonijevi\u0107 Tanjugu.<\/p>\n<p>Izvor: Tanjug<\/p>\n","protected":false},"excerpt":{"rendered":"<p>Euleksovo sudsko ve\u0107e izreklo je danas u Osnovnom sudu u Kosovskoj Mitrovici lideru Gra\u0111anske inicijative SDP Oliveru Ivanovi\u0107u kaznu zatvora od devet godina zbog ratnih zlo\u010dina po\u010dinjenih 1999. godine u [&hellip;]<\/p>\n","protected":false},"author":9,"featured_media":44385,"comment_status":"closed","ping_status":"closed","sticky":false,"template":"","format":"standard","meta":{"_acf_changed":false,"inline_featured_image":false,"_monsterinsights_skip_tracking":false,"_monsterinsights_sitenote_active":false,"_monsterinsights_sitenote_note":"","_monsterinsights_sitenote_category":0,"footnotes":""},"categories":[2700],"tags":[3836,3947,4386,4430],"class_list":["post-44390","post","type-post","status-publish","format-standard","has-post-thumbnail","hentry","category-vesti","tag-kosovo","tag-kosovska-mitrovica","tag-oliver-ivanovic","tag-ratni-zlocini-1999"],"acf":[],"yoast_head":"<!-- This site is optimized with the Yoast SEO plugin v27.4 - https:\/\/yoast.com\/product\/yoast-seo-wordpress\/ -->\n<title>Ivanovi\u0107u devet godina zatvora za zlo\u010din iz 1999. godine - Serbia.com<\/title>\n<meta name=\"robots\" content=\"index, follow, max-snippet:-1, max-image-preview:large, max-video-preview:-1\" \/>\n<link rel=\"canonical\" href=\"https:\/\/serbia.com\/srpski\/ivanovicu-devet-godina-zatvora-za-zlocin-iz-1999-godine\/\" \/>\n<meta property=\"og:locale\" content=\"en_US\" \/>\n<meta property=\"og:type\" content=\"article\" \/>\n<meta property=\"og:title\" content=\"Ivanovi\u0107u devet godina zatvora za zlo\u010din iz 1999. godine - Serbia.com\" \/>\n<meta property=\"og:description\" content=\"Euleksovo sudsko ve\u0107e izreklo je danas u Osnovnom sudu u Kosovskoj Mitrovici lideru Gra\u0111anske inicijative SDP Oliveru Ivanovi\u0107u kaznu zatvora od devet godina zbog ratnih zlo\u010dina po\u010dinjenih 1999. godine u [&hellip;]\" \/>\n<meta property=\"og:url\" content=\"https:\/\/serbia.com\/srpski\/ivanovicu-devet-godina-zatvora-za-zlocin-iz-1999-godine\/\" \/>\n<meta property=\"og:site_name\" content=\"Serbia.com\" \/>\n<meta property=\"article:published_time\" content=\"2016-01-21T13:34:39+00:00\" \/>\n<meta property=\"og:image\" content=\"https:\/\/serbia.com\/wp-content\/uploads\/2016\/01\/pol-ivanovic.jpg\" \/>\n\t<meta property=\"og:image:width\" content=\"800\" \/>\n\t<meta property=\"og:image:height\" content=\"512\" \/>\n\t<meta property=\"og:image:type\" content=\"image\/jpeg\" \/>\n<meta name=\"author\" content=\"Serbia.com\" \/>\n<meta name=\"twitter:label1\" content=\"Written by\" \/>\n\t<meta name=\"twitter:data1\" content=\"Serbia.com\" \/>\n\t<meta name=\"twitter:label2\" content=\"Est. reading time\" \/>\n\t<meta name=\"twitter:data2\" content=\"4 minutes\" \/>\n<script type=\"application\/ld+json\" class=\"yoast-schema-graph\">{\"@context\":\"https:\\\/\\\/schema.org\",\"@graph\":[{\"@type\":\"Article\",\"@id\":\"https:\\\/\\\/serbia.com\\\/srpski\\\/ivanovicu-devet-godina-zatvora-za-zlocin-iz-1999-godine\\\/#article\",\"isPartOf\":{\"@id\":\"https:\\\/\\\/serbia.com\\\/srpski\\\/ivanovicu-devet-godina-zatvora-za-zlocin-iz-1999-godine\\\/\"},\"author\":{\"name\":\"Serbia.com\",\"@id\":\"https:\\\/\\\/serbia.com\\\/#\\\/schema\\\/person\\\/6fe28d3055f5f291d832531e555da490\"},\"headline\":\"Ivanovi\u0107u devet godina zatvora za zlo\u010din iz 1999. godine\",\"datePublished\":\"2016-01-21T13:34:39+00:00\",\"mainEntityOfPage\":{\"@id\":\"https:\\\/\\\/serbia.com\\\/srpski\\\/ivanovicu-devet-godina-zatvora-za-zlocin-iz-1999-godine\\\/\"},\"wordCount\":740,\"image\":{\"@id\":\"https:\\\/\\\/serbia.com\\\/srpski\\\/ivanovicu-devet-godina-zatvora-za-zlocin-iz-1999-godine\\\/#primaryimage\"},\"thumbnailUrl\":\"https:\\\/\\\/serbia.com\\\/wp-content\\\/uploads\\\/2016\\\/01\\\/pol-ivanovic.jpg\",\"keywords\":[\"Kosovo\",\"Kosovska Mitrovica\",\"Oliver Ivanovi\u0107\",\"Ratni zlo\u010dini 1999\"],\"articleSection\":[\"Vesti\"],\"inLanguage\":\"srpski\"},{\"@type\":\"WebPage\",\"@id\":\"https:\\\/\\\/serbia.com\\\/srpski\\\/ivanovicu-devet-godina-zatvora-za-zlocin-iz-1999-godine\\\/\",\"url\":\"https:\\\/\\\/serbia.com\\\/srpski\\\/ivanovicu-devet-godina-zatvora-za-zlocin-iz-1999-godine\\\/\",\"name\":\"Ivanovi\u0107u devet godina zatvora za zlo\u010din iz 1999. godine - Serbia.com\",\"isPartOf\":{\"@id\":\"https:\\\/\\\/serbia.com\\\/#website\"},\"primaryImageOfPage\":{\"@id\":\"https:\\\/\\\/serbia.com\\\/srpski\\\/ivanovicu-devet-godina-zatvora-za-zlocin-iz-1999-godine\\\/#primaryimage\"},\"image\":{\"@id\":\"https:\\\/\\\/serbia.com\\\/srpski\\\/ivanovicu-devet-godina-zatvora-za-zlocin-iz-1999-godine\\\/#primaryimage\"},\"thumbnailUrl\":\"https:\\\/\\\/serbia.com\\\/wp-content\\\/uploads\\\/2016\\\/01\\\/pol-ivanovic.jpg\",\"datePublished\":\"2016-01-21T13:34:39+00:00\",\"author\":{\"@id\":\"https:\\\/\\\/serbia.com\\\/#\\\/schema\\\/person\\\/6fe28d3055f5f291d832531e555da490\"},\"breadcrumb\":{\"@id\":\"https:\\\/\\\/serbia.com\\\/srpski\\\/ivanovicu-devet-godina-zatvora-za-zlocin-iz-1999-godine\\\/#breadcrumb\"},\"inLanguage\":\"srpski\",\"potentialAction\":[{\"@type\":\"ReadAction\",\"target\":[\"https:\\\/\\\/serbia.com\\\/srpski\\\/ivanovicu-devet-godina-zatvora-za-zlocin-iz-1999-godine\\\/\"]}]},{\"@type\":\"ImageObject\",\"inLanguage\":\"srpski\",\"@id\":\"https:\\\/\\\/serbia.com\\\/srpski\\\/ivanovicu-devet-godina-zatvora-za-zlocin-iz-1999-godine\\\/#primaryimage\",\"url\":\"https:\\\/\\\/serbia.com\\\/wp-content\\\/uploads\\\/2016\\\/01\\\/pol-ivanovic.jpg\",\"contentUrl\":\"https:\\\/\\\/serbia.com\\\/wp-content\\\/uploads\\\/2016\\\/01\\\/pol-ivanovic.jpg\",\"width\":800,\"height\":512,\"caption\":\"Oliver Ivanovi\u0107\"},{\"@type\":\"BreadcrumbList\",\"@id\":\"https:\\\/\\\/serbia.com\\\/srpski\\\/ivanovicu-devet-godina-zatvora-za-zlocin-iz-1999-godine\\\/#breadcrumb\",\"itemListElement\":[{\"@type\":\"ListItem\",\"position\":1,\"name\":\"Home\",\"item\":\"https:\\\/\\\/serbia.com\\\/srpski\\\/srbija\\\/\"},{\"@type\":\"ListItem\",\"position\":2,\"name\":\"Ivanovi\u0107u devet godina zatvora za zlo\u010din iz 1999. godine\"}]},{\"@type\":\"WebSite\",\"@id\":\"https:\\\/\\\/serbia.com\\\/#website\",\"url\":\"https:\\\/\\\/serbia.com\\\/\",\"name\":\"Serbia.com\",\"description\":\"Your Gateway to Serbia\",\"potentialAction\":[{\"@type\":\"SearchAction\",\"target\":{\"@type\":\"EntryPoint\",\"urlTemplate\":\"https:\\\/\\\/serbia.com\\\/?s={search_term_string}\"},\"query-input\":{\"@type\":\"PropertyValueSpecification\",\"valueRequired\":true,\"valueName\":\"search_term_string\"}}],\"inLanguage\":\"srpski\"},{\"@type\":\"Person\",\"@id\":\"https:\\\/\\\/serbia.com\\\/#\\\/schema\\\/person\\\/6fe28d3055f5f291d832531e555da490\",\"name\":\"Serbia.com\",\"image\":{\"@type\":\"ImageObject\",\"inLanguage\":\"srpski\",\"@id\":\"https:\\\/\\\/secure.gravatar.com\\\/avatar\\\/8381eb54f5b393857857cb5fd6c42264c9e14b10435326bc567fcc3511bd8df4?s=96&d=mm&r=g\",\"url\":\"https:\\\/\\\/secure.gravatar.com\\\/avatar\\\/8381eb54f5b393857857cb5fd6c42264c9e14b10435326bc567fcc3511bd8df4?s=96&d=mm&r=g\",\"contentUrl\":\"https:\\\/\\\/secure.gravatar.com\\\/avatar\\\/8381eb54f5b393857857cb5fd6c42264c9e14b10435326bc567fcc3511bd8df4?s=96&d=mm&r=g\",\"caption\":\"Serbia.com\"},\"url\":\"https:\\\/\\\/serbia.com\\\/srpski\\\/author\\\/serbia-com\\\/\"}]}<\/script>\n<!-- \/ Yoast SEO plugin. -->","yoast_head_json":{"title":"Ivanovi\u0107u devet godina zatvora za zlo\u010din iz 1999. godine - Serbia.com","robots":{"index":"index","follow":"follow","max-snippet":"max-snippet:-1","max-image-preview":"max-image-preview:large","max-video-preview":"max-video-preview:-1"},"canonical":"https:\/\/serbia.com\/srpski\/ivanovicu-devet-godina-zatvora-za-zlocin-iz-1999-godine\/","og_locale":"en_US","og_type":"article","og_title":"Ivanovi\u0107u devet godina zatvora za zlo\u010din iz 1999. godine - Serbia.com","og_description":"Euleksovo sudsko ve\u0107e izreklo je danas u Osnovnom sudu u Kosovskoj Mitrovici lideru Gra\u0111anske inicijative SDP Oliveru Ivanovi\u0107u kaznu zatvora od devet godina zbog ratnih zlo\u010dina po\u010dinjenih 1999. godine u [&hellip;]","og_url":"https:\/\/serbia.com\/srpski\/ivanovicu-devet-godina-zatvora-za-zlocin-iz-1999-godine\/","og_site_name":"Serbia.com","article_published_time":"2016-01-21T13:34:39+00:00","og_image":[{"width":800,"height":512,"url":"https:\/\/serbia.com\/wp-content\/uploads\/2016\/01\/pol-ivanovic.jpg","type":"image\/jpeg"}],"author":"Serbia.com","twitter_misc":{"Written by":"Serbia.com","Est. reading time":"4 minutes"},"schema":{"@context":"https:\/\/schema.org","@graph":[{"@type":"Article","@id":"https:\/\/serbia.com\/srpski\/ivanovicu-devet-godina-zatvora-za-zlocin-iz-1999-godine\/#article","isPartOf":{"@id":"https:\/\/serbia.com\/srpski\/ivanovicu-devet-godina-zatvora-za-zlocin-iz-1999-godine\/"},"author":{"name":"Serbia.com","@id":"https:\/\/serbia.com\/#\/schema\/person\/6fe28d3055f5f291d832531e555da490"},"headline":"Ivanovi\u0107u devet godina zatvora za zlo\u010din iz 1999. godine","datePublished":"2016-01-21T13:34:39+00:00","mainEntityOfPage":{"@id":"https:\/\/serbia.com\/srpski\/ivanovicu-devet-godina-zatvora-za-zlocin-iz-1999-godine\/"},"wordCount":740,"image":{"@id":"https:\/\/serbia.com\/srpski\/ivanovicu-devet-godina-zatvora-za-zlocin-iz-1999-godine\/#primaryimage"},"thumbnailUrl":"https:\/\/serbia.com\/wp-content\/uploads\/2016\/01\/pol-ivanovic.jpg","keywords":["Kosovo","Kosovska Mitrovica","Oliver Ivanovi\u0107","Ratni zlo\u010dini 1999"],"articleSection":["Vesti"],"inLanguage":"srpski"},{"@type":"WebPage","@id":"https:\/\/serbia.com\/srpski\/ivanovicu-devet-godina-zatvora-za-zlocin-iz-1999-godine\/","url":"https:\/\/serbia.com\/srpski\/ivanovicu-devet-godina-zatvora-za-zlocin-iz-1999-godine\/","name":"Ivanovi\u0107u devet godina zatvora za zlo\u010din iz 1999. godine - Serbia.com","isPartOf":{"@id":"https:\/\/serbia.com\/#website"},"primaryImageOfPage":{"@id":"https:\/\/serbia.com\/srpski\/ivanovicu-devet-godina-zatvora-za-zlocin-iz-1999-godine\/#primaryimage"},"image":{"@id":"https:\/\/serbia.com\/srpski\/ivanovicu-devet-godina-zatvora-za-zlocin-iz-1999-godine\/#primaryimage"},"thumbnailUrl":"https:\/\/serbia.com\/wp-content\/uploads\/2016\/01\/pol-ivanovic.jpg","datePublished":"2016-01-21T13:34:39+00:00","author":{"@id":"https:\/\/serbia.com\/#\/schema\/person\/6fe28d3055f5f291d832531e555da490"},"breadcrumb":{"@id":"https:\/\/serbia.com\/srpski\/ivanovicu-devet-godina-zatvora-za-zlocin-iz-1999-godine\/#breadcrumb"},"inLanguage":"srpski","potentialAction":[{"@type":"ReadAction","target":["https:\/\/serbia.com\/srpski\/ivanovicu-devet-godina-zatvora-za-zlocin-iz-1999-godine\/"]}]},{"@type":"ImageObject","inLanguage":"srpski","@id":"https:\/\/serbia.com\/srpski\/ivanovicu-devet-godina-zatvora-za-zlocin-iz-1999-godine\/#primaryimage","url":"https:\/\/serbia.com\/wp-content\/uploads\/2016\/01\/pol-ivanovic.jpg","contentUrl":"https:\/\/serbia.com\/wp-content\/uploads\/2016\/01\/pol-ivanovic.jpg","width":800,"height":512,"caption":"Oliver Ivanovi\u0107"},{"@type":"BreadcrumbList","@id":"https:\/\/serbia.com\/srpski\/ivanovicu-devet-godina-zatvora-za-zlocin-iz-1999-godine\/#breadcrumb","itemListElement":[{"@type":"ListItem","position":1,"name":"Home","item":"https:\/\/serbia.com\/srpski\/srbija\/"},{"@type":"ListItem","position":2,"name":"Ivanovi\u0107u devet godina zatvora za zlo\u010din iz 1999. godine"}]},{"@type":"WebSite","@id":"https:\/\/serbia.com\/#website","url":"https:\/\/serbia.com\/","name":"Serbia.com","description":"Your Gateway to Serbia","potentialAction":[{"@type":"SearchAction","target":{"@type":"EntryPoint","urlTemplate":"https:\/\/serbia.com\/?s={search_term_string}"},"query-input":{"@type":"PropertyValueSpecification","valueRequired":true,"valueName":"search_term_string"}}],"inLanguage":"srpski"},{"@type":"Person","@id":"https:\/\/serbia.com\/#\/schema\/person\/6fe28d3055f5f291d832531e555da490","name":"Serbia.com","image":{"@type":"ImageObject","inLanguage":"srpski","@id":"https:\/\/secure.gravatar.com\/avatar\/8381eb54f5b393857857cb5fd6c42264c9e14b10435326bc567fcc3511bd8df4?s=96&d=mm&r=g","url":"https:\/\/secure.gravatar.com\/avatar\/8381eb54f5b393857857cb5fd6c42264c9e14b10435326bc567fcc3511bd8df4?s=96&d=mm&r=g","contentUrl":"https:\/\/secure.gravatar.com\/avatar\/8381eb54f5b393857857cb5fd6c42264c9e14b10435326bc567fcc3511bd8df4?s=96&d=mm&r=g","caption":"Serbia.com"},"url":"https:\/\/serbia.com\/srpski\/author\/serbia-com\/"}]}},"brizy_media":[],"_links":{"self":[{"href":"https:\/\/serbia.com\/srpski\/wp-json\/wp\/v2\/posts\/44390","targetHints":{"allow":["GET"]}}],"collection":[{"href":"https:\/\/serbia.com\/srpski\/wp-json\/wp\/v2\/posts"}],"about":[{"href":"https:\/\/serbia.com\/srpski\/wp-json\/wp\/v2\/types\/post"}],"author":[{"embeddable":true,"href":"https:\/\/serbia.com\/srpski\/wp-json\/wp\/v2\/users\/9"}],"replies":[{"embeddable":true,"href":"https:\/\/serbia.com\/srpski\/wp-json\/wp\/v2\/comments?post=44390"}],"version-history":[{"count":0,"href":"https:\/\/serbia.com\/srpski\/wp-json\/wp\/v2\/posts\/44390\/revisions"}],"wp:featuredmedia":[{"embeddable":true,"href":"https:\/\/serbia.com\/srpski\/wp-json\/wp\/v2\/media\/44385"}],"wp:attachment":[{"href":"https:\/\/serbia.com\/srpski\/wp-json\/wp\/v2\/media?parent=44390"}],"wp:term":[{"taxonomy":"category","embeddable":true,"href":"https:\/\/serbia.com\/srpski\/wp-json\/wp\/v2\/categories?post=44390"},{"taxonomy":"post_tag","embeddable":true,"href":"https:\/\/serbia.com\/srpski\/wp-json\/wp\/v2\/tags?post=44390"}],"curies":[{"name":"wp","href":"https:\/\/api.w.org\/{rel}","templated":true}]}}