{"id":44363,"date":"2016-01-20T18:36:49","date_gmt":"2016-01-20T17:36:49","guid":{"rendered":"http:\/\/www.serbia.com\/srpski\/?p=44363"},"modified":"2016-01-20T18:36:49","modified_gmt":"2016-01-20T17:36:49","slug":"kirbi-pohvalio-rezultate-reformi-i-odnos-prema-migrantima","status":"publish","type":"post","link":"https:\/\/serbia.com\/srpski\/kirbi-pohvalio-rezultate-reformi-i-odnos-prema-migrantima\/","title":{"rendered":"Kirbi pohvalio rezultate reformi i odnos prema migrantima"},"content":{"rendered":"<h4>Ministar za rad, zapo\u0161ljavanje, bora\u010dka i socijalna pitanja, Aleksandar Vulin primio je danas u opro\u0161tajnu posetu ambasadora SAD Majkla Kirbija koji je \u010destitao Srbiji na rezultatima reformskih promena i pohvalio odnos prema migrantima.<\/h4>\n<p>Kako je saop\u0161teno iz Ministarstva za rad, Kirbi je posebno \u010destitao Srbiji \u00a0na smanjenju sive ekonomije i suzbijanju rada \u201ena crno\u201d.<\/p>\n<p>Tako\u0111e, Kirbi je pohvalio na\u010din na koji se Vlada Republike Srbije odnosi prema migrantima, kao i mere koje je uvela u cilju re\u0161avanja migrantske krize.<\/p>\n<p>Ministar Vulin je zahvalio Kirbiju za sve donacije SAD me\u0111unarodnim organizacijama u Srbiji za pomo\u0107 migrantima, kao i na njegovom li\u010dnom doprinosu u unapre\u0111enju odnosa izme\u0111u na\u0161ih zemalja, navodi se u saop\u0161tenju.<\/p>\n<p>Izvor: Tanjug<\/p>\n","protected":false},"excerpt":{"rendered":"<p>Ministar za rad, zapo\u0161ljavanje, bora\u010dka i socijalna pitanja, Aleksandar Vulin primio je danas u opro\u0161tajnu posetu ambasadora SAD Majkla Kirbija koji je \u010destitao Srbiji na rezultatima reformskih promena i pohvalio [&hellip;]<\/p>\n","protected":false},"author":9,"featured_media":44360,"comment_status":"closed","ping_status":"closed","sticky":false,"template":"","format":"standard","meta":{"_acf_changed":false,"inline_featured_image":false,"_monsterinsights_skip_tracking":false,"_monsterinsights_sitenote_active":false,"_monsterinsights_sitenote_note":"","_monsterinsights_sitenote_category":0,"footnotes":""},"categories":[2700],"tags":[4138],"class_list":["post-44363","post","type-post","status-publish","format-standard","has-post-thumbnail","hentry","category-vesti","tag-majkl-kirbi"],"acf":[],"yoast_head":"<!-- This site is optimized with the Yoast SEO plugin v27.4 - https:\/\/yoast.com\/product\/yoast-seo-wordpress\/ -->\n<title>Kirbi pohvalio rezultate reformi i odnos prema migrantima - Serbia.com<\/title>\n<meta name=\"robots\" content=\"index, follow, max-snippet:-1, max-image-preview:large, max-video-preview:-1\" \/>\n<link rel=\"canonical\" href=\"https:\/\/serbia.com\/srpski\/kirbi-pohvalio-rezultate-reformi-i-odnos-prema-migrantima\/\" \/>\n<meta property=\"og:locale\" content=\"en_US\" \/>\n<meta property=\"og:type\" content=\"article\" \/>\n<meta property=\"og:title\" content=\"Kirbi pohvalio rezultate reformi i odnos prema migrantima - Serbia.com\" \/>\n<meta property=\"og:description\" content=\"Ministar za rad, zapo\u0161ljavanje, bora\u010dka i socijalna pitanja, Aleksandar Vulin primio je danas u opro\u0161tajnu posetu ambasadora SAD Majkla Kirbija koji je \u010destitao Srbiji na rezultatima reformskih promena i pohvalio [&hellip;]\" \/>\n<meta property=\"og:url\" content=\"https:\/\/serbia.com\/srpski\/kirbi-pohvalio-rezultate-reformi-i-odnos-prema-migrantima\/\" \/>\n<meta property=\"og:site_name\" content=\"Serbia.com\" \/>\n<meta property=\"article:published_time\" content=\"2016-01-20T17:36:49+00:00\" \/>\n<meta property=\"og:image\" content=\"https:\/\/serbia.com\/wp-content\/uploads\/2016\/01\/kirby-us-ambassador-2.jpg\" \/>\n\t<meta property=\"og:image:width\" content=\"800\" \/>\n\t<meta property=\"og:image:height\" content=\"509\" \/>\n\t<meta property=\"og:image:type\" content=\"image\/jpeg\" \/>\n<meta name=\"author\" content=\"Serbia.com\" \/>\n<meta name=\"twitter:label1\" content=\"Written by\" \/>\n\t<meta name=\"twitter:data1\" content=\"Serbia.com\" \/>\n\t<meta name=\"twitter:label2\" content=\"Est. reading time\" \/>\n\t<meta name=\"twitter:data2\" content=\"1 minute\" \/>\n<script type=\"application\/ld+json\" class=\"yoast-schema-graph\">{\"@context\":\"https:\\\/\\\/schema.org\",\"@graph\":[{\"@type\":\"Article\",\"@id\":\"https:\\\/\\\/serbia.com\\\/srpski\\\/kirbi-pohvalio-rezultate-reformi-i-odnos-prema-migrantima\\\/#article\",\"isPartOf\":{\"@id\":\"https:\\\/\\\/serbia.com\\\/srpski\\\/kirbi-pohvalio-rezultate-reformi-i-odnos-prema-migrantima\\\/\"},\"author\":{\"name\":\"Serbia.com\",\"@id\":\"https:\\\/\\\/serbia.com\\\/#\\\/schema\\\/person\\\/6fe28d3055f5f291d832531e555da490\"},\"headline\":\"Kirbi pohvalio rezultate reformi i odnos prema migrantima\",\"datePublished\":\"2016-01-20T17:36:49+00:00\",\"mainEntityOfPage\":{\"@id\":\"https:\\\/\\\/serbia.com\\\/srpski\\\/kirbi-pohvalio-rezultate-reformi-i-odnos-prema-migrantima\\\/\"},\"wordCount\":134,\"image\":{\"@id\":\"https:\\\/\\\/serbia.com\\\/srpski\\\/kirbi-pohvalio-rezultate-reformi-i-odnos-prema-migrantima\\\/#primaryimage\"},\"thumbnailUrl\":\"https:\\\/\\\/serbia.com\\\/wp-content\\\/uploads\\\/2016\\\/01\\\/kirby-us-ambassador-2.jpg\",\"keywords\":[\"Majkl Kirbi\"],\"articleSection\":[\"Vesti\"],\"inLanguage\":\"srpski\"},{\"@type\":\"WebPage\",\"@id\":\"https:\\\/\\\/serbia.com\\\/srpski\\\/kirbi-pohvalio-rezultate-reformi-i-odnos-prema-migrantima\\\/\",\"url\":\"https:\\\/\\\/serbia.com\\\/srpski\\\/kirbi-pohvalio-rezultate-reformi-i-odnos-prema-migrantima\\\/\",\"name\":\"Kirbi pohvalio rezultate reformi i odnos prema migrantima - Serbia.com\",\"isPartOf\":{\"@id\":\"https:\\\/\\\/serbia.com\\\/#website\"},\"primaryImageOfPage\":{\"@id\":\"https:\\\/\\\/serbia.com\\\/srpski\\\/kirbi-pohvalio-rezultate-reformi-i-odnos-prema-migrantima\\\/#primaryimage\"},\"image\":{\"@id\":\"https:\\\/\\\/serbia.com\\\/srpski\\\/kirbi-pohvalio-rezultate-reformi-i-odnos-prema-migrantima\\\/#primaryimage\"},\"thumbnailUrl\":\"https:\\\/\\\/serbia.com\\\/wp-content\\\/uploads\\\/2016\\\/01\\\/kirby-us-ambassador-2.jpg\",\"datePublished\":\"2016-01-20T17:36:49+00:00\",\"author\":{\"@id\":\"https:\\\/\\\/serbia.com\\\/#\\\/schema\\\/person\\\/6fe28d3055f5f291d832531e555da490\"},\"breadcrumb\":{\"@id\":\"https:\\\/\\\/serbia.com\\\/srpski\\\/kirbi-pohvalio-rezultate-reformi-i-odnos-prema-migrantima\\\/#breadcrumb\"},\"inLanguage\":\"srpski\",\"potentialAction\":[{\"@type\":\"ReadAction\",\"target\":[\"https:\\\/\\\/serbia.com\\\/srpski\\\/kirbi-pohvalio-rezultate-reformi-i-odnos-prema-migrantima\\\/\"]}]},{\"@type\":\"ImageObject\",\"inLanguage\":\"srpski\",\"@id\":\"https:\\\/\\\/serbia.com\\\/srpski\\\/kirbi-pohvalio-rezultate-reformi-i-odnos-prema-migrantima\\\/#primaryimage\",\"url\":\"https:\\\/\\\/serbia.com\\\/wp-content\\\/uploads\\\/2016\\\/01\\\/kirby-us-ambassador-2.jpg\",\"contentUrl\":\"https:\\\/\\\/serbia.com\\\/wp-content\\\/uploads\\\/2016\\\/01\\\/kirby-us-ambassador-2.jpg\",\"width\":800,\"height\":509,\"caption\":\"Michael Kirby\"},{\"@type\":\"BreadcrumbList\",\"@id\":\"https:\\\/\\\/serbia.com\\\/srpski\\\/kirbi-pohvalio-rezultate-reformi-i-odnos-prema-migrantima\\\/#breadcrumb\",\"itemListElement\":[{\"@type\":\"ListItem\",\"position\":1,\"name\":\"Home\",\"item\":\"https:\\\/\\\/serbia.com\\\/srpski\\\/\"},{\"@type\":\"ListItem\",\"position\":2,\"name\":\"Kirbi pohvalio rezultate reformi i odnos prema migrantima\"}]},{\"@type\":\"WebSite\",\"@id\":\"https:\\\/\\\/serbia.com\\\/#website\",\"url\":\"https:\\\/\\\/serbia.com\\\/\",\"name\":\"Serbia.com\",\"description\":\"Your Gateway to Serbia\",\"potentialAction\":[{\"@type\":\"SearchAction\",\"target\":{\"@type\":\"EntryPoint\",\"urlTemplate\":\"https:\\\/\\\/serbia.com\\\/?s={search_term_string}\"},\"query-input\":{\"@type\":\"PropertyValueSpecification\",\"valueRequired\":true,\"valueName\":\"search_term_string\"}}],\"inLanguage\":\"srpski\"},{\"@type\":\"Person\",\"@id\":\"https:\\\/\\\/serbia.com\\\/#\\\/schema\\\/person\\\/6fe28d3055f5f291d832531e555da490\",\"name\":\"Serbia.com\",\"image\":{\"@type\":\"ImageObject\",\"inLanguage\":\"srpski\",\"@id\":\"https:\\\/\\\/secure.gravatar.com\\\/avatar\\\/8381eb54f5b393857857cb5fd6c42264c9e14b10435326bc567fcc3511bd8df4?s=96&d=mm&r=g\",\"url\":\"https:\\\/\\\/secure.gravatar.com\\\/avatar\\\/8381eb54f5b393857857cb5fd6c42264c9e14b10435326bc567fcc3511bd8df4?s=96&d=mm&r=g\",\"contentUrl\":\"https:\\\/\\\/secure.gravatar.com\\\/avatar\\\/8381eb54f5b393857857cb5fd6c42264c9e14b10435326bc567fcc3511bd8df4?s=96&d=mm&r=g\",\"caption\":\"Serbia.com\"},\"url\":\"https:\\\/\\\/serbia.com\\\/srpski\\\/author\\\/serbia-com\\\/\"}]}<\/script>\n<!-- \/ Yoast SEO plugin. -->","yoast_head_json":{"title":"Kirbi pohvalio rezultate reformi i odnos prema migrantima - Serbia.com","robots":{"index":"index","follow":"follow","max-snippet":"max-snippet:-1","max-image-preview":"max-image-preview:large","max-video-preview":"max-video-preview:-1"},"canonical":"https:\/\/serbia.com\/srpski\/kirbi-pohvalio-rezultate-reformi-i-odnos-prema-migrantima\/","og_locale":"en_US","og_type":"article","og_title":"Kirbi pohvalio rezultate reformi i odnos prema migrantima - Serbia.com","og_description":"Ministar za rad, zapo\u0161ljavanje, bora\u010dka i socijalna pitanja, Aleksandar Vulin primio je danas u opro\u0161tajnu posetu ambasadora SAD Majkla Kirbija koji je \u010destitao Srbiji na rezultatima reformskih promena i pohvalio [&hellip;]","og_url":"https:\/\/serbia.com\/srpski\/kirbi-pohvalio-rezultate-reformi-i-odnos-prema-migrantima\/","og_site_name":"Serbia.com","article_published_time":"2016-01-20T17:36:49+00:00","og_image":[{"width":800,"height":509,"url":"https:\/\/serbia.com\/wp-content\/uploads\/2016\/01\/kirby-us-ambassador-2.jpg","type":"image\/jpeg"}],"author":"Serbia.com","twitter_misc":{"Written by":"Serbia.com","Est. reading time":"1 minute"},"schema":{"@context":"https:\/\/schema.org","@graph":[{"@type":"Article","@id":"https:\/\/serbia.com\/srpski\/kirbi-pohvalio-rezultate-reformi-i-odnos-prema-migrantima\/#article","isPartOf":{"@id":"https:\/\/serbia.com\/srpski\/kirbi-pohvalio-rezultate-reformi-i-odnos-prema-migrantima\/"},"author":{"name":"Serbia.com","@id":"https:\/\/serbia.com\/#\/schema\/person\/6fe28d3055f5f291d832531e555da490"},"headline":"Kirbi pohvalio rezultate reformi i odnos prema migrantima","datePublished":"2016-01-20T17:36:49+00:00","mainEntityOfPage":{"@id":"https:\/\/serbia.com\/srpski\/kirbi-pohvalio-rezultate-reformi-i-odnos-prema-migrantima\/"},"wordCount":134,"image":{"@id":"https:\/\/serbia.com\/srpski\/kirbi-pohvalio-rezultate-reformi-i-odnos-prema-migrantima\/#primaryimage"},"thumbnailUrl":"https:\/\/serbia.com\/wp-content\/uploads\/2016\/01\/kirby-us-ambassador-2.jpg","keywords":["Majkl Kirbi"],"articleSection":["Vesti"],"inLanguage":"srpski"},{"@type":"WebPage","@id":"https:\/\/serbia.com\/srpski\/kirbi-pohvalio-rezultate-reformi-i-odnos-prema-migrantima\/","url":"https:\/\/serbia.com\/srpski\/kirbi-pohvalio-rezultate-reformi-i-odnos-prema-migrantima\/","name":"Kirbi pohvalio rezultate reformi i odnos prema migrantima - Serbia.com","isPartOf":{"@id":"https:\/\/serbia.com\/#website"},"primaryImageOfPage":{"@id":"https:\/\/serbia.com\/srpski\/kirbi-pohvalio-rezultate-reformi-i-odnos-prema-migrantima\/#primaryimage"},"image":{"@id":"https:\/\/serbia.com\/srpski\/kirbi-pohvalio-rezultate-reformi-i-odnos-prema-migrantima\/#primaryimage"},"thumbnailUrl":"https:\/\/serbia.com\/wp-content\/uploads\/2016\/01\/kirby-us-ambassador-2.jpg","datePublished":"2016-01-20T17:36:49+00:00","author":{"@id":"https:\/\/serbia.com\/#\/schema\/person\/6fe28d3055f5f291d832531e555da490"},"breadcrumb":{"@id":"https:\/\/serbia.com\/srpski\/kirbi-pohvalio-rezultate-reformi-i-odnos-prema-migrantima\/#breadcrumb"},"inLanguage":"srpski","potentialAction":[{"@type":"ReadAction","target":["https:\/\/serbia.com\/srpski\/kirbi-pohvalio-rezultate-reformi-i-odnos-prema-migrantima\/"]}]},{"@type":"ImageObject","inLanguage":"srpski","@id":"https:\/\/serbia.com\/srpski\/kirbi-pohvalio-rezultate-reformi-i-odnos-prema-migrantima\/#primaryimage","url":"https:\/\/serbia.com\/wp-content\/uploads\/2016\/01\/kirby-us-ambassador-2.jpg","contentUrl":"https:\/\/serbia.com\/wp-content\/uploads\/2016\/01\/kirby-us-ambassador-2.jpg","width":800,"height":509,"caption":"Michael Kirby"},{"@type":"BreadcrumbList","@id":"https:\/\/serbia.com\/srpski\/kirbi-pohvalio-rezultate-reformi-i-odnos-prema-migrantima\/#breadcrumb","itemListElement":[{"@type":"ListItem","position":1,"name":"Home","item":"https:\/\/serbia.com\/srpski\/"},{"@type":"ListItem","position":2,"name":"Kirbi pohvalio rezultate reformi i odnos prema migrantima"}]},{"@type":"WebSite","@id":"https:\/\/serbia.com\/#website","url":"https:\/\/serbia.com\/","name":"Serbia.com","description":"Your Gateway to Serbia","potentialAction":[{"@type":"SearchAction","target":{"@type":"EntryPoint","urlTemplate":"https:\/\/serbia.com\/?s={search_term_string}"},"query-input":{"@type":"PropertyValueSpecification","valueRequired":true,"valueName":"search_term_string"}}],"inLanguage":"srpski"},{"@type":"Person","@id":"https:\/\/serbia.com\/#\/schema\/person\/6fe28d3055f5f291d832531e555da490","name":"Serbia.com","image":{"@type":"ImageObject","inLanguage":"srpski","@id":"https:\/\/secure.gravatar.com\/avatar\/8381eb54f5b393857857cb5fd6c42264c9e14b10435326bc567fcc3511bd8df4?s=96&d=mm&r=g","url":"https:\/\/secure.gravatar.com\/avatar\/8381eb54f5b393857857cb5fd6c42264c9e14b10435326bc567fcc3511bd8df4?s=96&d=mm&r=g","contentUrl":"https:\/\/secure.gravatar.com\/avatar\/8381eb54f5b393857857cb5fd6c42264c9e14b10435326bc567fcc3511bd8df4?s=96&d=mm&r=g","caption":"Serbia.com"},"url":"https:\/\/serbia.com\/srpski\/author\/serbia-com\/"}]}},"brizy_media":[],"_links":{"self":[{"href":"https:\/\/serbia.com\/srpski\/wp-json\/wp\/v2\/posts\/44363","targetHints":{"allow":["GET"]}}],"collection":[{"href":"https:\/\/serbia.com\/srpski\/wp-json\/wp\/v2\/posts"}],"about":[{"href":"https:\/\/serbia.com\/srpski\/wp-json\/wp\/v2\/types\/post"}],"author":[{"embeddable":true,"href":"https:\/\/serbia.com\/srpski\/wp-json\/wp\/v2\/users\/9"}],"replies":[{"embeddable":true,"href":"https:\/\/serbia.com\/srpski\/wp-json\/wp\/v2\/comments?post=44363"}],"version-history":[{"count":0,"href":"https:\/\/serbia.com\/srpski\/wp-json\/wp\/v2\/posts\/44363\/revisions"}],"wp:featuredmedia":[{"embeddable":true,"href":"https:\/\/serbia.com\/srpski\/wp-json\/wp\/v2\/media\/44360"}],"wp:attachment":[{"href":"https:\/\/serbia.com\/srpski\/wp-json\/wp\/v2\/media?parent=44363"}],"wp:term":[{"taxonomy":"category","embeddable":true,"href":"https:\/\/serbia.com\/srpski\/wp-json\/wp\/v2\/categories?post=44363"},{"taxonomy":"post_tag","embeddable":true,"href":"https:\/\/serbia.com\/srpski\/wp-json\/wp\/v2\/tags?post=44363"}],"curies":[{"name":"wp","href":"https:\/\/api.w.org\/{rel}","templated":true}]}}