{"id":44299,"date":"2016-01-20T11:25:30","date_gmt":"2016-01-20T10:25:30","guid":{"rendered":"http:\/\/www.serbia.com\/srpski\/?p=44299"},"modified":"2016-01-20T11:25:30","modified_gmt":"2016-01-20T10:25:30","slug":"tadic-jovanovic-canak-nismo-blize-dogovoru","status":"publish","type":"post","link":"https:\/\/serbia.com\/srpski\/tadic-jovanovic-canak-nismo-blize-dogovoru\/","title":{"rendered":"Tadi\u0107, Jovanovi\u0107, \u010canak&#8230;: Nismo bli\u017ee dogovoru"},"content":{"rendered":"<h4>Boris Tadi\u0107, \u010cedomir Jovanovi\u0107 i lideri LSV, NPS i ZS saop\u0161tili su sino\u0107 da opozicija posle sastanka u utorak nije ni\u0161ta bli\u017ee zajedni\u010dkom nastupu na predstoje\u0107im izborima.<\/h4>\n<p>Prethodno, po zavr\u0161etku ju\u010dera\u0161njeg sastanka, lider DS Bojan Pajti\u0107 izjavio je novinarima da je opozicija blizu odluke da zajedno nastupi na vanrednim parlamentarnim izborima.<\/p>\n<p>&#8220;Nismo ni\u0161ta bli\u017ee dogovoru nego \u0161to smo bili pre ovog sastanka. Nakon sastanka jasnija su nam razmi\u0161ljanja predstavnika opozicije koji su bili prisutni, ali na\u017ealost nismo ni\u0161ta bli\u017ee dogovoru nego \u0161to smo bili pre ovog sastanka&#8221;, saop\u0161tile su sino\u0107 &#8211; SDS, LDP, LSV, NPS i ZS.<\/p>\n<p>SDS Borisa Tadi\u0107a, LDP \u010cedomira Jovanovi\u0107a, LSV Nenada \u010canka, Narodni pokret Srbije koji predvodi Mirosav Aleksi\u0107 i Zeleni Srbije u zajedni\u010dkom saop\u0161tenju izrazile su \u017ealjenje \u0161to su predstavnici opozicije ostali na po\u010detnim pozicijama i pozvali DS da 22. januara do\u0111u na nastavak razgovora kako bi eventualno bio dogovoren na\u010din izlaska na izbore.<\/p>\n<p>Pet stranaka zamerilo je Pajti\u0107u \u0161to se nije ranije odazvao njihovom pozivu za sli\u010dan sastanak, \u010dime je kako smatraju, izgubljeno gotovo pola godine.<\/p>\n<p>Izvor: Tanjug<\/p>\n","protected":false},"excerpt":{"rendered":"<p>Boris Tadi\u0107, \u010cedomir Jovanovi\u0107 i lideri LSV, NPS i ZS saop\u0161tili su sino\u0107 da opozicija posle sastanka u utorak nije ni\u0161ta bli\u017ee zajedni\u010dkom nastupu na predstoje\u0107im izborima. Prethodno, po zavr\u0161etku [&hellip;]<\/p>\n","protected":false},"author":9,"featured_media":42658,"comment_status":"closed","ping_status":"closed","sticky":false,"template":"","format":"standard","meta":{"_acf_changed":false,"inline_featured_image":false,"_monsterinsights_skip_tracking":false,"_monsterinsights_sitenote_active":false,"_monsterinsights_sitenote_note":"","_monsterinsights_sitenote_category":0,"footnotes":""},"categories":[2700],"tags":[4399,4408,4405,4406,4407],"class_list":["post-44299","post","type-post","status-publish","format-standard","has-post-thumbnail","hentry","category-vesti","tag-bojan-pajtic","tag-boris-tadic","tag-demokratska-stranka","tag-lsv","tag-nsp"],"acf":[],"yoast_head":"<!-- This site is optimized with the Yoast SEO plugin v27.4 - https:\/\/yoast.com\/product\/yoast-seo-wordpress\/ -->\n<title>Tadi\u0107, Jovanovi\u0107, \u010canak...: Nismo bli\u017ee dogovoru - Serbia.com<\/title>\n<meta name=\"robots\" content=\"index, follow, max-snippet:-1, max-image-preview:large, max-video-preview:-1\" \/>\n<link rel=\"canonical\" href=\"https:\/\/serbia.com\/srpski\/tadic-jovanovic-canak-nismo-blize-dogovoru\/\" \/>\n<meta property=\"og:locale\" content=\"en_US\" \/>\n<meta property=\"og:type\" content=\"article\" \/>\n<meta property=\"og:title\" content=\"Tadi\u0107, Jovanovi\u0107, \u010canak...: Nismo bli\u017ee dogovoru - Serbia.com\" \/>\n<meta property=\"og:description\" content=\"Boris Tadi\u0107, \u010cedomir Jovanovi\u0107 i lideri LSV, NPS i ZS saop\u0161tili su sino\u0107 da opozicija posle sastanka u utorak nije ni\u0161ta bli\u017ee zajedni\u010dkom nastupu na predstoje\u0107im izborima. Prethodno, po zavr\u0161etku [&hellip;]\" \/>\n<meta property=\"og:url\" content=\"https:\/\/serbia.com\/srpski\/tadic-jovanovic-canak-nismo-blize-dogovoru\/\" \/>\n<meta property=\"og:site_name\" content=\"Serbia.com\" \/>\n<meta property=\"article:published_time\" content=\"2016-01-20T10:25:30+00:00\" \/>\n<meta property=\"og:image\" content=\"https:\/\/serbia.com\/wp-content\/uploads\/2015\/12\/srbija-bojan-pajtic-novi-predsjednik-demokratske-stranke_1401571829-e1450771526452.jpg\" \/>\n\t<meta property=\"og:image:width\" content=\"800\" \/>\n\t<meta property=\"og:image:height\" content=\"561\" \/>\n\t<meta property=\"og:image:type\" content=\"image\/jpeg\" \/>\n<meta name=\"author\" content=\"Serbia.com\" \/>\n<meta name=\"twitter:label1\" content=\"Written by\" \/>\n\t<meta name=\"twitter:data1\" content=\"Serbia.com\" \/>\n\t<meta name=\"twitter:label2\" content=\"Est. reading time\" \/>\n\t<meta name=\"twitter:data2\" content=\"1 minute\" \/>\n<script type=\"application\/ld+json\" class=\"yoast-schema-graph\">{\"@context\":\"https:\\\/\\\/schema.org\",\"@graph\":[{\"@type\":\"Article\",\"@id\":\"https:\\\/\\\/serbia.com\\\/srpski\\\/tadic-jovanovic-canak-nismo-blize-dogovoru\\\/#article\",\"isPartOf\":{\"@id\":\"https:\\\/\\\/serbia.com\\\/srpski\\\/tadic-jovanovic-canak-nismo-blize-dogovoru\\\/\"},\"author\":{\"name\":\"Serbia.com\",\"@id\":\"https:\\\/\\\/serbia.com\\\/#\\\/schema\\\/person\\\/6fe28d3055f5f291d832531e555da490\"},\"headline\":\"Tadi\u0107, Jovanovi\u0107, \u010canak&#8230;: Nismo bli\u017ee dogovoru\",\"datePublished\":\"2016-01-20T10:25:30+00:00\",\"mainEntityOfPage\":{\"@id\":\"https:\\\/\\\/serbia.com\\\/srpski\\\/tadic-jovanovic-canak-nismo-blize-dogovoru\\\/\"},\"wordCount\":204,\"image\":{\"@id\":\"https:\\\/\\\/serbia.com\\\/srpski\\\/tadic-jovanovic-canak-nismo-blize-dogovoru\\\/#primaryimage\"},\"thumbnailUrl\":\"https:\\\/\\\/serbia.com\\\/wp-content\\\/uploads\\\/2015\\\/12\\\/srbija-bojan-pajtic-novi-predsjednik-demokratske-stranke_1401571829-e1450771526452.jpg\",\"keywords\":[\"Bojan Pajti\u0107\",\"Boris Tadi\u0107\",\"Demokratska stranka\",\"LSV\",\"NSP\"],\"articleSection\":[\"Vesti\"],\"inLanguage\":\"srpski\"},{\"@type\":\"WebPage\",\"@id\":\"https:\\\/\\\/serbia.com\\\/srpski\\\/tadic-jovanovic-canak-nismo-blize-dogovoru\\\/\",\"url\":\"https:\\\/\\\/serbia.com\\\/srpski\\\/tadic-jovanovic-canak-nismo-blize-dogovoru\\\/\",\"name\":\"Tadi\u0107, Jovanovi\u0107, \u010canak...: Nismo bli\u017ee dogovoru - Serbia.com\",\"isPartOf\":{\"@id\":\"https:\\\/\\\/serbia.com\\\/#website\"},\"primaryImageOfPage\":{\"@id\":\"https:\\\/\\\/serbia.com\\\/srpski\\\/tadic-jovanovic-canak-nismo-blize-dogovoru\\\/#primaryimage\"},\"image\":{\"@id\":\"https:\\\/\\\/serbia.com\\\/srpski\\\/tadic-jovanovic-canak-nismo-blize-dogovoru\\\/#primaryimage\"},\"thumbnailUrl\":\"https:\\\/\\\/serbia.com\\\/wp-content\\\/uploads\\\/2015\\\/12\\\/srbija-bojan-pajtic-novi-predsjednik-demokratske-stranke_1401571829-e1450771526452.jpg\",\"datePublished\":\"2016-01-20T10:25:30+00:00\",\"author\":{\"@id\":\"https:\\\/\\\/serbia.com\\\/#\\\/schema\\\/person\\\/6fe28d3055f5f291d832531e555da490\"},\"breadcrumb\":{\"@id\":\"https:\\\/\\\/serbia.com\\\/srpski\\\/tadic-jovanovic-canak-nismo-blize-dogovoru\\\/#breadcrumb\"},\"inLanguage\":\"srpski\",\"potentialAction\":[{\"@type\":\"ReadAction\",\"target\":[\"https:\\\/\\\/serbia.com\\\/srpski\\\/tadic-jovanovic-canak-nismo-blize-dogovoru\\\/\"]}]},{\"@type\":\"ImageObject\",\"inLanguage\":\"srpski\",\"@id\":\"https:\\\/\\\/serbia.com\\\/srpski\\\/tadic-jovanovic-canak-nismo-blize-dogovoru\\\/#primaryimage\",\"url\":\"https:\\\/\\\/serbia.com\\\/wp-content\\\/uploads\\\/2015\\\/12\\\/srbija-bojan-pajtic-novi-predsjednik-demokratske-stranke_1401571829-e1450771526452.jpg\",\"contentUrl\":\"https:\\\/\\\/serbia.com\\\/wp-content\\\/uploads\\\/2015\\\/12\\\/srbija-bojan-pajtic-novi-predsjednik-demokratske-stranke_1401571829-e1450771526452.jpg\",\"width\":800,\"height\":561,\"caption\":\"Bojan Pajti\u0107\"},{\"@type\":\"BreadcrumbList\",\"@id\":\"https:\\\/\\\/serbia.com\\\/srpski\\\/tadic-jovanovic-canak-nismo-blize-dogovoru\\\/#breadcrumb\",\"itemListElement\":[{\"@type\":\"ListItem\",\"position\":1,\"name\":\"Home\",\"item\":\"https:\\\/\\\/serbia.com\\\/srpski\\\/srbija\\\/\"},{\"@type\":\"ListItem\",\"position\":2,\"name\":\"Tadi\u0107, Jovanovi\u0107, \u010canak&#8230;: Nismo bli\u017ee dogovoru\"}]},{\"@type\":\"WebSite\",\"@id\":\"https:\\\/\\\/serbia.com\\\/#website\",\"url\":\"https:\\\/\\\/serbia.com\\\/\",\"name\":\"Serbia.com\",\"description\":\"Your Gateway to Serbia\",\"potentialAction\":[{\"@type\":\"SearchAction\",\"target\":{\"@type\":\"EntryPoint\",\"urlTemplate\":\"https:\\\/\\\/serbia.com\\\/?s={search_term_string}\"},\"query-input\":{\"@type\":\"PropertyValueSpecification\",\"valueRequired\":true,\"valueName\":\"search_term_string\"}}],\"inLanguage\":\"srpski\"},{\"@type\":\"Person\",\"@id\":\"https:\\\/\\\/serbia.com\\\/#\\\/schema\\\/person\\\/6fe28d3055f5f291d832531e555da490\",\"name\":\"Serbia.com\",\"image\":{\"@type\":\"ImageObject\",\"inLanguage\":\"srpski\",\"@id\":\"https:\\\/\\\/secure.gravatar.com\\\/avatar\\\/8381eb54f5b393857857cb5fd6c42264c9e14b10435326bc567fcc3511bd8df4?s=96&d=mm&r=g\",\"url\":\"https:\\\/\\\/secure.gravatar.com\\\/avatar\\\/8381eb54f5b393857857cb5fd6c42264c9e14b10435326bc567fcc3511bd8df4?s=96&d=mm&r=g\",\"contentUrl\":\"https:\\\/\\\/secure.gravatar.com\\\/avatar\\\/8381eb54f5b393857857cb5fd6c42264c9e14b10435326bc567fcc3511bd8df4?s=96&d=mm&r=g\",\"caption\":\"Serbia.com\"},\"url\":\"https:\\\/\\\/serbia.com\\\/srpski\\\/author\\\/serbia-com\\\/\"}]}<\/script>\n<!-- \/ Yoast SEO plugin. -->","yoast_head_json":{"title":"Tadi\u0107, Jovanovi\u0107, \u010canak...: Nismo bli\u017ee dogovoru - Serbia.com","robots":{"index":"index","follow":"follow","max-snippet":"max-snippet:-1","max-image-preview":"max-image-preview:large","max-video-preview":"max-video-preview:-1"},"canonical":"https:\/\/serbia.com\/srpski\/tadic-jovanovic-canak-nismo-blize-dogovoru\/","og_locale":"en_US","og_type":"article","og_title":"Tadi\u0107, Jovanovi\u0107, \u010canak...: Nismo bli\u017ee dogovoru - Serbia.com","og_description":"Boris Tadi\u0107, \u010cedomir Jovanovi\u0107 i lideri LSV, NPS i ZS saop\u0161tili su sino\u0107 da opozicija posle sastanka u utorak nije ni\u0161ta bli\u017ee zajedni\u010dkom nastupu na predstoje\u0107im izborima. Prethodno, po zavr\u0161etku [&hellip;]","og_url":"https:\/\/serbia.com\/srpski\/tadic-jovanovic-canak-nismo-blize-dogovoru\/","og_site_name":"Serbia.com","article_published_time":"2016-01-20T10:25:30+00:00","og_image":[{"width":800,"height":561,"url":"https:\/\/serbia.com\/wp-content\/uploads\/2015\/12\/srbija-bojan-pajtic-novi-predsjednik-demokratske-stranke_1401571829-e1450771526452.jpg","type":"image\/jpeg"}],"author":"Serbia.com","twitter_misc":{"Written by":"Serbia.com","Est. reading time":"1 minute"},"schema":{"@context":"https:\/\/schema.org","@graph":[{"@type":"Article","@id":"https:\/\/serbia.com\/srpski\/tadic-jovanovic-canak-nismo-blize-dogovoru\/#article","isPartOf":{"@id":"https:\/\/serbia.com\/srpski\/tadic-jovanovic-canak-nismo-blize-dogovoru\/"},"author":{"name":"Serbia.com","@id":"https:\/\/serbia.com\/#\/schema\/person\/6fe28d3055f5f291d832531e555da490"},"headline":"Tadi\u0107, Jovanovi\u0107, \u010canak&#8230;: Nismo bli\u017ee dogovoru","datePublished":"2016-01-20T10:25:30+00:00","mainEntityOfPage":{"@id":"https:\/\/serbia.com\/srpski\/tadic-jovanovic-canak-nismo-blize-dogovoru\/"},"wordCount":204,"image":{"@id":"https:\/\/serbia.com\/srpski\/tadic-jovanovic-canak-nismo-blize-dogovoru\/#primaryimage"},"thumbnailUrl":"https:\/\/serbia.com\/wp-content\/uploads\/2015\/12\/srbija-bojan-pajtic-novi-predsjednik-demokratske-stranke_1401571829-e1450771526452.jpg","keywords":["Bojan Pajti\u0107","Boris Tadi\u0107","Demokratska stranka","LSV","NSP"],"articleSection":["Vesti"],"inLanguage":"srpski"},{"@type":"WebPage","@id":"https:\/\/serbia.com\/srpski\/tadic-jovanovic-canak-nismo-blize-dogovoru\/","url":"https:\/\/serbia.com\/srpski\/tadic-jovanovic-canak-nismo-blize-dogovoru\/","name":"Tadi\u0107, Jovanovi\u0107, \u010canak...: Nismo bli\u017ee dogovoru - Serbia.com","isPartOf":{"@id":"https:\/\/serbia.com\/#website"},"primaryImageOfPage":{"@id":"https:\/\/serbia.com\/srpski\/tadic-jovanovic-canak-nismo-blize-dogovoru\/#primaryimage"},"image":{"@id":"https:\/\/serbia.com\/srpski\/tadic-jovanovic-canak-nismo-blize-dogovoru\/#primaryimage"},"thumbnailUrl":"https:\/\/serbia.com\/wp-content\/uploads\/2015\/12\/srbija-bojan-pajtic-novi-predsjednik-demokratske-stranke_1401571829-e1450771526452.jpg","datePublished":"2016-01-20T10:25:30+00:00","author":{"@id":"https:\/\/serbia.com\/#\/schema\/person\/6fe28d3055f5f291d832531e555da490"},"breadcrumb":{"@id":"https:\/\/serbia.com\/srpski\/tadic-jovanovic-canak-nismo-blize-dogovoru\/#breadcrumb"},"inLanguage":"srpski","potentialAction":[{"@type":"ReadAction","target":["https:\/\/serbia.com\/srpski\/tadic-jovanovic-canak-nismo-blize-dogovoru\/"]}]},{"@type":"ImageObject","inLanguage":"srpski","@id":"https:\/\/serbia.com\/srpski\/tadic-jovanovic-canak-nismo-blize-dogovoru\/#primaryimage","url":"https:\/\/serbia.com\/wp-content\/uploads\/2015\/12\/srbija-bojan-pajtic-novi-predsjednik-demokratske-stranke_1401571829-e1450771526452.jpg","contentUrl":"https:\/\/serbia.com\/wp-content\/uploads\/2015\/12\/srbija-bojan-pajtic-novi-predsjednik-demokratske-stranke_1401571829-e1450771526452.jpg","width":800,"height":561,"caption":"Bojan Pajti\u0107"},{"@type":"BreadcrumbList","@id":"https:\/\/serbia.com\/srpski\/tadic-jovanovic-canak-nismo-blize-dogovoru\/#breadcrumb","itemListElement":[{"@type":"ListItem","position":1,"name":"Home","item":"https:\/\/serbia.com\/srpski\/srbija\/"},{"@type":"ListItem","position":2,"name":"Tadi\u0107, Jovanovi\u0107, \u010canak&#8230;: Nismo bli\u017ee dogovoru"}]},{"@type":"WebSite","@id":"https:\/\/serbia.com\/#website","url":"https:\/\/serbia.com\/","name":"Serbia.com","description":"Your Gateway to Serbia","potentialAction":[{"@type":"SearchAction","target":{"@type":"EntryPoint","urlTemplate":"https:\/\/serbia.com\/?s={search_term_string}"},"query-input":{"@type":"PropertyValueSpecification","valueRequired":true,"valueName":"search_term_string"}}],"inLanguage":"srpski"},{"@type":"Person","@id":"https:\/\/serbia.com\/#\/schema\/person\/6fe28d3055f5f291d832531e555da490","name":"Serbia.com","image":{"@type":"ImageObject","inLanguage":"srpski","@id":"https:\/\/secure.gravatar.com\/avatar\/8381eb54f5b393857857cb5fd6c42264c9e14b10435326bc567fcc3511bd8df4?s=96&d=mm&r=g","url":"https:\/\/secure.gravatar.com\/avatar\/8381eb54f5b393857857cb5fd6c42264c9e14b10435326bc567fcc3511bd8df4?s=96&d=mm&r=g","contentUrl":"https:\/\/secure.gravatar.com\/avatar\/8381eb54f5b393857857cb5fd6c42264c9e14b10435326bc567fcc3511bd8df4?s=96&d=mm&r=g","caption":"Serbia.com"},"url":"https:\/\/serbia.com\/srpski\/author\/serbia-com\/"}]}},"brizy_media":[],"_links":{"self":[{"href":"https:\/\/serbia.com\/srpski\/wp-json\/wp\/v2\/posts\/44299","targetHints":{"allow":["GET"]}}],"collection":[{"href":"https:\/\/serbia.com\/srpski\/wp-json\/wp\/v2\/posts"}],"about":[{"href":"https:\/\/serbia.com\/srpski\/wp-json\/wp\/v2\/types\/post"}],"author":[{"embeddable":true,"href":"https:\/\/serbia.com\/srpski\/wp-json\/wp\/v2\/users\/9"}],"replies":[{"embeddable":true,"href":"https:\/\/serbia.com\/srpski\/wp-json\/wp\/v2\/comments?post=44299"}],"version-history":[{"count":0,"href":"https:\/\/serbia.com\/srpski\/wp-json\/wp\/v2\/posts\/44299\/revisions"}],"wp:featuredmedia":[{"embeddable":true,"href":"https:\/\/serbia.com\/srpski\/wp-json\/wp\/v2\/media\/42658"}],"wp:attachment":[{"href":"https:\/\/serbia.com\/srpski\/wp-json\/wp\/v2\/media?parent=44299"}],"wp:term":[{"taxonomy":"category","embeddable":true,"href":"https:\/\/serbia.com\/srpski\/wp-json\/wp\/v2\/categories?post=44299"},{"taxonomy":"post_tag","embeddable":true,"href":"https:\/\/serbia.com\/srpski\/wp-json\/wp\/v2\/tags?post=44299"}],"curies":[{"name":"wp","href":"https:\/\/api.w.org\/{rel}","templated":true}]}}