{"id":44259,"date":"2016-01-19T15:18:12","date_gmt":"2016-01-19T14:18:12","guid":{"rendered":"http:\/\/www.serbia.com\/srpski\/?p=44259"},"modified":"2016-01-19T15:18:12","modified_gmt":"2016-01-19T14:18:12","slug":"srbija-nastavlja-odgovorno-da-rukovodi-migrantskom-krizom","status":"publish","type":"post","link":"https:\/\/serbia.com\/srpski\/srbija-nastavlja-odgovorno-da-rukovodi-migrantskom-krizom\/","title":{"rendered":"Srbija nastavlja odgovorno da rukovodi migrantskom krizom"},"content":{"rendered":"<h4>Predsednik Vlade Srbije Aleksandar Vu\u010di\u0107 rekao je danas, na sastanku sa \u0161efom Kancelarije UNHCR-a u Srbiji Hansom Fridrihom \u0160oderom, da \u0107e Srbija nastaviti odgovorno da rukovodi migrantskom krizom u skladu sa evropskim standarima.<\/h4>\n<p>Vu\u010di\u0107 i \u0160oder su razgovarali o migrantskoj krizi, planovima za 2016. godinu i ulozi UNHCR-a u upravljanju krizom, saop\u0161tila je vladina Kancelarija za saradnju sa medijima.<\/p>\n<p>\u0160oder je rekao da \u0107e UNHCR nastaviti da pru\u017ea podr\u0161ku srpskoj Vladi, ne samo kada su u pitanju migranti, ve\u0107 i interno raseljena lica sa Kosova i Metohije i izbeglice iz Hrvatske i BiH, koje se nalaze na teritoriji Srbije.<\/p>\n<p>&#8220;Pomo\u0107 u re\u0161avanju izbegli\u010dke krize mora ostati jaka i proaktivna&#8221;, istakao je \u0160oder.<\/p>\n<p>Izvor: Tanjug<\/p>\n","protected":false},"excerpt":{"rendered":"<p>Predsednik Vlade Srbije Aleksandar Vu\u010di\u0107 rekao je danas, na sastanku sa \u0161efom Kancelarije UNHCR-a u Srbiji Hansom Fridrihom \u0160oderom, da \u0107e Srbija nastaviti odgovorno da rukovodi migrantskom krizom u skladu [&hellip;]<\/p>\n","protected":false},"author":9,"featured_media":37540,"comment_status":"closed","ping_status":"closed","sticky":false,"template":"","format":"standard","meta":{"_acf_changed":false,"inline_featured_image":false,"_monsterinsights_skip_tracking":false,"_monsterinsights_sitenote_active":false,"_monsterinsights_sitenote_note":"","_monsterinsights_sitenote_category":0,"footnotes":""},"categories":[2700],"tags":[3898,4391,3904,3878,4098],"class_list":["post-44259","post","type-post","status-publish","format-standard","has-post-thumbnail","hentry","category-vesti","tag-aleksandar-vucic","tag-hans-fridrih-soder","tag-migranti","tag-migrantska-kriza","tag-unhcr"],"acf":[],"yoast_head":"<!-- This site is optimized with the Yoast SEO plugin v27.4 - https:\/\/yoast.com\/product\/yoast-seo-wordpress\/ -->\n<title>Srbija nastavlja odgovorno da rukovodi migrantskom krizom - Serbia.com<\/title>\n<meta name=\"robots\" content=\"index, follow, max-snippet:-1, max-image-preview:large, max-video-preview:-1\" \/>\n<link rel=\"canonical\" href=\"https:\/\/serbia.com\/srpski\/srbija-nastavlja-odgovorno-da-rukovodi-migrantskom-krizom\/\" \/>\n<meta property=\"og:locale\" content=\"en_US\" \/>\n<meta property=\"og:type\" content=\"article\" \/>\n<meta property=\"og:title\" content=\"Srbija nastavlja odgovorno da rukovodi migrantskom krizom - Serbia.com\" \/>\n<meta property=\"og:description\" content=\"Predsednik Vlade Srbije Aleksandar Vu\u010di\u0107 rekao je danas, na sastanku sa \u0161efom Kancelarije UNHCR-a u Srbiji Hansom Fridrihom \u0160oderom, da \u0107e Srbija nastaviti odgovorno da rukovodi migrantskom krizom u skladu [&hellip;]\" \/>\n<meta property=\"og:url\" content=\"https:\/\/serbia.com\/srpski\/srbija-nastavlja-odgovorno-da-rukovodi-migrantskom-krizom\/\" \/>\n<meta property=\"og:site_name\" content=\"Serbia.com\" \/>\n<meta property=\"article:published_time\" content=\"2016-01-19T14:18:12+00:00\" \/>\n<meta property=\"og:image\" content=\"https:\/\/serbia.com\/wp-content\/uploads\/2015\/11\/f-migrants-b-20150909-e1448283099146.jpg\" \/>\n\t<meta property=\"og:image:width\" content=\"734\" \/>\n\t<meta property=\"og:image:height\" content=\"489\" \/>\n\t<meta property=\"og:image:type\" content=\"image\/jpeg\" \/>\n<meta name=\"author\" content=\"Serbia.com\" \/>\n<meta name=\"twitter:label1\" content=\"Written by\" \/>\n\t<meta name=\"twitter:data1\" content=\"Serbia.com\" \/>\n\t<meta name=\"twitter:label2\" content=\"Est. reading time\" \/>\n\t<meta name=\"twitter:data2\" content=\"1 minute\" \/>\n<script type=\"application\/ld+json\" class=\"yoast-schema-graph\">{\"@context\":\"https:\\\/\\\/schema.org\",\"@graph\":[{\"@type\":\"Article\",\"@id\":\"https:\\\/\\\/serbia.com\\\/srpski\\\/srbija-nastavlja-odgovorno-da-rukovodi-migrantskom-krizom\\\/#article\",\"isPartOf\":{\"@id\":\"https:\\\/\\\/serbia.com\\\/srpski\\\/srbija-nastavlja-odgovorno-da-rukovodi-migrantskom-krizom\\\/\"},\"author\":{\"name\":\"Serbia.com\",\"@id\":\"https:\\\/\\\/serbia.com\\\/#\\\/schema\\\/person\\\/6fe28d3055f5f291d832531e555da490\"},\"headline\":\"Srbija nastavlja odgovorno da rukovodi migrantskom krizom\",\"datePublished\":\"2016-01-19T14:18:12+00:00\",\"mainEntityOfPage\":{\"@id\":\"https:\\\/\\\/serbia.com\\\/srpski\\\/srbija-nastavlja-odgovorno-da-rukovodi-migrantskom-krizom\\\/\"},\"wordCount\":127,\"image\":{\"@id\":\"https:\\\/\\\/serbia.com\\\/srpski\\\/srbija-nastavlja-odgovorno-da-rukovodi-migrantskom-krizom\\\/#primaryimage\"},\"thumbnailUrl\":\"https:\\\/\\\/serbia.com\\\/wp-content\\\/uploads\\\/2015\\\/11\\\/f-migrants-b-20150909-e1448283099146.jpg\",\"keywords\":[\"Aleksandar Vu\u010di\u0107\",\"Hans Fridrih \u0160oder\",\"Migranti\",\"Migrantska kriza\",\"UNHCR\"],\"articleSection\":[\"Vesti\"],\"inLanguage\":\"srpski\"},{\"@type\":\"WebPage\",\"@id\":\"https:\\\/\\\/serbia.com\\\/srpski\\\/srbija-nastavlja-odgovorno-da-rukovodi-migrantskom-krizom\\\/\",\"url\":\"https:\\\/\\\/serbia.com\\\/srpski\\\/srbija-nastavlja-odgovorno-da-rukovodi-migrantskom-krizom\\\/\",\"name\":\"Srbija nastavlja odgovorno da rukovodi migrantskom krizom - Serbia.com\",\"isPartOf\":{\"@id\":\"https:\\\/\\\/serbia.com\\\/#website\"},\"primaryImageOfPage\":{\"@id\":\"https:\\\/\\\/serbia.com\\\/srpski\\\/srbija-nastavlja-odgovorno-da-rukovodi-migrantskom-krizom\\\/#primaryimage\"},\"image\":{\"@id\":\"https:\\\/\\\/serbia.com\\\/srpski\\\/srbija-nastavlja-odgovorno-da-rukovodi-migrantskom-krizom\\\/#primaryimage\"},\"thumbnailUrl\":\"https:\\\/\\\/serbia.com\\\/wp-content\\\/uploads\\\/2015\\\/11\\\/f-migrants-b-20150909-e1448283099146.jpg\",\"datePublished\":\"2016-01-19T14:18:12+00:00\",\"author\":{\"@id\":\"https:\\\/\\\/serbia.com\\\/#\\\/schema\\\/person\\\/6fe28d3055f5f291d832531e555da490\"},\"breadcrumb\":{\"@id\":\"https:\\\/\\\/serbia.com\\\/srpski\\\/srbija-nastavlja-odgovorno-da-rukovodi-migrantskom-krizom\\\/#breadcrumb\"},\"inLanguage\":\"srpski\",\"potentialAction\":[{\"@type\":\"ReadAction\",\"target\":[\"https:\\\/\\\/serbia.com\\\/srpski\\\/srbija-nastavlja-odgovorno-da-rukovodi-migrantskom-krizom\\\/\"]}]},{\"@type\":\"ImageObject\",\"inLanguage\":\"srpski\",\"@id\":\"https:\\\/\\\/serbia.com\\\/srpski\\\/srbija-nastavlja-odgovorno-da-rukovodi-migrantskom-krizom\\\/#primaryimage\",\"url\":\"https:\\\/\\\/serbia.com\\\/wp-content\\\/uploads\\\/2015\\\/11\\\/f-migrants-b-20150909-e1448283099146.jpg\",\"contentUrl\":\"https:\\\/\\\/serbia.com\\\/wp-content\\\/uploads\\\/2015\\\/11\\\/f-migrants-b-20150909-e1448283099146.jpg\",\"width\":734,\"height\":489,\"caption\":\"Migrants move away from a temporary holding center controlled by Hungarian authorities in Roszke, southern Hungary, Monday, Sept. 7, 2015, inside Hungary, just over the border from Serbia. The situation is confused with many hundreds of migrants moving in several directions and trying to reach a migrant registration camp, rather than wait for a unreliable bus service. (AP Photo\\\/Marko Drobnjakovic)\"},{\"@type\":\"BreadcrumbList\",\"@id\":\"https:\\\/\\\/serbia.com\\\/srpski\\\/srbija-nastavlja-odgovorno-da-rukovodi-migrantskom-krizom\\\/#breadcrumb\",\"itemListElement\":[{\"@type\":\"ListItem\",\"position\":1,\"name\":\"Home\",\"item\":\"https:\\\/\\\/serbia.com\\\/srpski\\\/srbija\\\/\"},{\"@type\":\"ListItem\",\"position\":2,\"name\":\"Srbija nastavlja odgovorno da rukovodi migrantskom krizom\"}]},{\"@type\":\"WebSite\",\"@id\":\"https:\\\/\\\/serbia.com\\\/#website\",\"url\":\"https:\\\/\\\/serbia.com\\\/\",\"name\":\"Serbia.com\",\"description\":\"Your Gateway to Serbia\",\"potentialAction\":[{\"@type\":\"SearchAction\",\"target\":{\"@type\":\"EntryPoint\",\"urlTemplate\":\"https:\\\/\\\/serbia.com\\\/?s={search_term_string}\"},\"query-input\":{\"@type\":\"PropertyValueSpecification\",\"valueRequired\":true,\"valueName\":\"search_term_string\"}}],\"inLanguage\":\"srpski\"},{\"@type\":\"Person\",\"@id\":\"https:\\\/\\\/serbia.com\\\/#\\\/schema\\\/person\\\/6fe28d3055f5f291d832531e555da490\",\"name\":\"Serbia.com\",\"image\":{\"@type\":\"ImageObject\",\"inLanguage\":\"srpski\",\"@id\":\"https:\\\/\\\/secure.gravatar.com\\\/avatar\\\/8381eb54f5b393857857cb5fd6c42264c9e14b10435326bc567fcc3511bd8df4?s=96&d=mm&r=g\",\"url\":\"https:\\\/\\\/secure.gravatar.com\\\/avatar\\\/8381eb54f5b393857857cb5fd6c42264c9e14b10435326bc567fcc3511bd8df4?s=96&d=mm&r=g\",\"contentUrl\":\"https:\\\/\\\/secure.gravatar.com\\\/avatar\\\/8381eb54f5b393857857cb5fd6c42264c9e14b10435326bc567fcc3511bd8df4?s=96&d=mm&r=g\",\"caption\":\"Serbia.com\"},\"url\":\"https:\\\/\\\/serbia.com\\\/srpski\\\/author\\\/serbia-com\\\/\"}]}<\/script>\n<!-- \/ Yoast SEO plugin. -->","yoast_head_json":{"title":"Srbija nastavlja odgovorno da rukovodi migrantskom krizom - Serbia.com","robots":{"index":"index","follow":"follow","max-snippet":"max-snippet:-1","max-image-preview":"max-image-preview:large","max-video-preview":"max-video-preview:-1"},"canonical":"https:\/\/serbia.com\/srpski\/srbija-nastavlja-odgovorno-da-rukovodi-migrantskom-krizom\/","og_locale":"en_US","og_type":"article","og_title":"Srbija nastavlja odgovorno da rukovodi migrantskom krizom - Serbia.com","og_description":"Predsednik Vlade Srbije Aleksandar Vu\u010di\u0107 rekao je danas, na sastanku sa \u0161efom Kancelarije UNHCR-a u Srbiji Hansom Fridrihom \u0160oderom, da \u0107e Srbija nastaviti odgovorno da rukovodi migrantskom krizom u skladu [&hellip;]","og_url":"https:\/\/serbia.com\/srpski\/srbija-nastavlja-odgovorno-da-rukovodi-migrantskom-krizom\/","og_site_name":"Serbia.com","article_published_time":"2016-01-19T14:18:12+00:00","og_image":[{"width":734,"height":489,"url":"https:\/\/serbia.com\/wp-content\/uploads\/2015\/11\/f-migrants-b-20150909-e1448283099146.jpg","type":"image\/jpeg"}],"author":"Serbia.com","twitter_misc":{"Written by":"Serbia.com","Est. reading time":"1 minute"},"schema":{"@context":"https:\/\/schema.org","@graph":[{"@type":"Article","@id":"https:\/\/serbia.com\/srpski\/srbija-nastavlja-odgovorno-da-rukovodi-migrantskom-krizom\/#article","isPartOf":{"@id":"https:\/\/serbia.com\/srpski\/srbija-nastavlja-odgovorno-da-rukovodi-migrantskom-krizom\/"},"author":{"name":"Serbia.com","@id":"https:\/\/serbia.com\/#\/schema\/person\/6fe28d3055f5f291d832531e555da490"},"headline":"Srbija nastavlja odgovorno da rukovodi migrantskom krizom","datePublished":"2016-01-19T14:18:12+00:00","mainEntityOfPage":{"@id":"https:\/\/serbia.com\/srpski\/srbija-nastavlja-odgovorno-da-rukovodi-migrantskom-krizom\/"},"wordCount":127,"image":{"@id":"https:\/\/serbia.com\/srpski\/srbija-nastavlja-odgovorno-da-rukovodi-migrantskom-krizom\/#primaryimage"},"thumbnailUrl":"https:\/\/serbia.com\/wp-content\/uploads\/2015\/11\/f-migrants-b-20150909-e1448283099146.jpg","keywords":["Aleksandar Vu\u010di\u0107","Hans Fridrih \u0160oder","Migranti","Migrantska kriza","UNHCR"],"articleSection":["Vesti"],"inLanguage":"srpski"},{"@type":"WebPage","@id":"https:\/\/serbia.com\/srpski\/srbija-nastavlja-odgovorno-da-rukovodi-migrantskom-krizom\/","url":"https:\/\/serbia.com\/srpski\/srbija-nastavlja-odgovorno-da-rukovodi-migrantskom-krizom\/","name":"Srbija nastavlja odgovorno da rukovodi migrantskom krizom - Serbia.com","isPartOf":{"@id":"https:\/\/serbia.com\/#website"},"primaryImageOfPage":{"@id":"https:\/\/serbia.com\/srpski\/srbija-nastavlja-odgovorno-da-rukovodi-migrantskom-krizom\/#primaryimage"},"image":{"@id":"https:\/\/serbia.com\/srpski\/srbija-nastavlja-odgovorno-da-rukovodi-migrantskom-krizom\/#primaryimage"},"thumbnailUrl":"https:\/\/serbia.com\/wp-content\/uploads\/2015\/11\/f-migrants-b-20150909-e1448283099146.jpg","datePublished":"2016-01-19T14:18:12+00:00","author":{"@id":"https:\/\/serbia.com\/#\/schema\/person\/6fe28d3055f5f291d832531e555da490"},"breadcrumb":{"@id":"https:\/\/serbia.com\/srpski\/srbija-nastavlja-odgovorno-da-rukovodi-migrantskom-krizom\/#breadcrumb"},"inLanguage":"srpski","potentialAction":[{"@type":"ReadAction","target":["https:\/\/serbia.com\/srpski\/srbija-nastavlja-odgovorno-da-rukovodi-migrantskom-krizom\/"]}]},{"@type":"ImageObject","inLanguage":"srpski","@id":"https:\/\/serbia.com\/srpski\/srbija-nastavlja-odgovorno-da-rukovodi-migrantskom-krizom\/#primaryimage","url":"https:\/\/serbia.com\/wp-content\/uploads\/2015\/11\/f-migrants-b-20150909-e1448283099146.jpg","contentUrl":"https:\/\/serbia.com\/wp-content\/uploads\/2015\/11\/f-migrants-b-20150909-e1448283099146.jpg","width":734,"height":489,"caption":"Migrants move away from a temporary holding center controlled by Hungarian authorities in Roszke, southern Hungary, Monday, Sept. 7, 2015, inside Hungary, just over the border from Serbia. The situation is confused with many hundreds of migrants moving in several directions and trying to reach a migrant registration camp, rather than wait for a unreliable bus service. (AP Photo\/Marko Drobnjakovic)"},{"@type":"BreadcrumbList","@id":"https:\/\/serbia.com\/srpski\/srbija-nastavlja-odgovorno-da-rukovodi-migrantskom-krizom\/#breadcrumb","itemListElement":[{"@type":"ListItem","position":1,"name":"Home","item":"https:\/\/serbia.com\/srpski\/srbija\/"},{"@type":"ListItem","position":2,"name":"Srbija nastavlja odgovorno da rukovodi migrantskom krizom"}]},{"@type":"WebSite","@id":"https:\/\/serbia.com\/#website","url":"https:\/\/serbia.com\/","name":"Serbia.com","description":"Your Gateway to Serbia","potentialAction":[{"@type":"SearchAction","target":{"@type":"EntryPoint","urlTemplate":"https:\/\/serbia.com\/?s={search_term_string}"},"query-input":{"@type":"PropertyValueSpecification","valueRequired":true,"valueName":"search_term_string"}}],"inLanguage":"srpski"},{"@type":"Person","@id":"https:\/\/serbia.com\/#\/schema\/person\/6fe28d3055f5f291d832531e555da490","name":"Serbia.com","image":{"@type":"ImageObject","inLanguage":"srpski","@id":"https:\/\/secure.gravatar.com\/avatar\/8381eb54f5b393857857cb5fd6c42264c9e14b10435326bc567fcc3511bd8df4?s=96&d=mm&r=g","url":"https:\/\/secure.gravatar.com\/avatar\/8381eb54f5b393857857cb5fd6c42264c9e14b10435326bc567fcc3511bd8df4?s=96&d=mm&r=g","contentUrl":"https:\/\/secure.gravatar.com\/avatar\/8381eb54f5b393857857cb5fd6c42264c9e14b10435326bc567fcc3511bd8df4?s=96&d=mm&r=g","caption":"Serbia.com"},"url":"https:\/\/serbia.com\/srpski\/author\/serbia-com\/"}]}},"brizy_media":[],"_links":{"self":[{"href":"https:\/\/serbia.com\/srpski\/wp-json\/wp\/v2\/posts\/44259","targetHints":{"allow":["GET"]}}],"collection":[{"href":"https:\/\/serbia.com\/srpski\/wp-json\/wp\/v2\/posts"}],"about":[{"href":"https:\/\/serbia.com\/srpski\/wp-json\/wp\/v2\/types\/post"}],"author":[{"embeddable":true,"href":"https:\/\/serbia.com\/srpski\/wp-json\/wp\/v2\/users\/9"}],"replies":[{"embeddable":true,"href":"https:\/\/serbia.com\/srpski\/wp-json\/wp\/v2\/comments?post=44259"}],"version-history":[{"count":0,"href":"https:\/\/serbia.com\/srpski\/wp-json\/wp\/v2\/posts\/44259\/revisions"}],"wp:featuredmedia":[{"embeddable":true,"href":"https:\/\/serbia.com\/srpski\/wp-json\/wp\/v2\/media\/37540"}],"wp:attachment":[{"href":"https:\/\/serbia.com\/srpski\/wp-json\/wp\/v2\/media?parent=44259"}],"wp:term":[{"taxonomy":"category","embeddable":true,"href":"https:\/\/serbia.com\/srpski\/wp-json\/wp\/v2\/categories?post=44259"},{"taxonomy":"post_tag","embeddable":true,"href":"https:\/\/serbia.com\/srpski\/wp-json\/wp\/v2\/tags?post=44259"}],"curies":[{"name":"wp","href":"https:\/\/api.w.org\/{rel}","templated":true}]}}