{"id":44120,"date":"2016-01-17T12:26:34","date_gmt":"2016-01-17T11:26:34","guid":{"rendered":"http:\/\/www.serbia.com\/srpski\/?p=44120"},"modified":"2016-01-17T12:26:34","modified_gmt":"2016-01-17T11:26:34","slug":"stefanovic-ocekujem-jasan-stav-od-evrope-srbija-spremna-da-saraduje","status":"publish","type":"post","link":"https:\/\/serbia.com\/srpski\/stefanovic-ocekujem-jasan-stav-od-evrope-srbija-spremna-da-saraduje\/","title":{"rendered":"Stefanovi\u0107: O\u010dekujem jasan stav od Evrope, Srbija spremna da sara\u0111uje"},"content":{"rendered":"<h4>Ministar unutra\u0161njih poslova Neboj\u0161a Stefanovi\u0107 izjavio je danas da od Evrope o\u010dekuje jasne stavove o tome koje sve migrante i dr\u017eavljane \u017eele da prime na svoju teritoriju, kako to ne bi bio problem Srbije i kako na\u0161a zemlja ne bi bila ta koja ne\u0161to ho\u0107e ili ne\u0107e.<\/h4>\n<p>Srbija je na re\u0161avanju tog pitanja spremna da sara\u0111uje sa svim dr\u017eavama i me\u0111unarodnim institucijama, poru\u010dio je Stefanovi\u0107, a navodi se u saop\u0161tenju ministarstva.<\/p>\n<p>Ministar Stefanovi\u0107 je prilikom obilaska 20 srpskih policajaca koji vi\u0161e od dve nedelje \u010duvaju makedonsko-gr\u010dku granicu, rekao da srpska policija zajedno sa kolegama iz Makedonije \u017eeli da uspostavi normalan tranzit i registraciju.<\/p>\n<p>Stefanovi\u0107, koji je Prihvatni centar Vinojug u \u0110ev\u0111eliji obi\u0161ao sa makedonskim ministrom unutra\u0161njih poslova \u00a0Oliverom Spasovskim, rekao je i da \u0107e Srbija na boljoj registraciji migranata raditi i sa drugim dr\u017eavama u regionu.<\/p>\n<p>&#8220;Interesuje nas da uspostavimo kvalitetan sistem uzimanja biometrijskih podataka i da to bude jedinstven sistem, a ne da svaka zemlja u taj proces ulazi pojedina\u010dno. Tako\u0111e, \u017eelimo da uspostavimo jo\u0161 bolje i \u0161to humanije uslove za migrante koji imaju pravo da zatra\u017ee azil u dr\u017eavama Evropske unije&#8221;, rekao je Stefanovi\u0107.<\/p>\n<p>On je dodao da Srbija i Makedonija imaju va\u017enu ulogu u tranzitu migranata i da je svima jasno da ovo nije samo evropski problem, ve\u0107 i svetski.<\/p>\n<p>&#8220;Ogroman broj migranata koji su pro\u0161li kroz na\u0161e zemlje u prethodnih godinu dana, vi\u0161e od 600.000 ljudi koje smo uspeli da registrujemo, pokazuje da ovo nije ne\u0161to \u0161to \u0107e brzo pro\u0107i. Na\u017ealost, na prole\u0107e mo\u017eemo da o\u010dekujemo ve\u0107i broj migranata nego \u0161to je to trenutno, kad dnevno pro\u0111e od 2.500 do 3.500 migranata. Sa tim brojem ljudi, uz napore, mo\u017eemo da iza\u0111emo na kraj, ali se pla\u0161im da \u0107e taj broj ponovo porasti na devet ili deset hiljada, kao \u0161to je bilo pre nekoliko meseci&#8221;, naglasio je Stefanovi\u0107.<\/p>\n<p>Srpski ministar policije je sa makedonskim kolegom Spasovskim danas razgovarao i o unapre\u0111enju saradnje u za\u0161titi na\u0161ih dr\u017eava od potencijalnih teroristi\u010dkih izazova na migrantskoj ruti.<\/p>\n<p>&#8220;Republika Srbija je potpuno spremna na tu vrstu saradnje kao i da na\u0161e jedinice za borbu protiv terorizma i specijalne jedinice budu uklju\u010dene da spre\u010de svaku vrstu izazova. Za to je va\u017ena dobra i pravovremena saradnja. Mi trenutno godi\u0161nje razmenimo vi\u0161e 1.300 operativnih informacija, ali kada postoji dobra volja i \u017eelja \u00a0da napredujemo, mislim da saradnja mo\u017ee dodatno da se unapredi&#8221; istakao je Stefanovi\u0107.<\/p>\n<p>Ministar se na kraju posete zahvalio kolegi Spasovskom na gostoprimstvu u ime 20 srpskih policajaca i tom prilikom je istakao da MUP Srbije svojim napornim radom pokazuje da ho\u0107e da pomogne.<\/p>\n<p>Izvor: Tanjug<\/p>\n","protected":false},"excerpt":{"rendered":"<p>Ministar unutra\u0161njih poslova Neboj\u0161a Stefanovi\u0107 izjavio je danas da od Evrope o\u010dekuje jasne stavove o tome koje sve migrante i dr\u017eavljane \u017eele da prime na svoju teritoriju, kako to ne [&hellip;]<\/p>\n","protected":false},"author":9,"featured_media":38012,"comment_status":"closed","ping_status":"closed","sticky":false,"template":"","format":"standard","meta":{"_acf_changed":false,"inline_featured_image":false,"_monsterinsights_skip_tracking":false,"_monsterinsights_sitenote_active":false,"_monsterinsights_sitenote_note":"","_monsterinsights_sitenote_category":0,"footnotes":""},"categories":[2700],"tags":[3904,3878,3876],"class_list":["post-44120","post","type-post","status-publish","format-standard","has-post-thumbnail","hentry","category-vesti","tag-migranti","tag-migrantska-kriza","tag-nebojsa-stefanovic"],"acf":[],"yoast_head":"<!-- This site is optimized with the Yoast SEO plugin v27.4 - https:\/\/yoast.com\/product\/yoast-seo-wordpress\/ -->\n<title>Stefanovi\u0107: O\u010dekujem jasan stav od Evrope, Srbija spremna da sara\u0111uje - Serbia.com<\/title>\n<meta name=\"robots\" content=\"index, follow, max-snippet:-1, max-image-preview:large, max-video-preview:-1\" \/>\n<link rel=\"canonical\" href=\"https:\/\/serbia.com\/srpski\/stefanovic-ocekujem-jasan-stav-od-evrope-srbija-spremna-da-saraduje\/\" \/>\n<meta property=\"og:locale\" content=\"en_US\" \/>\n<meta property=\"og:type\" content=\"article\" \/>\n<meta property=\"og:title\" content=\"Stefanovi\u0107: O\u010dekujem jasan stav od Evrope, Srbija spremna da sara\u0111uje - Serbia.com\" \/>\n<meta property=\"og:description\" content=\"Ministar unutra\u0161njih poslova Neboj\u0161a Stefanovi\u0107 izjavio je danas da od Evrope o\u010dekuje jasne stavove o tome koje sve migrante i dr\u017eavljane \u017eele da prime na svoju teritoriju, kako to ne [&hellip;]\" \/>\n<meta property=\"og:url\" content=\"https:\/\/serbia.com\/srpski\/stefanovic-ocekujem-jasan-stav-od-evrope-srbija-spremna-da-saraduje\/\" \/>\n<meta property=\"og:site_name\" content=\"Serbia.com\" \/>\n<meta property=\"article:published_time\" content=\"2016-01-17T11:26:34+00:00\" \/>\n<meta property=\"og:image\" content=\"https:\/\/serbia.com\/wp-content\/uploads\/2015\/11\/Migrants.jpg\" \/>\n\t<meta property=\"og:image:width\" content=\"800\" \/>\n\t<meta property=\"og:image:height\" content=\"433\" \/>\n\t<meta property=\"og:image:type\" content=\"image\/jpeg\" \/>\n<meta name=\"author\" content=\"Serbia.com\" \/>\n<meta name=\"twitter:label1\" content=\"Written by\" \/>\n\t<meta name=\"twitter:data1\" content=\"Serbia.com\" \/>\n\t<meta name=\"twitter:label2\" content=\"Est. reading time\" \/>\n\t<meta name=\"twitter:data2\" content=\"2 minutes\" \/>\n<script type=\"application\/ld+json\" class=\"yoast-schema-graph\">{\"@context\":\"https:\\\/\\\/schema.org\",\"@graph\":[{\"@type\":\"Article\",\"@id\":\"https:\\\/\\\/serbia.com\\\/srpski\\\/stefanovic-ocekujem-jasan-stav-od-evrope-srbija-spremna-da-saraduje\\\/#article\",\"isPartOf\":{\"@id\":\"https:\\\/\\\/serbia.com\\\/srpski\\\/stefanovic-ocekujem-jasan-stav-od-evrope-srbija-spremna-da-saraduje\\\/\"},\"author\":{\"name\":\"Serbia.com\",\"@id\":\"https:\\\/\\\/serbia.com\\\/#\\\/schema\\\/person\\\/6fe28d3055f5f291d832531e555da490\"},\"headline\":\"Stefanovi\u0107: O\u010dekujem jasan stav od Evrope, Srbija spremna da sara\u0111uje\",\"datePublished\":\"2016-01-17T11:26:34+00:00\",\"mainEntityOfPage\":{\"@id\":\"https:\\\/\\\/serbia.com\\\/srpski\\\/stefanovic-ocekujem-jasan-stav-od-evrope-srbija-spremna-da-saraduje\\\/\"},\"wordCount\":481,\"image\":{\"@id\":\"https:\\\/\\\/serbia.com\\\/srpski\\\/stefanovic-ocekujem-jasan-stav-od-evrope-srbija-spremna-da-saraduje\\\/#primaryimage\"},\"thumbnailUrl\":\"https:\\\/\\\/serbia.com\\\/wp-content\\\/uploads\\\/2015\\\/11\\\/Migrants.jpg\",\"keywords\":[\"Migranti\",\"Migrantska kriza\",\"Neboj\u0161a Stefanovi\u0107\"],\"articleSection\":[\"Vesti\"],\"inLanguage\":\"srpski\"},{\"@type\":\"WebPage\",\"@id\":\"https:\\\/\\\/serbia.com\\\/srpski\\\/stefanovic-ocekujem-jasan-stav-od-evrope-srbija-spremna-da-saraduje\\\/\",\"url\":\"https:\\\/\\\/serbia.com\\\/srpski\\\/stefanovic-ocekujem-jasan-stav-od-evrope-srbija-spremna-da-saraduje\\\/\",\"name\":\"Stefanovi\u0107: O\u010dekujem jasan stav od Evrope, Srbija spremna da sara\u0111uje - Serbia.com\",\"isPartOf\":{\"@id\":\"https:\\\/\\\/serbia.com\\\/#website\"},\"primaryImageOfPage\":{\"@id\":\"https:\\\/\\\/serbia.com\\\/srpski\\\/stefanovic-ocekujem-jasan-stav-od-evrope-srbija-spremna-da-saraduje\\\/#primaryimage\"},\"image\":{\"@id\":\"https:\\\/\\\/serbia.com\\\/srpski\\\/stefanovic-ocekujem-jasan-stav-od-evrope-srbija-spremna-da-saraduje\\\/#primaryimage\"},\"thumbnailUrl\":\"https:\\\/\\\/serbia.com\\\/wp-content\\\/uploads\\\/2015\\\/11\\\/Migrants.jpg\",\"datePublished\":\"2016-01-17T11:26:34+00:00\",\"author\":{\"@id\":\"https:\\\/\\\/serbia.com\\\/#\\\/schema\\\/person\\\/6fe28d3055f5f291d832531e555da490\"},\"breadcrumb\":{\"@id\":\"https:\\\/\\\/serbia.com\\\/srpski\\\/stefanovic-ocekujem-jasan-stav-od-evrope-srbija-spremna-da-saraduje\\\/#breadcrumb\"},\"inLanguage\":\"srpski\",\"potentialAction\":[{\"@type\":\"ReadAction\",\"target\":[\"https:\\\/\\\/serbia.com\\\/srpski\\\/stefanovic-ocekujem-jasan-stav-od-evrope-srbija-spremna-da-saraduje\\\/\"]}]},{\"@type\":\"ImageObject\",\"inLanguage\":\"srpski\",\"@id\":\"https:\\\/\\\/serbia.com\\\/srpski\\\/stefanovic-ocekujem-jasan-stav-od-evrope-srbija-spremna-da-saraduje\\\/#primaryimage\",\"url\":\"https:\\\/\\\/serbia.com\\\/wp-content\\\/uploads\\\/2015\\\/11\\\/Migrants.jpg\",\"contentUrl\":\"https:\\\/\\\/serbia.com\\\/wp-content\\\/uploads\\\/2015\\\/11\\\/Migrants.jpg\",\"width\":800,\"height\":433,\"caption\":\"Migrant crisis\"},{\"@type\":\"BreadcrumbList\",\"@id\":\"https:\\\/\\\/serbia.com\\\/srpski\\\/stefanovic-ocekujem-jasan-stav-od-evrope-srbija-spremna-da-saraduje\\\/#breadcrumb\",\"itemListElement\":[{\"@type\":\"ListItem\",\"position\":1,\"name\":\"Home\",\"item\":\"https:\\\/\\\/serbia.com\\\/srpski\\\/srbija\\\/\"},{\"@type\":\"ListItem\",\"position\":2,\"name\":\"Stefanovi\u0107: O\u010dekujem jasan stav od Evrope, Srbija spremna da sara\u0111uje\"}]},{\"@type\":\"WebSite\",\"@id\":\"https:\\\/\\\/serbia.com\\\/#website\",\"url\":\"https:\\\/\\\/serbia.com\\\/\",\"name\":\"Serbia.com\",\"description\":\"Your Gateway to Serbia\",\"potentialAction\":[{\"@type\":\"SearchAction\",\"target\":{\"@type\":\"EntryPoint\",\"urlTemplate\":\"https:\\\/\\\/serbia.com\\\/?s={search_term_string}\"},\"query-input\":{\"@type\":\"PropertyValueSpecification\",\"valueRequired\":true,\"valueName\":\"search_term_string\"}}],\"inLanguage\":\"srpski\"},{\"@type\":\"Person\",\"@id\":\"https:\\\/\\\/serbia.com\\\/#\\\/schema\\\/person\\\/6fe28d3055f5f291d832531e555da490\",\"name\":\"Serbia.com\",\"image\":{\"@type\":\"ImageObject\",\"inLanguage\":\"srpski\",\"@id\":\"https:\\\/\\\/secure.gravatar.com\\\/avatar\\\/8381eb54f5b393857857cb5fd6c42264c9e14b10435326bc567fcc3511bd8df4?s=96&d=mm&r=g\",\"url\":\"https:\\\/\\\/secure.gravatar.com\\\/avatar\\\/8381eb54f5b393857857cb5fd6c42264c9e14b10435326bc567fcc3511bd8df4?s=96&d=mm&r=g\",\"contentUrl\":\"https:\\\/\\\/secure.gravatar.com\\\/avatar\\\/8381eb54f5b393857857cb5fd6c42264c9e14b10435326bc567fcc3511bd8df4?s=96&d=mm&r=g\",\"caption\":\"Serbia.com\"},\"url\":\"https:\\\/\\\/serbia.com\\\/srpski\\\/author\\\/serbia-com\\\/\"}]}<\/script>\n<!-- \/ Yoast SEO plugin. -->","yoast_head_json":{"title":"Stefanovi\u0107: O\u010dekujem jasan stav od Evrope, Srbija spremna da sara\u0111uje - Serbia.com","robots":{"index":"index","follow":"follow","max-snippet":"max-snippet:-1","max-image-preview":"max-image-preview:large","max-video-preview":"max-video-preview:-1"},"canonical":"https:\/\/serbia.com\/srpski\/stefanovic-ocekujem-jasan-stav-od-evrope-srbija-spremna-da-saraduje\/","og_locale":"en_US","og_type":"article","og_title":"Stefanovi\u0107: O\u010dekujem jasan stav od Evrope, Srbija spremna da sara\u0111uje - Serbia.com","og_description":"Ministar unutra\u0161njih poslova Neboj\u0161a Stefanovi\u0107 izjavio je danas da od Evrope o\u010dekuje jasne stavove o tome koje sve migrante i dr\u017eavljane \u017eele da prime na svoju teritoriju, kako to ne [&hellip;]","og_url":"https:\/\/serbia.com\/srpski\/stefanovic-ocekujem-jasan-stav-od-evrope-srbija-spremna-da-saraduje\/","og_site_name":"Serbia.com","article_published_time":"2016-01-17T11:26:34+00:00","og_image":[{"width":800,"height":433,"url":"https:\/\/serbia.com\/wp-content\/uploads\/2015\/11\/Migrants.jpg","type":"image\/jpeg"}],"author":"Serbia.com","twitter_misc":{"Written by":"Serbia.com","Est. reading time":"2 minutes"},"schema":{"@context":"https:\/\/schema.org","@graph":[{"@type":"Article","@id":"https:\/\/serbia.com\/srpski\/stefanovic-ocekujem-jasan-stav-od-evrope-srbija-spremna-da-saraduje\/#article","isPartOf":{"@id":"https:\/\/serbia.com\/srpski\/stefanovic-ocekujem-jasan-stav-od-evrope-srbija-spremna-da-saraduje\/"},"author":{"name":"Serbia.com","@id":"https:\/\/serbia.com\/#\/schema\/person\/6fe28d3055f5f291d832531e555da490"},"headline":"Stefanovi\u0107: O\u010dekujem jasan stav od Evrope, Srbija spremna da sara\u0111uje","datePublished":"2016-01-17T11:26:34+00:00","mainEntityOfPage":{"@id":"https:\/\/serbia.com\/srpski\/stefanovic-ocekujem-jasan-stav-od-evrope-srbija-spremna-da-saraduje\/"},"wordCount":481,"image":{"@id":"https:\/\/serbia.com\/srpski\/stefanovic-ocekujem-jasan-stav-od-evrope-srbija-spremna-da-saraduje\/#primaryimage"},"thumbnailUrl":"https:\/\/serbia.com\/wp-content\/uploads\/2015\/11\/Migrants.jpg","keywords":["Migranti","Migrantska kriza","Neboj\u0161a Stefanovi\u0107"],"articleSection":["Vesti"],"inLanguage":"srpski"},{"@type":"WebPage","@id":"https:\/\/serbia.com\/srpski\/stefanovic-ocekujem-jasan-stav-od-evrope-srbija-spremna-da-saraduje\/","url":"https:\/\/serbia.com\/srpski\/stefanovic-ocekujem-jasan-stav-od-evrope-srbija-spremna-da-saraduje\/","name":"Stefanovi\u0107: O\u010dekujem jasan stav od Evrope, Srbija spremna da sara\u0111uje - Serbia.com","isPartOf":{"@id":"https:\/\/serbia.com\/#website"},"primaryImageOfPage":{"@id":"https:\/\/serbia.com\/srpski\/stefanovic-ocekujem-jasan-stav-od-evrope-srbija-spremna-da-saraduje\/#primaryimage"},"image":{"@id":"https:\/\/serbia.com\/srpski\/stefanovic-ocekujem-jasan-stav-od-evrope-srbija-spremna-da-saraduje\/#primaryimage"},"thumbnailUrl":"https:\/\/serbia.com\/wp-content\/uploads\/2015\/11\/Migrants.jpg","datePublished":"2016-01-17T11:26:34+00:00","author":{"@id":"https:\/\/serbia.com\/#\/schema\/person\/6fe28d3055f5f291d832531e555da490"},"breadcrumb":{"@id":"https:\/\/serbia.com\/srpski\/stefanovic-ocekujem-jasan-stav-od-evrope-srbija-spremna-da-saraduje\/#breadcrumb"},"inLanguage":"srpski","potentialAction":[{"@type":"ReadAction","target":["https:\/\/serbia.com\/srpski\/stefanovic-ocekujem-jasan-stav-od-evrope-srbija-spremna-da-saraduje\/"]}]},{"@type":"ImageObject","inLanguage":"srpski","@id":"https:\/\/serbia.com\/srpski\/stefanovic-ocekujem-jasan-stav-od-evrope-srbija-spremna-da-saraduje\/#primaryimage","url":"https:\/\/serbia.com\/wp-content\/uploads\/2015\/11\/Migrants.jpg","contentUrl":"https:\/\/serbia.com\/wp-content\/uploads\/2015\/11\/Migrants.jpg","width":800,"height":433,"caption":"Migrant crisis"},{"@type":"BreadcrumbList","@id":"https:\/\/serbia.com\/srpski\/stefanovic-ocekujem-jasan-stav-od-evrope-srbija-spremna-da-saraduje\/#breadcrumb","itemListElement":[{"@type":"ListItem","position":1,"name":"Home","item":"https:\/\/serbia.com\/srpski\/srbija\/"},{"@type":"ListItem","position":2,"name":"Stefanovi\u0107: O\u010dekujem jasan stav od Evrope, Srbija spremna da sara\u0111uje"}]},{"@type":"WebSite","@id":"https:\/\/serbia.com\/#website","url":"https:\/\/serbia.com\/","name":"Serbia.com","description":"Your Gateway to Serbia","potentialAction":[{"@type":"SearchAction","target":{"@type":"EntryPoint","urlTemplate":"https:\/\/serbia.com\/?s={search_term_string}"},"query-input":{"@type":"PropertyValueSpecification","valueRequired":true,"valueName":"search_term_string"}}],"inLanguage":"srpski"},{"@type":"Person","@id":"https:\/\/serbia.com\/#\/schema\/person\/6fe28d3055f5f291d832531e555da490","name":"Serbia.com","image":{"@type":"ImageObject","inLanguage":"srpski","@id":"https:\/\/secure.gravatar.com\/avatar\/8381eb54f5b393857857cb5fd6c42264c9e14b10435326bc567fcc3511bd8df4?s=96&d=mm&r=g","url":"https:\/\/secure.gravatar.com\/avatar\/8381eb54f5b393857857cb5fd6c42264c9e14b10435326bc567fcc3511bd8df4?s=96&d=mm&r=g","contentUrl":"https:\/\/secure.gravatar.com\/avatar\/8381eb54f5b393857857cb5fd6c42264c9e14b10435326bc567fcc3511bd8df4?s=96&d=mm&r=g","caption":"Serbia.com"},"url":"https:\/\/serbia.com\/srpski\/author\/serbia-com\/"}]}},"brizy_media":[],"_links":{"self":[{"href":"https:\/\/serbia.com\/srpski\/wp-json\/wp\/v2\/posts\/44120","targetHints":{"allow":["GET"]}}],"collection":[{"href":"https:\/\/serbia.com\/srpski\/wp-json\/wp\/v2\/posts"}],"about":[{"href":"https:\/\/serbia.com\/srpski\/wp-json\/wp\/v2\/types\/post"}],"author":[{"embeddable":true,"href":"https:\/\/serbia.com\/srpski\/wp-json\/wp\/v2\/users\/9"}],"replies":[{"embeddable":true,"href":"https:\/\/serbia.com\/srpski\/wp-json\/wp\/v2\/comments?post=44120"}],"version-history":[{"count":0,"href":"https:\/\/serbia.com\/srpski\/wp-json\/wp\/v2\/posts\/44120\/revisions"}],"wp:featuredmedia":[{"embeddable":true,"href":"https:\/\/serbia.com\/srpski\/wp-json\/wp\/v2\/media\/38012"}],"wp:attachment":[{"href":"https:\/\/serbia.com\/srpski\/wp-json\/wp\/v2\/media?parent=44120"}],"wp:term":[{"taxonomy":"category","embeddable":true,"href":"https:\/\/serbia.com\/srpski\/wp-json\/wp\/v2\/categories?post=44120"},{"taxonomy":"post_tag","embeddable":true,"href":"https:\/\/serbia.com\/srpski\/wp-json\/wp\/v2\/tags?post=44120"}],"curies":[{"name":"wp","href":"https:\/\/api.w.org\/{rel}","templated":true}]}}