{"id":44055,"date":"2016-01-16T11:10:35","date_gmt":"2016-01-16T10:10:35","guid":{"rendered":"http:\/\/www.serbia.com\/srpski\/?p=44055"},"modified":"2016-01-16T11:10:35","modified_gmt":"2016-01-16T10:10:35","slug":"ambasada-sad-ne-uslovljavaju-clanstvo-srbije-u-eu-kosovom","status":"publish","type":"post","link":"https:\/\/serbia.com\/srpski\/ambasada-sad-ne-uslovljavaju-clanstvo-srbije-u-eu-kosovom\/","title":{"rendered":"Ambasada: SAD ne uslovljavaju \u010dlanstvo Srbije u EU Kosovom"},"content":{"rendered":"<h4>Ni ambasador SAD u Beogradu Majkl Kirbi, niti bilo koji drugi zvani\u010dnik Sjedinjenih Dr\u017eava nikada nisu povezivali priznavanje Kosova ili njegovo \u010dlanstvo u UN sa kandidaturom Srbije za \u010dlanstvo u EU, saop\u0161tila je danas ambasada SAD.<\/h4>\n<p>&#8220;Sve odluke o \u010dlanstvu u EU su isklju\u010diva odgovornost Evropske unije\u201c, navodi se u saop\u0161tenju dostavljenom Tanjugu.<\/p>\n<p>Ameri\u010dka ambasada na ovaj na\u010din je reagovala na intervju koji je biv\u0161i ambasador SAD u Srbiji Vilijam Montgomeri dao Tanjugu.<\/p>\n<p>Montgomeri je, naime, izrazio uverenje da Zapad i SAD ne poku\u0161avaju namerno da oslabe premijera Srbije Aleksandra Vu\u010di\u0107a, ali da ih &#8220;nedovoljno razumevanje Balkana s vremena na vreme navodi \u00a0da preduzmu korake koji su kontraproduktivni i mogu se shvatiti upravo na taj na\u010din&#8221;.<\/p>\n<p>Montogmeri je u intervjuu Tanjugu rekao da smatra da je &#8220;klasi\u010dan primer&#8221; za to &#8220;kontraproduktivan&#8221; i &#8220;nepotreban&#8221; \u00a0&#8220;Bo\u017ei\u0107ni poklon&#8221; njegovog odlaze\u0107eg kolege, ameri\u010dkog ambasdora Kirbija, koji je izneo \u0161ta \u0107e po njegovom mi\u0161ljenju SAD tra\u017eiti da bi podr\u017eale \u010dlanstvo Srbije u EU.<\/p>\n<p>Drugi primer je &#8220;namerno spor proces otvaranja poglavlja u pristupnim pregovorima sa EU&#8221; i, dakle, \u010dinjenica da se srpskom narodu ne daje nada da taj proces stvarno ide napred, rekao je Montgomeri.<\/p>\n<p>Nagla\u0161avaju\u0107i da ni na koji na\u010din ne govori u ime ameri\u010dke vlade, ve\u0107 iznosi svoje mi\u0161ljenje o politici i pozicijama Va\u0161ingtona, Montgomeri je ocenio da ameri\u010dka vlada ima mnogo va\u017enije prioritete od Balkana, a da je u regionu anga\u017eovana na ni\u017eem nivou i samo zbog tri pitanja.<\/p>\n<p>&#8220;Prvo, \u017eeli da nezavisno Kosovo bude u potpunosti priznato i prihva\u0107eno. Drugo, zeli da Bosna ostane unutar sad\u0161njih granica i tre\u0107e, ne \u017eeli bilo kakvo izbijanje nasilja u regionu,&#8221; objasnio je Montgomeri.<\/p>\n<p>Izvor: Tanjug<\/p>\n","protected":false},"excerpt":{"rendered":"<p>Ni ambasador SAD u Beogradu Majkl Kirbi, niti bilo koji drugi zvani\u010dnik Sjedinjenih Dr\u017eava nikada nisu povezivali priznavanje Kosova ili njegovo \u010dlanstvo u UN sa kandidaturom Srbije za \u010dlanstvo u [&hellip;]<\/p>\n","protected":false},"author":9,"featured_media":44052,"comment_status":"closed","ping_status":"closed","sticky":false,"template":"","format":"standard","meta":{"_acf_changed":false,"inline_featured_image":false,"_monsterinsights_skip_tracking":false,"_monsterinsights_sitenote_active":false,"_monsterinsights_sitenote_note":"","_monsterinsights_sitenote_category":0,"footnotes":""},"categories":[2700],"tags":[4359,3836,1209,4329],"class_list":["post-44055","post","type-post","status-publish","format-standard","has-post-thumbnail","hentry","category-vesti","tag-americka-ambasada","tag-kosovo","tag-sad-srpski","tag-vilijem-montgomeri"],"acf":[],"yoast_head":"<!-- This site is optimized with the Yoast SEO plugin v27.4 - https:\/\/yoast.com\/product\/yoast-seo-wordpress\/ -->\n<title>Ambasada: SAD ne uslovljavaju \u010dlanstvo Srbije u EU Kosovom - Serbia.com<\/title>\n<meta name=\"robots\" content=\"index, follow, max-snippet:-1, max-image-preview:large, max-video-preview:-1\" \/>\n<link rel=\"canonical\" href=\"https:\/\/serbia.com\/srpski\/ambasada-sad-ne-uslovljavaju-clanstvo-srbije-u-eu-kosovom\/\" \/>\n<meta property=\"og:locale\" content=\"en_US\" \/>\n<meta property=\"og:type\" content=\"article\" \/>\n<meta property=\"og:title\" content=\"Ambasada: SAD ne uslovljavaju \u010dlanstvo Srbije u EU Kosovom - Serbia.com\" \/>\n<meta property=\"og:description\" content=\"Ni ambasador SAD u Beogradu Majkl Kirbi, niti bilo koji drugi zvani\u010dnik Sjedinjenih Dr\u017eava nikada nisu povezivali priznavanje Kosova ili njegovo \u010dlanstvo u UN sa kandidaturom Srbije za \u010dlanstvo u [&hellip;]\" \/>\n<meta property=\"og:url\" content=\"https:\/\/serbia.com\/srpski\/ambasada-sad-ne-uslovljavaju-clanstvo-srbije-u-eu-kosovom\/\" \/>\n<meta property=\"og:site_name\" content=\"Serbia.com\" \/>\n<meta property=\"article:published_time\" content=\"2016-01-16T10:10:35+00:00\" \/>\n<meta property=\"og:image\" content=\"https:\/\/serbia.com\/wp-content\/uploads\/2016\/01\/AMERICAN-FLAG-facebook-e1452938839489.jpg\" \/>\n\t<meta property=\"og:image:width\" content=\"800\" \/>\n\t<meta property=\"og:image:height\" content=\"400\" \/>\n\t<meta property=\"og:image:type\" content=\"image\/jpeg\" \/>\n<meta name=\"author\" content=\"Serbia.com\" \/>\n<meta name=\"twitter:label1\" content=\"Written by\" \/>\n\t<meta name=\"twitter:data1\" content=\"Serbia.com\" \/>\n\t<meta name=\"twitter:label2\" content=\"Est. reading time\" \/>\n\t<meta name=\"twitter:data2\" content=\"2 minutes\" \/>\n<script type=\"application\/ld+json\" class=\"yoast-schema-graph\">{\"@context\":\"https:\\\/\\\/schema.org\",\"@graph\":[{\"@type\":\"Article\",\"@id\":\"https:\\\/\\\/serbia.com\\\/srpski\\\/ambasada-sad-ne-uslovljavaju-clanstvo-srbije-u-eu-kosovom\\\/#article\",\"isPartOf\":{\"@id\":\"https:\\\/\\\/serbia.com\\\/srpski\\\/ambasada-sad-ne-uslovljavaju-clanstvo-srbije-u-eu-kosovom\\\/\"},\"author\":{\"name\":\"Serbia.com\",\"@id\":\"https:\\\/\\\/serbia.com\\\/#\\\/schema\\\/person\\\/6fe28d3055f5f291d832531e555da490\"},\"headline\":\"Ambasada: SAD ne uslovljavaju \u010dlanstvo Srbije u EU Kosovom\",\"datePublished\":\"2016-01-16T10:10:35+00:00\",\"mainEntityOfPage\":{\"@id\":\"https:\\\/\\\/serbia.com\\\/srpski\\\/ambasada-sad-ne-uslovljavaju-clanstvo-srbije-u-eu-kosovom\\\/\"},\"wordCount\":313,\"image\":{\"@id\":\"https:\\\/\\\/serbia.com\\\/srpski\\\/ambasada-sad-ne-uslovljavaju-clanstvo-srbije-u-eu-kosovom\\\/#primaryimage\"},\"thumbnailUrl\":\"https:\\\/\\\/serbia.com\\\/wp-content\\\/uploads\\\/2016\\\/01\\\/AMERICAN-FLAG-facebook-e1452938839489.jpg\",\"keywords\":[\"Ameri\u010dka ambasada\",\"Kosovo\",\"SAD\",\"Vilijem Montgomeri\"],\"articleSection\":[\"Vesti\"],\"inLanguage\":\"srpski\"},{\"@type\":\"WebPage\",\"@id\":\"https:\\\/\\\/serbia.com\\\/srpski\\\/ambasada-sad-ne-uslovljavaju-clanstvo-srbije-u-eu-kosovom\\\/\",\"url\":\"https:\\\/\\\/serbia.com\\\/srpski\\\/ambasada-sad-ne-uslovljavaju-clanstvo-srbije-u-eu-kosovom\\\/\",\"name\":\"Ambasada: SAD ne uslovljavaju \u010dlanstvo Srbije u EU Kosovom - Serbia.com\",\"isPartOf\":{\"@id\":\"https:\\\/\\\/serbia.com\\\/#website\"},\"primaryImageOfPage\":{\"@id\":\"https:\\\/\\\/serbia.com\\\/srpski\\\/ambasada-sad-ne-uslovljavaju-clanstvo-srbije-u-eu-kosovom\\\/#primaryimage\"},\"image\":{\"@id\":\"https:\\\/\\\/serbia.com\\\/srpski\\\/ambasada-sad-ne-uslovljavaju-clanstvo-srbije-u-eu-kosovom\\\/#primaryimage\"},\"thumbnailUrl\":\"https:\\\/\\\/serbia.com\\\/wp-content\\\/uploads\\\/2016\\\/01\\\/AMERICAN-FLAG-facebook-e1452938839489.jpg\",\"datePublished\":\"2016-01-16T10:10:35+00:00\",\"author\":{\"@id\":\"https:\\\/\\\/serbia.com\\\/#\\\/schema\\\/person\\\/6fe28d3055f5f291d832531e555da490\"},\"breadcrumb\":{\"@id\":\"https:\\\/\\\/serbia.com\\\/srpski\\\/ambasada-sad-ne-uslovljavaju-clanstvo-srbije-u-eu-kosovom\\\/#breadcrumb\"},\"inLanguage\":\"srpski\",\"potentialAction\":[{\"@type\":\"ReadAction\",\"target\":[\"https:\\\/\\\/serbia.com\\\/srpski\\\/ambasada-sad-ne-uslovljavaju-clanstvo-srbije-u-eu-kosovom\\\/\"]}]},{\"@type\":\"ImageObject\",\"inLanguage\":\"srpski\",\"@id\":\"https:\\\/\\\/serbia.com\\\/srpski\\\/ambasada-sad-ne-uslovljavaju-clanstvo-srbije-u-eu-kosovom\\\/#primaryimage\",\"url\":\"https:\\\/\\\/serbia.com\\\/wp-content\\\/uploads\\\/2016\\\/01\\\/AMERICAN-FLAG-facebook-e1452938839489.jpg\",\"contentUrl\":\"https:\\\/\\\/serbia.com\\\/wp-content\\\/uploads\\\/2016\\\/01\\\/AMERICAN-FLAG-facebook-e1452938839489.jpg\",\"width\":800,\"height\":400,\"caption\":\"American flag flying in the wind\"},{\"@type\":\"BreadcrumbList\",\"@id\":\"https:\\\/\\\/serbia.com\\\/srpski\\\/ambasada-sad-ne-uslovljavaju-clanstvo-srbije-u-eu-kosovom\\\/#breadcrumb\",\"itemListElement\":[{\"@type\":\"ListItem\",\"position\":1,\"name\":\"Home\",\"item\":\"https:\\\/\\\/serbia.com\\\/srpski\\\/srbija\\\/\"},{\"@type\":\"ListItem\",\"position\":2,\"name\":\"Ambasada: SAD ne uslovljavaju \u010dlanstvo Srbije u EU Kosovom\"}]},{\"@type\":\"WebSite\",\"@id\":\"https:\\\/\\\/serbia.com\\\/#website\",\"url\":\"https:\\\/\\\/serbia.com\\\/\",\"name\":\"Serbia.com\",\"description\":\"Your Gateway to Serbia\",\"potentialAction\":[{\"@type\":\"SearchAction\",\"target\":{\"@type\":\"EntryPoint\",\"urlTemplate\":\"https:\\\/\\\/serbia.com\\\/?s={search_term_string}\"},\"query-input\":{\"@type\":\"PropertyValueSpecification\",\"valueRequired\":true,\"valueName\":\"search_term_string\"}}],\"inLanguage\":\"srpski\"},{\"@type\":\"Person\",\"@id\":\"https:\\\/\\\/serbia.com\\\/#\\\/schema\\\/person\\\/6fe28d3055f5f291d832531e555da490\",\"name\":\"Serbia.com\",\"image\":{\"@type\":\"ImageObject\",\"inLanguage\":\"srpski\",\"@id\":\"https:\\\/\\\/secure.gravatar.com\\\/avatar\\\/8381eb54f5b393857857cb5fd6c42264c9e14b10435326bc567fcc3511bd8df4?s=96&d=mm&r=g\",\"url\":\"https:\\\/\\\/secure.gravatar.com\\\/avatar\\\/8381eb54f5b393857857cb5fd6c42264c9e14b10435326bc567fcc3511bd8df4?s=96&d=mm&r=g\",\"contentUrl\":\"https:\\\/\\\/secure.gravatar.com\\\/avatar\\\/8381eb54f5b393857857cb5fd6c42264c9e14b10435326bc567fcc3511bd8df4?s=96&d=mm&r=g\",\"caption\":\"Serbia.com\"},\"url\":\"https:\\\/\\\/serbia.com\\\/srpski\\\/author\\\/serbia-com\\\/\"}]}<\/script>\n<!-- \/ Yoast SEO plugin. -->","yoast_head_json":{"title":"Ambasada: SAD ne uslovljavaju \u010dlanstvo Srbije u EU Kosovom - Serbia.com","robots":{"index":"index","follow":"follow","max-snippet":"max-snippet:-1","max-image-preview":"max-image-preview:large","max-video-preview":"max-video-preview:-1"},"canonical":"https:\/\/serbia.com\/srpski\/ambasada-sad-ne-uslovljavaju-clanstvo-srbije-u-eu-kosovom\/","og_locale":"en_US","og_type":"article","og_title":"Ambasada: SAD ne uslovljavaju \u010dlanstvo Srbije u EU Kosovom - Serbia.com","og_description":"Ni ambasador SAD u Beogradu Majkl Kirbi, niti bilo koji drugi zvani\u010dnik Sjedinjenih Dr\u017eava nikada nisu povezivali priznavanje Kosova ili njegovo \u010dlanstvo u UN sa kandidaturom Srbije za \u010dlanstvo u [&hellip;]","og_url":"https:\/\/serbia.com\/srpski\/ambasada-sad-ne-uslovljavaju-clanstvo-srbije-u-eu-kosovom\/","og_site_name":"Serbia.com","article_published_time":"2016-01-16T10:10:35+00:00","og_image":[{"width":800,"height":400,"url":"https:\/\/serbia.com\/wp-content\/uploads\/2016\/01\/AMERICAN-FLAG-facebook-e1452938839489.jpg","type":"image\/jpeg"}],"author":"Serbia.com","twitter_misc":{"Written by":"Serbia.com","Est. reading time":"2 minutes"},"schema":{"@context":"https:\/\/schema.org","@graph":[{"@type":"Article","@id":"https:\/\/serbia.com\/srpski\/ambasada-sad-ne-uslovljavaju-clanstvo-srbije-u-eu-kosovom\/#article","isPartOf":{"@id":"https:\/\/serbia.com\/srpski\/ambasada-sad-ne-uslovljavaju-clanstvo-srbije-u-eu-kosovom\/"},"author":{"name":"Serbia.com","@id":"https:\/\/serbia.com\/#\/schema\/person\/6fe28d3055f5f291d832531e555da490"},"headline":"Ambasada: SAD ne uslovljavaju \u010dlanstvo Srbije u EU Kosovom","datePublished":"2016-01-16T10:10:35+00:00","mainEntityOfPage":{"@id":"https:\/\/serbia.com\/srpski\/ambasada-sad-ne-uslovljavaju-clanstvo-srbije-u-eu-kosovom\/"},"wordCount":313,"image":{"@id":"https:\/\/serbia.com\/srpski\/ambasada-sad-ne-uslovljavaju-clanstvo-srbije-u-eu-kosovom\/#primaryimage"},"thumbnailUrl":"https:\/\/serbia.com\/wp-content\/uploads\/2016\/01\/AMERICAN-FLAG-facebook-e1452938839489.jpg","keywords":["Ameri\u010dka ambasada","Kosovo","SAD","Vilijem Montgomeri"],"articleSection":["Vesti"],"inLanguage":"srpski"},{"@type":"WebPage","@id":"https:\/\/serbia.com\/srpski\/ambasada-sad-ne-uslovljavaju-clanstvo-srbije-u-eu-kosovom\/","url":"https:\/\/serbia.com\/srpski\/ambasada-sad-ne-uslovljavaju-clanstvo-srbije-u-eu-kosovom\/","name":"Ambasada: SAD ne uslovljavaju \u010dlanstvo Srbije u EU Kosovom - Serbia.com","isPartOf":{"@id":"https:\/\/serbia.com\/#website"},"primaryImageOfPage":{"@id":"https:\/\/serbia.com\/srpski\/ambasada-sad-ne-uslovljavaju-clanstvo-srbije-u-eu-kosovom\/#primaryimage"},"image":{"@id":"https:\/\/serbia.com\/srpski\/ambasada-sad-ne-uslovljavaju-clanstvo-srbije-u-eu-kosovom\/#primaryimage"},"thumbnailUrl":"https:\/\/serbia.com\/wp-content\/uploads\/2016\/01\/AMERICAN-FLAG-facebook-e1452938839489.jpg","datePublished":"2016-01-16T10:10:35+00:00","author":{"@id":"https:\/\/serbia.com\/#\/schema\/person\/6fe28d3055f5f291d832531e555da490"},"breadcrumb":{"@id":"https:\/\/serbia.com\/srpski\/ambasada-sad-ne-uslovljavaju-clanstvo-srbije-u-eu-kosovom\/#breadcrumb"},"inLanguage":"srpski","potentialAction":[{"@type":"ReadAction","target":["https:\/\/serbia.com\/srpski\/ambasada-sad-ne-uslovljavaju-clanstvo-srbije-u-eu-kosovom\/"]}]},{"@type":"ImageObject","inLanguage":"srpski","@id":"https:\/\/serbia.com\/srpski\/ambasada-sad-ne-uslovljavaju-clanstvo-srbije-u-eu-kosovom\/#primaryimage","url":"https:\/\/serbia.com\/wp-content\/uploads\/2016\/01\/AMERICAN-FLAG-facebook-e1452938839489.jpg","contentUrl":"https:\/\/serbia.com\/wp-content\/uploads\/2016\/01\/AMERICAN-FLAG-facebook-e1452938839489.jpg","width":800,"height":400,"caption":"American flag flying in the wind"},{"@type":"BreadcrumbList","@id":"https:\/\/serbia.com\/srpski\/ambasada-sad-ne-uslovljavaju-clanstvo-srbije-u-eu-kosovom\/#breadcrumb","itemListElement":[{"@type":"ListItem","position":1,"name":"Home","item":"https:\/\/serbia.com\/srpski\/srbija\/"},{"@type":"ListItem","position":2,"name":"Ambasada: SAD ne uslovljavaju \u010dlanstvo Srbije u EU Kosovom"}]},{"@type":"WebSite","@id":"https:\/\/serbia.com\/#website","url":"https:\/\/serbia.com\/","name":"Serbia.com","description":"Your Gateway to Serbia","potentialAction":[{"@type":"SearchAction","target":{"@type":"EntryPoint","urlTemplate":"https:\/\/serbia.com\/?s={search_term_string}"},"query-input":{"@type":"PropertyValueSpecification","valueRequired":true,"valueName":"search_term_string"}}],"inLanguage":"srpski"},{"@type":"Person","@id":"https:\/\/serbia.com\/#\/schema\/person\/6fe28d3055f5f291d832531e555da490","name":"Serbia.com","image":{"@type":"ImageObject","inLanguage":"srpski","@id":"https:\/\/secure.gravatar.com\/avatar\/8381eb54f5b393857857cb5fd6c42264c9e14b10435326bc567fcc3511bd8df4?s=96&d=mm&r=g","url":"https:\/\/secure.gravatar.com\/avatar\/8381eb54f5b393857857cb5fd6c42264c9e14b10435326bc567fcc3511bd8df4?s=96&d=mm&r=g","contentUrl":"https:\/\/secure.gravatar.com\/avatar\/8381eb54f5b393857857cb5fd6c42264c9e14b10435326bc567fcc3511bd8df4?s=96&d=mm&r=g","caption":"Serbia.com"},"url":"https:\/\/serbia.com\/srpski\/author\/serbia-com\/"}]}},"brizy_media":[],"_links":{"self":[{"href":"https:\/\/serbia.com\/srpski\/wp-json\/wp\/v2\/posts\/44055","targetHints":{"allow":["GET"]}}],"collection":[{"href":"https:\/\/serbia.com\/srpski\/wp-json\/wp\/v2\/posts"}],"about":[{"href":"https:\/\/serbia.com\/srpski\/wp-json\/wp\/v2\/types\/post"}],"author":[{"embeddable":true,"href":"https:\/\/serbia.com\/srpski\/wp-json\/wp\/v2\/users\/9"}],"replies":[{"embeddable":true,"href":"https:\/\/serbia.com\/srpski\/wp-json\/wp\/v2\/comments?post=44055"}],"version-history":[{"count":0,"href":"https:\/\/serbia.com\/srpski\/wp-json\/wp\/v2\/posts\/44055\/revisions"}],"wp:featuredmedia":[{"embeddable":true,"href":"https:\/\/serbia.com\/srpski\/wp-json\/wp\/v2\/media\/44052"}],"wp:attachment":[{"href":"https:\/\/serbia.com\/srpski\/wp-json\/wp\/v2\/media?parent=44055"}],"wp:term":[{"taxonomy":"category","embeddable":true,"href":"https:\/\/serbia.com\/srpski\/wp-json\/wp\/v2\/categories?post=44055"},{"taxonomy":"post_tag","embeddable":true,"href":"https:\/\/serbia.com\/srpski\/wp-json\/wp\/v2\/tags?post=44055"}],"curies":[{"name":"wp","href":"https:\/\/api.w.org\/{rel}","templated":true}]}}