{"id":43572,"date":"2016-01-05T23:55:53","date_gmt":"2016-01-05T22:55:53","guid":{"rendered":"http:\/\/www.serbia.com\/srpski\/?p=43572"},"modified":"2016-01-05T23:58:26","modified_gmt":"2016-01-05T22:58:26","slug":"danas-se-obelezava-badnji-dan","status":"publish","type":"post","link":"https:\/\/serbia.com\/srpski\/danas-se-obelezava-badnji-dan\/","title":{"rendered":"Danas se obele\u017eava Badnji dan"},"content":{"rendered":"<h4>Pravoslavni vernici i Srpska pravoslavna crkva obele\u017eavaju Badnji dan i Badnje ve\u010de, koji najavljuju Bo\u017ei\u0107, praznik ro\u0111enja Isusa Hrista. Ovaj dan se obele\u017eava liturgijama u crkvama, paljenjem badnjaka i porodi\u010dnim okupljanjem za posnom trpezom.<\/h4>\n<p>Badnji dan i Badnje ve\u010de predstavljaju pripremu za proslavu najradosnijeg pravoslavnog praznika, Bo\u017ei\u0107a, ro\u0111enja Isusa Hrista.<\/p>\n<p><img loading=\"lazy\" decoding=\"async\" class=\"alignleft size-medium wp-image-43544\" src=\"http:\/\/www.serbia.com\/wp-content\/uploads\/2016\/01\/badnjak1-300x181.jpg\" alt=\"badnjak1\" width=\"300\" height=\"181\" srcset=\"https:\/\/serbia.com\/wp-content\/uploads\/2016\/01\/badnjak1-300x181.jpg 300w, https:\/\/serbia.com\/wp-content\/uploads\/2016\/01\/badnjak1-768x463.jpg 768w, https:\/\/serbia.com\/wp-content\/uploads\/2016\/01\/badnjak1.jpg 800w\" sizes=\"auto, (max-width: 300px) 100vw, 300px\" \/>Najvi\u0161e <a href=\"http:\/\/www.serbia.com\/srpski\/o-srbiji\/kultura\/etno-naslede\/narodni-obicaji\/\" target=\"_blank\">narodnih obi\u010daja<\/a> u Srbiji vezuje se za Badnji dan i Bo\u017ei\u0107, kojima se do\u010darava doga\u0111aj ro\u0111enja u Vitlejemu.<\/p>\n<p><strong>U zoru, na Badnji dan mu\u0161karci iz ku\u0107e odlaze \u201eu badnjake\u201c<\/strong>. Badnjak je po pravilu mlado cerovo ili hrastovo drvo i predstavlja simbol drveta koje su, kako ka\u017ee predanje, pastiri doneli Josifu i Mariji da zalo\u017ee vatru i zagreju pe\u0107inu u kojoj je ro\u0111en Isus.<\/p>\n<p>Prema izvornom obi\u010daju, <strong>badnjak se pali uo\u010di praznika i gori do Bo\u017ei\u0107a kada se objavljuje radost Hristovog ro\u0111enja.<\/strong> Dogorevanje badnjaka simbol je rastanka sa starim verovanjima i prihvatanje nove svetlosti koja dolazi sa verom u novoro\u0111enog Hrista.<\/p>\n<blockquote><p><em>\u0160irom Srbije se na Badnje ve\u010de ispred hramova organizuju liturgije i paljenje badnjaka. Najve\u0107i broj ljudi se tradicionalno okupi ispred Hrama Svetog Save na Vra\u010daru, gde mnogobrojni vernici u radosti do\u010dekaju najradosniji hri\u0161\u0107anski praznik.<\/em><\/p><\/blockquote>\n<p><strong>Svi obi\u010daji imaju smisao hri\u0161\u0107anskog zajedni\u0161tva<\/strong>, pa se smatra da se ljudi okupljeni oko badnjaka zagrevaju ljubavlju i slogom, a njegovu svetlost unose u mrak neznanja i praznoverja.<\/p>\n<p>Uo\u010di Bo\u017ei\u0107a slamom se posipa pod i domovi se pretvaraju u vitlejemsku pe\u0107inu, u kojoj je ro\u0111en Isus Hrist, koji je povijen u slamu i kome su se najpre poklonili pastiri.<\/p>\n<p>U seoskim ku\u0107ama slama le\u017ei i po tri dana, dok se u gradovima u domove unosi sve\u017eanj slame koja se postavlja uz badnjak.<\/p>\n<p><img loading=\"lazy\" decoding=\"async\" class=\"aligncenter size-full wp-image-43547\" src=\"http:\/\/www.serbia.com\/wp-content\/uploads\/2016\/01\/badnje-vece.jpg\" alt=\"Badnji dan\" width=\"800\" height=\"504\" srcset=\"https:\/\/serbia.com\/wp-content\/uploads\/2016\/01\/badnje-vece.jpg 800w, https:\/\/serbia.com\/wp-content\/uploads\/2016\/01\/badnje-vece-300x189.jpg 300w, https:\/\/serbia.com\/wp-content\/uploads\/2016\/01\/badnje-vece-768x484.jpg 768w\" sizes=\"auto, (max-width: 800px) 100vw, 800px\" \/><\/p>\n<p>Postoji obi\u010daj da se ku\u0107e posipaju \u017eitom i mnogi drugi rituali kojima se daje hri\u0161\u0107anski smisao, jer je Hrist do\u0161ao da ljude zbli\u017ei i nahrani i napoji svojom naukom i ljubavlju.<\/p>\n<p>U pravoslavnim ku\u0107ama <strong>Badnje ve\u010de je porodi\u010dni praznik kada se uku\u0107ani okupljaju oko posne trpeze.<\/strong><\/p>\n<p>Bo\u017ei\u0107 je uvek prvi mrsni dan nakon bo\u017ei\u0107nog posta i dan kada se u crkvama pri\u010de\u0161\u0107uju oni koji su po\u0161tovali pravila posta.<\/p>\n<p>Badnji dan i Badnje ve\u010de 6. januara, pored SPC, slave Ruska i Gruzijska pravoslavna crkva, beloruski i ukrajinski pravoslavci, Jerusalimska patrijar\u0161ija, Sveta Gora, starokalendarci u Gr\u010dkoj i egipatski Kopti.<\/p>\n","protected":false},"excerpt":{"rendered":"<p>Pravoslavni vernici i Srpska pravoslavna crkva obele\u017eavaju Badnji dan i Badnje ve\u010de, koji najavljuju Bo\u017ei\u0107, praznik ro\u0111enja Isusa Hrista. Ovaj dan se obele\u017eava liturgijama u crkvama, paljenjem badnjaka i porodi\u010dnim [&hellip;]<\/p>\n","protected":false},"author":9,"featured_media":43549,"comment_status":"closed","ping_status":"closed","sticky":false,"template":"","format":"standard","meta":{"_acf_changed":false,"inline_featured_image":false,"_monsterinsights_skip_tracking":false,"_monsterinsights_sitenote_active":false,"_monsterinsights_sitenote_note":"","_monsterinsights_sitenote_category":0,"footnotes":""},"categories":[2846,960,2700],"tags":[4296,4295,2756],"class_list":["post-43572","post","type-post","status-publish","format-standard","has-post-thumbnail","hentry","category-istaknuto","category-na-srpski-nacin","category-vesti","tag-badnje-vece","tag-badnji-dan","tag-bozic"],"acf":[],"yoast_head":"<!-- This site is optimized with the Yoast SEO plugin v27.4 - https:\/\/yoast.com\/product\/yoast-seo-wordpress\/ -->\n<title>Danas se obele\u017eava Badnji dan - Serbia.com<\/title>\n<meta name=\"robots\" content=\"index, follow, max-snippet:-1, max-image-preview:large, max-video-preview:-1\" \/>\n<link rel=\"canonical\" href=\"https:\/\/serbia.com\/srpski\/danas-se-obelezava-badnji-dan\/\" \/>\n<meta property=\"og:locale\" content=\"en_US\" \/>\n<meta property=\"og:type\" content=\"article\" \/>\n<meta property=\"og:title\" content=\"Danas se obele\u017eava Badnji dan - Serbia.com\" \/>\n<meta property=\"og:description\" content=\"Pravoslavni vernici i Srpska pravoslavna crkva obele\u017eavaju Badnji dan i Badnje ve\u010de, koji najavljuju Bo\u017ei\u0107, praznik ro\u0111enja Isusa Hrista. Ovaj dan se obele\u017eava liturgijama u crkvama, paljenjem badnjaka i porodi\u010dnim [&hellip;]\" \/>\n<meta property=\"og:url\" content=\"https:\/\/serbia.com\/srpski\/danas-se-obelezava-badnji-dan\/\" \/>\n<meta property=\"og:site_name\" content=\"Serbia.com\" \/>\n<meta property=\"article:published_time\" content=\"2016-01-05T22:55:53+00:00\" \/>\n<meta property=\"article:modified_time\" content=\"2016-01-05T22:58:26+00:00\" \/>\n<meta property=\"og:image\" content=\"https:\/\/serbia.com\/wp-content\/uploads\/2016\/01\/badnji-dan.jpg\" \/>\n\t<meta property=\"og:image:width\" content=\"800\" \/>\n\t<meta property=\"og:image:height\" content=\"526\" \/>\n\t<meta property=\"og:image:type\" content=\"image\/jpeg\" \/>\n<meta name=\"author\" content=\"Serbia.com\" \/>\n<meta name=\"twitter:label1\" content=\"Written by\" \/>\n\t<meta name=\"twitter:data1\" content=\"Serbia.com\" \/>\n\t<meta name=\"twitter:label2\" content=\"Est. reading time\" \/>\n\t<meta name=\"twitter:data2\" content=\"2 minutes\" \/>\n<script type=\"application\/ld+json\" class=\"yoast-schema-graph\">{\"@context\":\"https:\\\/\\\/schema.org\",\"@graph\":[{\"@type\":\"Article\",\"@id\":\"https:\\\/\\\/serbia.com\\\/srpski\\\/danas-se-obelezava-badnji-dan\\\/#article\",\"isPartOf\":{\"@id\":\"https:\\\/\\\/serbia.com\\\/srpski\\\/danas-se-obelezava-badnji-dan\\\/\"},\"author\":{\"name\":\"Serbia.com\",\"@id\":\"https:\\\/\\\/serbia.com\\\/#\\\/schema\\\/person\\\/6fe28d3055f5f291d832531e555da490\"},\"headline\":\"Danas se obele\u017eava Badnji dan\",\"datePublished\":\"2016-01-05T22:55:53+00:00\",\"dateModified\":\"2016-01-05T22:58:26+00:00\",\"mainEntityOfPage\":{\"@id\":\"https:\\\/\\\/serbia.com\\\/srpski\\\/danas-se-obelezava-badnji-dan\\\/\"},\"wordCount\":431,\"image\":{\"@id\":\"https:\\\/\\\/serbia.com\\\/srpski\\\/danas-se-obelezava-badnji-dan\\\/#primaryimage\"},\"thumbnailUrl\":\"https:\\\/\\\/serbia.com\\\/wp-content\\\/uploads\\\/2016\\\/01\\\/badnji-dan.jpg\",\"keywords\":[\"Badnje ve\u010de\",\"Badnji dan\",\"Bo\u017ei\u0107\"],\"articleSection\":[\"Istaknuto\",\"Na srpski na\u010din\",\"Vesti\"],\"inLanguage\":\"srpski\"},{\"@type\":\"WebPage\",\"@id\":\"https:\\\/\\\/serbia.com\\\/srpski\\\/danas-se-obelezava-badnji-dan\\\/\",\"url\":\"https:\\\/\\\/serbia.com\\\/srpski\\\/danas-se-obelezava-badnji-dan\\\/\",\"name\":\"Danas se obele\u017eava Badnji dan - Serbia.com\",\"isPartOf\":{\"@id\":\"https:\\\/\\\/serbia.com\\\/#website\"},\"primaryImageOfPage\":{\"@id\":\"https:\\\/\\\/serbia.com\\\/srpski\\\/danas-se-obelezava-badnji-dan\\\/#primaryimage\"},\"image\":{\"@id\":\"https:\\\/\\\/serbia.com\\\/srpski\\\/danas-se-obelezava-badnji-dan\\\/#primaryimage\"},\"thumbnailUrl\":\"https:\\\/\\\/serbia.com\\\/wp-content\\\/uploads\\\/2016\\\/01\\\/badnji-dan.jpg\",\"datePublished\":\"2016-01-05T22:55:53+00:00\",\"dateModified\":\"2016-01-05T22:58:26+00:00\",\"author\":{\"@id\":\"https:\\\/\\\/serbia.com\\\/#\\\/schema\\\/person\\\/6fe28d3055f5f291d832531e555da490\"},\"breadcrumb\":{\"@id\":\"https:\\\/\\\/serbia.com\\\/srpski\\\/danas-se-obelezava-badnji-dan\\\/#breadcrumb\"},\"inLanguage\":\"srpski\",\"potentialAction\":[{\"@type\":\"ReadAction\",\"target\":[\"https:\\\/\\\/serbia.com\\\/srpski\\\/danas-se-obelezava-badnji-dan\\\/\"]}]},{\"@type\":\"ImageObject\",\"inLanguage\":\"srpski\",\"@id\":\"https:\\\/\\\/serbia.com\\\/srpski\\\/danas-se-obelezava-badnji-dan\\\/#primaryimage\",\"url\":\"https:\\\/\\\/serbia.com\\\/wp-content\\\/uploads\\\/2016\\\/01\\\/badnji-dan.jpg\",\"contentUrl\":\"https:\\\/\\\/serbia.com\\\/wp-content\\\/uploads\\\/2016\\\/01\\\/badnji-dan.jpg\",\"width\":800,\"height\":526,\"caption\":\"Christmas Eve in Serbia\"},{\"@type\":\"BreadcrumbList\",\"@id\":\"https:\\\/\\\/serbia.com\\\/srpski\\\/danas-se-obelezava-badnji-dan\\\/#breadcrumb\",\"itemListElement\":[{\"@type\":\"ListItem\",\"position\":1,\"name\":\"Home\",\"item\":\"https:\\\/\\\/serbia.com\\\/srpski\\\/srbija\\\/\"},{\"@type\":\"ListItem\",\"position\":2,\"name\":\"Danas se obele\u017eava Badnji dan\"}]},{\"@type\":\"WebSite\",\"@id\":\"https:\\\/\\\/serbia.com\\\/#website\",\"url\":\"https:\\\/\\\/serbia.com\\\/\",\"name\":\"Serbia.com\",\"description\":\"Your Gateway to Serbia\",\"potentialAction\":[{\"@type\":\"SearchAction\",\"target\":{\"@type\":\"EntryPoint\",\"urlTemplate\":\"https:\\\/\\\/serbia.com\\\/?s={search_term_string}\"},\"query-input\":{\"@type\":\"PropertyValueSpecification\",\"valueRequired\":true,\"valueName\":\"search_term_string\"}}],\"inLanguage\":\"srpski\"},{\"@type\":\"Person\",\"@id\":\"https:\\\/\\\/serbia.com\\\/#\\\/schema\\\/person\\\/6fe28d3055f5f291d832531e555da490\",\"name\":\"Serbia.com\",\"image\":{\"@type\":\"ImageObject\",\"inLanguage\":\"srpski\",\"@id\":\"https:\\\/\\\/secure.gravatar.com\\\/avatar\\\/8381eb54f5b393857857cb5fd6c42264c9e14b10435326bc567fcc3511bd8df4?s=96&d=mm&r=g\",\"url\":\"https:\\\/\\\/secure.gravatar.com\\\/avatar\\\/8381eb54f5b393857857cb5fd6c42264c9e14b10435326bc567fcc3511bd8df4?s=96&d=mm&r=g\",\"contentUrl\":\"https:\\\/\\\/secure.gravatar.com\\\/avatar\\\/8381eb54f5b393857857cb5fd6c42264c9e14b10435326bc567fcc3511bd8df4?s=96&d=mm&r=g\",\"caption\":\"Serbia.com\"},\"url\":\"https:\\\/\\\/serbia.com\\\/srpski\\\/author\\\/serbia-com\\\/\"}]}<\/script>\n<!-- \/ Yoast SEO plugin. -->","yoast_head_json":{"title":"Danas se obele\u017eava Badnji dan - Serbia.com","robots":{"index":"index","follow":"follow","max-snippet":"max-snippet:-1","max-image-preview":"max-image-preview:large","max-video-preview":"max-video-preview:-1"},"canonical":"https:\/\/serbia.com\/srpski\/danas-se-obelezava-badnji-dan\/","og_locale":"en_US","og_type":"article","og_title":"Danas se obele\u017eava Badnji dan - Serbia.com","og_description":"Pravoslavni vernici i Srpska pravoslavna crkva obele\u017eavaju Badnji dan i Badnje ve\u010de, koji najavljuju Bo\u017ei\u0107, praznik ro\u0111enja Isusa Hrista. Ovaj dan se obele\u017eava liturgijama u crkvama, paljenjem badnjaka i porodi\u010dnim [&hellip;]","og_url":"https:\/\/serbia.com\/srpski\/danas-se-obelezava-badnji-dan\/","og_site_name":"Serbia.com","article_published_time":"2016-01-05T22:55:53+00:00","article_modified_time":"2016-01-05T22:58:26+00:00","og_image":[{"width":800,"height":526,"url":"https:\/\/serbia.com\/wp-content\/uploads\/2016\/01\/badnji-dan.jpg","type":"image\/jpeg"}],"author":"Serbia.com","twitter_misc":{"Written by":"Serbia.com","Est. reading time":"2 minutes"},"schema":{"@context":"https:\/\/schema.org","@graph":[{"@type":"Article","@id":"https:\/\/serbia.com\/srpski\/danas-se-obelezava-badnji-dan\/#article","isPartOf":{"@id":"https:\/\/serbia.com\/srpski\/danas-se-obelezava-badnji-dan\/"},"author":{"name":"Serbia.com","@id":"https:\/\/serbia.com\/#\/schema\/person\/6fe28d3055f5f291d832531e555da490"},"headline":"Danas se obele\u017eava Badnji dan","datePublished":"2016-01-05T22:55:53+00:00","dateModified":"2016-01-05T22:58:26+00:00","mainEntityOfPage":{"@id":"https:\/\/serbia.com\/srpski\/danas-se-obelezava-badnji-dan\/"},"wordCount":431,"image":{"@id":"https:\/\/serbia.com\/srpski\/danas-se-obelezava-badnji-dan\/#primaryimage"},"thumbnailUrl":"https:\/\/serbia.com\/wp-content\/uploads\/2016\/01\/badnji-dan.jpg","keywords":["Badnje ve\u010de","Badnji dan","Bo\u017ei\u0107"],"articleSection":["Istaknuto","Na srpski na\u010din","Vesti"],"inLanguage":"srpski"},{"@type":"WebPage","@id":"https:\/\/serbia.com\/srpski\/danas-se-obelezava-badnji-dan\/","url":"https:\/\/serbia.com\/srpski\/danas-se-obelezava-badnji-dan\/","name":"Danas se obele\u017eava Badnji dan - Serbia.com","isPartOf":{"@id":"https:\/\/serbia.com\/#website"},"primaryImageOfPage":{"@id":"https:\/\/serbia.com\/srpski\/danas-se-obelezava-badnji-dan\/#primaryimage"},"image":{"@id":"https:\/\/serbia.com\/srpski\/danas-se-obelezava-badnji-dan\/#primaryimage"},"thumbnailUrl":"https:\/\/serbia.com\/wp-content\/uploads\/2016\/01\/badnji-dan.jpg","datePublished":"2016-01-05T22:55:53+00:00","dateModified":"2016-01-05T22:58:26+00:00","author":{"@id":"https:\/\/serbia.com\/#\/schema\/person\/6fe28d3055f5f291d832531e555da490"},"breadcrumb":{"@id":"https:\/\/serbia.com\/srpski\/danas-se-obelezava-badnji-dan\/#breadcrumb"},"inLanguage":"srpski","potentialAction":[{"@type":"ReadAction","target":["https:\/\/serbia.com\/srpski\/danas-se-obelezava-badnji-dan\/"]}]},{"@type":"ImageObject","inLanguage":"srpski","@id":"https:\/\/serbia.com\/srpski\/danas-se-obelezava-badnji-dan\/#primaryimage","url":"https:\/\/serbia.com\/wp-content\/uploads\/2016\/01\/badnji-dan.jpg","contentUrl":"https:\/\/serbia.com\/wp-content\/uploads\/2016\/01\/badnji-dan.jpg","width":800,"height":526,"caption":"Christmas Eve in Serbia"},{"@type":"BreadcrumbList","@id":"https:\/\/serbia.com\/srpski\/danas-se-obelezava-badnji-dan\/#breadcrumb","itemListElement":[{"@type":"ListItem","position":1,"name":"Home","item":"https:\/\/serbia.com\/srpski\/srbija\/"},{"@type":"ListItem","position":2,"name":"Danas se obele\u017eava Badnji dan"}]},{"@type":"WebSite","@id":"https:\/\/serbia.com\/#website","url":"https:\/\/serbia.com\/","name":"Serbia.com","description":"Your Gateway to Serbia","potentialAction":[{"@type":"SearchAction","target":{"@type":"EntryPoint","urlTemplate":"https:\/\/serbia.com\/?s={search_term_string}"},"query-input":{"@type":"PropertyValueSpecification","valueRequired":true,"valueName":"search_term_string"}}],"inLanguage":"srpski"},{"@type":"Person","@id":"https:\/\/serbia.com\/#\/schema\/person\/6fe28d3055f5f291d832531e555da490","name":"Serbia.com","image":{"@type":"ImageObject","inLanguage":"srpski","@id":"https:\/\/secure.gravatar.com\/avatar\/8381eb54f5b393857857cb5fd6c42264c9e14b10435326bc567fcc3511bd8df4?s=96&d=mm&r=g","url":"https:\/\/secure.gravatar.com\/avatar\/8381eb54f5b393857857cb5fd6c42264c9e14b10435326bc567fcc3511bd8df4?s=96&d=mm&r=g","contentUrl":"https:\/\/secure.gravatar.com\/avatar\/8381eb54f5b393857857cb5fd6c42264c9e14b10435326bc567fcc3511bd8df4?s=96&d=mm&r=g","caption":"Serbia.com"},"url":"https:\/\/serbia.com\/srpski\/author\/serbia-com\/"}]}},"brizy_media":[],"_links":{"self":[{"href":"https:\/\/serbia.com\/srpski\/wp-json\/wp\/v2\/posts\/43572","targetHints":{"allow":["GET"]}}],"collection":[{"href":"https:\/\/serbia.com\/srpski\/wp-json\/wp\/v2\/posts"}],"about":[{"href":"https:\/\/serbia.com\/srpski\/wp-json\/wp\/v2\/types\/post"}],"author":[{"embeddable":true,"href":"https:\/\/serbia.com\/srpski\/wp-json\/wp\/v2\/users\/9"}],"replies":[{"embeddable":true,"href":"https:\/\/serbia.com\/srpski\/wp-json\/wp\/v2\/comments?post=43572"}],"version-history":[{"count":0,"href":"https:\/\/serbia.com\/srpski\/wp-json\/wp\/v2\/posts\/43572\/revisions"}],"wp:featuredmedia":[{"embeddable":true,"href":"https:\/\/serbia.com\/srpski\/wp-json\/wp\/v2\/media\/43549"}],"wp:attachment":[{"href":"https:\/\/serbia.com\/srpski\/wp-json\/wp\/v2\/media?parent=43572"}],"wp:term":[{"taxonomy":"category","embeddable":true,"href":"https:\/\/serbia.com\/srpski\/wp-json\/wp\/v2\/categories?post=43572"},{"taxonomy":"post_tag","embeddable":true,"href":"https:\/\/serbia.com\/srpski\/wp-json\/wp\/v2\/tags?post=43572"}],"curies":[{"name":"wp","href":"https:\/\/api.w.org\/{rel}","templated":true}]}}