{"id":43404,"date":"2016-01-01T21:01:56","date_gmt":"2016-01-01T20:01:56","guid":{"rendered":"http:\/\/www.serbia.com\/srpski\/?p=43404"},"modified":"2016-01-01T21:01:56","modified_gmt":"2016-01-01T20:01:56","slug":"srbija-slavila-ovako-je-docekana-2016-godina","status":"publish","type":"post","link":"https:\/\/serbia.com\/srpski\/srbija-slavila-ovako-je-docekana-2016-godina\/","title":{"rendered":"Srbija slavila: ovako je do\u010dekana 2016. godina"},"content":{"rendered":"<h4>Kada su se kazaljke na satu spojile, tradicionalno odbrojavanje zavr\u0161ilo i prvi januar zvani\u010dno stigao, atmosfera na veselim proslavama Nove godine dovedena je do usijanja. Uz muziku, igru, pesmu i vatromet, na stotine hiljada ljudi \u0161irom gradova, trgova i restorana ispratili su staru i do\u010dekali novu 2016. godinu!<\/h4>\n<p>Gra\u0111ani, uglavno mladi, Novu godinu su do\u010dekali na trgovima, mnogi u restoranima, a ve\u0107ina u svojim domovima.<\/p>\n<p>Tradicionalni do\u010dek Nove godine na novosadskom Trgu slobode ove godine je obele\u017een nastupom rokenrol bendova, a zvezde ve\u010deri bili su doma\u0107i &#8220;Love hunters&#8221; i Van Gog.<\/p>\n<p>Upravo uz Van Gog i veli\u010danstven vatromen Novosa\u0111ani su u\u0161li u Novu 2016. godinu, a ta\u010dno u pono\u0107 na binu je iza\u0161ao gradona\u010delnik <strong><a href=\"http:\/\/www.serbia.com\/srpski\/posetite-srbiju\/gradovi\/novi-sad\/\" target=\"_blank\">Novog Sada<\/a><\/strong> Milo\u0161 Vu\u010devcih, koji je u kratkom obra\u0107anju sugra\u0111anima po\u017eelelo sre\u0107nu Novu godinu.<\/p>\n<p>[doptg id=&#8221;60&#8243;]<\/p>\n<p>&#8220;Novi Sad je evropska prestonica mladih, evropska prestonica kuilture, najlep\u0161i i najdra\u017ei grad. \u017delim vam svima ono sto \u017eelim i mojoj porodici&#8221;, rekao je Vu\u010devi\u0107.<\/p>\n<p>Rokenrol \u017eurka u centru Novog Sada po\u010dela je nastupom \u017eenskog benda &#8220;\u0160tikle i vikleri&#8221;, nakon njih je nastupila &#8220;Rok simfonija&#8221; iz Banjaluke, da bi Milan Mumin sa &#8220;Love huntersima&#8221; zaokru\u017eio prvi deo novogodi\u0161njeg programa, a Van Gog je razgalio publiku na prelazu iz stare u novu godinu.<\/p>\n<p>Osim na Tgu slobode Novosa\u0111ani su novogodi\u0161nju no\u0107 proveli u brojnim restoranima i kafi\u0107ima, uz truba\u010de i, za Vojvodinu karakteristi\u010dne, tambura\u0161e, ali ipak najve\u0107i broj \u017eitelja Novog Sada Novu godinu je do\u010dekao u svojim domovima.<\/p>\n<p>U Kosovskoj Mitrovici i drugim sredinama na Kosovu i Metohiji nije bilo organizovanog do\u010deka Nove godine pa je najve\u0107i broj Srba 2016. do\u010dekao u krugu porodice i prijatelja.<\/p>\n<p>Nova godina do\u010dekana je u restoranima i kafi\u0107ima u Kosovskoj Mitrovici, Leposavi\u0107u, Gra\u010danici i drugim sredinama sa ve\u0107inskim srpskim stanovni\u0161tvom, a u pono\u0107 ni ovoga puta nije izostala upotreba pirotehni\u010dkih sredstava.<\/p>\n<p>Trend da gra\u0111ani skromnije ispra\u0107aju staru i do\u010dekuju novu godinu nastavljen je, u prvom redu zbog sve lo\u0161ije ekonomske situacije na Kosovu.\u00a0Na Kosovu i Metohiji Srbi ve\u0107 tradicionalno na otvorenom organizuju do\u010dek pravoslavne Nove godine u no\u0107i 13. januara.<\/p>\n<p>U Kosovskoj Mitrovici u multietni\u010dkom naselju Bo\u0161nja\u010dka mahala ne\u0161to posle pono\u0107i \u010dula i pucnjava iz vatrenog oru\u017eja.<\/p>\n<p>Vi\u0161e od 20.000 Kru\u0161evljana do\u010dekalo je Novu 2016. godinu u izvanrednoj atmosferi uz folk divu Cecu Ra\u017enatovi\u0107 na Trgu kosovskih junaka koja im je prva uputila \u010destitku.<\/p>\n<p>&#8221; \u017delim vam puno zdravlja , sre\u0107e i ljubavi u Novoj godini! Hvala mom prijatelju Bati Ga\u0161i\u0107u jer je insistirao da nastupim u Kru\u0161evcu&#8221;, kazala je Ceca \u010destitaju\u0107i Novu godinu Kru\u0161evljanima a potom zapevala &#8220;Poziv&#8221;.<\/p>\n<p>Na Zlatiboru su posetioce zabavljali Sergej \u0106etkovi\u0107 i truba\u010di Radi\u0161e Vitezovi\u0107a, a Hari Mata Hari \u0107e na ovoj planini nastupiti 1. januara.<\/p>\n<p>U Priboju goste zabavlja &#8220;Amikus bend&#8221; sa Mla\u0111enom To\u0161ovi\u0107em.\u00a0U Prijepolju na platou ispred Doma kulture, posle du\u017eeg niza godina, prvi put je organizovan do\u010dek uz &#8220;Zvezde Granda&#8221; &#8211; Mirzu Selimovi\u0107a i Vanju Mijatovi\u0107.<\/p>\n<p>U Lu\u010danima, Ivanjici, Gornjem Milanovcu, Bajinoj Ba\u0161ti i Sejnici nema organizovanog do\u010deka, dok je u \u010ca\u010dku na Gradskom trgu u novogodi\u0161njoj no\u0107i nastupio lokalni bend &#8220;Dan i no\u0107&#8221;.<\/p>\n<p>Grad U\u017eice tako\u0111e nije organizovao do\u010dek, ali za svoje sugra\u0111ane rezervisao je nastup \u017deljka Samard\u017ei\u0107a, koji \u0107e na Trgu partizana nastupiti 2. januara od 21 sat.<\/p>\n<p>Skup\u0161tina grada Jagodine organizovala do\u010dek Nove godine na gradskom trgu, a organizovanog do\u010deka ne\u0107e biti u Para\u0107inu, Svilajncu, Rekovcu i Despotovcu, dok su u \u0106upriji nastupili doma\u0107i muzi\u010dki sastavi i truba\u010di Emira Kusturice i Aleksandar Gaji\u0107.<\/p>\n<p>U Jagodini na gradskom trgu, Skveru omladine &#8211; kod fontane, za do\u010dek peva Nadica Ademov.<\/p>\n<p>Izvor: Tanjug<\/p>\n<p>Foto galerija: Tanjug<\/p>\n<p>Naslovna fotografija: Aleksandar Milutinovi\u0107<\/p>\n","protected":false},"excerpt":{"rendered":"<p>Kada su se kazaljke na satu spojile, tradicionalno odbrojavanje zavr\u0161ilo i prvi januar zvani\u010dno stigao, atmosfera na veselim proslavama Nove godine dovedena je do usijanja. Uz muziku, igru, pesmu i [&hellip;]<\/p>\n","protected":false},"author":9,"featured_media":43354,"comment_status":"closed","ping_status":"closed","sticky":false,"template":"","format":"standard","meta":{"_acf_changed":false,"inline_featured_image":false,"_monsterinsights_skip_tracking":false,"_monsterinsights_sitenote_active":false,"_monsterinsights_sitenote_note":"","_monsterinsights_sitenote_category":0,"footnotes":""},"categories":[2846,2700],"tags":[4283,4222,4221],"class_list":["post-43404","post","type-post","status-publish","format-standard","has-post-thumbnail","hentry","category-istaknuto","category-vesti","tag-docek-2016-godine","tag-docek-nove-godine","tag-nova-godina-u-srbiji"],"acf":[],"yoast_head":"<!-- This site is optimized with the Yoast SEO plugin v27.4 - https:\/\/yoast.com\/product\/yoast-seo-wordpress\/ -->\n<title>Srbija slavila: ovako je do\u010dekana 2016. godina - Serbia.com<\/title>\n<meta name=\"robots\" content=\"index, follow, max-snippet:-1, max-image-preview:large, max-video-preview:-1\" \/>\n<link rel=\"canonical\" href=\"https:\/\/serbia.com\/srpski\/srbija-slavila-ovako-je-docekana-2016-godina\/\" \/>\n<meta property=\"og:locale\" content=\"en_US\" \/>\n<meta property=\"og:type\" content=\"article\" \/>\n<meta property=\"og:title\" content=\"Srbija slavila: ovako je do\u010dekana 2016. godina - Serbia.com\" \/>\n<meta property=\"og:description\" content=\"Kada su se kazaljke na satu spojile, tradicionalno odbrojavanje zavr\u0161ilo i prvi januar zvani\u010dno stigao, atmosfera na veselim proslavama Nove godine dovedena je do usijanja. Uz muziku, igru, pesmu i [&hellip;]\" \/>\n<meta property=\"og:url\" content=\"https:\/\/serbia.com\/srpski\/srbija-slavila-ovako-je-docekana-2016-godina\/\" \/>\n<meta property=\"og:site_name\" content=\"Serbia.com\" \/>\n<meta property=\"article:published_time\" content=\"2016-01-01T20:01:56+00:00\" \/>\n<meta property=\"og:image\" content=\"https:\/\/serbia.com\/wp-content\/uploads\/2016\/01\/11944863706_b64693e0f5_o.jpg\" \/>\n\t<meta property=\"og:image:width\" content=\"800\" \/>\n\t<meta property=\"og:image:height\" content=\"530\" \/>\n\t<meta property=\"og:image:type\" content=\"image\/jpeg\" \/>\n<meta name=\"author\" content=\"Serbia.com\" \/>\n<meta name=\"twitter:label1\" content=\"Written by\" \/>\n\t<meta name=\"twitter:data1\" content=\"Serbia.com\" \/>\n\t<meta name=\"twitter:label2\" content=\"Est. reading time\" \/>\n\t<meta name=\"twitter:data2\" content=\"3 minutes\" \/>\n<script type=\"application\/ld+json\" class=\"yoast-schema-graph\">{\"@context\":\"https:\\\/\\\/schema.org\",\"@graph\":[{\"@type\":\"Article\",\"@id\":\"https:\\\/\\\/serbia.com\\\/srpski\\\/srbija-slavila-ovako-je-docekana-2016-godina\\\/#article\",\"isPartOf\":{\"@id\":\"https:\\\/\\\/serbia.com\\\/srpski\\\/srbija-slavila-ovako-je-docekana-2016-godina\\\/\"},\"author\":{\"name\":\"Serbia.com\",\"@id\":\"https:\\\/\\\/serbia.com\\\/#\\\/schema\\\/person\\\/6fe28d3055f5f291d832531e555da490\"},\"headline\":\"Srbija slavila: ovako je do\u010dekana 2016. godina\",\"datePublished\":\"2016-01-01T20:01:56+00:00\",\"mainEntityOfPage\":{\"@id\":\"https:\\\/\\\/serbia.com\\\/srpski\\\/srbija-slavila-ovako-je-docekana-2016-godina\\\/\"},\"wordCount\":678,\"image\":{\"@id\":\"https:\\\/\\\/serbia.com\\\/srpski\\\/srbija-slavila-ovako-je-docekana-2016-godina\\\/#primaryimage\"},\"thumbnailUrl\":\"https:\\\/\\\/serbia.com\\\/wp-content\\\/uploads\\\/2016\\\/01\\\/11944863706_b64693e0f5_o.jpg\",\"keywords\":[\"Do\u010dek 2016. godine\",\"Do\u010dek Nove godine\",\"Nova godina u Srbiji\"],\"articleSection\":[\"Istaknuto\",\"Vesti\"],\"inLanguage\":\"srpski\"},{\"@type\":\"WebPage\",\"@id\":\"https:\\\/\\\/serbia.com\\\/srpski\\\/srbija-slavila-ovako-je-docekana-2016-godina\\\/\",\"url\":\"https:\\\/\\\/serbia.com\\\/srpski\\\/srbija-slavila-ovako-je-docekana-2016-godina\\\/\",\"name\":\"Srbija slavila: ovako je do\u010dekana 2016. godina - Serbia.com\",\"isPartOf\":{\"@id\":\"https:\\\/\\\/serbia.com\\\/#website\"},\"primaryImageOfPage\":{\"@id\":\"https:\\\/\\\/serbia.com\\\/srpski\\\/srbija-slavila-ovako-je-docekana-2016-godina\\\/#primaryimage\"},\"image\":{\"@id\":\"https:\\\/\\\/serbia.com\\\/srpski\\\/srbija-slavila-ovako-je-docekana-2016-godina\\\/#primaryimage\"},\"thumbnailUrl\":\"https:\\\/\\\/serbia.com\\\/wp-content\\\/uploads\\\/2016\\\/01\\\/11944863706_b64693e0f5_o.jpg\",\"datePublished\":\"2016-01-01T20:01:56+00:00\",\"author\":{\"@id\":\"https:\\\/\\\/serbia.com\\\/#\\\/schema\\\/person\\\/6fe28d3055f5f291d832531e555da490\"},\"breadcrumb\":{\"@id\":\"https:\\\/\\\/serbia.com\\\/srpski\\\/srbija-slavila-ovako-je-docekana-2016-godina\\\/#breadcrumb\"},\"inLanguage\":\"srpski\",\"potentialAction\":[{\"@type\":\"ReadAction\",\"target\":[\"https:\\\/\\\/serbia.com\\\/srpski\\\/srbija-slavila-ovako-je-docekana-2016-godina\\\/\"]}]},{\"@type\":\"ImageObject\",\"inLanguage\":\"srpski\",\"@id\":\"https:\\\/\\\/serbia.com\\\/srpski\\\/srbija-slavila-ovako-je-docekana-2016-godina\\\/#primaryimage\",\"url\":\"https:\\\/\\\/serbia.com\\\/wp-content\\\/uploads\\\/2016\\\/01\\\/11944863706_b64693e0f5_o.jpg\",\"contentUrl\":\"https:\\\/\\\/serbia.com\\\/wp-content\\\/uploads\\\/2016\\\/01\\\/11944863706_b64693e0f5_o.jpg\",\"width\":800,\"height\":530,\"caption\":\"Novi Sad New Year\"},{\"@type\":\"BreadcrumbList\",\"@id\":\"https:\\\/\\\/serbia.com\\\/srpski\\\/srbija-slavila-ovako-je-docekana-2016-godina\\\/#breadcrumb\",\"itemListElement\":[{\"@type\":\"ListItem\",\"position\":1,\"name\":\"Home\",\"item\":\"https:\\\/\\\/serbia.com\\\/srpski\\\/srbija\\\/\"},{\"@type\":\"ListItem\",\"position\":2,\"name\":\"Srbija slavila: ovako je do\u010dekana 2016. godina\"}]},{\"@type\":\"WebSite\",\"@id\":\"https:\\\/\\\/serbia.com\\\/#website\",\"url\":\"https:\\\/\\\/serbia.com\\\/\",\"name\":\"Serbia.com\",\"description\":\"Your Gateway to Serbia\",\"potentialAction\":[{\"@type\":\"SearchAction\",\"target\":{\"@type\":\"EntryPoint\",\"urlTemplate\":\"https:\\\/\\\/serbia.com\\\/?s={search_term_string}\"},\"query-input\":{\"@type\":\"PropertyValueSpecification\",\"valueRequired\":true,\"valueName\":\"search_term_string\"}}],\"inLanguage\":\"srpski\"},{\"@type\":\"Person\",\"@id\":\"https:\\\/\\\/serbia.com\\\/#\\\/schema\\\/person\\\/6fe28d3055f5f291d832531e555da490\",\"name\":\"Serbia.com\",\"image\":{\"@type\":\"ImageObject\",\"inLanguage\":\"srpski\",\"@id\":\"https:\\\/\\\/secure.gravatar.com\\\/avatar\\\/8381eb54f5b393857857cb5fd6c42264c9e14b10435326bc567fcc3511bd8df4?s=96&d=mm&r=g\",\"url\":\"https:\\\/\\\/secure.gravatar.com\\\/avatar\\\/8381eb54f5b393857857cb5fd6c42264c9e14b10435326bc567fcc3511bd8df4?s=96&d=mm&r=g\",\"contentUrl\":\"https:\\\/\\\/secure.gravatar.com\\\/avatar\\\/8381eb54f5b393857857cb5fd6c42264c9e14b10435326bc567fcc3511bd8df4?s=96&d=mm&r=g\",\"caption\":\"Serbia.com\"},\"url\":\"https:\\\/\\\/serbia.com\\\/srpski\\\/author\\\/serbia-com\\\/\"}]}<\/script>\n<!-- \/ Yoast SEO plugin. -->","yoast_head_json":{"title":"Srbija slavila: ovako je do\u010dekana 2016. godina - Serbia.com","robots":{"index":"index","follow":"follow","max-snippet":"max-snippet:-1","max-image-preview":"max-image-preview:large","max-video-preview":"max-video-preview:-1"},"canonical":"https:\/\/serbia.com\/srpski\/srbija-slavila-ovako-je-docekana-2016-godina\/","og_locale":"en_US","og_type":"article","og_title":"Srbija slavila: ovako je do\u010dekana 2016. godina - Serbia.com","og_description":"Kada su se kazaljke na satu spojile, tradicionalno odbrojavanje zavr\u0161ilo i prvi januar zvani\u010dno stigao, atmosfera na veselim proslavama Nove godine dovedena je do usijanja. Uz muziku, igru, pesmu i [&hellip;]","og_url":"https:\/\/serbia.com\/srpski\/srbija-slavila-ovako-je-docekana-2016-godina\/","og_site_name":"Serbia.com","article_published_time":"2016-01-01T20:01:56+00:00","og_image":[{"width":800,"height":530,"url":"https:\/\/serbia.com\/wp-content\/uploads\/2016\/01\/11944863706_b64693e0f5_o.jpg","type":"image\/jpeg"}],"author":"Serbia.com","twitter_misc":{"Written by":"Serbia.com","Est. reading time":"3 minutes"},"schema":{"@context":"https:\/\/schema.org","@graph":[{"@type":"Article","@id":"https:\/\/serbia.com\/srpski\/srbija-slavila-ovako-je-docekana-2016-godina\/#article","isPartOf":{"@id":"https:\/\/serbia.com\/srpski\/srbija-slavila-ovako-je-docekana-2016-godina\/"},"author":{"name":"Serbia.com","@id":"https:\/\/serbia.com\/#\/schema\/person\/6fe28d3055f5f291d832531e555da490"},"headline":"Srbija slavila: ovako je do\u010dekana 2016. godina","datePublished":"2016-01-01T20:01:56+00:00","mainEntityOfPage":{"@id":"https:\/\/serbia.com\/srpski\/srbija-slavila-ovako-je-docekana-2016-godina\/"},"wordCount":678,"image":{"@id":"https:\/\/serbia.com\/srpski\/srbija-slavila-ovako-je-docekana-2016-godina\/#primaryimage"},"thumbnailUrl":"https:\/\/serbia.com\/wp-content\/uploads\/2016\/01\/11944863706_b64693e0f5_o.jpg","keywords":["Do\u010dek 2016. godine","Do\u010dek Nove godine","Nova godina u Srbiji"],"articleSection":["Istaknuto","Vesti"],"inLanguage":"srpski"},{"@type":"WebPage","@id":"https:\/\/serbia.com\/srpski\/srbija-slavila-ovako-je-docekana-2016-godina\/","url":"https:\/\/serbia.com\/srpski\/srbija-slavila-ovako-je-docekana-2016-godina\/","name":"Srbija slavila: ovako je do\u010dekana 2016. godina - Serbia.com","isPartOf":{"@id":"https:\/\/serbia.com\/#website"},"primaryImageOfPage":{"@id":"https:\/\/serbia.com\/srpski\/srbija-slavila-ovako-je-docekana-2016-godina\/#primaryimage"},"image":{"@id":"https:\/\/serbia.com\/srpski\/srbija-slavila-ovako-je-docekana-2016-godina\/#primaryimage"},"thumbnailUrl":"https:\/\/serbia.com\/wp-content\/uploads\/2016\/01\/11944863706_b64693e0f5_o.jpg","datePublished":"2016-01-01T20:01:56+00:00","author":{"@id":"https:\/\/serbia.com\/#\/schema\/person\/6fe28d3055f5f291d832531e555da490"},"breadcrumb":{"@id":"https:\/\/serbia.com\/srpski\/srbija-slavila-ovako-je-docekana-2016-godina\/#breadcrumb"},"inLanguage":"srpski","potentialAction":[{"@type":"ReadAction","target":["https:\/\/serbia.com\/srpski\/srbija-slavila-ovako-je-docekana-2016-godina\/"]}]},{"@type":"ImageObject","inLanguage":"srpski","@id":"https:\/\/serbia.com\/srpski\/srbija-slavila-ovako-je-docekana-2016-godina\/#primaryimage","url":"https:\/\/serbia.com\/wp-content\/uploads\/2016\/01\/11944863706_b64693e0f5_o.jpg","contentUrl":"https:\/\/serbia.com\/wp-content\/uploads\/2016\/01\/11944863706_b64693e0f5_o.jpg","width":800,"height":530,"caption":"Novi Sad New Year"},{"@type":"BreadcrumbList","@id":"https:\/\/serbia.com\/srpski\/srbija-slavila-ovako-je-docekana-2016-godina\/#breadcrumb","itemListElement":[{"@type":"ListItem","position":1,"name":"Home","item":"https:\/\/serbia.com\/srpski\/srbija\/"},{"@type":"ListItem","position":2,"name":"Srbija slavila: ovako je do\u010dekana 2016. godina"}]},{"@type":"WebSite","@id":"https:\/\/serbia.com\/#website","url":"https:\/\/serbia.com\/","name":"Serbia.com","description":"Your Gateway to Serbia","potentialAction":[{"@type":"SearchAction","target":{"@type":"EntryPoint","urlTemplate":"https:\/\/serbia.com\/?s={search_term_string}"},"query-input":{"@type":"PropertyValueSpecification","valueRequired":true,"valueName":"search_term_string"}}],"inLanguage":"srpski"},{"@type":"Person","@id":"https:\/\/serbia.com\/#\/schema\/person\/6fe28d3055f5f291d832531e555da490","name":"Serbia.com","image":{"@type":"ImageObject","inLanguage":"srpski","@id":"https:\/\/secure.gravatar.com\/avatar\/8381eb54f5b393857857cb5fd6c42264c9e14b10435326bc567fcc3511bd8df4?s=96&d=mm&r=g","url":"https:\/\/secure.gravatar.com\/avatar\/8381eb54f5b393857857cb5fd6c42264c9e14b10435326bc567fcc3511bd8df4?s=96&d=mm&r=g","contentUrl":"https:\/\/secure.gravatar.com\/avatar\/8381eb54f5b393857857cb5fd6c42264c9e14b10435326bc567fcc3511bd8df4?s=96&d=mm&r=g","caption":"Serbia.com"},"url":"https:\/\/serbia.com\/srpski\/author\/serbia-com\/"}]}},"brizy_media":[],"_links":{"self":[{"href":"https:\/\/serbia.com\/srpski\/wp-json\/wp\/v2\/posts\/43404","targetHints":{"allow":["GET"]}}],"collection":[{"href":"https:\/\/serbia.com\/srpski\/wp-json\/wp\/v2\/posts"}],"about":[{"href":"https:\/\/serbia.com\/srpski\/wp-json\/wp\/v2\/types\/post"}],"author":[{"embeddable":true,"href":"https:\/\/serbia.com\/srpski\/wp-json\/wp\/v2\/users\/9"}],"replies":[{"embeddable":true,"href":"https:\/\/serbia.com\/srpski\/wp-json\/wp\/v2\/comments?post=43404"}],"version-history":[{"count":0,"href":"https:\/\/serbia.com\/srpski\/wp-json\/wp\/v2\/posts\/43404\/revisions"}],"wp:featuredmedia":[{"embeddable":true,"href":"https:\/\/serbia.com\/srpski\/wp-json\/wp\/v2\/media\/43354"}],"wp:attachment":[{"href":"https:\/\/serbia.com\/srpski\/wp-json\/wp\/v2\/media?parent=43404"}],"wp:term":[{"taxonomy":"category","embeddable":true,"href":"https:\/\/serbia.com\/srpski\/wp-json\/wp\/v2\/categories?post=43404"},{"taxonomy":"post_tag","embeddable":true,"href":"https:\/\/serbia.com\/srpski\/wp-json\/wp\/v2\/tags?post=43404"}],"curies":[{"name":"wp","href":"https:\/\/api.w.org\/{rel}","templated":true}]}}