{"id":43312,"date":"2016-01-01T09:00:38","date_gmt":"2016-01-01T08:00:38","guid":{"rendered":"http:\/\/www.serbia.com\/srpski\/?p=43312"},"modified":"2015-12-31T19:44:12","modified_gmt":"2015-12-31T18:44:12","slug":"ulica-otvorenog-srca-praznicni-simbol-beograda","status":"publish","type":"post","link":"https:\/\/serbia.com\/srpski\/ulica-otvorenog-srca-praznicni-simbol-beograda\/","title":{"rendered":"Ulica otvorenog srca, prazni\u010dni simbol Beograda"},"content":{"rendered":"<h4>Sa nasmejanim licima, muzikom, bo\u017ei\u0107nim slatki\u0161ima, animatorima i pozitivnom energijom koja greje hladan vazduh, Beograd, sada ve\u0107 tradicionalno, do\u010dekuje prvi dan nove godine. Pridru\u017eite se ovoj atmosferi i pro\u0161etajte najsre\u0107nijom ulicom u Srbiji, u kojoj magija postaje realnost a sve \u017eelje stvarnost!<\/h4>\n<p>Kada osvane \u010duveni 1. januar, a novogodi\u0161nje poklone ispod jelke sa rado\u0161\u0107u otpakuju iz \u0161arenih, \u0161u\u0161kavih papira, mnogobrojna deca \u0161irom Srbije spremaju se za omiljenu prazni\u010dnu aktivnost \u2013 \u0161etnju \u201eUlicom otvorenog srca\u201c. Sre\u0107i i uzbu\u0111enju mali\u0161ana pridru\u017euju se i roditelji, jer <strong>najveselija ulica u gradu ima za svakoga pone\u0161to.<\/strong><\/p>\n<p><img loading=\"lazy\" decoding=\"async\" class=\"alignleft size-medium wp-image-41854\" src=\"http:\/\/www.serbia.com\/wp-content\/uploads\/2015\/12\/ulica-otvorenog-srca-obrenovac-foto-beoinfo-1388415293-420313-300x199.jpg\" alt=\"Ulica otvorenog srca\" width=\"300\" height=\"199\" srcset=\"https:\/\/serbia.com\/wp-content\/uploads\/2015\/12\/ulica-otvorenog-srca-obrenovac-foto-beoinfo-1388415293-420313-300x199.jpg 300w, https:\/\/serbia.com\/wp-content\/uploads\/2015\/12\/ulica-otvorenog-srca-obrenovac-foto-beoinfo-1388415293-420313-768x509.jpg 768w, https:\/\/serbia.com\/wp-content\/uploads\/2015\/12\/ulica-otvorenog-srca-obrenovac-foto-beoinfo-1388415293-420313-760x504.jpg 760w, https:\/\/serbia.com\/wp-content\/uploads\/2015\/12\/ulica-otvorenog-srca-obrenovac-foto-beoinfo-1388415293-420313-754x500.jpg 754w, https:\/\/serbia.com\/wp-content\/uploads\/2015\/12\/ulica-otvorenog-srca-obrenovac-foto-beoinfo-1388415293-420313.jpg 900w\" sizes=\"auto, (max-width: 300px) 100vw, 300px\" \/>Dok najmla\u0111i stanovnici glavnog grada u\u017eivaju u dru\u017eenju sa sme\u0161nim klovnovima, u\u010destvuju u akrobacijama i interesantnim predstavama uli\u010dnih animatora, roditelji se greju uz kuvano vino i zabavljaju uz muziku i ples. <strong>Poseban deo \u201eUlice otvorenog srca\u201c \u010dini humanitarna akcija, kojoj se iz godine u godinu odaziva sve ve\u0107i broj ljudi.<\/strong><\/p>\n<p>Na taj na\u010din se tradicionalno skupljaju igra\u010dke, knjige, ode\u0107a i obu\u0107a za mali\u0161ane bez roditeljskog staranja \u0161irom Srbije. Upravo zbog toga, <strong>Svetogorska, Takovska i Makedonska postale su simbol humanosti, radosti i prazni\u010dne euforije.<\/strong> Ovim ulicama se svakog 1. janura pro\u0161eta oko 100.000 ljudi, a program i broj poseta se svake godine uve\u0107ava.<\/p>\n<p>Prvog dana 2016. godine, <strong>po prvi put, \u201eUlica otvorenog srca\u201c \u0107e se pro\u0161iriti i na \u010duvenu boemsku \u010detvrt Beograda \u2013 <a href=\"http:\/\/www.serbia.com\/srpski\/skadarlija-otvorenog-srca\/\" target=\"_blank\">Skadarliju<\/a><\/strong>. Mnogobrojni ljubitelji ove manifestacije sa nestrpljenjem i\u0161\u010dekuju da u razdraganoj povorci pro\u0111u kaldrmom jednog od najstarijih delova prestonice i prisustvuju istorijskom pro\u0161irenju \u201eUlice otvorenog srca\u201c.<\/p>\n<blockquote><p><em>\u201cUlica otvorenog srca\u201d odr\u017eava se od 1988. godine. Tada su u \u201cSrpskoj kafani\u201d 1. januara glumci Ateljea 212, umesto kelnera, slu\u017eili goste. Vremenom se ova manifestacija \u0161irila na okolne ulice, a danas je postala simbol celog grada.<\/em><\/p><\/blockquote>\n<p>Do 15. janura, Beogra\u0111ani ali i mnogobrojni turisti koji su odlu\u010dili da praznike provedu u glavnom gradu, ima\u0107e priliku da u\u017eivaju u raznovrsnim programima i sadr\u017eajima koje je Beogradska zima pripremila za njih. Od \u201e<strong><a href=\"http:\/\/www.serbia.com\/srpski\/cudesni-trg-otvorenog-srca-u-beogradu\/\" target=\"_blank\">Trga otvorenog srca<\/a><\/strong>\u201c koji je postavljen po\u010detkom decembra, \u201e<strong>Beogradskog novogodi\u0161njeg festivala<\/strong>\u201c koji po\u010dinje 18. decembra, preko \u201e<strong>Trga bajki<\/strong>\u201c i brojnih <a href=\"http:\/\/www.serbia.com\/srpski\/disko-klizanje-najbolja-zabava-na-ledu\/\" target=\"_blank\">klizali\u0161ta<\/a>, do najsre\u0107nije ulice.<\/p>\n<p>Zato u\u017eivajte u prazni\u010dnoj atmosferi sa najmilijima, \u0161irite pozitivnu energiju, i ne zaboravite da pro\u0161etate \u201eUlicom otvorenog srca\u201c i nekom mali\u0161inu ulep\u0161ate dan!<\/p>\n<p><strong>Sre\u0107ni praznici!<\/strong><\/p>\n<p>Naslovna fotografija: www.nasbiro.com<\/p>\n","protected":false},"excerpt":{"rendered":"<p>Sa nasmejanim licima, muzikom, bo\u017ei\u0107nim slatki\u0161ima, animatorima i pozitivnom energijom koja greje hladan vazduh, Beograd, sada ve\u0107 tradicionalno, do\u010dekuje prvi dan nove godine. Pridru\u017eite se ovoj atmosferi i pro\u0161etajte najsre\u0107nijom [&hellip;]<\/p>\n","protected":false},"author":9,"featured_media":43308,"comment_status":"closed","ping_status":"closed","sticky":false,"template":"","format":"standard","meta":{"_acf_changed":false,"inline_featured_image":false,"_monsterinsights_skip_tracking":false,"_monsterinsights_sitenote_active":false,"_monsterinsights_sitenote_note":"","_monsterinsights_sitenote_category":0,"footnotes":""},"categories":[2497,1696,2846],"tags":[729,4280,4281,4279,4182],"class_list":["post-43312","post","type-post","status-publish","format-standard","has-post-thumbnail","hentry","category-beograd-gradovi","category-festivali-manifestacije","category-istaknuto","tag-beograd-srpski","tag-makedonska","tag-svetogorska","tag-takovska","tag-ulica-otvorenog-srca"],"acf":[],"yoast_head":"<!-- This site is optimized with the Yoast SEO plugin v27.4 - https:\/\/yoast.com\/product\/yoast-seo-wordpress\/ -->\n<title>Ulica otvorenog srca, prazni\u010dni simbol Beograda - Serbia.com<\/title>\n<meta name=\"robots\" content=\"index, follow, max-snippet:-1, max-image-preview:large, max-video-preview:-1\" \/>\n<link rel=\"canonical\" href=\"https:\/\/serbia.com\/srpski\/ulica-otvorenog-srca-praznicni-simbol-beograda\/\" \/>\n<meta property=\"og:locale\" content=\"en_US\" \/>\n<meta property=\"og:type\" content=\"article\" \/>\n<meta property=\"og:title\" content=\"Ulica otvorenog srca, prazni\u010dni simbol Beograda - Serbia.com\" \/>\n<meta property=\"og:description\" content=\"Sa nasmejanim licima, muzikom, bo\u017ei\u0107nim slatki\u0161ima, animatorima i pozitivnom energijom koja greje hladan vazduh, Beograd, sada ve\u0107 tradicionalno, do\u010dekuje prvi dan nove godine. Pridru\u017eite se ovoj atmosferi i pro\u0161etajte najsre\u0107nijom [&hellip;]\" \/>\n<meta property=\"og:url\" content=\"https:\/\/serbia.com\/srpski\/ulica-otvorenog-srca-praznicni-simbol-beograda\/\" \/>\n<meta property=\"og:site_name\" content=\"Serbia.com\" \/>\n<meta property=\"article:published_time\" content=\"2016-01-01T08:00:38+00:00\" \/>\n<meta property=\"og:image\" content=\"https:\/\/serbia.com\/wp-content\/uploads\/2015\/12\/ulica.jpg\" \/>\n\t<meta property=\"og:image:width\" content=\"800\" \/>\n\t<meta property=\"og:image:height\" content=\"431\" \/>\n\t<meta property=\"og:image:type\" content=\"image\/jpeg\" \/>\n<meta name=\"author\" content=\"Serbia.com\" \/>\n<meta name=\"twitter:label1\" content=\"Written by\" \/>\n\t<meta name=\"twitter:data1\" content=\"Serbia.com\" \/>\n\t<meta name=\"twitter:label2\" content=\"Est. reading time\" \/>\n\t<meta name=\"twitter:data2\" content=\"2 minutes\" \/>\n<script type=\"application\/ld+json\" class=\"yoast-schema-graph\">{\"@context\":\"https:\\\/\\\/schema.org\",\"@graph\":[{\"@type\":\"Article\",\"@id\":\"https:\\\/\\\/serbia.com\\\/srpski\\\/ulica-otvorenog-srca-praznicni-simbol-beograda\\\/#article\",\"isPartOf\":{\"@id\":\"https:\\\/\\\/serbia.com\\\/srpski\\\/ulica-otvorenog-srca-praznicni-simbol-beograda\\\/\"},\"author\":{\"name\":\"Serbia.com\",\"@id\":\"https:\\\/\\\/serbia.com\\\/#\\\/schema\\\/person\\\/6fe28d3055f5f291d832531e555da490\"},\"headline\":\"Ulica otvorenog srca, prazni\u010dni simbol Beograda\",\"datePublished\":\"2016-01-01T08:00:38+00:00\",\"mainEntityOfPage\":{\"@id\":\"https:\\\/\\\/serbia.com\\\/srpski\\\/ulica-otvorenog-srca-praznicni-simbol-beograda\\\/\"},\"wordCount\":413,\"image\":{\"@id\":\"https:\\\/\\\/serbia.com\\\/srpski\\\/ulica-otvorenog-srca-praznicni-simbol-beograda\\\/#primaryimage\"},\"thumbnailUrl\":\"https:\\\/\\\/serbia.com\\\/wp-content\\\/uploads\\\/2015\\\/12\\\/ulica.jpg\",\"keywords\":[\"Beograd\",\"Makedonska\",\"Svetogorska\",\"Takovska\",\"Ulica otvorenog srca\"],\"articleSection\":[\"Beograd\",\"Festivali i manifestacije\",\"Istaknuto\"],\"inLanguage\":\"srpski\"},{\"@type\":\"WebPage\",\"@id\":\"https:\\\/\\\/serbia.com\\\/srpski\\\/ulica-otvorenog-srca-praznicni-simbol-beograda\\\/\",\"url\":\"https:\\\/\\\/serbia.com\\\/srpski\\\/ulica-otvorenog-srca-praznicni-simbol-beograda\\\/\",\"name\":\"Ulica otvorenog srca, prazni\u010dni simbol Beograda - Serbia.com\",\"isPartOf\":{\"@id\":\"https:\\\/\\\/serbia.com\\\/#website\"},\"primaryImageOfPage\":{\"@id\":\"https:\\\/\\\/serbia.com\\\/srpski\\\/ulica-otvorenog-srca-praznicni-simbol-beograda\\\/#primaryimage\"},\"image\":{\"@id\":\"https:\\\/\\\/serbia.com\\\/srpski\\\/ulica-otvorenog-srca-praznicni-simbol-beograda\\\/#primaryimage\"},\"thumbnailUrl\":\"https:\\\/\\\/serbia.com\\\/wp-content\\\/uploads\\\/2015\\\/12\\\/ulica.jpg\",\"datePublished\":\"2016-01-01T08:00:38+00:00\",\"author\":{\"@id\":\"https:\\\/\\\/serbia.com\\\/#\\\/schema\\\/person\\\/6fe28d3055f5f291d832531e555da490\"},\"breadcrumb\":{\"@id\":\"https:\\\/\\\/serbia.com\\\/srpski\\\/ulica-otvorenog-srca-praznicni-simbol-beograda\\\/#breadcrumb\"},\"inLanguage\":\"srpski\",\"potentialAction\":[{\"@type\":\"ReadAction\",\"target\":[\"https:\\\/\\\/serbia.com\\\/srpski\\\/ulica-otvorenog-srca-praznicni-simbol-beograda\\\/\"]}]},{\"@type\":\"ImageObject\",\"inLanguage\":\"srpski\",\"@id\":\"https:\\\/\\\/serbia.com\\\/srpski\\\/ulica-otvorenog-srca-praznicni-simbol-beograda\\\/#primaryimage\",\"url\":\"https:\\\/\\\/serbia.com\\\/wp-content\\\/uploads\\\/2015\\\/12\\\/ulica.jpg\",\"contentUrl\":\"https:\\\/\\\/serbia.com\\\/wp-content\\\/uploads\\\/2015\\\/12\\\/ulica.jpg\",\"width\":800,\"height\":431,\"caption\":\"Open Heart Street\"},{\"@type\":\"BreadcrumbList\",\"@id\":\"https:\\\/\\\/serbia.com\\\/srpski\\\/ulica-otvorenog-srca-praznicni-simbol-beograda\\\/#breadcrumb\",\"itemListElement\":[{\"@type\":\"ListItem\",\"position\":1,\"name\":\"Home\",\"item\":\"https:\\\/\\\/serbia.com\\\/srpski\\\/srbija\\\/\"},{\"@type\":\"ListItem\",\"position\":2,\"name\":\"Ulica otvorenog srca, prazni\u010dni simbol Beograda\"}]},{\"@type\":\"WebSite\",\"@id\":\"https:\\\/\\\/serbia.com\\\/#website\",\"url\":\"https:\\\/\\\/serbia.com\\\/\",\"name\":\"Serbia.com\",\"description\":\"Your Gateway to Serbia\",\"potentialAction\":[{\"@type\":\"SearchAction\",\"target\":{\"@type\":\"EntryPoint\",\"urlTemplate\":\"https:\\\/\\\/serbia.com\\\/?s={search_term_string}\"},\"query-input\":{\"@type\":\"PropertyValueSpecification\",\"valueRequired\":true,\"valueName\":\"search_term_string\"}}],\"inLanguage\":\"srpski\"},{\"@type\":\"Person\",\"@id\":\"https:\\\/\\\/serbia.com\\\/#\\\/schema\\\/person\\\/6fe28d3055f5f291d832531e555da490\",\"name\":\"Serbia.com\",\"image\":{\"@type\":\"ImageObject\",\"inLanguage\":\"srpski\",\"@id\":\"https:\\\/\\\/secure.gravatar.com\\\/avatar\\\/8381eb54f5b393857857cb5fd6c42264c9e14b10435326bc567fcc3511bd8df4?s=96&d=mm&r=g\",\"url\":\"https:\\\/\\\/secure.gravatar.com\\\/avatar\\\/8381eb54f5b393857857cb5fd6c42264c9e14b10435326bc567fcc3511bd8df4?s=96&d=mm&r=g\",\"contentUrl\":\"https:\\\/\\\/secure.gravatar.com\\\/avatar\\\/8381eb54f5b393857857cb5fd6c42264c9e14b10435326bc567fcc3511bd8df4?s=96&d=mm&r=g\",\"caption\":\"Serbia.com\"},\"url\":\"https:\\\/\\\/serbia.com\\\/srpski\\\/author\\\/serbia-com\\\/\"}]}<\/script>\n<!-- \/ Yoast SEO plugin. -->","yoast_head_json":{"title":"Ulica otvorenog srca, prazni\u010dni simbol Beograda - Serbia.com","robots":{"index":"index","follow":"follow","max-snippet":"max-snippet:-1","max-image-preview":"max-image-preview:large","max-video-preview":"max-video-preview:-1"},"canonical":"https:\/\/serbia.com\/srpski\/ulica-otvorenog-srca-praznicni-simbol-beograda\/","og_locale":"en_US","og_type":"article","og_title":"Ulica otvorenog srca, prazni\u010dni simbol Beograda - Serbia.com","og_description":"Sa nasmejanim licima, muzikom, bo\u017ei\u0107nim slatki\u0161ima, animatorima i pozitivnom energijom koja greje hladan vazduh, Beograd, sada ve\u0107 tradicionalno, do\u010dekuje prvi dan nove godine. Pridru\u017eite se ovoj atmosferi i pro\u0161etajte najsre\u0107nijom [&hellip;]","og_url":"https:\/\/serbia.com\/srpski\/ulica-otvorenog-srca-praznicni-simbol-beograda\/","og_site_name":"Serbia.com","article_published_time":"2016-01-01T08:00:38+00:00","og_image":[{"width":800,"height":431,"url":"https:\/\/serbia.com\/wp-content\/uploads\/2015\/12\/ulica.jpg","type":"image\/jpeg"}],"author":"Serbia.com","twitter_misc":{"Written by":"Serbia.com","Est. reading time":"2 minutes"},"schema":{"@context":"https:\/\/schema.org","@graph":[{"@type":"Article","@id":"https:\/\/serbia.com\/srpski\/ulica-otvorenog-srca-praznicni-simbol-beograda\/#article","isPartOf":{"@id":"https:\/\/serbia.com\/srpski\/ulica-otvorenog-srca-praznicni-simbol-beograda\/"},"author":{"name":"Serbia.com","@id":"https:\/\/serbia.com\/#\/schema\/person\/6fe28d3055f5f291d832531e555da490"},"headline":"Ulica otvorenog srca, prazni\u010dni simbol Beograda","datePublished":"2016-01-01T08:00:38+00:00","mainEntityOfPage":{"@id":"https:\/\/serbia.com\/srpski\/ulica-otvorenog-srca-praznicni-simbol-beograda\/"},"wordCount":413,"image":{"@id":"https:\/\/serbia.com\/srpski\/ulica-otvorenog-srca-praznicni-simbol-beograda\/#primaryimage"},"thumbnailUrl":"https:\/\/serbia.com\/wp-content\/uploads\/2015\/12\/ulica.jpg","keywords":["Beograd","Makedonska","Svetogorska","Takovska","Ulica otvorenog srca"],"articleSection":["Beograd","Festivali i manifestacije","Istaknuto"],"inLanguage":"srpski"},{"@type":"WebPage","@id":"https:\/\/serbia.com\/srpski\/ulica-otvorenog-srca-praznicni-simbol-beograda\/","url":"https:\/\/serbia.com\/srpski\/ulica-otvorenog-srca-praznicni-simbol-beograda\/","name":"Ulica otvorenog srca, prazni\u010dni simbol Beograda - Serbia.com","isPartOf":{"@id":"https:\/\/serbia.com\/#website"},"primaryImageOfPage":{"@id":"https:\/\/serbia.com\/srpski\/ulica-otvorenog-srca-praznicni-simbol-beograda\/#primaryimage"},"image":{"@id":"https:\/\/serbia.com\/srpski\/ulica-otvorenog-srca-praznicni-simbol-beograda\/#primaryimage"},"thumbnailUrl":"https:\/\/serbia.com\/wp-content\/uploads\/2015\/12\/ulica.jpg","datePublished":"2016-01-01T08:00:38+00:00","author":{"@id":"https:\/\/serbia.com\/#\/schema\/person\/6fe28d3055f5f291d832531e555da490"},"breadcrumb":{"@id":"https:\/\/serbia.com\/srpski\/ulica-otvorenog-srca-praznicni-simbol-beograda\/#breadcrumb"},"inLanguage":"srpski","potentialAction":[{"@type":"ReadAction","target":["https:\/\/serbia.com\/srpski\/ulica-otvorenog-srca-praznicni-simbol-beograda\/"]}]},{"@type":"ImageObject","inLanguage":"srpski","@id":"https:\/\/serbia.com\/srpski\/ulica-otvorenog-srca-praznicni-simbol-beograda\/#primaryimage","url":"https:\/\/serbia.com\/wp-content\/uploads\/2015\/12\/ulica.jpg","contentUrl":"https:\/\/serbia.com\/wp-content\/uploads\/2015\/12\/ulica.jpg","width":800,"height":431,"caption":"Open Heart Street"},{"@type":"BreadcrumbList","@id":"https:\/\/serbia.com\/srpski\/ulica-otvorenog-srca-praznicni-simbol-beograda\/#breadcrumb","itemListElement":[{"@type":"ListItem","position":1,"name":"Home","item":"https:\/\/serbia.com\/srpski\/srbija\/"},{"@type":"ListItem","position":2,"name":"Ulica otvorenog srca, prazni\u010dni simbol Beograda"}]},{"@type":"WebSite","@id":"https:\/\/serbia.com\/#website","url":"https:\/\/serbia.com\/","name":"Serbia.com","description":"Your Gateway to Serbia","potentialAction":[{"@type":"SearchAction","target":{"@type":"EntryPoint","urlTemplate":"https:\/\/serbia.com\/?s={search_term_string}"},"query-input":{"@type":"PropertyValueSpecification","valueRequired":true,"valueName":"search_term_string"}}],"inLanguage":"srpski"},{"@type":"Person","@id":"https:\/\/serbia.com\/#\/schema\/person\/6fe28d3055f5f291d832531e555da490","name":"Serbia.com","image":{"@type":"ImageObject","inLanguage":"srpski","@id":"https:\/\/secure.gravatar.com\/avatar\/8381eb54f5b393857857cb5fd6c42264c9e14b10435326bc567fcc3511bd8df4?s=96&d=mm&r=g","url":"https:\/\/secure.gravatar.com\/avatar\/8381eb54f5b393857857cb5fd6c42264c9e14b10435326bc567fcc3511bd8df4?s=96&d=mm&r=g","contentUrl":"https:\/\/secure.gravatar.com\/avatar\/8381eb54f5b393857857cb5fd6c42264c9e14b10435326bc567fcc3511bd8df4?s=96&d=mm&r=g","caption":"Serbia.com"},"url":"https:\/\/serbia.com\/srpski\/author\/serbia-com\/"}]}},"brizy_media":[],"_links":{"self":[{"href":"https:\/\/serbia.com\/srpski\/wp-json\/wp\/v2\/posts\/43312","targetHints":{"allow":["GET"]}}],"collection":[{"href":"https:\/\/serbia.com\/srpski\/wp-json\/wp\/v2\/posts"}],"about":[{"href":"https:\/\/serbia.com\/srpski\/wp-json\/wp\/v2\/types\/post"}],"author":[{"embeddable":true,"href":"https:\/\/serbia.com\/srpski\/wp-json\/wp\/v2\/users\/9"}],"replies":[{"embeddable":true,"href":"https:\/\/serbia.com\/srpski\/wp-json\/wp\/v2\/comments?post=43312"}],"version-history":[{"count":0,"href":"https:\/\/serbia.com\/srpski\/wp-json\/wp\/v2\/posts\/43312\/revisions"}],"wp:featuredmedia":[{"embeddable":true,"href":"https:\/\/serbia.com\/srpski\/wp-json\/wp\/v2\/media\/43308"}],"wp:attachment":[{"href":"https:\/\/serbia.com\/srpski\/wp-json\/wp\/v2\/media?parent=43312"}],"wp:term":[{"taxonomy":"category","embeddable":true,"href":"https:\/\/serbia.com\/srpski\/wp-json\/wp\/v2\/categories?post=43312"},{"taxonomy":"post_tag","embeddable":true,"href":"https:\/\/serbia.com\/srpski\/wp-json\/wp\/v2\/tags?post=43312"}],"curies":[{"name":"wp","href":"https:\/\/api.w.org\/{rel}","templated":true}]}}