{"id":42067,"date":"2015-12-13T14:38:02","date_gmt":"2015-12-13T13:38:02","guid":{"rendered":"http:\/\/www.serbia.com\/srpski\/?p=42067"},"modified":"2015-12-13T14:38:02","modified_gmt":"2015-12-13T13:38:02","slug":"soder-unhcr-ce-obezbediti-srbiji-16-miliona-dolara-pomoci","status":"publish","type":"post","link":"https:\/\/serbia.com\/srpski\/soder-unhcr-ce-obezbediti-srbiji-16-miliona-dolara-pomoci\/","title":{"rendered":"\u0160oder: UNHCR \u0107e obezbediti Srbiji 16 miliona dolara pomo\u0107i"},"content":{"rendered":"<h4 style=\"text-align: justify;\">Agencija UN za izbeglice u Srbiji (UNHCR) donirala je od juna do sada \u00a0opremu vrednu vi\u0161e od 264.000 dolara koju koristi policija u Privatnom centru u Pre\u0161evu, izjavio je danas \u0161ef te agencije Hans \u0160oder i najavio da \u0107e UNHCR u 2016. obezbediti Srbiji 16 miliona dolara pomo\u0107i.<\/h4>\n<p style=\"text-align: justify;\">On je kazao Tanjugu u Prihvatnom centru u Pre\u0161evu da u okviru Regionalnog plana odgovora u kojem agencije UN i partneri predla\u017eu da se u narednoj godini za Srbiju izdvoji ukupno 45 miliona dolara.<\/p>\n<p style=\"text-align: justify;\">\u0160oder je rekao da je UNHCR ove godine obezbedio 6,2 miliona dolara za pomo\u0107 srpskoj vladi u izbegli\u010dkoj krizi.<\/p>\n<p style=\"text-align: justify;\">Kako ka\u017ee, ta sredstva su iskori\u0161\u0107ena za hranu, ode\u0107u, \u0107ebad i razne druge potrep\u0161tine, name\u0161taj, ure\u0111aje i drugo.<\/p>\n<p style=\"text-align: justify;\">\u0160oder je naglasio da je cilj da se na odgovaraju\u0107i na\u010din zbrinu izbeglice, kao i da se u svemu tome pomogne srpskom narodu.<\/p>\n<p style=\"text-align: justify;\">\u201cPoma\u017eemo Vladi Srbije i sve je to rezultat timskog rada\u201d, kazao je \u0160oder dodaju\u0107i da \u0107e ve\u0107 za \u00a0oko nedelju dana taj centar mo\u0107i da primi vi\u0161e ljudi zbog predstoje\u0107e zime.<\/p>\n<p style=\"text-align: justify;\">Kada je re\u010d o donaciji za Prihvatni centar u Pre\u0161evu za potrebe MUP-a, UNHCR u Srbiji je do sada donirao osam ure\u0111aja za uzimanje otisaka prstiju izbeglica, od kojih se dva koriste u Dimitrovgradu, zatim 13 ra\u010dunara, dva rendgenska detektora za kontrolu, dva detektora za metal, kancelarijski name\u0161taj i druge stvari koje se koriste prilikom registracije.<\/p>\n<p style=\"text-align: justify;\">\u0160oder je istakao da je zahvaljuju\u0107i toj pomo\u0107i pove\u0107ana efikasnost kontrola izbeglica i registracioni kapaciteti.<\/p>\n<p style=\"text-align: justify;\">\u201cNiko nije o\u010dekivao da \u0107e tako brzo biti pove\u0107an broj izbeglica. Ranije je moglo da se registruje najvi\u0161e 1.000 ljudi dnevno, jer se to obavljalo na samo dva ra\u010dunara, dok sada mo\u017ee da se registruje vi\u0161e od 8.000 dnevno, s obzirom da se registracija obavlja na 13 mesta\u201d, naglasio je \u0160oder.<\/p>\n<p style=\"text-align: justify;\">UNHCR je kako bi pomogao izbeglicama tokom zime obezbedio grejanje u Prihvatom centru u Pre\u0161evu u tri velika paviljona i 35 kontejnera u kojima mo\u017ee da stane po \u0161est osoba i uglavnom su namenjeni porodicama sa malom decom.<\/p>\n<p style=\"text-align: justify;\">Svi kontejneri \u0107e se uredno snabdevati grejanjem od ponedeljka.<\/p>\n<p style=\"text-align: justify;\">\u0160oder je kazao da je centralno grejanje obezbe\u0111eno u objektu za predregistraciiju, kao i dva paviljona za \u010dekanje za registraciju. Ti objekti su, tako\u0111e, potpuno opremljeni za zimu, a UNHCR je to obezbedio u saradnji sa Danskim savetom za izbeglice.<\/p>\n<p style=\"text-align: justify;\">U Prihvatni centar u Pre\u0161evu je od pono\u0107i stiglo iz Makedonije oko 2.000 izbeglica, a u proseku ih je dnevno izme\u0111u 3.000 i 4.000 izbeglica.<\/p>\n<p style=\"text-align: justify;\">On je kazao da je bilo jako puno izbeglica u oktobru, izme\u0111u 6.000 i 7.000, dok je sada taj broj nesto smanjen zbog predstoje\u0107e zime, \u0161trajka pomorskih prevoznika i privremene blokade na granici Gr\u010dke i Makedonije.<\/p>\n<p style=\"text-align: justify;\">\u0160oder je naglasio da se izvode mnogi radovi i da \u0107e nakon njih biti dosta pobolj\u0161ani uslovi u Prihvatnom centru u Pre\u0161evu, koji \u0107e biti spreman da pomogne tim ljudima tokom zime.<\/p>\n<p style=\"text-align: justify;\">\u201cSve izbeglice koje do\u0111u ovde \u0107e imati krov nad glavom\u201d, rekao je on i izrazio o\u010dekivanje da \u0107e svi radovi biti gotovi pre sne\u017enih padavina.<\/p>\n<p style=\"text-align: justify;\">U Centru je obezbe\u0111eno i 14 toaleta sa kabinama za tu\u0161iranje za mu\u0161karce i \u017eene, uklju\u010duju\u0107i i po jedan za osobe sa invaliditetom.<\/p>\n<p style=\"text-align: justify;\">U Centru je obezbe\u0111eno i nekoliko kontejnera koje koriste majke za dojenje beba.<\/p>\n<p style=\"text-align: justify;\">\u0160oder je nakon posete Prihvatnom centru u Pre\u0161evu zajedno sa koordinatorkom UN u Srbiji Irenom Voja\u010dkovom Solorano obi\u0161ao i novi \u00a0kamp u Miratovcu.<\/p>\n<p style=\"text-align: justify;\">Mohamad iz Iraka je u Prihvatnom centru u Pre\u0161evu rekao Tanjugu da je zadovoljan uslovima u tom centru.<\/p>\n<p style=\"text-align: justify;\">\u201cPro\u0161ili smo put do Istanbula i Gr\u010dke i veoma smo zadovoljlni uslovima u Srbiji\u201d, kazao je on.<\/p>\n<p style=\"text-align: justify;\">Abdala iz Sirije ka\u017ee da mu je bilo veoma lo\u0161e tokom putovanja do Srbije jer, kako ka\u017ee, u Gr\u010dkoj su ga dr\u017eali na obali tri dana bez hrane.<\/p>\n<p style=\"text-align: justify;\">\u201cDosta se dece i ljudi podavilo u moru tokom tog putovanja. Uslovima u Srbiji sam veoma zadovoljlan. Srbija je super\u201d, kazao je 57-godi\u0161nji Sirijac.<\/p>\n<p style=\"text-align: justify;\">Izvor: Tanjug<\/p>\n","protected":false},"excerpt":{"rendered":"<p>Agencija UN za izbeglice u Srbiji (UNHCR) donirala je od juna do sada \u00a0opremu vrednu vi\u0161e od 264.000 dolara koju koristi policija u Privatnom centru u Pre\u0161evu, izjavio je danas [&hellip;]<\/p>\n","protected":false},"author":9,"featured_media":42064,"comment_status":"closed","ping_status":"closed","sticky":false,"template":"","format":"standard","meta":{"_acf_changed":false,"inline_featured_image":false,"_monsterinsights_skip_tracking":false,"_monsterinsights_sitenote_active":false,"_monsterinsights_sitenote_note":"","_monsterinsights_sitenote_category":0,"footnotes":""},"categories":[2700],"tags":[4201,4098],"class_list":["post-42067","post","type-post","status-publish","format-standard","has-post-thumbnail","hentry","category-vesti","tag-hans-soder","tag-unhcr"],"acf":[],"yoast_head":"<!-- This site is optimized with the Yoast SEO plugin v27.4 - https:\/\/yoast.com\/product\/yoast-seo-wordpress\/ -->\n<title>\u0160oder: UNHCR \u0107e obezbediti Srbiji 16 miliona dolara pomo\u0107i - Serbia.com<\/title>\n<meta name=\"robots\" content=\"index, follow, max-snippet:-1, max-image-preview:large, max-video-preview:-1\" \/>\n<link rel=\"canonical\" href=\"https:\/\/serbia.com\/srpski\/soder-unhcr-ce-obezbediti-srbiji-16-miliona-dolara-pomoci\/\" \/>\n<meta property=\"og:locale\" content=\"en_US\" \/>\n<meta property=\"og:type\" content=\"article\" \/>\n<meta property=\"og:title\" content=\"\u0160oder: UNHCR \u0107e obezbediti Srbiji 16 miliona dolara pomo\u0107i - Serbia.com\" \/>\n<meta property=\"og:description\" content=\"Agencija UN za izbeglice u Srbiji (UNHCR) donirala je od juna do sada \u00a0opremu vrednu vi\u0161e od 264.000 dolara koju koristi policija u Privatnom centru u Pre\u0161evu, izjavio je danas [&hellip;]\" \/>\n<meta property=\"og:url\" content=\"https:\/\/serbia.com\/srpski\/soder-unhcr-ce-obezbediti-srbiji-16-miliona-dolara-pomoci\/\" \/>\n<meta property=\"og:site_name\" content=\"Serbia.com\" \/>\n<meta property=\"article:published_time\" content=\"2015-12-13T13:38:02+00:00\" \/>\n<meta property=\"og:image\" content=\"https:\/\/serbia.com\/wp-content\/uploads\/2015\/12\/unhcr.jpg\" \/>\n\t<meta property=\"og:image:width\" content=\"800\" \/>\n\t<meta property=\"og:image:height\" content=\"352\" \/>\n\t<meta property=\"og:image:type\" content=\"image\/jpeg\" \/>\n<meta name=\"author\" content=\"Serbia.com\" \/>\n<meta name=\"twitter:label1\" content=\"Written by\" \/>\n\t<meta name=\"twitter:data1\" content=\"Serbia.com\" \/>\n\t<meta name=\"twitter:label2\" content=\"Est. reading time\" \/>\n\t<meta name=\"twitter:data2\" content=\"3 minutes\" \/>\n<script type=\"application\/ld+json\" class=\"yoast-schema-graph\">{\"@context\":\"https:\\\/\\\/schema.org\",\"@graph\":[{\"@type\":\"Article\",\"@id\":\"https:\\\/\\\/serbia.com\\\/srpski\\\/soder-unhcr-ce-obezbediti-srbiji-16-miliona-dolara-pomoci\\\/#article\",\"isPartOf\":{\"@id\":\"https:\\\/\\\/serbia.com\\\/srpski\\\/soder-unhcr-ce-obezbediti-srbiji-16-miliona-dolara-pomoci\\\/\"},\"author\":{\"name\":\"Serbia.com\",\"@id\":\"https:\\\/\\\/serbia.com\\\/#\\\/schema\\\/person\\\/6fe28d3055f5f291d832531e555da490\"},\"headline\":\"\u0160oder: UNHCR \u0107e obezbediti Srbiji 16 miliona dolara pomo\u0107i\",\"datePublished\":\"2015-12-13T13:38:02+00:00\",\"mainEntityOfPage\":{\"@id\":\"https:\\\/\\\/serbia.com\\\/srpski\\\/soder-unhcr-ce-obezbediti-srbiji-16-miliona-dolara-pomoci\\\/\"},\"wordCount\":706,\"image\":{\"@id\":\"https:\\\/\\\/serbia.com\\\/srpski\\\/soder-unhcr-ce-obezbediti-srbiji-16-miliona-dolara-pomoci\\\/#primaryimage\"},\"thumbnailUrl\":\"https:\\\/\\\/serbia.com\\\/wp-content\\\/uploads\\\/2015\\\/12\\\/unhcr.jpg\",\"keywords\":[\"Hans \u0160oder\",\"UNHCR\"],\"articleSection\":[\"Vesti\"],\"inLanguage\":\"srpski\"},{\"@type\":\"WebPage\",\"@id\":\"https:\\\/\\\/serbia.com\\\/srpski\\\/soder-unhcr-ce-obezbediti-srbiji-16-miliona-dolara-pomoci\\\/\",\"url\":\"https:\\\/\\\/serbia.com\\\/srpski\\\/soder-unhcr-ce-obezbediti-srbiji-16-miliona-dolara-pomoci\\\/\",\"name\":\"\u0160oder: UNHCR \u0107e obezbediti Srbiji 16 miliona dolara pomo\u0107i - Serbia.com\",\"isPartOf\":{\"@id\":\"https:\\\/\\\/serbia.com\\\/#website\"},\"primaryImageOfPage\":{\"@id\":\"https:\\\/\\\/serbia.com\\\/srpski\\\/soder-unhcr-ce-obezbediti-srbiji-16-miliona-dolara-pomoci\\\/#primaryimage\"},\"image\":{\"@id\":\"https:\\\/\\\/serbia.com\\\/srpski\\\/soder-unhcr-ce-obezbediti-srbiji-16-miliona-dolara-pomoci\\\/#primaryimage\"},\"thumbnailUrl\":\"https:\\\/\\\/serbia.com\\\/wp-content\\\/uploads\\\/2015\\\/12\\\/unhcr.jpg\",\"datePublished\":\"2015-12-13T13:38:02+00:00\",\"author\":{\"@id\":\"https:\\\/\\\/serbia.com\\\/#\\\/schema\\\/person\\\/6fe28d3055f5f291d832531e555da490\"},\"breadcrumb\":{\"@id\":\"https:\\\/\\\/serbia.com\\\/srpski\\\/soder-unhcr-ce-obezbediti-srbiji-16-miliona-dolara-pomoci\\\/#breadcrumb\"},\"inLanguage\":\"srpski\",\"potentialAction\":[{\"@type\":\"ReadAction\",\"target\":[\"https:\\\/\\\/serbia.com\\\/srpski\\\/soder-unhcr-ce-obezbediti-srbiji-16-miliona-dolara-pomoci\\\/\"]}]},{\"@type\":\"ImageObject\",\"inLanguage\":\"srpski\",\"@id\":\"https:\\\/\\\/serbia.com\\\/srpski\\\/soder-unhcr-ce-obezbediti-srbiji-16-miliona-dolara-pomoci\\\/#primaryimage\",\"url\":\"https:\\\/\\\/serbia.com\\\/wp-content\\\/uploads\\\/2015\\\/12\\\/unhcr.jpg\",\"contentUrl\":\"https:\\\/\\\/serbia.com\\\/wp-content\\\/uploads\\\/2015\\\/12\\\/unhcr.jpg\",\"width\":800,\"height\":352,\"caption\":\"UNHCR\"},{\"@type\":\"BreadcrumbList\",\"@id\":\"https:\\\/\\\/serbia.com\\\/srpski\\\/soder-unhcr-ce-obezbediti-srbiji-16-miliona-dolara-pomoci\\\/#breadcrumb\",\"itemListElement\":[{\"@type\":\"ListItem\",\"position\":1,\"name\":\"Home\",\"item\":\"https:\\\/\\\/serbia.com\\\/srpski\\\/srbija\\\/\"},{\"@type\":\"ListItem\",\"position\":2,\"name\":\"\u0160oder: UNHCR \u0107e obezbediti Srbiji 16 miliona dolara pomo\u0107i\"}]},{\"@type\":\"WebSite\",\"@id\":\"https:\\\/\\\/serbia.com\\\/#website\",\"url\":\"https:\\\/\\\/serbia.com\\\/\",\"name\":\"Serbia.com\",\"description\":\"Your Gateway to Serbia\",\"potentialAction\":[{\"@type\":\"SearchAction\",\"target\":{\"@type\":\"EntryPoint\",\"urlTemplate\":\"https:\\\/\\\/serbia.com\\\/?s={search_term_string}\"},\"query-input\":{\"@type\":\"PropertyValueSpecification\",\"valueRequired\":true,\"valueName\":\"search_term_string\"}}],\"inLanguage\":\"srpski\"},{\"@type\":\"Person\",\"@id\":\"https:\\\/\\\/serbia.com\\\/#\\\/schema\\\/person\\\/6fe28d3055f5f291d832531e555da490\",\"name\":\"Serbia.com\",\"image\":{\"@type\":\"ImageObject\",\"inLanguage\":\"srpski\",\"@id\":\"https:\\\/\\\/secure.gravatar.com\\\/avatar\\\/8381eb54f5b393857857cb5fd6c42264c9e14b10435326bc567fcc3511bd8df4?s=96&d=mm&r=g\",\"url\":\"https:\\\/\\\/secure.gravatar.com\\\/avatar\\\/8381eb54f5b393857857cb5fd6c42264c9e14b10435326bc567fcc3511bd8df4?s=96&d=mm&r=g\",\"contentUrl\":\"https:\\\/\\\/secure.gravatar.com\\\/avatar\\\/8381eb54f5b393857857cb5fd6c42264c9e14b10435326bc567fcc3511bd8df4?s=96&d=mm&r=g\",\"caption\":\"Serbia.com\"},\"url\":\"https:\\\/\\\/serbia.com\\\/srpski\\\/author\\\/serbia-com\\\/\"}]}<\/script>\n<!-- \/ Yoast SEO plugin. -->","yoast_head_json":{"title":"\u0160oder: UNHCR \u0107e obezbediti Srbiji 16 miliona dolara pomo\u0107i - Serbia.com","robots":{"index":"index","follow":"follow","max-snippet":"max-snippet:-1","max-image-preview":"max-image-preview:large","max-video-preview":"max-video-preview:-1"},"canonical":"https:\/\/serbia.com\/srpski\/soder-unhcr-ce-obezbediti-srbiji-16-miliona-dolara-pomoci\/","og_locale":"en_US","og_type":"article","og_title":"\u0160oder: UNHCR \u0107e obezbediti Srbiji 16 miliona dolara pomo\u0107i - Serbia.com","og_description":"Agencija UN za izbeglice u Srbiji (UNHCR) donirala je od juna do sada \u00a0opremu vrednu vi\u0161e od 264.000 dolara koju koristi policija u Privatnom centru u Pre\u0161evu, izjavio je danas [&hellip;]","og_url":"https:\/\/serbia.com\/srpski\/soder-unhcr-ce-obezbediti-srbiji-16-miliona-dolara-pomoci\/","og_site_name":"Serbia.com","article_published_time":"2015-12-13T13:38:02+00:00","og_image":[{"width":800,"height":352,"url":"https:\/\/serbia.com\/wp-content\/uploads\/2015\/12\/unhcr.jpg","type":"image\/jpeg"}],"author":"Serbia.com","twitter_misc":{"Written by":"Serbia.com","Est. reading time":"3 minutes"},"schema":{"@context":"https:\/\/schema.org","@graph":[{"@type":"Article","@id":"https:\/\/serbia.com\/srpski\/soder-unhcr-ce-obezbediti-srbiji-16-miliona-dolara-pomoci\/#article","isPartOf":{"@id":"https:\/\/serbia.com\/srpski\/soder-unhcr-ce-obezbediti-srbiji-16-miliona-dolara-pomoci\/"},"author":{"name":"Serbia.com","@id":"https:\/\/serbia.com\/#\/schema\/person\/6fe28d3055f5f291d832531e555da490"},"headline":"\u0160oder: UNHCR \u0107e obezbediti Srbiji 16 miliona dolara pomo\u0107i","datePublished":"2015-12-13T13:38:02+00:00","mainEntityOfPage":{"@id":"https:\/\/serbia.com\/srpski\/soder-unhcr-ce-obezbediti-srbiji-16-miliona-dolara-pomoci\/"},"wordCount":706,"image":{"@id":"https:\/\/serbia.com\/srpski\/soder-unhcr-ce-obezbediti-srbiji-16-miliona-dolara-pomoci\/#primaryimage"},"thumbnailUrl":"https:\/\/serbia.com\/wp-content\/uploads\/2015\/12\/unhcr.jpg","keywords":["Hans \u0160oder","UNHCR"],"articleSection":["Vesti"],"inLanguage":"srpski"},{"@type":"WebPage","@id":"https:\/\/serbia.com\/srpski\/soder-unhcr-ce-obezbediti-srbiji-16-miliona-dolara-pomoci\/","url":"https:\/\/serbia.com\/srpski\/soder-unhcr-ce-obezbediti-srbiji-16-miliona-dolara-pomoci\/","name":"\u0160oder: UNHCR \u0107e obezbediti Srbiji 16 miliona dolara pomo\u0107i - Serbia.com","isPartOf":{"@id":"https:\/\/serbia.com\/#website"},"primaryImageOfPage":{"@id":"https:\/\/serbia.com\/srpski\/soder-unhcr-ce-obezbediti-srbiji-16-miliona-dolara-pomoci\/#primaryimage"},"image":{"@id":"https:\/\/serbia.com\/srpski\/soder-unhcr-ce-obezbediti-srbiji-16-miliona-dolara-pomoci\/#primaryimage"},"thumbnailUrl":"https:\/\/serbia.com\/wp-content\/uploads\/2015\/12\/unhcr.jpg","datePublished":"2015-12-13T13:38:02+00:00","author":{"@id":"https:\/\/serbia.com\/#\/schema\/person\/6fe28d3055f5f291d832531e555da490"},"breadcrumb":{"@id":"https:\/\/serbia.com\/srpski\/soder-unhcr-ce-obezbediti-srbiji-16-miliona-dolara-pomoci\/#breadcrumb"},"inLanguage":"srpski","potentialAction":[{"@type":"ReadAction","target":["https:\/\/serbia.com\/srpski\/soder-unhcr-ce-obezbediti-srbiji-16-miliona-dolara-pomoci\/"]}]},{"@type":"ImageObject","inLanguage":"srpski","@id":"https:\/\/serbia.com\/srpski\/soder-unhcr-ce-obezbediti-srbiji-16-miliona-dolara-pomoci\/#primaryimage","url":"https:\/\/serbia.com\/wp-content\/uploads\/2015\/12\/unhcr.jpg","contentUrl":"https:\/\/serbia.com\/wp-content\/uploads\/2015\/12\/unhcr.jpg","width":800,"height":352,"caption":"UNHCR"},{"@type":"BreadcrumbList","@id":"https:\/\/serbia.com\/srpski\/soder-unhcr-ce-obezbediti-srbiji-16-miliona-dolara-pomoci\/#breadcrumb","itemListElement":[{"@type":"ListItem","position":1,"name":"Home","item":"https:\/\/serbia.com\/srpski\/srbija\/"},{"@type":"ListItem","position":2,"name":"\u0160oder: UNHCR \u0107e obezbediti Srbiji 16 miliona dolara pomo\u0107i"}]},{"@type":"WebSite","@id":"https:\/\/serbia.com\/#website","url":"https:\/\/serbia.com\/","name":"Serbia.com","description":"Your Gateway to Serbia","potentialAction":[{"@type":"SearchAction","target":{"@type":"EntryPoint","urlTemplate":"https:\/\/serbia.com\/?s={search_term_string}"},"query-input":{"@type":"PropertyValueSpecification","valueRequired":true,"valueName":"search_term_string"}}],"inLanguage":"srpski"},{"@type":"Person","@id":"https:\/\/serbia.com\/#\/schema\/person\/6fe28d3055f5f291d832531e555da490","name":"Serbia.com","image":{"@type":"ImageObject","inLanguage":"srpski","@id":"https:\/\/secure.gravatar.com\/avatar\/8381eb54f5b393857857cb5fd6c42264c9e14b10435326bc567fcc3511bd8df4?s=96&d=mm&r=g","url":"https:\/\/secure.gravatar.com\/avatar\/8381eb54f5b393857857cb5fd6c42264c9e14b10435326bc567fcc3511bd8df4?s=96&d=mm&r=g","contentUrl":"https:\/\/secure.gravatar.com\/avatar\/8381eb54f5b393857857cb5fd6c42264c9e14b10435326bc567fcc3511bd8df4?s=96&d=mm&r=g","caption":"Serbia.com"},"url":"https:\/\/serbia.com\/srpski\/author\/serbia-com\/"}]}},"brizy_media":[],"_links":{"self":[{"href":"https:\/\/serbia.com\/srpski\/wp-json\/wp\/v2\/posts\/42067","targetHints":{"allow":["GET"]}}],"collection":[{"href":"https:\/\/serbia.com\/srpski\/wp-json\/wp\/v2\/posts"}],"about":[{"href":"https:\/\/serbia.com\/srpski\/wp-json\/wp\/v2\/types\/post"}],"author":[{"embeddable":true,"href":"https:\/\/serbia.com\/srpski\/wp-json\/wp\/v2\/users\/9"}],"replies":[{"embeddable":true,"href":"https:\/\/serbia.com\/srpski\/wp-json\/wp\/v2\/comments?post=42067"}],"version-history":[{"count":0,"href":"https:\/\/serbia.com\/srpski\/wp-json\/wp\/v2\/posts\/42067\/revisions"}],"wp:featuredmedia":[{"embeddable":true,"href":"https:\/\/serbia.com\/srpski\/wp-json\/wp\/v2\/media\/42064"}],"wp:attachment":[{"href":"https:\/\/serbia.com\/srpski\/wp-json\/wp\/v2\/media?parent=42067"}],"wp:term":[{"taxonomy":"category","embeddable":true,"href":"https:\/\/serbia.com\/srpski\/wp-json\/wp\/v2\/categories?post=42067"},{"taxonomy":"post_tag","embeddable":true,"href":"https:\/\/serbia.com\/srpski\/wp-json\/wp\/v2\/tags?post=42067"}],"curies":[{"name":"wp","href":"https:\/\/api.w.org\/{rel}","templated":true}]}}