{"id":39174,"date":"2015-12-09T13:47:03","date_gmt":"2015-12-09T12:47:03","guid":{"rendered":"http:\/\/www.serbia.com\/srpski\/?p=39174"},"modified":"2015-12-09T16:32:44","modified_gmt":"2015-12-09T15:32:44","slug":"beograd-predstavljen-u-abu-dabiju","status":"publish","type":"post","link":"https:\/\/serbia.com\/srpski\/beograd-predstavljen-u-abu-dabiju\/","title":{"rendered":"Beograd predstavljen u Abu Dabiju"},"content":{"rendered":"<h4 style=\"text-align: justify;\">Turisti\u010dki potencijali, ponude, lepote i znamenitosti prestonice Srbije, predstavljeni su turisti\u010dkim radnicima iz Ujedinjenih Arapskih Emirata. Predstavnici Grada Beograda i Turisti\u010dke organizacije Srbije nizom sastanaka, emitovanjem filma o Dunavu i izvodbom KUD Lola, predstavili su Beograd.<\/h4>\n<p style=\"text-align: justify;\">Glavni grad Srbije interesantna je destinacija za mnogobrojne turiste koji dolaze iz Ujedinjenih Arapskih emirata. Pored Beograda, stanovnicima ove dr\u017eave posebnu pa\u017enju privla\u010di lovni tuzrizam, kupovina nekretnina pored reka ali i investiranje u proizvodnu industriji.<\/p>\n<p><a class=\"dt-single-image\" href=\"http:\/\/www.serbia.com\/wp-content\/uploads\/2015\/12\/Tan2015-12-9_10185154_0.jpg\" data-dt-img-description=\"Abu Dabi, 9. decembra 2015 - Nastup &quot;KUD Lola&quot; na predstavljanju turisticke ponude i potencijale Beograda i Srbije turistickim radnicima Ujedinjenih Arapskih Emirata. Predstavnici Grada Beograda i Turisticke organizacije Srbije na juce odrzanom sastanku u Abu Dabiju predstavili su turisticku ponudu i potencijal naseg grada i zemlje turistickim radnicima Ujedinjenih Arapskih Emirata. FOTO TANJUG \/ GRADSKA UPRAVA GRADA BEOGRADA \/ bb\"><img loading=\"lazy\" decoding=\"async\" class=\"alignleft wp-image-41795 size-medium\" src=\"http:\/\/www.serbia.com\/wp-content\/uploads\/2015\/12\/Tan2015-12-9_10185154_0-300x169.jpg\" alt=\"\" width=\"300\" height=\"169\" srcset=\"https:\/\/serbia.com\/wp-content\/uploads\/2015\/12\/Tan2015-12-9_10185154_0-300x169.jpg 300w, https:\/\/serbia.com\/wp-content\/uploads\/2015\/12\/Tan2015-12-9_10185154_0.jpg 640w\" sizes=\"auto, (max-width: 300px) 100vw, 300px\" \/><\/a><\/p>\n<p style=\"text-align: justify;\">\u201eSa dva leta dnevno iz Abu Dabija ka Beogradu i \u010detiri puta nedeljno iz Dubaija, i bez potrebe izdavanja vize, Beograd sa okolinom predstavlja veoma atraktivnu destinaciju koja ima \u0161ta da ponudi tokom cele godine&#8221;, navodi se u saop\u0161tenju.<\/p>\n<p style=\"text-align: justify;\">Putnici iz tog dela sveta poznati su po tome \u0161to na putovanja idu sa velikim brojem \u010dlanova porodice, a i poseduju visoke plate\u017ene mo\u0107i, pa se oni smatraju najdragocenijim posetiocima gde god da borave.<\/p>\n<p style=\"text-align: justify;\">&#8220;O tome koliko su dragoceni kao posetioci, dovoljno govori i podatak da tro\u0161e preko 80 evra dnevno po osobi. Tako\u0111e, spadaju u obo\u017eavaoce prirode, \u010dime cela okolina Beograda postaje vrlo zanimljiva za dnevne izlete do 120 kilometara&#8221;, rekla je nakon sastanka Tijana Maljkovi\u0107, gradska sekretarka za privredu.<\/p>\n<p style=\"text-align: justify;\">Ovom prilikom razgovaralo se i o \u201eBeogradu na vodi\u201c, a dogovoren je dolazak velikog broja arapskih novinara radi promovisanja Beograda i Srbije, kao i saradnja turisti\u010dkih zajednica ove dve zemlje.<\/p>\n<p style=\"text-align: justify;\">Izvor: Tanjug<\/p>\n","protected":false},"excerpt":{"rendered":"<p>Turisti\u010dki potencijali, ponude, lepote i znamenitosti prestonice Srbije, predstavljeni su turisti\u010dkim radnicima iz Ujedinjenih Arapskih Emirata. Predstavnici Grada Beograda i Turisti\u010dke organizacije Srbije nizom sastanaka, emitovanjem filma o Dunavu i [&hellip;]<\/p>\n","protected":false},"author":9,"featured_media":39167,"comment_status":"closed","ping_status":"closed","sticky":false,"template":"","format":"standard","meta":{"_acf_changed":false,"inline_featured_image":false,"_monsterinsights_skip_tracking":false,"_monsterinsights_sitenote_active":false,"_monsterinsights_sitenote_note":"","_monsterinsights_sitenote_category":0,"footnotes":""},"categories":[2497,2846,2700],"tags":[4180,729,4178,4179],"class_list":["post-39174","post","type-post","status-publish","format-standard","has-post-thumbnail","hentry","category-beograd-gradovi","category-istaknuto","category-vesti","tag-abu-dabi","tag-beograd-srpski","tag-beograd-na-vodi","tag-ujedinjeni-arapski-emirati"],"acf":[],"yoast_head":"<!-- This site is optimized with the Yoast SEO plugin v27.4 - https:\/\/yoast.com\/product\/yoast-seo-wordpress\/ -->\n<title>Beograd predstavljen u Abu Dabiju - Serbia.com<\/title>\n<meta name=\"robots\" content=\"index, follow, max-snippet:-1, max-image-preview:large, max-video-preview:-1\" \/>\n<link rel=\"canonical\" href=\"https:\/\/serbia.com\/srpski\/beograd-predstavljen-u-abu-dabiju\/\" \/>\n<meta property=\"og:locale\" content=\"en_US\" \/>\n<meta property=\"og:type\" content=\"article\" \/>\n<meta property=\"og:title\" content=\"Beograd predstavljen u Abu Dabiju - Serbia.com\" \/>\n<meta property=\"og:description\" content=\"Turisti\u010dki potencijali, ponude, lepote i znamenitosti prestonice Srbije, predstavljeni su turisti\u010dkim radnicima iz Ujedinjenih Arapskih Emirata. Predstavnici Grada Beograda i Turisti\u010dke organizacije Srbije nizom sastanaka, emitovanjem filma o Dunavu i [&hellip;]\" \/>\n<meta property=\"og:url\" content=\"https:\/\/serbia.com\/srpski\/beograd-predstavljen-u-abu-dabiju\/\" \/>\n<meta property=\"og:site_name\" content=\"Serbia.com\" \/>\n<meta property=\"article:published_time\" content=\"2015-12-09T12:47:03+00:00\" \/>\n<meta property=\"article:modified_time\" content=\"2015-12-09T15:32:44+00:00\" \/>\n<meta property=\"og:image\" content=\"https:\/\/serbia.com\/wp-content\/uploads\/2015\/12\/beograd-na-vodi-e1449664396330.jpg\" \/>\n\t<meta property=\"og:image:width\" content=\"800\" \/>\n\t<meta property=\"og:image:height\" content=\"483\" \/>\n\t<meta property=\"og:image:type\" content=\"image\/jpeg\" \/>\n<meta name=\"author\" content=\"Serbia.com\" \/>\n<meta name=\"twitter:label1\" content=\"Written by\" \/>\n\t<meta name=\"twitter:data1\" content=\"Serbia.com\" \/>\n\t<meta name=\"twitter:label2\" content=\"Est. reading time\" \/>\n\t<meta name=\"twitter:data2\" content=\"1 minute\" \/>\n<script type=\"application\/ld+json\" class=\"yoast-schema-graph\">{\"@context\":\"https:\\\/\\\/schema.org\",\"@graph\":[{\"@type\":\"Article\",\"@id\":\"https:\\\/\\\/serbia.com\\\/srpski\\\/beograd-predstavljen-u-abu-dabiju\\\/#article\",\"isPartOf\":{\"@id\":\"https:\\\/\\\/serbia.com\\\/srpski\\\/beograd-predstavljen-u-abu-dabiju\\\/\"},\"author\":{\"name\":\"Serbia.com\",\"@id\":\"https:\\\/\\\/serbia.com\\\/#\\\/schema\\\/person\\\/6fe28d3055f5f291d832531e555da490\"},\"headline\":\"Beograd predstavljen u Abu Dabiju\",\"datePublished\":\"2015-12-09T12:47:03+00:00\",\"dateModified\":\"2015-12-09T15:32:44+00:00\",\"mainEntityOfPage\":{\"@id\":\"https:\\\/\\\/serbia.com\\\/srpski\\\/beograd-predstavljen-u-abu-dabiju\\\/\"},\"wordCount\":239,\"image\":{\"@id\":\"https:\\\/\\\/serbia.com\\\/srpski\\\/beograd-predstavljen-u-abu-dabiju\\\/#primaryimage\"},\"thumbnailUrl\":\"https:\\\/\\\/serbia.com\\\/wp-content\\\/uploads\\\/2015\\\/12\\\/beograd-na-vodi-e1449664396330.jpg\",\"keywords\":[\"Abu Dabi\",\"Beograd\",\"Beograd na vodi\",\"Ujedinjeni Arapski Emirati\"],\"articleSection\":[\"Beograd\",\"Istaknuto\",\"Vesti\"],\"inLanguage\":\"srpski\"},{\"@type\":\"WebPage\",\"@id\":\"https:\\\/\\\/serbia.com\\\/srpski\\\/beograd-predstavljen-u-abu-dabiju\\\/\",\"url\":\"https:\\\/\\\/serbia.com\\\/srpski\\\/beograd-predstavljen-u-abu-dabiju\\\/\",\"name\":\"Beograd predstavljen u Abu Dabiju - Serbia.com\",\"isPartOf\":{\"@id\":\"https:\\\/\\\/serbia.com\\\/#website\"},\"primaryImageOfPage\":{\"@id\":\"https:\\\/\\\/serbia.com\\\/srpski\\\/beograd-predstavljen-u-abu-dabiju\\\/#primaryimage\"},\"image\":{\"@id\":\"https:\\\/\\\/serbia.com\\\/srpski\\\/beograd-predstavljen-u-abu-dabiju\\\/#primaryimage\"},\"thumbnailUrl\":\"https:\\\/\\\/serbia.com\\\/wp-content\\\/uploads\\\/2015\\\/12\\\/beograd-na-vodi-e1449664396330.jpg\",\"datePublished\":\"2015-12-09T12:47:03+00:00\",\"dateModified\":\"2015-12-09T15:32:44+00:00\",\"author\":{\"@id\":\"https:\\\/\\\/serbia.com\\\/#\\\/schema\\\/person\\\/6fe28d3055f5f291d832531e555da490\"},\"breadcrumb\":{\"@id\":\"https:\\\/\\\/serbia.com\\\/srpski\\\/beograd-predstavljen-u-abu-dabiju\\\/#breadcrumb\"},\"inLanguage\":\"srpski\",\"potentialAction\":[{\"@type\":\"ReadAction\",\"target\":[\"https:\\\/\\\/serbia.com\\\/srpski\\\/beograd-predstavljen-u-abu-dabiju\\\/\"]}]},{\"@type\":\"ImageObject\",\"inLanguage\":\"srpski\",\"@id\":\"https:\\\/\\\/serbia.com\\\/srpski\\\/beograd-predstavljen-u-abu-dabiju\\\/#primaryimage\",\"url\":\"https:\\\/\\\/serbia.com\\\/wp-content\\\/uploads\\\/2015\\\/12\\\/beograd-na-vodi-e1449664396330.jpg\",\"contentUrl\":\"https:\\\/\\\/serbia.com\\\/wp-content\\\/uploads\\\/2015\\\/12\\\/beograd-na-vodi-e1449664396330.jpg\",\"width\":800,\"height\":483},{\"@type\":\"BreadcrumbList\",\"@id\":\"https:\\\/\\\/serbia.com\\\/srpski\\\/beograd-predstavljen-u-abu-dabiju\\\/#breadcrumb\",\"itemListElement\":[{\"@type\":\"ListItem\",\"position\":1,\"name\":\"Home\",\"item\":\"https:\\\/\\\/serbia.com\\\/srpski\\\/srbija\\\/\"},{\"@type\":\"ListItem\",\"position\":2,\"name\":\"Beograd predstavljen u Abu Dabiju\"}]},{\"@type\":\"WebSite\",\"@id\":\"https:\\\/\\\/serbia.com\\\/#website\",\"url\":\"https:\\\/\\\/serbia.com\\\/\",\"name\":\"Serbia.com\",\"description\":\"Your Gateway to Serbia\",\"potentialAction\":[{\"@type\":\"SearchAction\",\"target\":{\"@type\":\"EntryPoint\",\"urlTemplate\":\"https:\\\/\\\/serbia.com\\\/?s={search_term_string}\"},\"query-input\":{\"@type\":\"PropertyValueSpecification\",\"valueRequired\":true,\"valueName\":\"search_term_string\"}}],\"inLanguage\":\"srpski\"},{\"@type\":\"Person\",\"@id\":\"https:\\\/\\\/serbia.com\\\/#\\\/schema\\\/person\\\/6fe28d3055f5f291d832531e555da490\",\"name\":\"Serbia.com\",\"image\":{\"@type\":\"ImageObject\",\"inLanguage\":\"srpski\",\"@id\":\"https:\\\/\\\/secure.gravatar.com\\\/avatar\\\/8381eb54f5b393857857cb5fd6c42264c9e14b10435326bc567fcc3511bd8df4?s=96&d=mm&r=g\",\"url\":\"https:\\\/\\\/secure.gravatar.com\\\/avatar\\\/8381eb54f5b393857857cb5fd6c42264c9e14b10435326bc567fcc3511bd8df4?s=96&d=mm&r=g\",\"contentUrl\":\"https:\\\/\\\/secure.gravatar.com\\\/avatar\\\/8381eb54f5b393857857cb5fd6c42264c9e14b10435326bc567fcc3511bd8df4?s=96&d=mm&r=g\",\"caption\":\"Serbia.com\"},\"url\":\"https:\\\/\\\/serbia.com\\\/srpski\\\/author\\\/serbia-com\\\/\"}]}<\/script>\n<!-- \/ Yoast SEO plugin. -->","yoast_head_json":{"title":"Beograd predstavljen u Abu Dabiju - Serbia.com","robots":{"index":"index","follow":"follow","max-snippet":"max-snippet:-1","max-image-preview":"max-image-preview:large","max-video-preview":"max-video-preview:-1"},"canonical":"https:\/\/serbia.com\/srpski\/beograd-predstavljen-u-abu-dabiju\/","og_locale":"en_US","og_type":"article","og_title":"Beograd predstavljen u Abu Dabiju - Serbia.com","og_description":"Turisti\u010dki potencijali, ponude, lepote i znamenitosti prestonice Srbije, predstavljeni su turisti\u010dkim radnicima iz Ujedinjenih Arapskih Emirata. Predstavnici Grada Beograda i Turisti\u010dke organizacije Srbije nizom sastanaka, emitovanjem filma o Dunavu i [&hellip;]","og_url":"https:\/\/serbia.com\/srpski\/beograd-predstavljen-u-abu-dabiju\/","og_site_name":"Serbia.com","article_published_time":"2015-12-09T12:47:03+00:00","article_modified_time":"2015-12-09T15:32:44+00:00","og_image":[{"width":800,"height":483,"url":"https:\/\/serbia.com\/wp-content\/uploads\/2015\/12\/beograd-na-vodi-e1449664396330.jpg","type":"image\/jpeg"}],"author":"Serbia.com","twitter_misc":{"Written by":"Serbia.com","Est. reading time":"1 minute"},"schema":{"@context":"https:\/\/schema.org","@graph":[{"@type":"Article","@id":"https:\/\/serbia.com\/srpski\/beograd-predstavljen-u-abu-dabiju\/#article","isPartOf":{"@id":"https:\/\/serbia.com\/srpski\/beograd-predstavljen-u-abu-dabiju\/"},"author":{"name":"Serbia.com","@id":"https:\/\/serbia.com\/#\/schema\/person\/6fe28d3055f5f291d832531e555da490"},"headline":"Beograd predstavljen u Abu Dabiju","datePublished":"2015-12-09T12:47:03+00:00","dateModified":"2015-12-09T15:32:44+00:00","mainEntityOfPage":{"@id":"https:\/\/serbia.com\/srpski\/beograd-predstavljen-u-abu-dabiju\/"},"wordCount":239,"image":{"@id":"https:\/\/serbia.com\/srpski\/beograd-predstavljen-u-abu-dabiju\/#primaryimage"},"thumbnailUrl":"https:\/\/serbia.com\/wp-content\/uploads\/2015\/12\/beograd-na-vodi-e1449664396330.jpg","keywords":["Abu Dabi","Beograd","Beograd na vodi","Ujedinjeni Arapski Emirati"],"articleSection":["Beograd","Istaknuto","Vesti"],"inLanguage":"srpski"},{"@type":"WebPage","@id":"https:\/\/serbia.com\/srpski\/beograd-predstavljen-u-abu-dabiju\/","url":"https:\/\/serbia.com\/srpski\/beograd-predstavljen-u-abu-dabiju\/","name":"Beograd predstavljen u Abu Dabiju - Serbia.com","isPartOf":{"@id":"https:\/\/serbia.com\/#website"},"primaryImageOfPage":{"@id":"https:\/\/serbia.com\/srpski\/beograd-predstavljen-u-abu-dabiju\/#primaryimage"},"image":{"@id":"https:\/\/serbia.com\/srpski\/beograd-predstavljen-u-abu-dabiju\/#primaryimage"},"thumbnailUrl":"https:\/\/serbia.com\/wp-content\/uploads\/2015\/12\/beograd-na-vodi-e1449664396330.jpg","datePublished":"2015-12-09T12:47:03+00:00","dateModified":"2015-12-09T15:32:44+00:00","author":{"@id":"https:\/\/serbia.com\/#\/schema\/person\/6fe28d3055f5f291d832531e555da490"},"breadcrumb":{"@id":"https:\/\/serbia.com\/srpski\/beograd-predstavljen-u-abu-dabiju\/#breadcrumb"},"inLanguage":"srpski","potentialAction":[{"@type":"ReadAction","target":["https:\/\/serbia.com\/srpski\/beograd-predstavljen-u-abu-dabiju\/"]}]},{"@type":"ImageObject","inLanguage":"srpski","@id":"https:\/\/serbia.com\/srpski\/beograd-predstavljen-u-abu-dabiju\/#primaryimage","url":"https:\/\/serbia.com\/wp-content\/uploads\/2015\/12\/beograd-na-vodi-e1449664396330.jpg","contentUrl":"https:\/\/serbia.com\/wp-content\/uploads\/2015\/12\/beograd-na-vodi-e1449664396330.jpg","width":800,"height":483},{"@type":"BreadcrumbList","@id":"https:\/\/serbia.com\/srpski\/beograd-predstavljen-u-abu-dabiju\/#breadcrumb","itemListElement":[{"@type":"ListItem","position":1,"name":"Home","item":"https:\/\/serbia.com\/srpski\/srbija\/"},{"@type":"ListItem","position":2,"name":"Beograd predstavljen u Abu Dabiju"}]},{"@type":"WebSite","@id":"https:\/\/serbia.com\/#website","url":"https:\/\/serbia.com\/","name":"Serbia.com","description":"Your Gateway to Serbia","potentialAction":[{"@type":"SearchAction","target":{"@type":"EntryPoint","urlTemplate":"https:\/\/serbia.com\/?s={search_term_string}"},"query-input":{"@type":"PropertyValueSpecification","valueRequired":true,"valueName":"search_term_string"}}],"inLanguage":"srpski"},{"@type":"Person","@id":"https:\/\/serbia.com\/#\/schema\/person\/6fe28d3055f5f291d832531e555da490","name":"Serbia.com","image":{"@type":"ImageObject","inLanguage":"srpski","@id":"https:\/\/secure.gravatar.com\/avatar\/8381eb54f5b393857857cb5fd6c42264c9e14b10435326bc567fcc3511bd8df4?s=96&d=mm&r=g","url":"https:\/\/secure.gravatar.com\/avatar\/8381eb54f5b393857857cb5fd6c42264c9e14b10435326bc567fcc3511bd8df4?s=96&d=mm&r=g","contentUrl":"https:\/\/secure.gravatar.com\/avatar\/8381eb54f5b393857857cb5fd6c42264c9e14b10435326bc567fcc3511bd8df4?s=96&d=mm&r=g","caption":"Serbia.com"},"url":"https:\/\/serbia.com\/srpski\/author\/serbia-com\/"}]}},"brizy_media":[],"_links":{"self":[{"href":"https:\/\/serbia.com\/srpski\/wp-json\/wp\/v2\/posts\/39174","targetHints":{"allow":["GET"]}}],"collection":[{"href":"https:\/\/serbia.com\/srpski\/wp-json\/wp\/v2\/posts"}],"about":[{"href":"https:\/\/serbia.com\/srpski\/wp-json\/wp\/v2\/types\/post"}],"author":[{"embeddable":true,"href":"https:\/\/serbia.com\/srpski\/wp-json\/wp\/v2\/users\/9"}],"replies":[{"embeddable":true,"href":"https:\/\/serbia.com\/srpski\/wp-json\/wp\/v2\/comments?post=39174"}],"version-history":[{"count":0,"href":"https:\/\/serbia.com\/srpski\/wp-json\/wp\/v2\/posts\/39174\/revisions"}],"wp:featuredmedia":[{"embeddable":true,"href":"https:\/\/serbia.com\/srpski\/wp-json\/wp\/v2\/media\/39167"}],"wp:attachment":[{"href":"https:\/\/serbia.com\/srpski\/wp-json\/wp\/v2\/media?parent=39174"}],"wp:term":[{"taxonomy":"category","embeddable":true,"href":"https:\/\/serbia.com\/srpski\/wp-json\/wp\/v2\/categories?post=39174"},{"taxonomy":"post_tag","embeddable":true,"href":"https:\/\/serbia.com\/srpski\/wp-json\/wp\/v2\/tags?post=39174"}],"curies":[{"name":"wp","href":"https:\/\/api.w.org\/{rel}","templated":true}]}}