{"id":38132,"date":"2015-11-28T22:30:39","date_gmt":"2015-11-28T21:30:39","guid":{"rendered":"http:\/\/www.serbia.com\/srpski\/?p=38132"},"modified":"2015-11-28T22:30:39","modified_gmt":"2015-11-28T21:30:39","slug":"u-pristini-uhapseno-95-lica-sest-povredeno","status":"publish","type":"post","link":"https:\/\/serbia.com\/srpski\/u-pristini-uhapseno-95-lica-sest-povredeno\/","title":{"rendered":"U Pri\u0161tini uhap\u0161eno 95 lica, \u0161est povre\u0111eno"},"content":{"rendered":"<h4 style=\"text-align: justify;\">Kosovska policija je danas, nakon protesta u centru Pri\u0161tine, uhapsila 95 lica, me\u0111u kojima i lidera samoopredeljenja Aljbina Kurtija, izjavio je portparol kosovske policije Baki Keljani.<\/h4>\n<p style=\"text-align: justify;\">On je na konferenciji za novinare rekao da su tom prilikom povre\u0111ena \u010detiri demonstranta, kao i dva policajca.<\/p>\n<p style=\"text-align: justify;\">Prema njegovim re\u010dima, pojedinci su opirali hap\u0161enju i policija je bila napadnuta prilikom upada u prostorije Samoopredeljenja.<\/p>\n<p style=\"text-align: justify;\">Kako je naveo, policija je postupila po pravilima i nalogu tu\u017eila\u0161tva.<\/p>\n<p style=\"text-align: justify;\">&#8220;Policija Kosova sa svojim relevantnim jedinicama preduzela je mere da bi pred lice pravde izvela gospodina Kurtija, \u0161to je i su\u0161tina poternice koja je za njime raspisana. Kada su pripadnici policije stigli kod sedi\u0161ta Samoopredeljenja nai\u0161li su na demonstrante koji su ometali slu\u017ebena lica da vr\u0161e svoju du\u017enost&#8221;, istakao je Keljani.<\/p>\n<p style=\"text-align: justify;\">Portparol policije je rekao da su demonstranti napali policiju.<\/p>\n<p style=\"text-align: justify;\">Ta lica su uhap\u0161ena ispred i u prostorijama sedi\u0161ta Samoopredeljenja, rekao je Keljani i dodao da su demonstranti bacali petarde i druga pirotehni\u010dka sredstva na policiju, pa je zbog toga uhap\u0161en ovoliki broj lica.<\/p>\n<p style=\"text-align: justify;\">&#8220;Privedeno je 95 lica kojima se uzimaju izjave i oni \u0107e biti dalje procesuirani. Kao posledica nasilja koje se dogodilo ispred zgrade Samoopredeljenja, kao i unutra, bilo je \u010detvoro povre\u0111enih me\u0111u demonstranatima i dva te\u017ee povre\u0111ena policajca&#8221;, rekao je portparol kosovske policije.<\/p>\n<p style=\"text-align: justify;\">Izvor: Tanjug<\/p>\n","protected":false},"excerpt":{"rendered":"<p>Kosovska policija je danas, nakon protesta u centru Pri\u0161tine, uhapsila 95 lica, me\u0111u kojima i lidera samoopredeljenja Aljbina Kurtija, izjavio je portparol kosovske policije Baki Keljani. On je na konferenciji [&hellip;]<\/p>\n","protected":false},"author":9,"featured_media":38129,"comment_status":"closed","ping_status":"closed","sticky":false,"template":"","format":"standard","meta":{"_acf_changed":false,"inline_featured_image":false,"_monsterinsights_skip_tracking":false,"_monsterinsights_sitenote_active":false,"_monsterinsights_sitenote_note":"","_monsterinsights_sitenote_category":0,"footnotes":""},"categories":[2700],"tags":[3993,3836,3978,3994],"class_list":["post-38132","post","type-post","status-publish","format-standard","has-post-thumbnail","hentry","category-vesti","tag-aljbin-kurti","tag-kosovo","tag-pristina","tag-samoopredeljenje"],"acf":[],"yoast_head":"<!-- This site is optimized with the Yoast SEO plugin v27.4 - https:\/\/yoast.com\/product\/yoast-seo-wordpress\/ -->\n<title>U Pri\u0161tini uhap\u0161eno 95 lica, \u0161est povre\u0111eno - Serbia.com<\/title>\n<meta name=\"robots\" content=\"index, follow, max-snippet:-1, max-image-preview:large, max-video-preview:-1\" \/>\n<link rel=\"canonical\" href=\"https:\/\/serbia.com\/srpski\/u-pristini-uhapseno-95-lica-sest-povredeno\/\" \/>\n<meta property=\"og:locale\" content=\"en_US\" \/>\n<meta property=\"og:type\" content=\"article\" \/>\n<meta property=\"og:title\" content=\"U Pri\u0161tini uhap\u0161eno 95 lica, \u0161est povre\u0111eno - Serbia.com\" \/>\n<meta property=\"og:description\" content=\"Kosovska policija je danas, nakon protesta u centru Pri\u0161tine, uhapsila 95 lica, me\u0111u kojima i lidera samoopredeljenja Aljbina Kurtija, izjavio je portparol kosovske policije Baki Keljani. On je na konferenciji [&hellip;]\" \/>\n<meta property=\"og:url\" content=\"https:\/\/serbia.com\/srpski\/u-pristini-uhapseno-95-lica-sest-povredeno\/\" \/>\n<meta property=\"og:site_name\" content=\"Serbia.com\" \/>\n<meta property=\"article:published_time\" content=\"2015-11-28T21:30:39+00:00\" \/>\n<meta property=\"og:image\" content=\"https:\/\/serbia.com\/wp-content\/uploads\/2015\/11\/suzavac-sk-epa.jpg\" \/>\n\t<meta property=\"og:image:width\" content=\"800\" \/>\n\t<meta property=\"og:image:height\" content=\"449\" \/>\n\t<meta property=\"og:image:type\" content=\"image\/jpeg\" \/>\n<meta name=\"author\" content=\"Serbia.com\" \/>\n<meta name=\"twitter:label1\" content=\"Written by\" \/>\n\t<meta name=\"twitter:data1\" content=\"Serbia.com\" \/>\n\t<meta name=\"twitter:label2\" content=\"Est. reading time\" \/>\n\t<meta name=\"twitter:data2\" content=\"1 minute\" \/>\n<script type=\"application\/ld+json\" class=\"yoast-schema-graph\">{\"@context\":\"https:\\\/\\\/schema.org\",\"@graph\":[{\"@type\":\"Article\",\"@id\":\"https:\\\/\\\/serbia.com\\\/srpski\\\/u-pristini-uhapseno-95-lica-sest-povredeno\\\/#article\",\"isPartOf\":{\"@id\":\"https:\\\/\\\/serbia.com\\\/srpski\\\/u-pristini-uhapseno-95-lica-sest-povredeno\\\/\"},\"author\":{\"name\":\"Serbia.com\",\"@id\":\"https:\\\/\\\/serbia.com\\\/#\\\/schema\\\/person\\\/6fe28d3055f5f291d832531e555da490\"},\"headline\":\"U Pri\u0161tini uhap\u0161eno 95 lica, \u0161est povre\u0111eno\",\"datePublished\":\"2015-11-28T21:30:39+00:00\",\"mainEntityOfPage\":{\"@id\":\"https:\\\/\\\/serbia.com\\\/srpski\\\/u-pristini-uhapseno-95-lica-sest-povredeno\\\/\"},\"wordCount\":238,\"image\":{\"@id\":\"https:\\\/\\\/serbia.com\\\/srpski\\\/u-pristini-uhapseno-95-lica-sest-povredeno\\\/#primaryimage\"},\"thumbnailUrl\":\"https:\\\/\\\/serbia.com\\\/wp-content\\\/uploads\\\/2015\\\/11\\\/suzavac-sk-epa.jpg\",\"keywords\":[\"Aljbin Kurti\",\"Kosovo\",\"Pristina\",\"Samoopredeljenje\"],\"articleSection\":[\"Vesti\"],\"inLanguage\":\"srpski\"},{\"@type\":\"WebPage\",\"@id\":\"https:\\\/\\\/serbia.com\\\/srpski\\\/u-pristini-uhapseno-95-lica-sest-povredeno\\\/\",\"url\":\"https:\\\/\\\/serbia.com\\\/srpski\\\/u-pristini-uhapseno-95-lica-sest-povredeno\\\/\",\"name\":\"U Pri\u0161tini uhap\u0161eno 95 lica, \u0161est povre\u0111eno - Serbia.com\",\"isPartOf\":{\"@id\":\"https:\\\/\\\/serbia.com\\\/#website\"},\"primaryImageOfPage\":{\"@id\":\"https:\\\/\\\/serbia.com\\\/srpski\\\/u-pristini-uhapseno-95-lica-sest-povredeno\\\/#primaryimage\"},\"image\":{\"@id\":\"https:\\\/\\\/serbia.com\\\/srpski\\\/u-pristini-uhapseno-95-lica-sest-povredeno\\\/#primaryimage\"},\"thumbnailUrl\":\"https:\\\/\\\/serbia.com\\\/wp-content\\\/uploads\\\/2015\\\/11\\\/suzavac-sk-epa.jpg\",\"datePublished\":\"2015-11-28T21:30:39+00:00\",\"author\":{\"@id\":\"https:\\\/\\\/serbia.com\\\/#\\\/schema\\\/person\\\/6fe28d3055f5f291d832531e555da490\"},\"breadcrumb\":{\"@id\":\"https:\\\/\\\/serbia.com\\\/srpski\\\/u-pristini-uhapseno-95-lica-sest-povredeno\\\/#breadcrumb\"},\"inLanguage\":\"srpski\",\"potentialAction\":[{\"@type\":\"ReadAction\",\"target\":[\"https:\\\/\\\/serbia.com\\\/srpski\\\/u-pristini-uhapseno-95-lica-sest-povredeno\\\/\"]}]},{\"@type\":\"ImageObject\",\"inLanguage\":\"srpski\",\"@id\":\"https:\\\/\\\/serbia.com\\\/srpski\\\/u-pristini-uhapseno-95-lica-sest-povredeno\\\/#primaryimage\",\"url\":\"https:\\\/\\\/serbia.com\\\/wp-content\\\/uploads\\\/2015\\\/11\\\/suzavac-sk-epa.jpg\",\"contentUrl\":\"https:\\\/\\\/serbia.com\\\/wp-content\\\/uploads\\\/2015\\\/11\\\/suzavac-sk-epa.jpg\",\"width\":800,\"height\":449},{\"@type\":\"BreadcrumbList\",\"@id\":\"https:\\\/\\\/serbia.com\\\/srpski\\\/u-pristini-uhapseno-95-lica-sest-povredeno\\\/#breadcrumb\",\"itemListElement\":[{\"@type\":\"ListItem\",\"position\":1,\"name\":\"Home\",\"item\":\"https:\\\/\\\/serbia.com\\\/srpski\\\/srbija\\\/\"},{\"@type\":\"ListItem\",\"position\":2,\"name\":\"U Pri\u0161tini uhap\u0161eno 95 lica, \u0161est povre\u0111eno\"}]},{\"@type\":\"WebSite\",\"@id\":\"https:\\\/\\\/serbia.com\\\/#website\",\"url\":\"https:\\\/\\\/serbia.com\\\/\",\"name\":\"Serbia.com\",\"description\":\"Your Gateway to Serbia\",\"potentialAction\":[{\"@type\":\"SearchAction\",\"target\":{\"@type\":\"EntryPoint\",\"urlTemplate\":\"https:\\\/\\\/serbia.com\\\/?s={search_term_string}\"},\"query-input\":{\"@type\":\"PropertyValueSpecification\",\"valueRequired\":true,\"valueName\":\"search_term_string\"}}],\"inLanguage\":\"srpski\"},{\"@type\":\"Person\",\"@id\":\"https:\\\/\\\/serbia.com\\\/#\\\/schema\\\/person\\\/6fe28d3055f5f291d832531e555da490\",\"name\":\"Serbia.com\",\"image\":{\"@type\":\"ImageObject\",\"inLanguage\":\"srpski\",\"@id\":\"https:\\\/\\\/secure.gravatar.com\\\/avatar\\\/8381eb54f5b393857857cb5fd6c42264c9e14b10435326bc567fcc3511bd8df4?s=96&d=mm&r=g\",\"url\":\"https:\\\/\\\/secure.gravatar.com\\\/avatar\\\/8381eb54f5b393857857cb5fd6c42264c9e14b10435326bc567fcc3511bd8df4?s=96&d=mm&r=g\",\"contentUrl\":\"https:\\\/\\\/secure.gravatar.com\\\/avatar\\\/8381eb54f5b393857857cb5fd6c42264c9e14b10435326bc567fcc3511bd8df4?s=96&d=mm&r=g\",\"caption\":\"Serbia.com\"},\"url\":\"https:\\\/\\\/serbia.com\\\/srpski\\\/author\\\/serbia-com\\\/\"}]}<\/script>\n<!-- \/ Yoast SEO plugin. -->","yoast_head_json":{"title":"U Pri\u0161tini uhap\u0161eno 95 lica, \u0161est povre\u0111eno - Serbia.com","robots":{"index":"index","follow":"follow","max-snippet":"max-snippet:-1","max-image-preview":"max-image-preview:large","max-video-preview":"max-video-preview:-1"},"canonical":"https:\/\/serbia.com\/srpski\/u-pristini-uhapseno-95-lica-sest-povredeno\/","og_locale":"en_US","og_type":"article","og_title":"U Pri\u0161tini uhap\u0161eno 95 lica, \u0161est povre\u0111eno - Serbia.com","og_description":"Kosovska policija je danas, nakon protesta u centru Pri\u0161tine, uhapsila 95 lica, me\u0111u kojima i lidera samoopredeljenja Aljbina Kurtija, izjavio je portparol kosovske policije Baki Keljani. On je na konferenciji [&hellip;]","og_url":"https:\/\/serbia.com\/srpski\/u-pristini-uhapseno-95-lica-sest-povredeno\/","og_site_name":"Serbia.com","article_published_time":"2015-11-28T21:30:39+00:00","og_image":[{"width":800,"height":449,"url":"https:\/\/serbia.com\/wp-content\/uploads\/2015\/11\/suzavac-sk-epa.jpg","type":"image\/jpeg"}],"author":"Serbia.com","twitter_misc":{"Written by":"Serbia.com","Est. reading time":"1 minute"},"schema":{"@context":"https:\/\/schema.org","@graph":[{"@type":"Article","@id":"https:\/\/serbia.com\/srpski\/u-pristini-uhapseno-95-lica-sest-povredeno\/#article","isPartOf":{"@id":"https:\/\/serbia.com\/srpski\/u-pristini-uhapseno-95-lica-sest-povredeno\/"},"author":{"name":"Serbia.com","@id":"https:\/\/serbia.com\/#\/schema\/person\/6fe28d3055f5f291d832531e555da490"},"headline":"U Pri\u0161tini uhap\u0161eno 95 lica, \u0161est povre\u0111eno","datePublished":"2015-11-28T21:30:39+00:00","mainEntityOfPage":{"@id":"https:\/\/serbia.com\/srpski\/u-pristini-uhapseno-95-lica-sest-povredeno\/"},"wordCount":238,"image":{"@id":"https:\/\/serbia.com\/srpski\/u-pristini-uhapseno-95-lica-sest-povredeno\/#primaryimage"},"thumbnailUrl":"https:\/\/serbia.com\/wp-content\/uploads\/2015\/11\/suzavac-sk-epa.jpg","keywords":["Aljbin Kurti","Kosovo","Pristina","Samoopredeljenje"],"articleSection":["Vesti"],"inLanguage":"srpski"},{"@type":"WebPage","@id":"https:\/\/serbia.com\/srpski\/u-pristini-uhapseno-95-lica-sest-povredeno\/","url":"https:\/\/serbia.com\/srpski\/u-pristini-uhapseno-95-lica-sest-povredeno\/","name":"U Pri\u0161tini uhap\u0161eno 95 lica, \u0161est povre\u0111eno - Serbia.com","isPartOf":{"@id":"https:\/\/serbia.com\/#website"},"primaryImageOfPage":{"@id":"https:\/\/serbia.com\/srpski\/u-pristini-uhapseno-95-lica-sest-povredeno\/#primaryimage"},"image":{"@id":"https:\/\/serbia.com\/srpski\/u-pristini-uhapseno-95-lica-sest-povredeno\/#primaryimage"},"thumbnailUrl":"https:\/\/serbia.com\/wp-content\/uploads\/2015\/11\/suzavac-sk-epa.jpg","datePublished":"2015-11-28T21:30:39+00:00","author":{"@id":"https:\/\/serbia.com\/#\/schema\/person\/6fe28d3055f5f291d832531e555da490"},"breadcrumb":{"@id":"https:\/\/serbia.com\/srpski\/u-pristini-uhapseno-95-lica-sest-povredeno\/#breadcrumb"},"inLanguage":"srpski","potentialAction":[{"@type":"ReadAction","target":["https:\/\/serbia.com\/srpski\/u-pristini-uhapseno-95-lica-sest-povredeno\/"]}]},{"@type":"ImageObject","inLanguage":"srpski","@id":"https:\/\/serbia.com\/srpski\/u-pristini-uhapseno-95-lica-sest-povredeno\/#primaryimage","url":"https:\/\/serbia.com\/wp-content\/uploads\/2015\/11\/suzavac-sk-epa.jpg","contentUrl":"https:\/\/serbia.com\/wp-content\/uploads\/2015\/11\/suzavac-sk-epa.jpg","width":800,"height":449},{"@type":"BreadcrumbList","@id":"https:\/\/serbia.com\/srpski\/u-pristini-uhapseno-95-lica-sest-povredeno\/#breadcrumb","itemListElement":[{"@type":"ListItem","position":1,"name":"Home","item":"https:\/\/serbia.com\/srpski\/srbija\/"},{"@type":"ListItem","position":2,"name":"U Pri\u0161tini uhap\u0161eno 95 lica, \u0161est povre\u0111eno"}]},{"@type":"WebSite","@id":"https:\/\/serbia.com\/#website","url":"https:\/\/serbia.com\/","name":"Serbia.com","description":"Your Gateway to Serbia","potentialAction":[{"@type":"SearchAction","target":{"@type":"EntryPoint","urlTemplate":"https:\/\/serbia.com\/?s={search_term_string}"},"query-input":{"@type":"PropertyValueSpecification","valueRequired":true,"valueName":"search_term_string"}}],"inLanguage":"srpski"},{"@type":"Person","@id":"https:\/\/serbia.com\/#\/schema\/person\/6fe28d3055f5f291d832531e555da490","name":"Serbia.com","image":{"@type":"ImageObject","inLanguage":"srpski","@id":"https:\/\/secure.gravatar.com\/avatar\/8381eb54f5b393857857cb5fd6c42264c9e14b10435326bc567fcc3511bd8df4?s=96&d=mm&r=g","url":"https:\/\/secure.gravatar.com\/avatar\/8381eb54f5b393857857cb5fd6c42264c9e14b10435326bc567fcc3511bd8df4?s=96&d=mm&r=g","contentUrl":"https:\/\/secure.gravatar.com\/avatar\/8381eb54f5b393857857cb5fd6c42264c9e14b10435326bc567fcc3511bd8df4?s=96&d=mm&r=g","caption":"Serbia.com"},"url":"https:\/\/serbia.com\/srpski\/author\/serbia-com\/"}]}},"brizy_media":[],"_links":{"self":[{"href":"https:\/\/serbia.com\/srpski\/wp-json\/wp\/v2\/posts\/38132","targetHints":{"allow":["GET"]}}],"collection":[{"href":"https:\/\/serbia.com\/srpski\/wp-json\/wp\/v2\/posts"}],"about":[{"href":"https:\/\/serbia.com\/srpski\/wp-json\/wp\/v2\/types\/post"}],"author":[{"embeddable":true,"href":"https:\/\/serbia.com\/srpski\/wp-json\/wp\/v2\/users\/9"}],"replies":[{"embeddable":true,"href":"https:\/\/serbia.com\/srpski\/wp-json\/wp\/v2\/comments?post=38132"}],"version-history":[{"count":0,"href":"https:\/\/serbia.com\/srpski\/wp-json\/wp\/v2\/posts\/38132\/revisions"}],"wp:featuredmedia":[{"embeddable":true,"href":"https:\/\/serbia.com\/srpski\/wp-json\/wp\/v2\/media\/38129"}],"wp:attachment":[{"href":"https:\/\/serbia.com\/srpski\/wp-json\/wp\/v2\/media?parent=38132"}],"wp:term":[{"taxonomy":"category","embeddable":true,"href":"https:\/\/serbia.com\/srpski\/wp-json\/wp\/v2\/categories?post=38132"},{"taxonomy":"post_tag","embeddable":true,"href":"https:\/\/serbia.com\/srpski\/wp-json\/wp\/v2\/tags?post=38132"}],"curies":[{"name":"wp","href":"https:\/\/api.w.org\/{rel}","templated":true}]}}