{"id":37978,"date":"2015-11-27T10:25:45","date_gmt":"2015-11-27T09:25:45","guid":{"rendered":"http:\/\/www.serbia.com\/srpski\/?p=37978"},"modified":"2015-11-27T10:25:45","modified_gmt":"2015-11-27T09:25:45","slug":"vulin-broj-migranata-smanjen-srbija-i-dalje-humana","status":"publish","type":"post","link":"https:\/\/serbia.com\/srpski\/vulin-broj-migranata-smanjen-srbija-i-dalje-humana\/","title":{"rendered":"Vulin: Broj migranata smanjen, Srbija i dalje humana"},"content":{"rendered":"<h4 style=\"text-align: justify;\">Ministar za rad, zapo\u0161ljavanje, bora\u010dka i socijalna pitanja Aleksandar Vulin rekao je danas da je broj migranata koji iz Makedonije dolazi u Srbiju zna\u010dajno smanjen, ali da se na\u0161a zemlja i dalje pona\u0161a organizovano i humano.<\/h4>\n<p style=\"text-align: justify;\">&#8220;Broj migranata je veoma opao. Ju\u010de ih je bilo nekoliko stotina, danas ih o\u010dekujemo maksimalno do 3.000. To zna\u010di da \u0107e iz Pre\u0161eva do stanice u \u0160idu u toku no\u0107i sti\u0107i tri voza&#8221;, rekao je Vulin novinarima u Kraljevu.<\/p>\n<p style=\"text-align: justify;\">Prema njegovim re\u010dima, bezbednosna situacija je pod kontrolom, na\u0161e mere su na veoma visokom nivou, odr\u017eavamo ih takvim i vodimo ra\u010duna o preventivi, o njihovom zdravlju, \u0161ta imaju da pojedu, \u0161ta da obuku&#8230;<\/p>\n<p style=\"text-align: justify;\">&#8220;Srbija se pona\u0161a kao \u0161to se i do sada pona\u0161ala &#8211; organizovano i humano&#8221;, rekao je Vulin.<\/p>\n<p style=\"text-align: justify;\">On je istakao da ve\u0107ina migranata koja zatra\u017ei azil ne sa\u010deka kraj procedure, ve\u0107 produ\u017ei put ka zapadnoj Evropi.<\/p>\n<p style=\"text-align: justify;\">&#8220;Njihovo zadr\u017eavanje je veoma kratko. Srbija ima kapacitete da se ti ljudi smeste tokom zime&#8221;, naglasio je Vulin.<\/p>\n<p style=\"text-align: justify;\">On je istakao da je granica Srbije otvorena, svi migranti iz ratnih podru\u010dja potpuno se slobodno kre\u0107u, dok ekonomski migranti na osnovu odluke vlada Slovenije, Hrvatske i Makedonije vi\u0161e to ne mogu da \u010dine na teritoriji na\u0161e zemlje.<\/p>\n<p style=\"text-align: justify;\">&#8220;Mi smo izneli jasan stav i za ove ljude \u0107emo sve obezbediti, ali ne mo\u017eemo da prihvatimo one koji nisu prihva\u0107eni od strane drugih zemalja. Kako se budu pona\u0161ale dr\u017eave na izbegli\u010dkoj ruti i EU, tako \u0107emo i mi&#8221;, naglasio je ministar Vulin.<\/p>\n<p style=\"text-align: justify;\">Izvor: Tanjug<\/p>\n","protected":false},"excerpt":{"rendered":"<p>Ministar za rad, zapo\u0161ljavanje, bora\u010dka i socijalna pitanja Aleksandar Vulin rekao je danas da je broj migranata koji iz Makedonije dolazi u Srbiju zna\u010dajno smanjen, ali da se na\u0161a zemlja [&hellip;]<\/p>\n","protected":false},"author":9,"featured_media":37976,"comment_status":"closed","ping_status":"closed","sticky":false,"template":"","format":"standard","meta":{"_acf_changed":false,"inline_featured_image":false,"_monsterinsights_skip_tracking":false,"_monsterinsights_sitenote_active":false,"_monsterinsights_sitenote_note":"","_monsterinsights_sitenote_category":0,"footnotes":""},"categories":[2700],"tags":[3984,3904,3878],"class_list":["post-37978","post","type-post","status-publish","format-standard","has-post-thumbnail","hentry","category-vesti","tag-aleksandar-vulin","tag-migranti","tag-migrantska-kriza"],"acf":[],"yoast_head":"<!-- This site is optimized with the Yoast SEO plugin v27.4 - https:\/\/yoast.com\/product\/yoast-seo-wordpress\/ -->\n<title>Vulin: Broj migranata smanjen, Srbija i dalje humana - Serbia.com<\/title>\n<meta name=\"robots\" content=\"index, follow, max-snippet:-1, max-image-preview:large, max-video-preview:-1\" \/>\n<link rel=\"canonical\" href=\"https:\/\/serbia.com\/srpski\/vulin-broj-migranata-smanjen-srbija-i-dalje-humana\/\" \/>\n<meta property=\"og:locale\" content=\"en_US\" \/>\n<meta property=\"og:type\" content=\"article\" \/>\n<meta property=\"og:title\" content=\"Vulin: Broj migranata smanjen, Srbija i dalje humana - Serbia.com\" \/>\n<meta property=\"og:description\" content=\"Ministar za rad, zapo\u0161ljavanje, bora\u010dka i socijalna pitanja Aleksandar Vulin rekao je danas da je broj migranata koji iz Makedonije dolazi u Srbiju zna\u010dajno smanjen, ali da se na\u0161a zemlja [&hellip;]\" \/>\n<meta property=\"og:url\" content=\"https:\/\/serbia.com\/srpski\/vulin-broj-migranata-smanjen-srbija-i-dalje-humana\/\" \/>\n<meta property=\"og:site_name\" content=\"Serbia.com\" \/>\n<meta property=\"article:published_time\" content=\"2015-11-27T09:25:45+00:00\" \/>\n<meta property=\"og:image\" content=\"https:\/\/serbia.com\/wp-content\/uploads\/2015\/11\/migranti-soccorsi-augusta-reuters1111.jpg\" \/>\n\t<meta property=\"og:image:width\" content=\"800\" \/>\n\t<meta property=\"og:image:height\" content=\"542\" \/>\n\t<meta property=\"og:image:type\" content=\"image\/jpeg\" \/>\n<meta name=\"author\" content=\"Serbia.com\" \/>\n<meta name=\"twitter:label1\" content=\"Written by\" \/>\n\t<meta name=\"twitter:data1\" content=\"Serbia.com\" \/>\n\t<meta name=\"twitter:label2\" content=\"Est. reading time\" \/>\n\t<meta name=\"twitter:data2\" content=\"1 minute\" \/>\n<script type=\"application\/ld+json\" class=\"yoast-schema-graph\">{\"@context\":\"https:\\\/\\\/schema.org\",\"@graph\":[{\"@type\":\"Article\",\"@id\":\"https:\\\/\\\/serbia.com\\\/srpski\\\/vulin-broj-migranata-smanjen-srbija-i-dalje-humana\\\/#article\",\"isPartOf\":{\"@id\":\"https:\\\/\\\/serbia.com\\\/srpski\\\/vulin-broj-migranata-smanjen-srbija-i-dalje-humana\\\/\"},\"author\":{\"name\":\"Serbia.com\",\"@id\":\"https:\\\/\\\/serbia.com\\\/#\\\/schema\\\/person\\\/6fe28d3055f5f291d832531e555da490\"},\"headline\":\"Vulin: Broj migranata smanjen, Srbija i dalje humana\",\"datePublished\":\"2015-11-27T09:25:45+00:00\",\"mainEntityOfPage\":{\"@id\":\"https:\\\/\\\/serbia.com\\\/srpski\\\/vulin-broj-migranata-smanjen-srbija-i-dalje-humana\\\/\"},\"wordCount\":283,\"image\":{\"@id\":\"https:\\\/\\\/serbia.com\\\/srpski\\\/vulin-broj-migranata-smanjen-srbija-i-dalje-humana\\\/#primaryimage\"},\"thumbnailUrl\":\"https:\\\/\\\/serbia.com\\\/wp-content\\\/uploads\\\/2015\\\/11\\\/migranti-soccorsi-augusta-reuters1111.jpg\",\"keywords\":[\"Aleksandar Vulin\",\"Migranti\",\"Migrantska kriza\"],\"articleSection\":[\"Vesti\"],\"inLanguage\":\"srpski\"},{\"@type\":\"WebPage\",\"@id\":\"https:\\\/\\\/serbia.com\\\/srpski\\\/vulin-broj-migranata-smanjen-srbija-i-dalje-humana\\\/\",\"url\":\"https:\\\/\\\/serbia.com\\\/srpski\\\/vulin-broj-migranata-smanjen-srbija-i-dalje-humana\\\/\",\"name\":\"Vulin: Broj migranata smanjen, Srbija i dalje humana - Serbia.com\",\"isPartOf\":{\"@id\":\"https:\\\/\\\/serbia.com\\\/#website\"},\"primaryImageOfPage\":{\"@id\":\"https:\\\/\\\/serbia.com\\\/srpski\\\/vulin-broj-migranata-smanjen-srbija-i-dalje-humana\\\/#primaryimage\"},\"image\":{\"@id\":\"https:\\\/\\\/serbia.com\\\/srpski\\\/vulin-broj-migranata-smanjen-srbija-i-dalje-humana\\\/#primaryimage\"},\"thumbnailUrl\":\"https:\\\/\\\/serbia.com\\\/wp-content\\\/uploads\\\/2015\\\/11\\\/migranti-soccorsi-augusta-reuters1111.jpg\",\"datePublished\":\"2015-11-27T09:25:45+00:00\",\"author\":{\"@id\":\"https:\\\/\\\/serbia.com\\\/#\\\/schema\\\/person\\\/6fe28d3055f5f291d832531e555da490\"},\"breadcrumb\":{\"@id\":\"https:\\\/\\\/serbia.com\\\/srpski\\\/vulin-broj-migranata-smanjen-srbija-i-dalje-humana\\\/#breadcrumb\"},\"inLanguage\":\"srpski\",\"potentialAction\":[{\"@type\":\"ReadAction\",\"target\":[\"https:\\\/\\\/serbia.com\\\/srpski\\\/vulin-broj-migranata-smanjen-srbija-i-dalje-humana\\\/\"]}]},{\"@type\":\"ImageObject\",\"inLanguage\":\"srpski\",\"@id\":\"https:\\\/\\\/serbia.com\\\/srpski\\\/vulin-broj-migranata-smanjen-srbija-i-dalje-humana\\\/#primaryimage\",\"url\":\"https:\\\/\\\/serbia.com\\\/wp-content\\\/uploads\\\/2015\\\/11\\\/migranti-soccorsi-augusta-reuters1111.jpg\",\"contentUrl\":\"https:\\\/\\\/serbia.com\\\/wp-content\\\/uploads\\\/2015\\\/11\\\/migranti-soccorsi-augusta-reuters1111.jpg\",\"width\":800,\"height\":542},{\"@type\":\"BreadcrumbList\",\"@id\":\"https:\\\/\\\/serbia.com\\\/srpski\\\/vulin-broj-migranata-smanjen-srbija-i-dalje-humana\\\/#breadcrumb\",\"itemListElement\":[{\"@type\":\"ListItem\",\"position\":1,\"name\":\"Home\",\"item\":\"https:\\\/\\\/serbia.com\\\/srpski\\\/srbija\\\/\"},{\"@type\":\"ListItem\",\"position\":2,\"name\":\"Vulin: Broj migranata smanjen, Srbija i dalje humana\"}]},{\"@type\":\"WebSite\",\"@id\":\"https:\\\/\\\/serbia.com\\\/#website\",\"url\":\"https:\\\/\\\/serbia.com\\\/\",\"name\":\"Serbia.com\",\"description\":\"Your Gateway to Serbia\",\"potentialAction\":[{\"@type\":\"SearchAction\",\"target\":{\"@type\":\"EntryPoint\",\"urlTemplate\":\"https:\\\/\\\/serbia.com\\\/?s={search_term_string}\"},\"query-input\":{\"@type\":\"PropertyValueSpecification\",\"valueRequired\":true,\"valueName\":\"search_term_string\"}}],\"inLanguage\":\"srpski\"},{\"@type\":\"Person\",\"@id\":\"https:\\\/\\\/serbia.com\\\/#\\\/schema\\\/person\\\/6fe28d3055f5f291d832531e555da490\",\"name\":\"Serbia.com\",\"image\":{\"@type\":\"ImageObject\",\"inLanguage\":\"srpski\",\"@id\":\"https:\\\/\\\/secure.gravatar.com\\\/avatar\\\/8381eb54f5b393857857cb5fd6c42264c9e14b10435326bc567fcc3511bd8df4?s=96&d=mm&r=g\",\"url\":\"https:\\\/\\\/secure.gravatar.com\\\/avatar\\\/8381eb54f5b393857857cb5fd6c42264c9e14b10435326bc567fcc3511bd8df4?s=96&d=mm&r=g\",\"contentUrl\":\"https:\\\/\\\/secure.gravatar.com\\\/avatar\\\/8381eb54f5b393857857cb5fd6c42264c9e14b10435326bc567fcc3511bd8df4?s=96&d=mm&r=g\",\"caption\":\"Serbia.com\"},\"url\":\"https:\\\/\\\/serbia.com\\\/srpski\\\/author\\\/serbia-com\\\/\"}]}<\/script>\n<!-- \/ Yoast SEO plugin. -->","yoast_head_json":{"title":"Vulin: Broj migranata smanjen, Srbija i dalje humana - Serbia.com","robots":{"index":"index","follow":"follow","max-snippet":"max-snippet:-1","max-image-preview":"max-image-preview:large","max-video-preview":"max-video-preview:-1"},"canonical":"https:\/\/serbia.com\/srpski\/vulin-broj-migranata-smanjen-srbija-i-dalje-humana\/","og_locale":"en_US","og_type":"article","og_title":"Vulin: Broj migranata smanjen, Srbija i dalje humana - Serbia.com","og_description":"Ministar za rad, zapo\u0161ljavanje, bora\u010dka i socijalna pitanja Aleksandar Vulin rekao je danas da je broj migranata koji iz Makedonije dolazi u Srbiju zna\u010dajno smanjen, ali da se na\u0161a zemlja [&hellip;]","og_url":"https:\/\/serbia.com\/srpski\/vulin-broj-migranata-smanjen-srbija-i-dalje-humana\/","og_site_name":"Serbia.com","article_published_time":"2015-11-27T09:25:45+00:00","og_image":[{"width":800,"height":542,"url":"https:\/\/serbia.com\/wp-content\/uploads\/2015\/11\/migranti-soccorsi-augusta-reuters1111.jpg","type":"image\/jpeg"}],"author":"Serbia.com","twitter_misc":{"Written by":"Serbia.com","Est. reading time":"1 minute"},"schema":{"@context":"https:\/\/schema.org","@graph":[{"@type":"Article","@id":"https:\/\/serbia.com\/srpski\/vulin-broj-migranata-smanjen-srbija-i-dalje-humana\/#article","isPartOf":{"@id":"https:\/\/serbia.com\/srpski\/vulin-broj-migranata-smanjen-srbija-i-dalje-humana\/"},"author":{"name":"Serbia.com","@id":"https:\/\/serbia.com\/#\/schema\/person\/6fe28d3055f5f291d832531e555da490"},"headline":"Vulin: Broj migranata smanjen, Srbija i dalje humana","datePublished":"2015-11-27T09:25:45+00:00","mainEntityOfPage":{"@id":"https:\/\/serbia.com\/srpski\/vulin-broj-migranata-smanjen-srbija-i-dalje-humana\/"},"wordCount":283,"image":{"@id":"https:\/\/serbia.com\/srpski\/vulin-broj-migranata-smanjen-srbija-i-dalje-humana\/#primaryimage"},"thumbnailUrl":"https:\/\/serbia.com\/wp-content\/uploads\/2015\/11\/migranti-soccorsi-augusta-reuters1111.jpg","keywords":["Aleksandar Vulin","Migranti","Migrantska kriza"],"articleSection":["Vesti"],"inLanguage":"srpski"},{"@type":"WebPage","@id":"https:\/\/serbia.com\/srpski\/vulin-broj-migranata-smanjen-srbija-i-dalje-humana\/","url":"https:\/\/serbia.com\/srpski\/vulin-broj-migranata-smanjen-srbija-i-dalje-humana\/","name":"Vulin: Broj migranata smanjen, Srbija i dalje humana - Serbia.com","isPartOf":{"@id":"https:\/\/serbia.com\/#website"},"primaryImageOfPage":{"@id":"https:\/\/serbia.com\/srpski\/vulin-broj-migranata-smanjen-srbija-i-dalje-humana\/#primaryimage"},"image":{"@id":"https:\/\/serbia.com\/srpski\/vulin-broj-migranata-smanjen-srbija-i-dalje-humana\/#primaryimage"},"thumbnailUrl":"https:\/\/serbia.com\/wp-content\/uploads\/2015\/11\/migranti-soccorsi-augusta-reuters1111.jpg","datePublished":"2015-11-27T09:25:45+00:00","author":{"@id":"https:\/\/serbia.com\/#\/schema\/person\/6fe28d3055f5f291d832531e555da490"},"breadcrumb":{"@id":"https:\/\/serbia.com\/srpski\/vulin-broj-migranata-smanjen-srbija-i-dalje-humana\/#breadcrumb"},"inLanguage":"srpski","potentialAction":[{"@type":"ReadAction","target":["https:\/\/serbia.com\/srpski\/vulin-broj-migranata-smanjen-srbija-i-dalje-humana\/"]}]},{"@type":"ImageObject","inLanguage":"srpski","@id":"https:\/\/serbia.com\/srpski\/vulin-broj-migranata-smanjen-srbija-i-dalje-humana\/#primaryimage","url":"https:\/\/serbia.com\/wp-content\/uploads\/2015\/11\/migranti-soccorsi-augusta-reuters1111.jpg","contentUrl":"https:\/\/serbia.com\/wp-content\/uploads\/2015\/11\/migranti-soccorsi-augusta-reuters1111.jpg","width":800,"height":542},{"@type":"BreadcrumbList","@id":"https:\/\/serbia.com\/srpski\/vulin-broj-migranata-smanjen-srbija-i-dalje-humana\/#breadcrumb","itemListElement":[{"@type":"ListItem","position":1,"name":"Home","item":"https:\/\/serbia.com\/srpski\/srbija\/"},{"@type":"ListItem","position":2,"name":"Vulin: Broj migranata smanjen, Srbija i dalje humana"}]},{"@type":"WebSite","@id":"https:\/\/serbia.com\/#website","url":"https:\/\/serbia.com\/","name":"Serbia.com","description":"Your Gateway to Serbia","potentialAction":[{"@type":"SearchAction","target":{"@type":"EntryPoint","urlTemplate":"https:\/\/serbia.com\/?s={search_term_string}"},"query-input":{"@type":"PropertyValueSpecification","valueRequired":true,"valueName":"search_term_string"}}],"inLanguage":"srpski"},{"@type":"Person","@id":"https:\/\/serbia.com\/#\/schema\/person\/6fe28d3055f5f291d832531e555da490","name":"Serbia.com","image":{"@type":"ImageObject","inLanguage":"srpski","@id":"https:\/\/secure.gravatar.com\/avatar\/8381eb54f5b393857857cb5fd6c42264c9e14b10435326bc567fcc3511bd8df4?s=96&d=mm&r=g","url":"https:\/\/secure.gravatar.com\/avatar\/8381eb54f5b393857857cb5fd6c42264c9e14b10435326bc567fcc3511bd8df4?s=96&d=mm&r=g","contentUrl":"https:\/\/secure.gravatar.com\/avatar\/8381eb54f5b393857857cb5fd6c42264c9e14b10435326bc567fcc3511bd8df4?s=96&d=mm&r=g","caption":"Serbia.com"},"url":"https:\/\/serbia.com\/srpski\/author\/serbia-com\/"}]}},"brizy_media":[],"_links":{"self":[{"href":"https:\/\/serbia.com\/srpski\/wp-json\/wp\/v2\/posts\/37978","targetHints":{"allow":["GET"]}}],"collection":[{"href":"https:\/\/serbia.com\/srpski\/wp-json\/wp\/v2\/posts"}],"about":[{"href":"https:\/\/serbia.com\/srpski\/wp-json\/wp\/v2\/types\/post"}],"author":[{"embeddable":true,"href":"https:\/\/serbia.com\/srpski\/wp-json\/wp\/v2\/users\/9"}],"replies":[{"embeddable":true,"href":"https:\/\/serbia.com\/srpski\/wp-json\/wp\/v2\/comments?post=37978"}],"version-history":[{"count":0,"href":"https:\/\/serbia.com\/srpski\/wp-json\/wp\/v2\/posts\/37978\/revisions"}],"wp:featuredmedia":[{"embeddable":true,"href":"https:\/\/serbia.com\/srpski\/wp-json\/wp\/v2\/media\/37976"}],"wp:attachment":[{"href":"https:\/\/serbia.com\/srpski\/wp-json\/wp\/v2\/media?parent=37978"}],"wp:term":[{"taxonomy":"category","embeddable":true,"href":"https:\/\/serbia.com\/srpski\/wp-json\/wp\/v2\/categories?post=37978"},{"taxonomy":"post_tag","embeddable":true,"href":"https:\/\/serbia.com\/srpski\/wp-json\/wp\/v2\/tags?post=37978"}],"curies":[{"name":"wp","href":"https:\/\/api.w.org\/{rel}","templated":true}]}}