{"id":37920,"date":"2015-11-26T12:40:26","date_gmt":"2015-11-26T11:40:26","guid":{"rendered":"http:\/\/www.serbia.com\/srpski\/?p=37920"},"modified":"2015-11-26T13:07:00","modified_gmt":"2015-11-26T12:07:00","slug":"37920","status":"publish","type":"post","link":"https:\/\/serbia.com\/srpski\/37920\/","title":{"rendered":"Najbolji harfista dana\u0161njice nastupi\u0107e sa Beogradskom filharmonijom"},"content":{"rendered":"<h4 style=\"text-align: justify;\">Najbolji harfista dana\u0161njice, Gzavije De Mestr, nastupi\u0107e ve\u010deras sa Beogradskom filharmonijom u Kolar\u010devoj zadu\u017ebini, na prvom od dva uzastopna koncerta u okviru ciklusa &#8220;Filharmanija&#8221; i &#8220;Za avanturiste&#8221;.<\/h4>\n<p style=\"text-align: justify;\">Virtuoz na harfi izve\u0161\u0107e Glijerov koncert, a filharmoni\u010dare \u0107e predvoditi Fabris Bolon koji se ovog puta predstavlja i kao kompozitor. Reperotar je posve\u0107en muzi\u010dkim avanturistima za koje je pripremljen neobi\u010dan izbor dela &#8211; od avantura starog kozaka Tarasa Buljbe do d\u017eezerske \u0161etnje ulicama Pariza. Na programu \u0107e biti orkestarska rapsodija &#8220;Taras Buljba&#8221; \u010de\u0161kog kompozitora Leo\u0161a Jana\u010deka, Bolonova kompozicija &#8220;\u010cekaju\u0107i avion&#8221; i &#8220;Amerikanac u Parizu&#8221; D\u017eord\u017ea Ger\u0161vina.<br \/>\nVe\u010dera\u0161nji koncert predstavlja drugi talas &#8220;Filharmanije&#8221; &#8211; ciklusa od pet dodatnih termina u koncertnoj sezoni Beogradske filharmonije.<\/p>\n","protected":false},"excerpt":{"rendered":"<p>Najbolji harfista dana\u0161njice, Gzavije De Mestr, nastupi\u0107e ve\u010deras sa Beogradskom filharmonijom u Kolar\u010devoj zadu\u017ebini, na prvom od dva uzastopna koncerta u okviru ciklusa &#8220;Filharmanija&#8221; i &#8220;Za avanturiste&#8221;. Virtuoz na harfi [&hellip;]<\/p>\n","protected":false},"author":9,"featured_media":37923,"comment_status":"closed","ping_status":"closed","sticky":false,"template":"","format":"standard","meta":{"_acf_changed":false,"inline_featured_image":false,"_monsterinsights_skip_tracking":false,"_monsterinsights_sitenote_active":false,"_monsterinsights_sitenote_note":"","_monsterinsights_sitenote_category":0,"footnotes":""},"categories":[977,2700],"tags":[],"class_list":["post-37920","post","type-post","status-publish","format-standard","has-post-thumbnail","hentry","category-muzika-kultura-otkrijte-srbiju","category-vesti"],"acf":[],"yoast_head":"<!-- This site is optimized with the Yoast SEO plugin v27.4 - https:\/\/yoast.com\/product\/yoast-seo-wordpress\/ -->\n<title>Najbolji harfista dana\u0161njice nastupi\u0107e sa Beogradskom filharmonijom - Serbia.com<\/title>\n<meta name=\"robots\" content=\"index, follow, max-snippet:-1, max-image-preview:large, max-video-preview:-1\" \/>\n<link rel=\"canonical\" href=\"https:\/\/serbia.com\/srpski\/37920\/\" \/>\n<meta property=\"og:locale\" content=\"en_US\" \/>\n<meta property=\"og:type\" content=\"article\" \/>\n<meta property=\"og:title\" content=\"Najbolji harfista dana\u0161njice nastupi\u0107e sa Beogradskom filharmonijom - Serbia.com\" \/>\n<meta property=\"og:description\" content=\"Najbolji harfista dana\u0161njice, Gzavije De Mestr, nastupi\u0107e ve\u010deras sa Beogradskom filharmonijom u Kolar\u010devoj zadu\u017ebini, na prvom od dva uzastopna koncerta u okviru ciklusa &#8220;Filharmanija&#8221; i &#8220;Za avanturiste&#8221;. Virtuoz na harfi [&hellip;]\" \/>\n<meta property=\"og:url\" content=\"https:\/\/serbia.com\/srpski\/37920\/\" \/>\n<meta property=\"og:site_name\" content=\"Serbia.com\" \/>\n<meta property=\"article:published_time\" content=\"2015-11-26T11:40:26+00:00\" \/>\n<meta property=\"article:modified_time\" content=\"2015-11-26T12:07:00+00:00\" \/>\n<meta property=\"og:image\" content=\"https:\/\/serbia.com\/wp-content\/uploads\/2015\/11\/Harf.jpg\" \/>\n\t<meta property=\"og:image:width\" content=\"800\" \/>\n\t<meta property=\"og:image:height\" content=\"535\" \/>\n\t<meta property=\"og:image:type\" content=\"image\/jpeg\" \/>\n<meta name=\"author\" content=\"Serbia.com\" \/>\n<meta name=\"twitter:label1\" content=\"Written by\" \/>\n\t<meta name=\"twitter:data1\" content=\"Serbia.com\" \/>\n\t<meta name=\"twitter:label2\" content=\"Est. reading time\" \/>\n\t<meta name=\"twitter:data2\" content=\"1 minute\" \/>\n<script type=\"application\/ld+json\" class=\"yoast-schema-graph\">{\"@context\":\"https:\\\/\\\/schema.org\",\"@graph\":[{\"@type\":\"Article\",\"@id\":\"https:\\\/\\\/serbia.com\\\/srpski\\\/37920\\\/#article\",\"isPartOf\":{\"@id\":\"https:\\\/\\\/serbia.com\\\/srpski\\\/37920\\\/\"},\"author\":{\"name\":\"Serbia.com\",\"@id\":\"https:\\\/\\\/serbia.com\\\/#\\\/schema\\\/person\\\/6fe28d3055f5f291d832531e555da490\"},\"headline\":\"Najbolji harfista dana\u0161njice nastupi\u0107e sa Beogradskom filharmonijom\",\"datePublished\":\"2015-11-26T11:40:26+00:00\",\"dateModified\":\"2015-11-26T12:07:00+00:00\",\"mainEntityOfPage\":{\"@id\":\"https:\\\/\\\/serbia.com\\\/srpski\\\/37920\\\/\"},\"wordCount\":139,\"image\":{\"@id\":\"https:\\\/\\\/serbia.com\\\/srpski\\\/37920\\\/#primaryimage\"},\"thumbnailUrl\":\"https:\\\/\\\/serbia.com\\\/wp-content\\\/uploads\\\/2015\\\/11\\\/Harf.jpg\",\"articleSection\":[\"Muzika\",\"Vesti\"],\"inLanguage\":\"srpski\"},{\"@type\":\"WebPage\",\"@id\":\"https:\\\/\\\/serbia.com\\\/srpski\\\/37920\\\/\",\"url\":\"https:\\\/\\\/serbia.com\\\/srpski\\\/37920\\\/\",\"name\":\"Najbolji harfista dana\u0161njice nastupi\u0107e sa Beogradskom filharmonijom - Serbia.com\",\"isPartOf\":{\"@id\":\"https:\\\/\\\/serbia.com\\\/#website\"},\"primaryImageOfPage\":{\"@id\":\"https:\\\/\\\/serbia.com\\\/srpski\\\/37920\\\/#primaryimage\"},\"image\":{\"@id\":\"https:\\\/\\\/serbia.com\\\/srpski\\\/37920\\\/#primaryimage\"},\"thumbnailUrl\":\"https:\\\/\\\/serbia.com\\\/wp-content\\\/uploads\\\/2015\\\/11\\\/Harf.jpg\",\"datePublished\":\"2015-11-26T11:40:26+00:00\",\"dateModified\":\"2015-11-26T12:07:00+00:00\",\"author\":{\"@id\":\"https:\\\/\\\/serbia.com\\\/#\\\/schema\\\/person\\\/6fe28d3055f5f291d832531e555da490\"},\"breadcrumb\":{\"@id\":\"https:\\\/\\\/serbia.com\\\/srpski\\\/37920\\\/#breadcrumb\"},\"inLanguage\":\"srpski\",\"potentialAction\":[{\"@type\":\"ReadAction\",\"target\":[\"https:\\\/\\\/serbia.com\\\/srpski\\\/37920\\\/\"]}]},{\"@type\":\"ImageObject\",\"inLanguage\":\"srpski\",\"@id\":\"https:\\\/\\\/serbia.com\\\/srpski\\\/37920\\\/#primaryimage\",\"url\":\"https:\\\/\\\/serbia.com\\\/wp-content\\\/uploads\\\/2015\\\/11\\\/Harf.jpg\",\"contentUrl\":\"https:\\\/\\\/serbia.com\\\/wp-content\\\/uploads\\\/2015\\\/11\\\/Harf.jpg\",\"width\":800,\"height\":535},{\"@type\":\"BreadcrumbList\",\"@id\":\"https:\\\/\\\/serbia.com\\\/srpski\\\/37920\\\/#breadcrumb\",\"itemListElement\":[{\"@type\":\"ListItem\",\"position\":1,\"name\":\"Home\",\"item\":\"https:\\\/\\\/serbia.com\\\/srpski\\\/srbija\\\/\"},{\"@type\":\"ListItem\",\"position\":2,\"name\":\"Najbolji harfista dana\u0161njice nastupi\u0107e sa Beogradskom filharmonijom\"}]},{\"@type\":\"WebSite\",\"@id\":\"https:\\\/\\\/serbia.com\\\/#website\",\"url\":\"https:\\\/\\\/serbia.com\\\/\",\"name\":\"Serbia.com\",\"description\":\"Your Gateway to Serbia\",\"potentialAction\":[{\"@type\":\"SearchAction\",\"target\":{\"@type\":\"EntryPoint\",\"urlTemplate\":\"https:\\\/\\\/serbia.com\\\/?s={search_term_string}\"},\"query-input\":{\"@type\":\"PropertyValueSpecification\",\"valueRequired\":true,\"valueName\":\"search_term_string\"}}],\"inLanguage\":\"srpski\"},{\"@type\":\"Person\",\"@id\":\"https:\\\/\\\/serbia.com\\\/#\\\/schema\\\/person\\\/6fe28d3055f5f291d832531e555da490\",\"name\":\"Serbia.com\",\"image\":{\"@type\":\"ImageObject\",\"inLanguage\":\"srpski\",\"@id\":\"https:\\\/\\\/secure.gravatar.com\\\/avatar\\\/8381eb54f5b393857857cb5fd6c42264c9e14b10435326bc567fcc3511bd8df4?s=96&d=mm&r=g\",\"url\":\"https:\\\/\\\/secure.gravatar.com\\\/avatar\\\/8381eb54f5b393857857cb5fd6c42264c9e14b10435326bc567fcc3511bd8df4?s=96&d=mm&r=g\",\"contentUrl\":\"https:\\\/\\\/secure.gravatar.com\\\/avatar\\\/8381eb54f5b393857857cb5fd6c42264c9e14b10435326bc567fcc3511bd8df4?s=96&d=mm&r=g\",\"caption\":\"Serbia.com\"},\"url\":\"https:\\\/\\\/serbia.com\\\/srpski\\\/author\\\/serbia-com\\\/\"}]}<\/script>\n<!-- \/ Yoast SEO plugin. -->","yoast_head_json":{"title":"Najbolji harfista dana\u0161njice nastupi\u0107e sa Beogradskom filharmonijom - Serbia.com","robots":{"index":"index","follow":"follow","max-snippet":"max-snippet:-1","max-image-preview":"max-image-preview:large","max-video-preview":"max-video-preview:-1"},"canonical":"https:\/\/serbia.com\/srpski\/37920\/","og_locale":"en_US","og_type":"article","og_title":"Najbolji harfista dana\u0161njice nastupi\u0107e sa Beogradskom filharmonijom - Serbia.com","og_description":"Najbolji harfista dana\u0161njice, Gzavije De Mestr, nastupi\u0107e ve\u010deras sa Beogradskom filharmonijom u Kolar\u010devoj zadu\u017ebini, na prvom od dva uzastopna koncerta u okviru ciklusa &#8220;Filharmanija&#8221; i &#8220;Za avanturiste&#8221;. Virtuoz na harfi [&hellip;]","og_url":"https:\/\/serbia.com\/srpski\/37920\/","og_site_name":"Serbia.com","article_published_time":"2015-11-26T11:40:26+00:00","article_modified_time":"2015-11-26T12:07:00+00:00","og_image":[{"width":800,"height":535,"url":"https:\/\/serbia.com\/wp-content\/uploads\/2015\/11\/Harf.jpg","type":"image\/jpeg"}],"author":"Serbia.com","twitter_misc":{"Written by":"Serbia.com","Est. reading time":"1 minute"},"schema":{"@context":"https:\/\/schema.org","@graph":[{"@type":"Article","@id":"https:\/\/serbia.com\/srpski\/37920\/#article","isPartOf":{"@id":"https:\/\/serbia.com\/srpski\/37920\/"},"author":{"name":"Serbia.com","@id":"https:\/\/serbia.com\/#\/schema\/person\/6fe28d3055f5f291d832531e555da490"},"headline":"Najbolji harfista dana\u0161njice nastupi\u0107e sa Beogradskom filharmonijom","datePublished":"2015-11-26T11:40:26+00:00","dateModified":"2015-11-26T12:07:00+00:00","mainEntityOfPage":{"@id":"https:\/\/serbia.com\/srpski\/37920\/"},"wordCount":139,"image":{"@id":"https:\/\/serbia.com\/srpski\/37920\/#primaryimage"},"thumbnailUrl":"https:\/\/serbia.com\/wp-content\/uploads\/2015\/11\/Harf.jpg","articleSection":["Muzika","Vesti"],"inLanguage":"srpski"},{"@type":"WebPage","@id":"https:\/\/serbia.com\/srpski\/37920\/","url":"https:\/\/serbia.com\/srpski\/37920\/","name":"Najbolji harfista dana\u0161njice nastupi\u0107e sa Beogradskom filharmonijom - Serbia.com","isPartOf":{"@id":"https:\/\/serbia.com\/#website"},"primaryImageOfPage":{"@id":"https:\/\/serbia.com\/srpski\/37920\/#primaryimage"},"image":{"@id":"https:\/\/serbia.com\/srpski\/37920\/#primaryimage"},"thumbnailUrl":"https:\/\/serbia.com\/wp-content\/uploads\/2015\/11\/Harf.jpg","datePublished":"2015-11-26T11:40:26+00:00","dateModified":"2015-11-26T12:07:00+00:00","author":{"@id":"https:\/\/serbia.com\/#\/schema\/person\/6fe28d3055f5f291d832531e555da490"},"breadcrumb":{"@id":"https:\/\/serbia.com\/srpski\/37920\/#breadcrumb"},"inLanguage":"srpski","potentialAction":[{"@type":"ReadAction","target":["https:\/\/serbia.com\/srpski\/37920\/"]}]},{"@type":"ImageObject","inLanguage":"srpski","@id":"https:\/\/serbia.com\/srpski\/37920\/#primaryimage","url":"https:\/\/serbia.com\/wp-content\/uploads\/2015\/11\/Harf.jpg","contentUrl":"https:\/\/serbia.com\/wp-content\/uploads\/2015\/11\/Harf.jpg","width":800,"height":535},{"@type":"BreadcrumbList","@id":"https:\/\/serbia.com\/srpski\/37920\/#breadcrumb","itemListElement":[{"@type":"ListItem","position":1,"name":"Home","item":"https:\/\/serbia.com\/srpski\/srbija\/"},{"@type":"ListItem","position":2,"name":"Najbolji harfista dana\u0161njice nastupi\u0107e sa Beogradskom filharmonijom"}]},{"@type":"WebSite","@id":"https:\/\/serbia.com\/#website","url":"https:\/\/serbia.com\/","name":"Serbia.com","description":"Your Gateway to Serbia","potentialAction":[{"@type":"SearchAction","target":{"@type":"EntryPoint","urlTemplate":"https:\/\/serbia.com\/?s={search_term_string}"},"query-input":{"@type":"PropertyValueSpecification","valueRequired":true,"valueName":"search_term_string"}}],"inLanguage":"srpski"},{"@type":"Person","@id":"https:\/\/serbia.com\/#\/schema\/person\/6fe28d3055f5f291d832531e555da490","name":"Serbia.com","image":{"@type":"ImageObject","inLanguage":"srpski","@id":"https:\/\/secure.gravatar.com\/avatar\/8381eb54f5b393857857cb5fd6c42264c9e14b10435326bc567fcc3511bd8df4?s=96&d=mm&r=g","url":"https:\/\/secure.gravatar.com\/avatar\/8381eb54f5b393857857cb5fd6c42264c9e14b10435326bc567fcc3511bd8df4?s=96&d=mm&r=g","contentUrl":"https:\/\/secure.gravatar.com\/avatar\/8381eb54f5b393857857cb5fd6c42264c9e14b10435326bc567fcc3511bd8df4?s=96&d=mm&r=g","caption":"Serbia.com"},"url":"https:\/\/serbia.com\/srpski\/author\/serbia-com\/"}]}},"brizy_media":[],"_links":{"self":[{"href":"https:\/\/serbia.com\/srpski\/wp-json\/wp\/v2\/posts\/37920","targetHints":{"allow":["GET"]}}],"collection":[{"href":"https:\/\/serbia.com\/srpski\/wp-json\/wp\/v2\/posts"}],"about":[{"href":"https:\/\/serbia.com\/srpski\/wp-json\/wp\/v2\/types\/post"}],"author":[{"embeddable":true,"href":"https:\/\/serbia.com\/srpski\/wp-json\/wp\/v2\/users\/9"}],"replies":[{"embeddable":true,"href":"https:\/\/serbia.com\/srpski\/wp-json\/wp\/v2\/comments?post=37920"}],"version-history":[{"count":0,"href":"https:\/\/serbia.com\/srpski\/wp-json\/wp\/v2\/posts\/37920\/revisions"}],"wp:featuredmedia":[{"embeddable":true,"href":"https:\/\/serbia.com\/srpski\/wp-json\/wp\/v2\/media\/37923"}],"wp:attachment":[{"href":"https:\/\/serbia.com\/srpski\/wp-json\/wp\/v2\/media?parent=37920"}],"wp:term":[{"taxonomy":"category","embeddable":true,"href":"https:\/\/serbia.com\/srpski\/wp-json\/wp\/v2\/categories?post=37920"},{"taxonomy":"post_tag","embeddable":true,"href":"https:\/\/serbia.com\/srpski\/wp-json\/wp\/v2\/tags?post=37920"}],"curies":[{"name":"wp","href":"https:\/\/api.w.org\/{rel}","templated":true}]}}