{"id":37356,"date":"2015-11-20T12:45:24","date_gmt":"2015-11-20T11:45:24","guid":{"rendered":"http:\/\/www.serbia.com\/srpski\/?p=37356"},"modified":"2015-11-20T12:45:24","modified_gmt":"2015-11-20T11:45:24","slug":"sef-nato-kfor-ukida-ogranicenja-u-vazdusnom-prostoru-srbije","status":"publish","type":"post","link":"https:\/\/serbia.com\/srpski\/sef-nato-kfor-ukida-ogranicenja-u-vazdusnom-prostoru-srbije\/","title":{"rendered":"\u0160ef NATO: Kfor ukida ograni\u010denja u vazdu\u0161nom prostoru Srbije"},"content":{"rendered":"<h4 style=\"text-align: justify;\">Kfor je od danas ukinuo ograni\u010denja koja su va\u017eila za delove vazdu\u0161nog prostora Srbije, a koja su uvedena 1999. godine.<\/h4>\n<p style=\"text-align: justify;\">Ovu vest je danas u <a href=\"http:\/\/www.serbia.com\/srpski\/posetite-srbiju\/gradovi\/beograd\/\" target=\"_blank\">Beograd<\/a> doneo generalni sekretar NATO Jens Stoltenberg, koji je na pre konferenciji nakon razgovora sa srpskim premijerom rekao da od danas Kfor u potpunosti relaksira zonu bezbednosti, te ukida ograni\u010denja koja su bila uvedena 1999.godine.<\/p>\n<p style=\"text-align: justify;\">To je, dodao je, konkretan izraz odnosa NATO i Srbije.<\/p>\n<p style=\"text-align: justify;\">Ograni\u010denja, koja su va\u017eila za delove srpskog vazdu\u0161nog prostora vi\u0161e ne postoje, naglasio je Stoltemberg dodaju\u0107i da to zna\u010di punu integraciju Srbije u vazdu\u017eni prostor Evrope.<br \/>\nPrema Stoltenbergu odluka je doneta na osnovu posve\u0107enosti Srbije normalizaciji odnosa sa Pri\u0161tinom.<\/p>\n<p style=\"text-align: justify;\"><em>&#8220;Na\u0161a intervencija 1999. nije bila protiv sprskog naroda, ve\u0107 se radilo o zaustavljanju neprihvatljivih radnji Milo\u0161evi\u0107evog re\u017eima. Intervencija NATO okon\u010dala je vi\u0161e godine ratova na Balkanu. Tokom intervencije smo preduzeli sve da spre\u010dimo gubitak nevinih \u017eivota, i svaki izgubljeni \u017eivot civila bio je tragedija za \u010dim duboko \u017ealimo&#8221;<\/em>, podvukao je Stoltenberg.<\/p>\n<p style=\"text-align: justify;\">On je izjavio sau\u010de\u0161\u0107e porodicama na obe strane sukoba i svima koji su izgubili voljene.<br \/>\n&#8220;Danas sam ovde u vezi novog po\u010detka odnosa NATO i Srbije. Ovo je za nas va\u017enije nego ikada, jer smo suo\u010deni sam mnogim zajedni\u010dkim izazovima&#8221;, naglasio je Stoltenberg, isti\u010du\u0107i da je saradnja od obostrane koristi.<\/p>\n<p style=\"text-align: justify;\">Izvor: Tanjug<\/p>\n","protected":false},"excerpt":{"rendered":"<p>Kfor je od danas ukinuo ograni\u010denja koja su va\u017eila za delove vazdu\u0161nog prostora Srbije, a koja su uvedena 1999. godine. Ovu vest je danas u Beograd doneo generalni sekretar NATO [&hellip;]<\/p>\n","protected":false},"author":9,"featured_media":37354,"comment_status":"closed","ping_status":"closed","sticky":false,"template":"","format":"standard","meta":{"_acf_changed":false,"inline_featured_image":false,"_monsterinsights_skip_tracking":false,"_monsterinsights_sitenote_active":false,"_monsterinsights_sitenote_note":"","_monsterinsights_sitenote_category":0,"footnotes":""},"categories":[2700],"tags":[3913,3912,3911],"class_list":["post-37356","post","type-post","status-publish","format-standard","has-post-thumbnail","hentry","category-vesti","tag-jens-stoltenberg","tag-kfor","tag-nato"],"acf":[],"yoast_head":"<!-- This site is optimized with the Yoast SEO plugin v27.4 - https:\/\/yoast.com\/product\/yoast-seo-wordpress\/ -->\n<title>\u0160ef NATO: Kfor ukida ograni\u010denja u vazdu\u0161nom prostoru Srbije - Serbia.com<\/title>\n<meta name=\"robots\" content=\"index, follow, max-snippet:-1, max-image-preview:large, max-video-preview:-1\" \/>\n<link rel=\"canonical\" href=\"https:\/\/serbia.com\/srpski\/sef-nato-kfor-ukida-ogranicenja-u-vazdusnom-prostoru-srbije\/\" \/>\n<meta property=\"og:locale\" content=\"en_US\" \/>\n<meta property=\"og:type\" content=\"article\" \/>\n<meta property=\"og:title\" content=\"\u0160ef NATO: Kfor ukida ograni\u010denja u vazdu\u0161nom prostoru Srbije - Serbia.com\" \/>\n<meta property=\"og:description\" content=\"Kfor je od danas ukinuo ograni\u010denja koja su va\u017eila za delove vazdu\u0161nog prostora Srbije, a koja su uvedena 1999. godine. Ovu vest je danas u Beograd doneo generalni sekretar NATO [&hellip;]\" \/>\n<meta property=\"og:url\" content=\"https:\/\/serbia.com\/srpski\/sef-nato-kfor-ukida-ogranicenja-u-vazdusnom-prostoru-srbije\/\" \/>\n<meta property=\"og:site_name\" content=\"Serbia.com\" \/>\n<meta property=\"article:published_time\" content=\"2015-11-20T11:45:24+00:00\" \/>\n<meta property=\"og:image\" content=\"https:\/\/serbia.com\/wp-content\/uploads\/2015\/11\/Tan2015-11-20_102052328_1_620x0.jpg\" \/>\n\t<meta property=\"og:image:width\" content=\"620\" \/>\n\t<meta property=\"og:image:height\" content=\"341\" \/>\n\t<meta property=\"og:image:type\" content=\"image\/jpeg\" \/>\n<meta name=\"author\" content=\"Serbia.com\" \/>\n<meta name=\"twitter:label1\" content=\"Written by\" \/>\n\t<meta name=\"twitter:data1\" content=\"Serbia.com\" \/>\n\t<meta name=\"twitter:label2\" content=\"Est. reading time\" \/>\n\t<meta name=\"twitter:data2\" content=\"1 minute\" \/>\n<script type=\"application\/ld+json\" class=\"yoast-schema-graph\">{\"@context\":\"https:\\\/\\\/schema.org\",\"@graph\":[{\"@type\":\"Article\",\"@id\":\"https:\\\/\\\/serbia.com\\\/srpski\\\/sef-nato-kfor-ukida-ogranicenja-u-vazdusnom-prostoru-srbije\\\/#article\",\"isPartOf\":{\"@id\":\"https:\\\/\\\/serbia.com\\\/srpski\\\/sef-nato-kfor-ukida-ogranicenja-u-vazdusnom-prostoru-srbije\\\/\"},\"author\":{\"name\":\"Serbia.com\",\"@id\":\"https:\\\/\\\/serbia.com\\\/#\\\/schema\\\/person\\\/6fe28d3055f5f291d832531e555da490\"},\"headline\":\"\u0160ef NATO: Kfor ukida ograni\u010denja u vazdu\u0161nom prostoru Srbije\",\"datePublished\":\"2015-11-20T11:45:24+00:00\",\"mainEntityOfPage\":{\"@id\":\"https:\\\/\\\/serbia.com\\\/srpski\\\/sef-nato-kfor-ukida-ogranicenja-u-vazdusnom-prostoru-srbije\\\/\"},\"wordCount\":249,\"image\":{\"@id\":\"https:\\\/\\\/serbia.com\\\/srpski\\\/sef-nato-kfor-ukida-ogranicenja-u-vazdusnom-prostoru-srbije\\\/#primaryimage\"},\"thumbnailUrl\":\"https:\\\/\\\/serbia.com\\\/wp-content\\\/uploads\\\/2015\\\/11\\\/Tan2015-11-20_102052328_1_620x0.jpg\",\"keywords\":[\"Jens Stoltenberg\",\"KFOR\",\"NATO\"],\"articleSection\":[\"Vesti\"],\"inLanguage\":\"srpski\"},{\"@type\":\"WebPage\",\"@id\":\"https:\\\/\\\/serbia.com\\\/srpski\\\/sef-nato-kfor-ukida-ogranicenja-u-vazdusnom-prostoru-srbije\\\/\",\"url\":\"https:\\\/\\\/serbia.com\\\/srpski\\\/sef-nato-kfor-ukida-ogranicenja-u-vazdusnom-prostoru-srbije\\\/\",\"name\":\"\u0160ef NATO: Kfor ukida ograni\u010denja u vazdu\u0161nom prostoru Srbije - Serbia.com\",\"isPartOf\":{\"@id\":\"https:\\\/\\\/serbia.com\\\/#website\"},\"primaryImageOfPage\":{\"@id\":\"https:\\\/\\\/serbia.com\\\/srpski\\\/sef-nato-kfor-ukida-ogranicenja-u-vazdusnom-prostoru-srbije\\\/#primaryimage\"},\"image\":{\"@id\":\"https:\\\/\\\/serbia.com\\\/srpski\\\/sef-nato-kfor-ukida-ogranicenja-u-vazdusnom-prostoru-srbije\\\/#primaryimage\"},\"thumbnailUrl\":\"https:\\\/\\\/serbia.com\\\/wp-content\\\/uploads\\\/2015\\\/11\\\/Tan2015-11-20_102052328_1_620x0.jpg\",\"datePublished\":\"2015-11-20T11:45:24+00:00\",\"author\":{\"@id\":\"https:\\\/\\\/serbia.com\\\/#\\\/schema\\\/person\\\/6fe28d3055f5f291d832531e555da490\"},\"breadcrumb\":{\"@id\":\"https:\\\/\\\/serbia.com\\\/srpski\\\/sef-nato-kfor-ukida-ogranicenja-u-vazdusnom-prostoru-srbije\\\/#breadcrumb\"},\"inLanguage\":\"srpski\",\"potentialAction\":[{\"@type\":\"ReadAction\",\"target\":[\"https:\\\/\\\/serbia.com\\\/srpski\\\/sef-nato-kfor-ukida-ogranicenja-u-vazdusnom-prostoru-srbije\\\/\"]}]},{\"@type\":\"ImageObject\",\"inLanguage\":\"srpski\",\"@id\":\"https:\\\/\\\/serbia.com\\\/srpski\\\/sef-nato-kfor-ukida-ogranicenja-u-vazdusnom-prostoru-srbije\\\/#primaryimage\",\"url\":\"https:\\\/\\\/serbia.com\\\/wp-content\\\/uploads\\\/2015\\\/11\\\/Tan2015-11-20_102052328_1_620x0.jpg\",\"contentUrl\":\"https:\\\/\\\/serbia.com\\\/wp-content\\\/uploads\\\/2015\\\/11\\\/Tan2015-11-20_102052328_1_620x0.jpg\",\"width\":620,\"height\":341},{\"@type\":\"BreadcrumbList\",\"@id\":\"https:\\\/\\\/serbia.com\\\/srpski\\\/sef-nato-kfor-ukida-ogranicenja-u-vazdusnom-prostoru-srbije\\\/#breadcrumb\",\"itemListElement\":[{\"@type\":\"ListItem\",\"position\":1,\"name\":\"Home\",\"item\":\"https:\\\/\\\/serbia.com\\\/srpski\\\/srbija\\\/\"},{\"@type\":\"ListItem\",\"position\":2,\"name\":\"\u0160ef NATO: Kfor ukida ograni\u010denja u vazdu\u0161nom prostoru Srbije\"}]},{\"@type\":\"WebSite\",\"@id\":\"https:\\\/\\\/serbia.com\\\/#website\",\"url\":\"https:\\\/\\\/serbia.com\\\/\",\"name\":\"Serbia.com\",\"description\":\"Your Gateway to Serbia\",\"potentialAction\":[{\"@type\":\"SearchAction\",\"target\":{\"@type\":\"EntryPoint\",\"urlTemplate\":\"https:\\\/\\\/serbia.com\\\/?s={search_term_string}\"},\"query-input\":{\"@type\":\"PropertyValueSpecification\",\"valueRequired\":true,\"valueName\":\"search_term_string\"}}],\"inLanguage\":\"srpski\"},{\"@type\":\"Person\",\"@id\":\"https:\\\/\\\/serbia.com\\\/#\\\/schema\\\/person\\\/6fe28d3055f5f291d832531e555da490\",\"name\":\"Serbia.com\",\"image\":{\"@type\":\"ImageObject\",\"inLanguage\":\"srpski\",\"@id\":\"https:\\\/\\\/secure.gravatar.com\\\/avatar\\\/8381eb54f5b393857857cb5fd6c42264c9e14b10435326bc567fcc3511bd8df4?s=96&d=mm&r=g\",\"url\":\"https:\\\/\\\/secure.gravatar.com\\\/avatar\\\/8381eb54f5b393857857cb5fd6c42264c9e14b10435326bc567fcc3511bd8df4?s=96&d=mm&r=g\",\"contentUrl\":\"https:\\\/\\\/secure.gravatar.com\\\/avatar\\\/8381eb54f5b393857857cb5fd6c42264c9e14b10435326bc567fcc3511bd8df4?s=96&d=mm&r=g\",\"caption\":\"Serbia.com\"},\"url\":\"https:\\\/\\\/serbia.com\\\/srpski\\\/author\\\/serbia-com\\\/\"}]}<\/script>\n<!-- \/ Yoast SEO plugin. -->","yoast_head_json":{"title":"\u0160ef NATO: Kfor ukida ograni\u010denja u vazdu\u0161nom prostoru Srbije - Serbia.com","robots":{"index":"index","follow":"follow","max-snippet":"max-snippet:-1","max-image-preview":"max-image-preview:large","max-video-preview":"max-video-preview:-1"},"canonical":"https:\/\/serbia.com\/srpski\/sef-nato-kfor-ukida-ogranicenja-u-vazdusnom-prostoru-srbije\/","og_locale":"en_US","og_type":"article","og_title":"\u0160ef NATO: Kfor ukida ograni\u010denja u vazdu\u0161nom prostoru Srbije - Serbia.com","og_description":"Kfor je od danas ukinuo ograni\u010denja koja su va\u017eila za delove vazdu\u0161nog prostora Srbije, a koja su uvedena 1999. godine. Ovu vest je danas u Beograd doneo generalni sekretar NATO [&hellip;]","og_url":"https:\/\/serbia.com\/srpski\/sef-nato-kfor-ukida-ogranicenja-u-vazdusnom-prostoru-srbije\/","og_site_name":"Serbia.com","article_published_time":"2015-11-20T11:45:24+00:00","og_image":[{"width":620,"height":341,"url":"https:\/\/serbia.com\/wp-content\/uploads\/2015\/11\/Tan2015-11-20_102052328_1_620x0.jpg","type":"image\/jpeg"}],"author":"Serbia.com","twitter_misc":{"Written by":"Serbia.com","Est. reading time":"1 minute"},"schema":{"@context":"https:\/\/schema.org","@graph":[{"@type":"Article","@id":"https:\/\/serbia.com\/srpski\/sef-nato-kfor-ukida-ogranicenja-u-vazdusnom-prostoru-srbije\/#article","isPartOf":{"@id":"https:\/\/serbia.com\/srpski\/sef-nato-kfor-ukida-ogranicenja-u-vazdusnom-prostoru-srbije\/"},"author":{"name":"Serbia.com","@id":"https:\/\/serbia.com\/#\/schema\/person\/6fe28d3055f5f291d832531e555da490"},"headline":"\u0160ef NATO: Kfor ukida ograni\u010denja u vazdu\u0161nom prostoru Srbije","datePublished":"2015-11-20T11:45:24+00:00","mainEntityOfPage":{"@id":"https:\/\/serbia.com\/srpski\/sef-nato-kfor-ukida-ogranicenja-u-vazdusnom-prostoru-srbije\/"},"wordCount":249,"image":{"@id":"https:\/\/serbia.com\/srpski\/sef-nato-kfor-ukida-ogranicenja-u-vazdusnom-prostoru-srbije\/#primaryimage"},"thumbnailUrl":"https:\/\/serbia.com\/wp-content\/uploads\/2015\/11\/Tan2015-11-20_102052328_1_620x0.jpg","keywords":["Jens Stoltenberg","KFOR","NATO"],"articleSection":["Vesti"],"inLanguage":"srpski"},{"@type":"WebPage","@id":"https:\/\/serbia.com\/srpski\/sef-nato-kfor-ukida-ogranicenja-u-vazdusnom-prostoru-srbije\/","url":"https:\/\/serbia.com\/srpski\/sef-nato-kfor-ukida-ogranicenja-u-vazdusnom-prostoru-srbije\/","name":"\u0160ef NATO: Kfor ukida ograni\u010denja u vazdu\u0161nom prostoru Srbije - Serbia.com","isPartOf":{"@id":"https:\/\/serbia.com\/#website"},"primaryImageOfPage":{"@id":"https:\/\/serbia.com\/srpski\/sef-nato-kfor-ukida-ogranicenja-u-vazdusnom-prostoru-srbije\/#primaryimage"},"image":{"@id":"https:\/\/serbia.com\/srpski\/sef-nato-kfor-ukida-ogranicenja-u-vazdusnom-prostoru-srbije\/#primaryimage"},"thumbnailUrl":"https:\/\/serbia.com\/wp-content\/uploads\/2015\/11\/Tan2015-11-20_102052328_1_620x0.jpg","datePublished":"2015-11-20T11:45:24+00:00","author":{"@id":"https:\/\/serbia.com\/#\/schema\/person\/6fe28d3055f5f291d832531e555da490"},"breadcrumb":{"@id":"https:\/\/serbia.com\/srpski\/sef-nato-kfor-ukida-ogranicenja-u-vazdusnom-prostoru-srbije\/#breadcrumb"},"inLanguage":"srpski","potentialAction":[{"@type":"ReadAction","target":["https:\/\/serbia.com\/srpski\/sef-nato-kfor-ukida-ogranicenja-u-vazdusnom-prostoru-srbije\/"]}]},{"@type":"ImageObject","inLanguage":"srpski","@id":"https:\/\/serbia.com\/srpski\/sef-nato-kfor-ukida-ogranicenja-u-vazdusnom-prostoru-srbije\/#primaryimage","url":"https:\/\/serbia.com\/wp-content\/uploads\/2015\/11\/Tan2015-11-20_102052328_1_620x0.jpg","contentUrl":"https:\/\/serbia.com\/wp-content\/uploads\/2015\/11\/Tan2015-11-20_102052328_1_620x0.jpg","width":620,"height":341},{"@type":"BreadcrumbList","@id":"https:\/\/serbia.com\/srpski\/sef-nato-kfor-ukida-ogranicenja-u-vazdusnom-prostoru-srbije\/#breadcrumb","itemListElement":[{"@type":"ListItem","position":1,"name":"Home","item":"https:\/\/serbia.com\/srpski\/srbija\/"},{"@type":"ListItem","position":2,"name":"\u0160ef NATO: Kfor ukida ograni\u010denja u vazdu\u0161nom prostoru Srbije"}]},{"@type":"WebSite","@id":"https:\/\/serbia.com\/#website","url":"https:\/\/serbia.com\/","name":"Serbia.com","description":"Your Gateway to Serbia","potentialAction":[{"@type":"SearchAction","target":{"@type":"EntryPoint","urlTemplate":"https:\/\/serbia.com\/?s={search_term_string}"},"query-input":{"@type":"PropertyValueSpecification","valueRequired":true,"valueName":"search_term_string"}}],"inLanguage":"srpski"},{"@type":"Person","@id":"https:\/\/serbia.com\/#\/schema\/person\/6fe28d3055f5f291d832531e555da490","name":"Serbia.com","image":{"@type":"ImageObject","inLanguage":"srpski","@id":"https:\/\/secure.gravatar.com\/avatar\/8381eb54f5b393857857cb5fd6c42264c9e14b10435326bc567fcc3511bd8df4?s=96&d=mm&r=g","url":"https:\/\/secure.gravatar.com\/avatar\/8381eb54f5b393857857cb5fd6c42264c9e14b10435326bc567fcc3511bd8df4?s=96&d=mm&r=g","contentUrl":"https:\/\/secure.gravatar.com\/avatar\/8381eb54f5b393857857cb5fd6c42264c9e14b10435326bc567fcc3511bd8df4?s=96&d=mm&r=g","caption":"Serbia.com"},"url":"https:\/\/serbia.com\/srpski\/author\/serbia-com\/"}]}},"brizy_media":[],"_links":{"self":[{"href":"https:\/\/serbia.com\/srpski\/wp-json\/wp\/v2\/posts\/37356","targetHints":{"allow":["GET"]}}],"collection":[{"href":"https:\/\/serbia.com\/srpski\/wp-json\/wp\/v2\/posts"}],"about":[{"href":"https:\/\/serbia.com\/srpski\/wp-json\/wp\/v2\/types\/post"}],"author":[{"embeddable":true,"href":"https:\/\/serbia.com\/srpski\/wp-json\/wp\/v2\/users\/9"}],"replies":[{"embeddable":true,"href":"https:\/\/serbia.com\/srpski\/wp-json\/wp\/v2\/comments?post=37356"}],"version-history":[{"count":0,"href":"https:\/\/serbia.com\/srpski\/wp-json\/wp\/v2\/posts\/37356\/revisions"}],"wp:featuredmedia":[{"embeddable":true,"href":"https:\/\/serbia.com\/srpski\/wp-json\/wp\/v2\/media\/37354"}],"wp:attachment":[{"href":"https:\/\/serbia.com\/srpski\/wp-json\/wp\/v2\/media?parent=37356"}],"wp:term":[{"taxonomy":"category","embeddable":true,"href":"https:\/\/serbia.com\/srpski\/wp-json\/wp\/v2\/categories?post=37356"},{"taxonomy":"post_tag","embeddable":true,"href":"https:\/\/serbia.com\/srpski\/wp-json\/wp\/v2\/tags?post=37356"}],"curies":[{"name":"wp","href":"https:\/\/api.w.org\/{rel}","templated":true}]}}