{"id":37349,"date":"2015-11-20T11:49:58","date_gmt":"2015-11-20T10:49:58","guid":{"rendered":"http:\/\/www.serbia.com\/srpski\/?p=37349"},"modified":"2015-11-20T11:49:58","modified_gmt":"2015-11-20T10:49:58","slug":"noc-pozorista-u-srbiji-od-20-do-22-novembra","status":"publish","type":"post","link":"https:\/\/serbia.com\/srpski\/noc-pozorista-u-srbiji-od-20-do-22-novembra\/","title":{"rendered":"No\u0107 pozori\u0161ta u Srbiji od 20. do 22. novembra"},"content":{"rendered":"<h4 style=\"text-align: justify;\">Peta &#8220;No\u0107 pozori\u0161ta&#8221; u Srbiji bi\u0107e odr\u017eana od 20. do 22. novembra u Novom Sadu, Beogradu, Ni\u0161u, Zrenjaninu, Novom Pazaru, Vranju, Kragujevcu, Knja\u017eevcu, \u0106i\u0107evcu i Rekovcu, a u okviru me\u0111unarodne mre\u017ee &#8220;European Theatre Night&#8221;<\/h4>\n<p style=\"text-align: justify;\">Peta &#8220;No\u0107 pozori\u0161ta&#8221; u Srbiji bi\u0107e odr\u017eana od 20. do 22. novembra u <a href=\"http:\/\/www.serbia.com\/srpski\/posetite-srbiju\/gradovi\/novi-sad\/\" target=\"_blank\">Novom Sadu<\/a>, <a href=\"http:\/\/www.serbia.com\/srpski\/posetite-srbiju\/gradovi\/beograd\/\" target=\"_blank\">Beogradu<\/a>, <a href=\"http:\/\/www.serbia.com\/srpski\/posetite-srbiju\/gradovi\/nis\/\" target=\"_blank\">Ni\u0161u<\/a>, <a href=\"http:\/\/www.serbia.com\/srpski\/posetite-srbiju\/gradovi\/zrenjanin-multikulturalni-grad-buducnosti\/\" target=\"_blank\">Zrenjaninu<\/a>, <a href=\"http:\/\/www.serbia.com\/srpski\/posetite-srbiju\/gradovi\/novi-pazar-neobican-spoj-istoka-i-zapada\/\" target=\"_blank\">Novom Pazaru<\/a>, <a href=\"http:\/\/www.serbia.com\/srpski\/posetite-srbiju\/gradovi\/vranje-grad-na-raskrscu-istorijskih-puteva\/\" target=\"_blank\">Vranju<\/a>, <a href=\"http:\/\/www.serbia.com\/srpski\/posetite-srbiju\/gradovi\/kragujevac-zavicaj-moderne-srbije\/\" target=\"_blank\">Kragujevcu<\/a>, Knja\u017eevcu, \u0106i\u0107evcu i Rekovcu, a u okviru me\u0111unarodne mre\u017ee &#8220;European Theatre Night&#8221;.<\/p>\n<p style=\"text-align: justify;\">U 25 ustanova kultura bi\u0107e odr\u017eano vi\u0161e od 30 predstava i 20 propratnih sadr\u017eaja (preformansi, koncerti, radionice, izlo\u017ebe), a ove godine dominiraju programi za decu i mlade.<\/p>\n<p style=\"text-align: justify;\">Fondacija &#8220;No\u0107 pozori\u0161ta&#8221; pokrenula je projekat pod nazivom &#8220;Revitalizacija ustanova kulture&#8221; i pozvala sve da se uklju\u010de i pomognu obnovu ustanova kulture koje rade u te\u0161kom uslovima.<\/p>\n<p style=\"text-align: justify;\">Organizatori manifestacije odlu\u010dili su da podr\u017ee inicijative za promenu niza zakona koji \u0107e spre\u010diti vr\u0161nja\u010dko nasilje.<\/p>\n<p style=\"text-align: justify;\">&#8220;Podr\u0161kom \u017eelimo da doprinesemo ure\u0111enju sistema dru\u0161tva, pozovemo sve ljude dobre volje da se uklju\u010de u akciju te da vi\u0161e ne \u010ditamo naslove u novinama u kome su klju\u010dne re\u010di maloletenik&#8230; ubio, silovao, napao, a kao krajnje da sa\u010duvamo \u017eivote na\u0161e dece&#8221;, navedeno je u saop\u0161tenju Fondacije &#8220;No\u0107 pozori\u0161ta&#8221;.<\/p>\n<p style=\"text-align: justify;\">&#8220;European Theatre Night&#8221; je me\u0111unarodni projekat pokrenut 2008. godine u Hrvatskoj sa ciljem da se direktno podstakne dramsko i gluma\u010dko stvarala\u0161tvo na prostoru \u010ditave Evrope i pribli\u017ei kultura \u0161iroj javnosti.<\/p>\n<p style=\"text-align: justify;\">Manifestacija se odr\u017eava svake godine u Hrvatskoj, Belgiji, \u010ce\u0161koj, Slova\u010dkoj, Austriji, Sloveniji, Bosni i Hercegovini, Bugarskoj, Crnoj Gori, Ma\u0111arskoj, a od 2011. i u Srbiji.<\/p>\n<p style=\"text-align: justify;\">U &#8220;No\u0107i pozori\u0161ta&#8221; u Srbiji do sada je u\u010destvovalo vi\u0161e od 140 ustanova kulture i organizacija.<\/p>\n<p style=\"text-align: justify;\">Detaljan program ovogodi\u0161nje manifestacije mo\u017ee se pogledati na sajtu www.noc-pozorista.rs.<\/p>\n<p style=\"text-align: justify;\">Izvor: Tanjug<\/p>\n","protected":false},"excerpt":{"rendered":"<p>Peta &#8220;No\u0107 pozori\u0161ta&#8221; u Srbiji bi\u0107e odr\u017eana od 20. do 22. novembra u Novom Sadu, Beogradu, Ni\u0161u, Zrenjaninu, Novom Pazaru, Vranju, Kragujevcu, Knja\u017eevcu, \u0106i\u0107evcu i Rekovcu, a u okviru me\u0111unarodne [&hellip;]<\/p>\n","protected":false},"author":9,"featured_media":37347,"comment_status":"closed","ping_status":"closed","sticky":false,"template":"","format":"standard","meta":{"_acf_changed":false,"inline_featured_image":false,"_monsterinsights_skip_tracking":false,"_monsterinsights_sitenote_active":false,"_monsterinsights_sitenote_note":"","_monsterinsights_sitenote_category":0,"footnotes":""},"categories":[1696,975,2700],"tags":[3909,3910],"class_list":["post-37349","post","type-post","status-publish","format-standard","has-post-thumbnail","hentry","category-festivali-manifestacije","category-kultura-otkrijte-srbiju","category-vesti","tag-noc-pozorista","tag-noc-pozorista-2015"],"acf":[],"yoast_head":"<!-- This site is optimized with the Yoast SEO plugin v27.4 - https:\/\/yoast.com\/product\/yoast-seo-wordpress\/ -->\n<title>No\u0107 pozori\u0161ta u Srbiji od 20. do 22. novembra - Serbia.com<\/title>\n<meta name=\"robots\" content=\"index, follow, max-snippet:-1, max-image-preview:large, max-video-preview:-1\" \/>\n<link rel=\"canonical\" href=\"https:\/\/serbia.com\/srpski\/noc-pozorista-u-srbiji-od-20-do-22-novembra\/\" \/>\n<meta property=\"og:locale\" content=\"en_US\" \/>\n<meta property=\"og:type\" content=\"article\" \/>\n<meta property=\"og:title\" content=\"No\u0107 pozori\u0161ta u Srbiji od 20. do 22. novembra - Serbia.com\" \/>\n<meta property=\"og:description\" content=\"Peta &#8220;No\u0107 pozori\u0161ta&#8221; u Srbiji bi\u0107e odr\u017eana od 20. do 22. novembra u Novom Sadu, Beogradu, Ni\u0161u, Zrenjaninu, Novom Pazaru, Vranju, Kragujevcu, Knja\u017eevcu, \u0106i\u0107evcu i Rekovcu, a u okviru me\u0111unarodne [&hellip;]\" \/>\n<meta property=\"og:url\" content=\"https:\/\/serbia.com\/srpski\/noc-pozorista-u-srbiji-od-20-do-22-novembra\/\" \/>\n<meta property=\"og:site_name\" content=\"Serbia.com\" \/>\n<meta property=\"article:published_time\" content=\"2015-11-20T10:49:58+00:00\" \/>\n<meta property=\"og:image\" content=\"https:\/\/serbia.com\/wp-content\/uploads\/2015\/11\/noc-pozorista.jpg\" \/>\n\t<meta property=\"og:image:width\" content=\"610\" \/>\n\t<meta property=\"og:image:height\" content=\"395\" \/>\n\t<meta property=\"og:image:type\" content=\"image\/jpeg\" \/>\n<meta name=\"author\" content=\"Serbia.com\" \/>\n<meta name=\"twitter:label1\" content=\"Written by\" \/>\n\t<meta name=\"twitter:data1\" content=\"Serbia.com\" \/>\n\t<meta name=\"twitter:label2\" content=\"Est. reading time\" \/>\n\t<meta name=\"twitter:data2\" content=\"2 minutes\" \/>\n<script type=\"application\/ld+json\" class=\"yoast-schema-graph\">{\"@context\":\"https:\\\/\\\/schema.org\",\"@graph\":[{\"@type\":\"Article\",\"@id\":\"https:\\\/\\\/serbia.com\\\/srpski\\\/noc-pozorista-u-srbiji-od-20-do-22-novembra\\\/#article\",\"isPartOf\":{\"@id\":\"https:\\\/\\\/serbia.com\\\/srpski\\\/noc-pozorista-u-srbiji-od-20-do-22-novembra\\\/\"},\"author\":{\"name\":\"Serbia.com\",\"@id\":\"https:\\\/\\\/serbia.com\\\/#\\\/schema\\\/person\\\/6fe28d3055f5f291d832531e555da490\"},\"headline\":\"No\u0107 pozori\u0161ta u Srbiji od 20. do 22. novembra\",\"datePublished\":\"2015-11-20T10:49:58+00:00\",\"mainEntityOfPage\":{\"@id\":\"https:\\\/\\\/serbia.com\\\/srpski\\\/noc-pozorista-u-srbiji-od-20-do-22-novembra\\\/\"},\"wordCount\":324,\"image\":{\"@id\":\"https:\\\/\\\/serbia.com\\\/srpski\\\/noc-pozorista-u-srbiji-od-20-do-22-novembra\\\/#primaryimage\"},\"thumbnailUrl\":\"https:\\\/\\\/serbia.com\\\/wp-content\\\/uploads\\\/2015\\\/11\\\/noc-pozorista.jpg\",\"keywords\":[\"No\u0107 pozori\u0161ta\",\"No\u0107 pozori\u0161ta 2015\"],\"articleSection\":[\"Festivali i manifestacije\",\"Kultura\",\"Vesti\"],\"inLanguage\":\"srpski\"},{\"@type\":\"WebPage\",\"@id\":\"https:\\\/\\\/serbia.com\\\/srpski\\\/noc-pozorista-u-srbiji-od-20-do-22-novembra\\\/\",\"url\":\"https:\\\/\\\/serbia.com\\\/srpski\\\/noc-pozorista-u-srbiji-od-20-do-22-novembra\\\/\",\"name\":\"No\u0107 pozori\u0161ta u Srbiji od 20. do 22. novembra - Serbia.com\",\"isPartOf\":{\"@id\":\"https:\\\/\\\/serbia.com\\\/#website\"},\"primaryImageOfPage\":{\"@id\":\"https:\\\/\\\/serbia.com\\\/srpski\\\/noc-pozorista-u-srbiji-od-20-do-22-novembra\\\/#primaryimage\"},\"image\":{\"@id\":\"https:\\\/\\\/serbia.com\\\/srpski\\\/noc-pozorista-u-srbiji-od-20-do-22-novembra\\\/#primaryimage\"},\"thumbnailUrl\":\"https:\\\/\\\/serbia.com\\\/wp-content\\\/uploads\\\/2015\\\/11\\\/noc-pozorista.jpg\",\"datePublished\":\"2015-11-20T10:49:58+00:00\",\"author\":{\"@id\":\"https:\\\/\\\/serbia.com\\\/#\\\/schema\\\/person\\\/6fe28d3055f5f291d832531e555da490\"},\"breadcrumb\":{\"@id\":\"https:\\\/\\\/serbia.com\\\/srpski\\\/noc-pozorista-u-srbiji-od-20-do-22-novembra\\\/#breadcrumb\"},\"inLanguage\":\"srpski\",\"potentialAction\":[{\"@type\":\"ReadAction\",\"target\":[\"https:\\\/\\\/serbia.com\\\/srpski\\\/noc-pozorista-u-srbiji-od-20-do-22-novembra\\\/\"]}]},{\"@type\":\"ImageObject\",\"inLanguage\":\"srpski\",\"@id\":\"https:\\\/\\\/serbia.com\\\/srpski\\\/noc-pozorista-u-srbiji-od-20-do-22-novembra\\\/#primaryimage\",\"url\":\"https:\\\/\\\/serbia.com\\\/wp-content\\\/uploads\\\/2015\\\/11\\\/noc-pozorista.jpg\",\"contentUrl\":\"https:\\\/\\\/serbia.com\\\/wp-content\\\/uploads\\\/2015\\\/11\\\/noc-pozorista.jpg\",\"width\":610,\"height\":395},{\"@type\":\"BreadcrumbList\",\"@id\":\"https:\\\/\\\/serbia.com\\\/srpski\\\/noc-pozorista-u-srbiji-od-20-do-22-novembra\\\/#breadcrumb\",\"itemListElement\":[{\"@type\":\"ListItem\",\"position\":1,\"name\":\"Home\",\"item\":\"https:\\\/\\\/serbia.com\\\/srpski\\\/\"},{\"@type\":\"ListItem\",\"position\":2,\"name\":\"No\u0107 pozori\u0161ta u Srbiji od 20. do 22. novembra\"}]},{\"@type\":\"WebSite\",\"@id\":\"https:\\\/\\\/serbia.com\\\/#website\",\"url\":\"https:\\\/\\\/serbia.com\\\/\",\"name\":\"Serbia.com\",\"description\":\"Your Gateway to Serbia\",\"potentialAction\":[{\"@type\":\"SearchAction\",\"target\":{\"@type\":\"EntryPoint\",\"urlTemplate\":\"https:\\\/\\\/serbia.com\\\/?s={search_term_string}\"},\"query-input\":{\"@type\":\"PropertyValueSpecification\",\"valueRequired\":true,\"valueName\":\"search_term_string\"}}],\"inLanguage\":\"srpski\"},{\"@type\":\"Person\",\"@id\":\"https:\\\/\\\/serbia.com\\\/#\\\/schema\\\/person\\\/6fe28d3055f5f291d832531e555da490\",\"name\":\"Serbia.com\",\"image\":{\"@type\":\"ImageObject\",\"inLanguage\":\"srpski\",\"@id\":\"https:\\\/\\\/secure.gravatar.com\\\/avatar\\\/8381eb54f5b393857857cb5fd6c42264c9e14b10435326bc567fcc3511bd8df4?s=96&d=mm&r=g\",\"url\":\"https:\\\/\\\/secure.gravatar.com\\\/avatar\\\/8381eb54f5b393857857cb5fd6c42264c9e14b10435326bc567fcc3511bd8df4?s=96&d=mm&r=g\",\"contentUrl\":\"https:\\\/\\\/secure.gravatar.com\\\/avatar\\\/8381eb54f5b393857857cb5fd6c42264c9e14b10435326bc567fcc3511bd8df4?s=96&d=mm&r=g\",\"caption\":\"Serbia.com\"},\"url\":\"https:\\\/\\\/serbia.com\\\/srpski\\\/author\\\/serbia-com\\\/\"}]}<\/script>\n<!-- \/ Yoast SEO plugin. -->","yoast_head_json":{"title":"No\u0107 pozori\u0161ta u Srbiji od 20. do 22. novembra - Serbia.com","robots":{"index":"index","follow":"follow","max-snippet":"max-snippet:-1","max-image-preview":"max-image-preview:large","max-video-preview":"max-video-preview:-1"},"canonical":"https:\/\/serbia.com\/srpski\/noc-pozorista-u-srbiji-od-20-do-22-novembra\/","og_locale":"en_US","og_type":"article","og_title":"No\u0107 pozori\u0161ta u Srbiji od 20. do 22. novembra - Serbia.com","og_description":"Peta &#8220;No\u0107 pozori\u0161ta&#8221; u Srbiji bi\u0107e odr\u017eana od 20. do 22. novembra u Novom Sadu, Beogradu, Ni\u0161u, Zrenjaninu, Novom Pazaru, Vranju, Kragujevcu, Knja\u017eevcu, \u0106i\u0107evcu i Rekovcu, a u okviru me\u0111unarodne [&hellip;]","og_url":"https:\/\/serbia.com\/srpski\/noc-pozorista-u-srbiji-od-20-do-22-novembra\/","og_site_name":"Serbia.com","article_published_time":"2015-11-20T10:49:58+00:00","og_image":[{"width":610,"height":395,"url":"https:\/\/serbia.com\/wp-content\/uploads\/2015\/11\/noc-pozorista.jpg","type":"image\/jpeg"}],"author":"Serbia.com","twitter_misc":{"Written by":"Serbia.com","Est. reading time":"2 minutes"},"schema":{"@context":"https:\/\/schema.org","@graph":[{"@type":"Article","@id":"https:\/\/serbia.com\/srpski\/noc-pozorista-u-srbiji-od-20-do-22-novembra\/#article","isPartOf":{"@id":"https:\/\/serbia.com\/srpski\/noc-pozorista-u-srbiji-od-20-do-22-novembra\/"},"author":{"name":"Serbia.com","@id":"https:\/\/serbia.com\/#\/schema\/person\/6fe28d3055f5f291d832531e555da490"},"headline":"No\u0107 pozori\u0161ta u Srbiji od 20. do 22. novembra","datePublished":"2015-11-20T10:49:58+00:00","mainEntityOfPage":{"@id":"https:\/\/serbia.com\/srpski\/noc-pozorista-u-srbiji-od-20-do-22-novembra\/"},"wordCount":324,"image":{"@id":"https:\/\/serbia.com\/srpski\/noc-pozorista-u-srbiji-od-20-do-22-novembra\/#primaryimage"},"thumbnailUrl":"https:\/\/serbia.com\/wp-content\/uploads\/2015\/11\/noc-pozorista.jpg","keywords":["No\u0107 pozori\u0161ta","No\u0107 pozori\u0161ta 2015"],"articleSection":["Festivali i manifestacije","Kultura","Vesti"],"inLanguage":"srpski"},{"@type":"WebPage","@id":"https:\/\/serbia.com\/srpski\/noc-pozorista-u-srbiji-od-20-do-22-novembra\/","url":"https:\/\/serbia.com\/srpski\/noc-pozorista-u-srbiji-od-20-do-22-novembra\/","name":"No\u0107 pozori\u0161ta u Srbiji od 20. do 22. novembra - Serbia.com","isPartOf":{"@id":"https:\/\/serbia.com\/#website"},"primaryImageOfPage":{"@id":"https:\/\/serbia.com\/srpski\/noc-pozorista-u-srbiji-od-20-do-22-novembra\/#primaryimage"},"image":{"@id":"https:\/\/serbia.com\/srpski\/noc-pozorista-u-srbiji-od-20-do-22-novembra\/#primaryimage"},"thumbnailUrl":"https:\/\/serbia.com\/wp-content\/uploads\/2015\/11\/noc-pozorista.jpg","datePublished":"2015-11-20T10:49:58+00:00","author":{"@id":"https:\/\/serbia.com\/#\/schema\/person\/6fe28d3055f5f291d832531e555da490"},"breadcrumb":{"@id":"https:\/\/serbia.com\/srpski\/noc-pozorista-u-srbiji-od-20-do-22-novembra\/#breadcrumb"},"inLanguage":"srpski","potentialAction":[{"@type":"ReadAction","target":["https:\/\/serbia.com\/srpski\/noc-pozorista-u-srbiji-od-20-do-22-novembra\/"]}]},{"@type":"ImageObject","inLanguage":"srpski","@id":"https:\/\/serbia.com\/srpski\/noc-pozorista-u-srbiji-od-20-do-22-novembra\/#primaryimage","url":"https:\/\/serbia.com\/wp-content\/uploads\/2015\/11\/noc-pozorista.jpg","contentUrl":"https:\/\/serbia.com\/wp-content\/uploads\/2015\/11\/noc-pozorista.jpg","width":610,"height":395},{"@type":"BreadcrumbList","@id":"https:\/\/serbia.com\/srpski\/noc-pozorista-u-srbiji-od-20-do-22-novembra\/#breadcrumb","itemListElement":[{"@type":"ListItem","position":1,"name":"Home","item":"https:\/\/serbia.com\/srpski\/"},{"@type":"ListItem","position":2,"name":"No\u0107 pozori\u0161ta u Srbiji od 20. do 22. novembra"}]},{"@type":"WebSite","@id":"https:\/\/serbia.com\/#website","url":"https:\/\/serbia.com\/","name":"Serbia.com","description":"Your Gateway to Serbia","potentialAction":[{"@type":"SearchAction","target":{"@type":"EntryPoint","urlTemplate":"https:\/\/serbia.com\/?s={search_term_string}"},"query-input":{"@type":"PropertyValueSpecification","valueRequired":true,"valueName":"search_term_string"}}],"inLanguage":"srpski"},{"@type":"Person","@id":"https:\/\/serbia.com\/#\/schema\/person\/6fe28d3055f5f291d832531e555da490","name":"Serbia.com","image":{"@type":"ImageObject","inLanguage":"srpski","@id":"https:\/\/secure.gravatar.com\/avatar\/8381eb54f5b393857857cb5fd6c42264c9e14b10435326bc567fcc3511bd8df4?s=96&d=mm&r=g","url":"https:\/\/secure.gravatar.com\/avatar\/8381eb54f5b393857857cb5fd6c42264c9e14b10435326bc567fcc3511bd8df4?s=96&d=mm&r=g","contentUrl":"https:\/\/secure.gravatar.com\/avatar\/8381eb54f5b393857857cb5fd6c42264c9e14b10435326bc567fcc3511bd8df4?s=96&d=mm&r=g","caption":"Serbia.com"},"url":"https:\/\/serbia.com\/srpski\/author\/serbia-com\/"}]}},"brizy_media":[],"_links":{"self":[{"href":"https:\/\/serbia.com\/srpski\/wp-json\/wp\/v2\/posts\/37349","targetHints":{"allow":["GET"]}}],"collection":[{"href":"https:\/\/serbia.com\/srpski\/wp-json\/wp\/v2\/posts"}],"about":[{"href":"https:\/\/serbia.com\/srpski\/wp-json\/wp\/v2\/types\/post"}],"author":[{"embeddable":true,"href":"https:\/\/serbia.com\/srpski\/wp-json\/wp\/v2\/users\/9"}],"replies":[{"embeddable":true,"href":"https:\/\/serbia.com\/srpski\/wp-json\/wp\/v2\/comments?post=37349"}],"version-history":[{"count":0,"href":"https:\/\/serbia.com\/srpski\/wp-json\/wp\/v2\/posts\/37349\/revisions"}],"wp:featuredmedia":[{"embeddable":true,"href":"https:\/\/serbia.com\/srpski\/wp-json\/wp\/v2\/media\/37347"}],"wp:attachment":[{"href":"https:\/\/serbia.com\/srpski\/wp-json\/wp\/v2\/media?parent=37349"}],"wp:term":[{"taxonomy":"category","embeddable":true,"href":"https:\/\/serbia.com\/srpski\/wp-json\/wp\/v2\/categories?post=37349"},{"taxonomy":"post_tag","embeddable":true,"href":"https:\/\/serbia.com\/srpski\/wp-json\/wp\/v2\/tags?post=37349"}],"curies":[{"name":"wp","href":"https:\/\/api.w.org\/{rel}","templated":true}]}}