{"id":37247,"date":"2015-11-19T11:02:23","date_gmt":"2015-11-19T10:02:23","guid":{"rendered":"http:\/\/www.serbia.com\/srpski\/?p=37247"},"modified":"2015-11-19T11:02:34","modified_gmt":"2015-11-19T10:02:34","slug":"unhcr-srbija-i-makedonija-ogranicile-protok-migranata","status":"publish","type":"post","link":"https:\/\/serbia.com\/srpski\/unhcr-srbija-i-makedonija-ogranicile-protok-migranata\/","title":{"rendered":"UNHCR: Srbija i Makedonija ograni\u010dile protok migranata"},"content":{"rendered":"<h4 style=\"text-align: justify;\">Srbija i Makedonija su ograni\u010dile protok migranata, dozvoljavaju\u0107i prolaz samo Sirijcima, Ira\u010danima i Avganistancima, saop\u0161tio je danas UNHCR.<\/h4>\n<p style=\"text-align: justify;\">Portparolka UNHCR Melita \u0160unji\u0107 je izjavila da su migranti iz drugih zemalja vra\u0107eni, tako da je na stotine njih ostalo na granici.<\/p>\n<p style=\"text-align: justify;\">Prema njenim re\u010dima, Makedonija je tri sata posle pono\u0107i zatvorila granicu, a oko 100 ljudi je ostalo zarobljeno na ni\u010dijoj zemlji.<\/p>\n<p style=\"text-align: justify;\">Pozivaju\u0107i se na izjave svedoka, agencija Rojters navodi da je makedonska policija tokom no\u0107i po\u010dela da vra\u0107a migrante koji nisu iz Sirije, Iraka i Avganistana.<\/p>\n<p style=\"text-align: justify;\">&#8220;Od ju\u010de u 18 sati, Srbija je po\u010dela da u Makedoniju vra\u0107a sve koji nisu Sirijci, Ira\u010dani i Avganistanci&#8221;, navela je \u0160unji\u0107.<\/p>\n<p style=\"text-align: justify;\">Izvor: Tanjug<\/p>\n","protected":false},"excerpt":{"rendered":"<p>Srbija i Makedonija su ograni\u010dile protok migranata, dozvoljavaju\u0107i prolaz samo Sirijcima, Ira\u010danima i Avganistancima, saop\u0161tio je danas UNHCR. Portparolka UNHCR Melita \u0160unji\u0107 je izjavila da su migranti iz drugih zemalja [&hellip;]<\/p>\n","protected":false},"author":9,"featured_media":37245,"comment_status":"closed","ping_status":"closed","sticky":false,"template":"","format":"standard","meta":{"_acf_changed":false,"inline_featured_image":false,"_monsterinsights_skip_tracking":false,"_monsterinsights_sitenote_active":false,"_monsterinsights_sitenote_note":"","_monsterinsights_sitenote_category":0,"footnotes":""},"categories":[2700],"tags":[3904,3878],"class_list":["post-37247","post","type-post","status-publish","format-standard","has-post-thumbnail","hentry","category-vesti","tag-migranti","tag-migrantska-kriza"],"acf":[],"yoast_head":"<!-- This site is optimized with the Yoast SEO plugin v27.4 - https:\/\/yoast.com\/product\/yoast-seo-wordpress\/ -->\n<title>UNHCR: Srbija i Makedonija ograni\u010dile protok migranata - Serbia.com<\/title>\n<meta name=\"robots\" content=\"index, follow, max-snippet:-1, max-image-preview:large, max-video-preview:-1\" \/>\n<link rel=\"canonical\" href=\"https:\/\/serbia.com\/srpski\/unhcr-srbija-i-makedonija-ogranicile-protok-migranata\/\" \/>\n<meta property=\"og:locale\" content=\"en_US\" \/>\n<meta property=\"og:type\" content=\"article\" \/>\n<meta property=\"og:title\" content=\"UNHCR: Srbija i Makedonija ograni\u010dile protok migranata - Serbia.com\" \/>\n<meta property=\"og:description\" content=\"Srbija i Makedonija su ograni\u010dile protok migranata, dozvoljavaju\u0107i prolaz samo Sirijcima, Ira\u010danima i Avganistancima, saop\u0161tio je danas UNHCR. Portparolka UNHCR Melita \u0160unji\u0107 je izjavila da su migranti iz drugih zemalja [&hellip;]\" \/>\n<meta property=\"og:url\" content=\"https:\/\/serbia.com\/srpski\/unhcr-srbija-i-makedonija-ogranicile-protok-migranata\/\" \/>\n<meta property=\"og:site_name\" content=\"Serbia.com\" \/>\n<meta property=\"article:published_time\" content=\"2015-11-19T10:02:23+00:00\" \/>\n<meta property=\"article:modified_time\" content=\"2015-11-19T10:02:34+00:00\" \/>\n<meta property=\"og:image\" content=\"https:\/\/serbia.com\/wp-content\/uploads\/2015\/11\/Migranti-emigranti-imigranti-izbeglice-8-620x350.jpg\" \/>\n\t<meta property=\"og:image:width\" content=\"620\" \/>\n\t<meta property=\"og:image:height\" content=\"350\" \/>\n\t<meta property=\"og:image:type\" content=\"image\/jpeg\" \/>\n<meta name=\"author\" content=\"Serbia.com\" \/>\n<meta name=\"twitter:label1\" content=\"Written by\" \/>\n\t<meta name=\"twitter:data1\" content=\"Serbia.com\" \/>\n\t<meta name=\"twitter:label2\" content=\"Est. reading time\" \/>\n\t<meta name=\"twitter:data2\" content=\"1 minute\" \/>\n<script type=\"application\/ld+json\" class=\"yoast-schema-graph\">{\"@context\":\"https:\\\/\\\/schema.org\",\"@graph\":[{\"@type\":\"Article\",\"@id\":\"https:\\\/\\\/serbia.com\\\/srpski\\\/unhcr-srbija-i-makedonija-ogranicile-protok-migranata\\\/#article\",\"isPartOf\":{\"@id\":\"https:\\\/\\\/serbia.com\\\/srpski\\\/unhcr-srbija-i-makedonija-ogranicile-protok-migranata\\\/\"},\"author\":{\"name\":\"Serbia.com\",\"@id\":\"https:\\\/\\\/serbia.com\\\/#\\\/schema\\\/person\\\/6fe28d3055f5f291d832531e555da490\"},\"headline\":\"UNHCR: Srbija i Makedonija ograni\u010dile protok migranata\",\"datePublished\":\"2015-11-19T10:02:23+00:00\",\"dateModified\":\"2015-11-19T10:02:34+00:00\",\"mainEntityOfPage\":{\"@id\":\"https:\\\/\\\/serbia.com\\\/srpski\\\/unhcr-srbija-i-makedonija-ogranicile-protok-migranata\\\/\"},\"wordCount\":132,\"image\":{\"@id\":\"https:\\\/\\\/serbia.com\\\/srpski\\\/unhcr-srbija-i-makedonija-ogranicile-protok-migranata\\\/#primaryimage\"},\"thumbnailUrl\":\"https:\\\/\\\/serbia.com\\\/wp-content\\\/uploads\\\/2015\\\/11\\\/Migranti-emigranti-imigranti-izbeglice-8-620x350.jpg\",\"keywords\":[\"Migranti\",\"Migrantska kriza\"],\"articleSection\":[\"Vesti\"],\"inLanguage\":\"srpski\"},{\"@type\":\"WebPage\",\"@id\":\"https:\\\/\\\/serbia.com\\\/srpski\\\/unhcr-srbija-i-makedonija-ogranicile-protok-migranata\\\/\",\"url\":\"https:\\\/\\\/serbia.com\\\/srpski\\\/unhcr-srbija-i-makedonija-ogranicile-protok-migranata\\\/\",\"name\":\"UNHCR: Srbija i Makedonija ograni\u010dile protok migranata - Serbia.com\",\"isPartOf\":{\"@id\":\"https:\\\/\\\/serbia.com\\\/#website\"},\"primaryImageOfPage\":{\"@id\":\"https:\\\/\\\/serbia.com\\\/srpski\\\/unhcr-srbija-i-makedonija-ogranicile-protok-migranata\\\/#primaryimage\"},\"image\":{\"@id\":\"https:\\\/\\\/serbia.com\\\/srpski\\\/unhcr-srbija-i-makedonija-ogranicile-protok-migranata\\\/#primaryimage\"},\"thumbnailUrl\":\"https:\\\/\\\/serbia.com\\\/wp-content\\\/uploads\\\/2015\\\/11\\\/Migranti-emigranti-imigranti-izbeglice-8-620x350.jpg\",\"datePublished\":\"2015-11-19T10:02:23+00:00\",\"dateModified\":\"2015-11-19T10:02:34+00:00\",\"author\":{\"@id\":\"https:\\\/\\\/serbia.com\\\/#\\\/schema\\\/person\\\/6fe28d3055f5f291d832531e555da490\"},\"breadcrumb\":{\"@id\":\"https:\\\/\\\/serbia.com\\\/srpski\\\/unhcr-srbija-i-makedonija-ogranicile-protok-migranata\\\/#breadcrumb\"},\"inLanguage\":\"srpski\",\"potentialAction\":[{\"@type\":\"ReadAction\",\"target\":[\"https:\\\/\\\/serbia.com\\\/srpski\\\/unhcr-srbija-i-makedonija-ogranicile-protok-migranata\\\/\"]}]},{\"@type\":\"ImageObject\",\"inLanguage\":\"srpski\",\"@id\":\"https:\\\/\\\/serbia.com\\\/srpski\\\/unhcr-srbija-i-makedonija-ogranicile-protok-migranata\\\/#primaryimage\",\"url\":\"https:\\\/\\\/serbia.com\\\/wp-content\\\/uploads\\\/2015\\\/11\\\/Migranti-emigranti-imigranti-izbeglice-8-620x350.jpg\",\"contentUrl\":\"https:\\\/\\\/serbia.com\\\/wp-content\\\/uploads\\\/2015\\\/11\\\/Migranti-emigranti-imigranti-izbeglice-8-620x350.jpg\",\"width\":620,\"height\":350},{\"@type\":\"BreadcrumbList\",\"@id\":\"https:\\\/\\\/serbia.com\\\/srpski\\\/unhcr-srbija-i-makedonija-ogranicile-protok-migranata\\\/#breadcrumb\",\"itemListElement\":[{\"@type\":\"ListItem\",\"position\":1,\"name\":\"Home\",\"item\":\"https:\\\/\\\/serbia.com\\\/srpski\\\/srbija\\\/\"},{\"@type\":\"ListItem\",\"position\":2,\"name\":\"UNHCR: Srbija i Makedonija ograni\u010dile protok migranata\"}]},{\"@type\":\"WebSite\",\"@id\":\"https:\\\/\\\/serbia.com\\\/#website\",\"url\":\"https:\\\/\\\/serbia.com\\\/\",\"name\":\"Serbia.com\",\"description\":\"Your Gateway to Serbia\",\"potentialAction\":[{\"@type\":\"SearchAction\",\"target\":{\"@type\":\"EntryPoint\",\"urlTemplate\":\"https:\\\/\\\/serbia.com\\\/?s={search_term_string}\"},\"query-input\":{\"@type\":\"PropertyValueSpecification\",\"valueRequired\":true,\"valueName\":\"search_term_string\"}}],\"inLanguage\":\"srpski\"},{\"@type\":\"Person\",\"@id\":\"https:\\\/\\\/serbia.com\\\/#\\\/schema\\\/person\\\/6fe28d3055f5f291d832531e555da490\",\"name\":\"Serbia.com\",\"image\":{\"@type\":\"ImageObject\",\"inLanguage\":\"srpski\",\"@id\":\"https:\\\/\\\/secure.gravatar.com\\\/avatar\\\/8381eb54f5b393857857cb5fd6c42264c9e14b10435326bc567fcc3511bd8df4?s=96&d=mm&r=g\",\"url\":\"https:\\\/\\\/secure.gravatar.com\\\/avatar\\\/8381eb54f5b393857857cb5fd6c42264c9e14b10435326bc567fcc3511bd8df4?s=96&d=mm&r=g\",\"contentUrl\":\"https:\\\/\\\/secure.gravatar.com\\\/avatar\\\/8381eb54f5b393857857cb5fd6c42264c9e14b10435326bc567fcc3511bd8df4?s=96&d=mm&r=g\",\"caption\":\"Serbia.com\"},\"url\":\"https:\\\/\\\/serbia.com\\\/srpski\\\/author\\\/serbia-com\\\/\"}]}<\/script>\n<!-- \/ Yoast SEO plugin. -->","yoast_head_json":{"title":"UNHCR: Srbija i Makedonija ograni\u010dile protok migranata - Serbia.com","robots":{"index":"index","follow":"follow","max-snippet":"max-snippet:-1","max-image-preview":"max-image-preview:large","max-video-preview":"max-video-preview:-1"},"canonical":"https:\/\/serbia.com\/srpski\/unhcr-srbija-i-makedonija-ogranicile-protok-migranata\/","og_locale":"en_US","og_type":"article","og_title":"UNHCR: Srbija i Makedonija ograni\u010dile protok migranata - Serbia.com","og_description":"Srbija i Makedonija su ograni\u010dile protok migranata, dozvoljavaju\u0107i prolaz samo Sirijcima, Ira\u010danima i Avganistancima, saop\u0161tio je danas UNHCR. Portparolka UNHCR Melita \u0160unji\u0107 je izjavila da su migranti iz drugih zemalja [&hellip;]","og_url":"https:\/\/serbia.com\/srpski\/unhcr-srbija-i-makedonija-ogranicile-protok-migranata\/","og_site_name":"Serbia.com","article_published_time":"2015-11-19T10:02:23+00:00","article_modified_time":"2015-11-19T10:02:34+00:00","og_image":[{"width":620,"height":350,"url":"https:\/\/serbia.com\/wp-content\/uploads\/2015\/11\/Migranti-emigranti-imigranti-izbeglice-8-620x350.jpg","type":"image\/jpeg"}],"author":"Serbia.com","twitter_misc":{"Written by":"Serbia.com","Est. reading time":"1 minute"},"schema":{"@context":"https:\/\/schema.org","@graph":[{"@type":"Article","@id":"https:\/\/serbia.com\/srpski\/unhcr-srbija-i-makedonija-ogranicile-protok-migranata\/#article","isPartOf":{"@id":"https:\/\/serbia.com\/srpski\/unhcr-srbija-i-makedonija-ogranicile-protok-migranata\/"},"author":{"name":"Serbia.com","@id":"https:\/\/serbia.com\/#\/schema\/person\/6fe28d3055f5f291d832531e555da490"},"headline":"UNHCR: Srbija i Makedonija ograni\u010dile protok migranata","datePublished":"2015-11-19T10:02:23+00:00","dateModified":"2015-11-19T10:02:34+00:00","mainEntityOfPage":{"@id":"https:\/\/serbia.com\/srpski\/unhcr-srbija-i-makedonija-ogranicile-protok-migranata\/"},"wordCount":132,"image":{"@id":"https:\/\/serbia.com\/srpski\/unhcr-srbija-i-makedonija-ogranicile-protok-migranata\/#primaryimage"},"thumbnailUrl":"https:\/\/serbia.com\/wp-content\/uploads\/2015\/11\/Migranti-emigranti-imigranti-izbeglice-8-620x350.jpg","keywords":["Migranti","Migrantska kriza"],"articleSection":["Vesti"],"inLanguage":"srpski"},{"@type":"WebPage","@id":"https:\/\/serbia.com\/srpski\/unhcr-srbija-i-makedonija-ogranicile-protok-migranata\/","url":"https:\/\/serbia.com\/srpski\/unhcr-srbija-i-makedonija-ogranicile-protok-migranata\/","name":"UNHCR: Srbija i Makedonija ograni\u010dile protok migranata - Serbia.com","isPartOf":{"@id":"https:\/\/serbia.com\/#website"},"primaryImageOfPage":{"@id":"https:\/\/serbia.com\/srpski\/unhcr-srbija-i-makedonija-ogranicile-protok-migranata\/#primaryimage"},"image":{"@id":"https:\/\/serbia.com\/srpski\/unhcr-srbija-i-makedonija-ogranicile-protok-migranata\/#primaryimage"},"thumbnailUrl":"https:\/\/serbia.com\/wp-content\/uploads\/2015\/11\/Migranti-emigranti-imigranti-izbeglice-8-620x350.jpg","datePublished":"2015-11-19T10:02:23+00:00","dateModified":"2015-11-19T10:02:34+00:00","author":{"@id":"https:\/\/serbia.com\/#\/schema\/person\/6fe28d3055f5f291d832531e555da490"},"breadcrumb":{"@id":"https:\/\/serbia.com\/srpski\/unhcr-srbija-i-makedonija-ogranicile-protok-migranata\/#breadcrumb"},"inLanguage":"srpski","potentialAction":[{"@type":"ReadAction","target":["https:\/\/serbia.com\/srpski\/unhcr-srbija-i-makedonija-ogranicile-protok-migranata\/"]}]},{"@type":"ImageObject","inLanguage":"srpski","@id":"https:\/\/serbia.com\/srpski\/unhcr-srbija-i-makedonija-ogranicile-protok-migranata\/#primaryimage","url":"https:\/\/serbia.com\/wp-content\/uploads\/2015\/11\/Migranti-emigranti-imigranti-izbeglice-8-620x350.jpg","contentUrl":"https:\/\/serbia.com\/wp-content\/uploads\/2015\/11\/Migranti-emigranti-imigranti-izbeglice-8-620x350.jpg","width":620,"height":350},{"@type":"BreadcrumbList","@id":"https:\/\/serbia.com\/srpski\/unhcr-srbija-i-makedonija-ogranicile-protok-migranata\/#breadcrumb","itemListElement":[{"@type":"ListItem","position":1,"name":"Home","item":"https:\/\/serbia.com\/srpski\/srbija\/"},{"@type":"ListItem","position":2,"name":"UNHCR: Srbija i Makedonija ograni\u010dile protok migranata"}]},{"@type":"WebSite","@id":"https:\/\/serbia.com\/#website","url":"https:\/\/serbia.com\/","name":"Serbia.com","description":"Your Gateway to Serbia","potentialAction":[{"@type":"SearchAction","target":{"@type":"EntryPoint","urlTemplate":"https:\/\/serbia.com\/?s={search_term_string}"},"query-input":{"@type":"PropertyValueSpecification","valueRequired":true,"valueName":"search_term_string"}}],"inLanguage":"srpski"},{"@type":"Person","@id":"https:\/\/serbia.com\/#\/schema\/person\/6fe28d3055f5f291d832531e555da490","name":"Serbia.com","image":{"@type":"ImageObject","inLanguage":"srpski","@id":"https:\/\/secure.gravatar.com\/avatar\/8381eb54f5b393857857cb5fd6c42264c9e14b10435326bc567fcc3511bd8df4?s=96&d=mm&r=g","url":"https:\/\/secure.gravatar.com\/avatar\/8381eb54f5b393857857cb5fd6c42264c9e14b10435326bc567fcc3511bd8df4?s=96&d=mm&r=g","contentUrl":"https:\/\/secure.gravatar.com\/avatar\/8381eb54f5b393857857cb5fd6c42264c9e14b10435326bc567fcc3511bd8df4?s=96&d=mm&r=g","caption":"Serbia.com"},"url":"https:\/\/serbia.com\/srpski\/author\/serbia-com\/"}]}},"brizy_media":[],"_links":{"self":[{"href":"https:\/\/serbia.com\/srpski\/wp-json\/wp\/v2\/posts\/37247","targetHints":{"allow":["GET"]}}],"collection":[{"href":"https:\/\/serbia.com\/srpski\/wp-json\/wp\/v2\/posts"}],"about":[{"href":"https:\/\/serbia.com\/srpski\/wp-json\/wp\/v2\/types\/post"}],"author":[{"embeddable":true,"href":"https:\/\/serbia.com\/srpski\/wp-json\/wp\/v2\/users\/9"}],"replies":[{"embeddable":true,"href":"https:\/\/serbia.com\/srpski\/wp-json\/wp\/v2\/comments?post=37247"}],"version-history":[{"count":0,"href":"https:\/\/serbia.com\/srpski\/wp-json\/wp\/v2\/posts\/37247\/revisions"}],"wp:featuredmedia":[{"embeddable":true,"href":"https:\/\/serbia.com\/srpski\/wp-json\/wp\/v2\/media\/37245"}],"wp:attachment":[{"href":"https:\/\/serbia.com\/srpski\/wp-json\/wp\/v2\/media?parent=37247"}],"wp:term":[{"taxonomy":"category","embeddable":true,"href":"https:\/\/serbia.com\/srpski\/wp-json\/wp\/v2\/categories?post=37247"},{"taxonomy":"post_tag","embeddable":true,"href":"https:\/\/serbia.com\/srpski\/wp-json\/wp\/v2\/tags?post=37247"}],"curies":[{"name":"wp","href":"https:\/\/api.w.org\/{rel}","templated":true}]}}