{"id":36160,"date":"2015-10-23T17:01:46","date_gmt":"2015-10-23T15:01:46","guid":{"rendered":"http:\/\/www.serbia.com\/srpski\/?p=36160"},"modified":"2019-08-14T18:06:30","modified_gmt":"2019-08-14T16:06:30","slug":"8-srpskih-cuda-prirode","status":"publish","type":"post","link":"https:\/\/serbia.com\/srpski\/8-srpskih-cuda-prirode\/","title":{"rendered":"8 srpskih \u010duda prirode"},"content":{"rendered":"<h4>Fascinantni kanjoni, neobi\u010dni meandri, impozantni izvori, nesvakida\u0161nja jezera&#8230; Priroda je tvorac nekih od najneverovatnijih, najinteresantnjih i najjedinstvenijih tvorevina na planeti. Ovo su neka od njenih naj\u010dudesnih dela u Srbiji!<\/h4>\n<h4><strong>1. Vra\u017eji kamen<\/strong><\/h4>\n<p><img loading=\"lazy\" decoding=\"async\" class=\"aligncenter size-full wp-image-36118\" src=\"http:\/\/www.serbia.com\/wp-content\/uploads\/2015\/10\/98-Vraz\u00a6\u00eeji-kamen.jpg\" alt=\"98-Vraz\u00a6\u00eeji-kamen\" width=\"800\" height=\"533\" srcset=\"https:\/\/serbia.com\/wp-content\/uploads\/2015\/10\/98-Vraz\u00a6\u00eeji-kamen.jpg 800w, https:\/\/serbia.com\/wp-content\/uploads\/2015\/10\/98-Vraz\u00a6\u00eeji-kamen-768x512.jpg 768w, https:\/\/serbia.com\/wp-content\/uploads\/2015\/10\/98-Vraz\u00a6\u00eeji-kamen-760x506.jpg 760w, https:\/\/serbia.com\/wp-content\/uploads\/2015\/10\/98-Vraz\u00a6\u00eeji-kamen-750x500.jpg 750w, https:\/\/serbia.com\/wp-content\/uploads\/2015\/10\/98-Vraz\u00a6\u00eeji-kamen-300x200.jpg 300w\" sizes=\"auto, (max-width: 800px) 100vw, 800px\" \/><\/p>\n<h4><\/h4>\n<h4><\/h4>\n<h4><strong>2. Krupajsko vrelo<\/strong><\/h4>\n<p><img loading=\"lazy\" decoding=\"async\" class=\"aligncenter size-full wp-image-36120\" src=\"http:\/\/www.serbia.com\/wp-content\/uploads\/2015\/10\/krupajsko-vrelo-test-final.jpg\" alt=\"krupajsko-vrelo-test final\" width=\"800\" height=\"463\" srcset=\"https:\/\/serbia.com\/wp-content\/uploads\/2015\/10\/krupajsko-vrelo-test-final.jpg 800w, https:\/\/serbia.com\/wp-content\/uploads\/2015\/10\/krupajsko-vrelo-test-final-300x174.jpg 300w\" sizes=\"auto, (max-width: 800px) 100vw, 800px\" \/><\/p>\n<h4><strong>3. Prerasti Vratne<\/strong><\/h4>\n<p><img loading=\"lazy\" decoding=\"async\" class=\"aligncenter size-full wp-image-36122\" src=\"http:\/\/www.serbia.com\/wp-content\/uploads\/2015\/10\/Suva_prerast2-final.jpg\" alt=\"Suva_prerast2 final\" width=\"800\" height=\"525\" srcset=\"https:\/\/serbia.com\/wp-content\/uploads\/2015\/10\/Suva_prerast2-final.jpg 800w, https:\/\/serbia.com\/wp-content\/uploads\/2015\/10\/Suva_prerast2-final-300x197.jpg 300w\" sizes=\"auto, (max-width: 800px) 100vw, 800px\" \/><\/p>\n<h4><strong>4. <a href=\"http:\/\/www.serbia.com\/srpski\/posetite-srbiju\/sta-videti\/prirodne-lepote\/jedinstvena-priroda\/tiski-cvet\/\" target=\"_blank\" rel=\"noopener noreferrer\">Cvetanje Tise<\/a><\/strong><\/h4>\n<p><img loading=\"lazy\" decoding=\"async\" class=\"aligncenter size-full wp-image-36126\" src=\"http:\/\/www.serbia.com\/wp-content\/uploads\/2015\/10\/cvetanje-tise-final.jpg\" alt=\"cvetanje tise final\" width=\"800\" height=\"449\" srcset=\"https:\/\/serbia.com\/wp-content\/uploads\/2015\/10\/cvetanje-tise-final.jpg 800w, https:\/\/serbia.com\/wp-content\/uploads\/2015\/10\/cvetanje-tise-final-300x168.jpg 300w\" sizes=\"auto, (max-width: 800px) 100vw, 800px\" \/><\/p>\n<h4><strong>5. <a href=\"http:\/\/www.serbia.com\/srpski\/posetite-srbiju\/sta-videti\/prirodne-lepote\/jedinstvena-priroda\/davolja-varos\/\" target=\"_blank\" rel=\"noopener noreferrer\">\u0110avolja varo\u0161<\/a><\/strong><\/h4>\n<p><img loading=\"lazy\" decoding=\"async\" class=\"aligncenter size-full wp-image-36128\" src=\"http:\/\/www.serbia.com\/wp-content\/uploads\/2015\/10\/Djavolja-varos-2111-final.jpg\" alt=\"Djavolja varos (2)111 final\" width=\"800\" height=\"467\" srcset=\"https:\/\/serbia.com\/wp-content\/uploads\/2015\/10\/Djavolja-varos-2111-final.jpg 800w, https:\/\/serbia.com\/wp-content\/uploads\/2015\/10\/Djavolja-varos-2111-final-300x175.jpg 300w\" sizes=\"auto, (max-width: 800px) 100vw, 800px\" \/><\/p>\n<h4><strong>6. <a href=\"http:\/\/www.serbia.com\/srpski\/posetite-srbiju\/sta-videti\/prirodne-lepote\/jedinstvena-priroda\/uvac-remek-delo-prirode\/\" target=\"_blank\" rel=\"noopener noreferrer\">Uvac<\/a><\/strong><\/h4>\n<p><img loading=\"lazy\" decoding=\"async\" class=\"aligncenter size-full wp-image-36130\" src=\"http:\/\/www.serbia.com\/wp-content\/uploads\/2015\/10\/uvac-final.jpg\" alt=\"uvac final\" width=\"800\" height=\"407\" srcset=\"https:\/\/serbia.com\/wp-content\/uploads\/2015\/10\/uvac-final.jpg 800w, https:\/\/serbia.com\/wp-content\/uploads\/2015\/10\/uvac-final-300x153.jpg 300w\" sizes=\"auto, (max-width: 800px) 100vw, 800px\" \/><\/p>\n<h4><strong>7. <a href=\"http:\/\/www.serbia.com\/srpski\/posetite-srbiju\/sta-videti\/prirodne-lepote\/jedinstvena-priroda\/deliblatska-pescara-evropska-sahara\/\" target=\"_blank\" rel=\"noopener noreferrer\">Deliblatska pe\u0161\u010dara<\/a><\/strong><\/h4>\n<figure id=\"attachment_36132\" aria-describedby=\"caption-attachment-36132\" style=\"width: 800px\" class=\"wp-caption aligncenter\"><img loading=\"lazy\" decoding=\"async\" class=\"wp-image-36132 size-full\" src=\"http:\/\/www.serbia.com\/wp-content\/uploads\/2015\/10\/Deliblatska-pes\u00a6\u00eec\u00a6\u00eeara1-final.jpg\" alt=\"Deliblatska-pes\u00a6\u00eec\u00a6\u00eeara1 final\" width=\"800\" height=\"421\" srcset=\"https:\/\/serbia.com\/wp-content\/uploads\/2015\/10\/Deliblatska-pes\u00a6\u00eec\u00a6\u00eeara1-final.jpg 800w, https:\/\/serbia.com\/wp-content\/uploads\/2015\/10\/Deliblatska-pes\u00a6\u00eec\u00a6\u00eeara1-final-300x158.jpg 300w\" sizes=\"auto, (max-width: 800px) 100vw, 800px\" \/><figcaption id=\"caption-attachment-36132\" class=\"wp-caption-text\">Foto Dragoljub Zamurovic<\/figcaption><\/figure>\n<h4><strong>8. <a href=\"http:\/\/www.serbia.com\/srpski\/posetite-srbiju\/sta-videti\/prirodne-lepote\/reke-i-jezera\/vlasinsko-jezero-otkrijte-plutajuca-ostrva\/\" target=\"_blank\" rel=\"noopener noreferrer\">Vlasinsko jezero<\/a><\/strong><\/h4>\n<p><img loading=\"lazy\" decoding=\"async\" class=\"aligncenter size-full wp-image-36134\" src=\"http:\/\/www.serbia.com\/wp-content\/uploads\/2015\/10\/Vlasinsko-jezero1-final.jpg\" alt=\"Vlasinsko-jezero1 final\" width=\"800\" height=\"413\" srcset=\"https:\/\/serbia.com\/wp-content\/uploads\/2015\/10\/Vlasinsko-jezero1-final.jpg 800w, https:\/\/serbia.com\/wp-content\/uploads\/2015\/10\/Vlasinsko-jezero1-final-300x155.jpg 300w\" sizes=\"auto, (max-width: 800px) 100vw, 800px\" \/>Vlasinsko jezero &#8211; Foto Dragoljub Zamurovic<\/p>\n","protected":false},"excerpt":{"rendered":"<p>Fascinantni kanjoni, neobi\u010dni meandri, impozantni izvori, nesvakida\u0161nja jezera&#8230; Priroda je tvorac nekih od najneverovatnijih, najinteresantnjih i najjedinstvenijih tvorevina na planeti. Ovo su neka od njenih naj\u010dudesnih dela u Srbiji! 1. [&hellip;]<\/p>\n","protected":false},"author":27,"featured_media":36118,"comment_status":"closed","ping_status":"closed","sticky":false,"template":"","format":"image","meta":{"_acf_changed":false,"inline_featured_image":false,"_monsterinsights_skip_tracking":false,"_monsterinsights_sitenote_active":false,"_monsterinsights_sitenote_note":"","_monsterinsights_sitenote_category":0,"footnotes":""},"categories":[2846,1661,2818,18],"tags":[2520,3785,718,720,3783,3389,643,3784,3782],"class_list":["post-36160","post","type-post","status-publish","format-image","has-post-thumbnail","hentry","category-istaknuto","category-jedinstvena-priroda-prirodne-lepote-sta-posetiti","category-poseti-srbiju","category-uncategorized","tag-barovi","tag-cvetanje-tise","tag-deliblatska-pescara","tag-davolja-varos","tag-krupajsko-vrelo","tag-uvac","tag-vlasinsko-jezero","tag-vratna","tag-vrazji-kamen","post_format-post-format-image"],"acf":[],"yoast_head":"<!-- This site is optimized with the Yoast SEO plugin v27.4 - https:\/\/yoast.com\/product\/yoast-seo-wordpress\/ -->\n<title>8 srpskih \u010duda prirode - Serbia.com<\/title>\n<meta name=\"robots\" content=\"index, follow, max-snippet:-1, max-image-preview:large, max-video-preview:-1\" \/>\n<link rel=\"canonical\" href=\"https:\/\/serbia.com\/srpski\/8-srpskih-cuda-prirode\/\" \/>\n<meta property=\"og:locale\" content=\"en_US\" \/>\n<meta property=\"og:type\" content=\"article\" \/>\n<meta property=\"og:title\" content=\"8 srpskih \u010duda prirode - Serbia.com\" \/>\n<meta property=\"og:description\" content=\"Fascinantni kanjoni, neobi\u010dni meandri, impozantni izvori, nesvakida\u0161nja jezera&#8230; Priroda je tvorac nekih od najneverovatnijih, najinteresantnjih i najjedinstvenijih tvorevina na planeti. Ovo su neka od njenih naj\u010dudesnih dela u Srbiji! 1. [&hellip;]\" \/>\n<meta property=\"og:url\" content=\"https:\/\/serbia.com\/srpski\/8-srpskih-cuda-prirode\/\" \/>\n<meta property=\"og:site_name\" content=\"Serbia.com\" \/>\n<meta property=\"article:published_time\" content=\"2015-10-23T15:01:46+00:00\" \/>\n<meta property=\"article:modified_time\" content=\"2019-08-14T16:06:30+00:00\" \/>\n<meta property=\"og:image\" content=\"https:\/\/serbia.com\/wp-content\/uploads\/2015\/10\/98-Vraz\u00a6\u00eeji-kamen.jpg\" \/>\n\t<meta property=\"og:image:width\" content=\"800\" \/>\n\t<meta property=\"og:image:height\" content=\"533\" \/>\n\t<meta property=\"og:image:type\" content=\"image\/jpeg\" \/>\n<meta name=\"author\" content=\"Ivona Lekan\" \/>\n<meta name=\"twitter:label1\" content=\"Written by\" \/>\n\t<meta name=\"twitter:data1\" content=\"Ivona Lekan\" \/>\n<script type=\"application\/ld+json\" class=\"yoast-schema-graph\">{\"@context\":\"https:\\\/\\\/schema.org\",\"@graph\":[{\"@type\":\"Article\",\"@id\":\"https:\\\/\\\/serbia.com\\\/srpski\\\/8-srpskih-cuda-prirode\\\/#article\",\"isPartOf\":{\"@id\":\"https:\\\/\\\/serbia.com\\\/srpski\\\/8-srpskih-cuda-prirode\\\/\"},\"author\":{\"name\":\"Ivona Lekan\",\"@id\":\"https:\\\/\\\/serbia.com\\\/#\\\/schema\\\/person\\\/954f6599db4406bd5f2e8384659bdc33\"},\"headline\":\"8 srpskih \u010duda prirode\",\"datePublished\":\"2015-10-23T15:01:46+00:00\",\"dateModified\":\"2019-08-14T16:06:30+00:00\",\"mainEntityOfPage\":{\"@id\":\"https:\\\/\\\/serbia.com\\\/srpski\\\/8-srpskih-cuda-prirode\\\/\"},\"wordCount\":68,\"image\":{\"@id\":\"https:\\\/\\\/serbia.com\\\/srpski\\\/8-srpskih-cuda-prirode\\\/#primaryimage\"},\"thumbnailUrl\":\"https:\\\/\\\/serbia.com\\\/wp-content\\\/uploads\\\/2015\\\/10\\\/98-Vraz\u00a6\u00eeji-kamen.jpg\",\"keywords\":[\"Barovi\",\"Cvetanje Tise\",\"Deliblatska pe\u0161\u010dara\",\"\u0110avolja varo\u0161\",\"Krupajsko vrelo\",\"Uvac\",\"Vlasinsko jezero\",\"Vratna\",\"Vra\u017eji kamen\"],\"articleSection\":[\"Istaknuto\",\"Jedinstvena priroda\",\"Poseti Srbiju\"],\"inLanguage\":\"srpski\"},{\"@type\":\"WebPage\",\"@id\":\"https:\\\/\\\/serbia.com\\\/srpski\\\/8-srpskih-cuda-prirode\\\/\",\"url\":\"https:\\\/\\\/serbia.com\\\/srpski\\\/8-srpskih-cuda-prirode\\\/\",\"name\":\"8 srpskih \u010duda prirode - Serbia.com\",\"isPartOf\":{\"@id\":\"https:\\\/\\\/serbia.com\\\/#website\"},\"primaryImageOfPage\":{\"@id\":\"https:\\\/\\\/serbia.com\\\/srpski\\\/8-srpskih-cuda-prirode\\\/#primaryimage\"},\"image\":{\"@id\":\"https:\\\/\\\/serbia.com\\\/srpski\\\/8-srpskih-cuda-prirode\\\/#primaryimage\"},\"thumbnailUrl\":\"https:\\\/\\\/serbia.com\\\/wp-content\\\/uploads\\\/2015\\\/10\\\/98-Vraz\u00a6\u00eeji-kamen.jpg\",\"datePublished\":\"2015-10-23T15:01:46+00:00\",\"dateModified\":\"2019-08-14T16:06:30+00:00\",\"author\":{\"@id\":\"https:\\\/\\\/serbia.com\\\/#\\\/schema\\\/person\\\/954f6599db4406bd5f2e8384659bdc33\"},\"breadcrumb\":{\"@id\":\"https:\\\/\\\/serbia.com\\\/srpski\\\/8-srpskih-cuda-prirode\\\/#breadcrumb\"},\"inLanguage\":\"srpski\",\"potentialAction\":[{\"@type\":\"ReadAction\",\"target\":[\"https:\\\/\\\/serbia.com\\\/srpski\\\/8-srpskih-cuda-prirode\\\/\"]}]},{\"@type\":\"ImageObject\",\"inLanguage\":\"srpski\",\"@id\":\"https:\\\/\\\/serbia.com\\\/srpski\\\/8-srpskih-cuda-prirode\\\/#primaryimage\",\"url\":\"https:\\\/\\\/serbia.com\\\/wp-content\\\/uploads\\\/2015\\\/10\\\/98-Vraz\u00a6\u00eeji-kamen.jpg\",\"contentUrl\":\"https:\\\/\\\/serbia.com\\\/wp-content\\\/uploads\\\/2015\\\/10\\\/98-Vraz\u00a6\u00eeji-kamen.jpg\",\"width\":800,\"height\":533},{\"@type\":\"BreadcrumbList\",\"@id\":\"https:\\\/\\\/serbia.com\\\/srpski\\\/8-srpskih-cuda-prirode\\\/#breadcrumb\",\"itemListElement\":[{\"@type\":\"ListItem\",\"position\":1,\"name\":\"Home\",\"item\":\"https:\\\/\\\/serbia.com\\\/srpski\\\/srbija\\\/\"},{\"@type\":\"ListItem\",\"position\":2,\"name\":\"8 srpskih \u010duda prirode\"}]},{\"@type\":\"WebSite\",\"@id\":\"https:\\\/\\\/serbia.com\\\/#website\",\"url\":\"https:\\\/\\\/serbia.com\\\/\",\"name\":\"Serbia.com\",\"description\":\"Your Gateway to Serbia\",\"potentialAction\":[{\"@type\":\"SearchAction\",\"target\":{\"@type\":\"EntryPoint\",\"urlTemplate\":\"https:\\\/\\\/serbia.com\\\/?s={search_term_string}\"},\"query-input\":{\"@type\":\"PropertyValueSpecification\",\"valueRequired\":true,\"valueName\":\"search_term_string\"}}],\"inLanguage\":\"srpski\"},{\"@type\":\"Person\",\"@id\":\"https:\\\/\\\/serbia.com\\\/#\\\/schema\\\/person\\\/954f6599db4406bd5f2e8384659bdc33\",\"name\":\"Ivona Lekan\",\"image\":{\"@type\":\"ImageObject\",\"inLanguage\":\"srpski\",\"@id\":\"https:\\\/\\\/secure.gravatar.com\\\/avatar\\\/4eba414fa53ccc3824d6c0254e6c3425ccdebeb4c72580208b23386c071b50b2?s=96&d=mm&r=g\",\"url\":\"https:\\\/\\\/secure.gravatar.com\\\/avatar\\\/4eba414fa53ccc3824d6c0254e6c3425ccdebeb4c72580208b23386c071b50b2?s=96&d=mm&r=g\",\"contentUrl\":\"https:\\\/\\\/secure.gravatar.com\\\/avatar\\\/4eba414fa53ccc3824d6c0254e6c3425ccdebeb4c72580208b23386c071b50b2?s=96&d=mm&r=g\",\"caption\":\"Ivona Lekan\"},\"url\":\"https:\\\/\\\/serbia.com\\\/srpski\\\/author\\\/ivondivine\\\/\"}]}<\/script>\n<!-- \/ Yoast SEO plugin. -->","yoast_head_json":{"title":"8 srpskih \u010duda prirode - Serbia.com","robots":{"index":"index","follow":"follow","max-snippet":"max-snippet:-1","max-image-preview":"max-image-preview:large","max-video-preview":"max-video-preview:-1"},"canonical":"https:\/\/serbia.com\/srpski\/8-srpskih-cuda-prirode\/","og_locale":"en_US","og_type":"article","og_title":"8 srpskih \u010duda prirode - Serbia.com","og_description":"Fascinantni kanjoni, neobi\u010dni meandri, impozantni izvori, nesvakida\u0161nja jezera&#8230; Priroda je tvorac nekih od najneverovatnijih, najinteresantnjih i najjedinstvenijih tvorevina na planeti. Ovo su neka od njenih naj\u010dudesnih dela u Srbiji! 1. [&hellip;]","og_url":"https:\/\/serbia.com\/srpski\/8-srpskih-cuda-prirode\/","og_site_name":"Serbia.com","article_published_time":"2015-10-23T15:01:46+00:00","article_modified_time":"2019-08-14T16:06:30+00:00","og_image":[{"width":800,"height":533,"url":"https:\/\/serbia.com\/wp-content\/uploads\/2015\/10\/98-Vraz\u00a6\u00eeji-kamen.jpg","type":"image\/jpeg"}],"author":"Ivona Lekan","twitter_misc":{"Written by":"Ivona Lekan"},"schema":{"@context":"https:\/\/schema.org","@graph":[{"@type":"Article","@id":"https:\/\/serbia.com\/srpski\/8-srpskih-cuda-prirode\/#article","isPartOf":{"@id":"https:\/\/serbia.com\/srpski\/8-srpskih-cuda-prirode\/"},"author":{"name":"Ivona Lekan","@id":"https:\/\/serbia.com\/#\/schema\/person\/954f6599db4406bd5f2e8384659bdc33"},"headline":"8 srpskih \u010duda prirode","datePublished":"2015-10-23T15:01:46+00:00","dateModified":"2019-08-14T16:06:30+00:00","mainEntityOfPage":{"@id":"https:\/\/serbia.com\/srpski\/8-srpskih-cuda-prirode\/"},"wordCount":68,"image":{"@id":"https:\/\/serbia.com\/srpski\/8-srpskih-cuda-prirode\/#primaryimage"},"thumbnailUrl":"https:\/\/serbia.com\/wp-content\/uploads\/2015\/10\/98-Vraz\u00a6\u00eeji-kamen.jpg","keywords":["Barovi","Cvetanje Tise","Deliblatska pe\u0161\u010dara","\u0110avolja varo\u0161","Krupajsko vrelo","Uvac","Vlasinsko jezero","Vratna","Vra\u017eji kamen"],"articleSection":["Istaknuto","Jedinstvena priroda","Poseti Srbiju"],"inLanguage":"srpski"},{"@type":"WebPage","@id":"https:\/\/serbia.com\/srpski\/8-srpskih-cuda-prirode\/","url":"https:\/\/serbia.com\/srpski\/8-srpskih-cuda-prirode\/","name":"8 srpskih \u010duda prirode - Serbia.com","isPartOf":{"@id":"https:\/\/serbia.com\/#website"},"primaryImageOfPage":{"@id":"https:\/\/serbia.com\/srpski\/8-srpskih-cuda-prirode\/#primaryimage"},"image":{"@id":"https:\/\/serbia.com\/srpski\/8-srpskih-cuda-prirode\/#primaryimage"},"thumbnailUrl":"https:\/\/serbia.com\/wp-content\/uploads\/2015\/10\/98-Vraz\u00a6\u00eeji-kamen.jpg","datePublished":"2015-10-23T15:01:46+00:00","dateModified":"2019-08-14T16:06:30+00:00","author":{"@id":"https:\/\/serbia.com\/#\/schema\/person\/954f6599db4406bd5f2e8384659bdc33"},"breadcrumb":{"@id":"https:\/\/serbia.com\/srpski\/8-srpskih-cuda-prirode\/#breadcrumb"},"inLanguage":"srpski","potentialAction":[{"@type":"ReadAction","target":["https:\/\/serbia.com\/srpski\/8-srpskih-cuda-prirode\/"]}]},{"@type":"ImageObject","inLanguage":"srpski","@id":"https:\/\/serbia.com\/srpski\/8-srpskih-cuda-prirode\/#primaryimage","url":"https:\/\/serbia.com\/wp-content\/uploads\/2015\/10\/98-Vraz\u00a6\u00eeji-kamen.jpg","contentUrl":"https:\/\/serbia.com\/wp-content\/uploads\/2015\/10\/98-Vraz\u00a6\u00eeji-kamen.jpg","width":800,"height":533},{"@type":"BreadcrumbList","@id":"https:\/\/serbia.com\/srpski\/8-srpskih-cuda-prirode\/#breadcrumb","itemListElement":[{"@type":"ListItem","position":1,"name":"Home","item":"https:\/\/serbia.com\/srpski\/srbija\/"},{"@type":"ListItem","position":2,"name":"8 srpskih \u010duda prirode"}]},{"@type":"WebSite","@id":"https:\/\/serbia.com\/#website","url":"https:\/\/serbia.com\/","name":"Serbia.com","description":"Your Gateway to Serbia","potentialAction":[{"@type":"SearchAction","target":{"@type":"EntryPoint","urlTemplate":"https:\/\/serbia.com\/?s={search_term_string}"},"query-input":{"@type":"PropertyValueSpecification","valueRequired":true,"valueName":"search_term_string"}}],"inLanguage":"srpski"},{"@type":"Person","@id":"https:\/\/serbia.com\/#\/schema\/person\/954f6599db4406bd5f2e8384659bdc33","name":"Ivona Lekan","image":{"@type":"ImageObject","inLanguage":"srpski","@id":"https:\/\/secure.gravatar.com\/avatar\/4eba414fa53ccc3824d6c0254e6c3425ccdebeb4c72580208b23386c071b50b2?s=96&d=mm&r=g","url":"https:\/\/secure.gravatar.com\/avatar\/4eba414fa53ccc3824d6c0254e6c3425ccdebeb4c72580208b23386c071b50b2?s=96&d=mm&r=g","contentUrl":"https:\/\/secure.gravatar.com\/avatar\/4eba414fa53ccc3824d6c0254e6c3425ccdebeb4c72580208b23386c071b50b2?s=96&d=mm&r=g","caption":"Ivona Lekan"},"url":"https:\/\/serbia.com\/srpski\/author\/ivondivine\/"}]}},"brizy_media":[],"_links":{"self":[{"href":"https:\/\/serbia.com\/srpski\/wp-json\/wp\/v2\/posts\/36160","targetHints":{"allow":["GET"]}}],"collection":[{"href":"https:\/\/serbia.com\/srpski\/wp-json\/wp\/v2\/posts"}],"about":[{"href":"https:\/\/serbia.com\/srpski\/wp-json\/wp\/v2\/types\/post"}],"author":[{"embeddable":true,"href":"https:\/\/serbia.com\/srpski\/wp-json\/wp\/v2\/users\/27"}],"replies":[{"embeddable":true,"href":"https:\/\/serbia.com\/srpski\/wp-json\/wp\/v2\/comments?post=36160"}],"version-history":[{"count":0,"href":"https:\/\/serbia.com\/srpski\/wp-json\/wp\/v2\/posts\/36160\/revisions"}],"wp:featuredmedia":[{"embeddable":true,"href":"https:\/\/serbia.com\/srpski\/wp-json\/wp\/v2\/media\/36118"}],"wp:attachment":[{"href":"https:\/\/serbia.com\/srpski\/wp-json\/wp\/v2\/media?parent=36160"}],"wp:term":[{"taxonomy":"category","embeddable":true,"href":"https:\/\/serbia.com\/srpski\/wp-json\/wp\/v2\/categories?post=36160"},{"taxonomy":"post_tag","embeddable":true,"href":"https:\/\/serbia.com\/srpski\/wp-json\/wp\/v2\/tags?post=36160"}],"curies":[{"name":"wp","href":"https:\/\/api.w.org\/{rel}","templated":true}]}}