{"id":34640,"date":"2015-07-03T11:53:36","date_gmt":"2015-07-03T09:53:36","guid":{"rendered":"http:\/\/www.serbia.com\/?p=34640"},"modified":"2015-07-03T11:53:36","modified_gmt":"2015-07-03T09:53:36","slug":"pet-razloga-zbog-kojih-morate-da-posetite-srbiju-u-julu","status":"publish","type":"post","link":"https:\/\/serbia.com\/srpski\/pet-razloga-zbog-kojih-morate-da-posetite-srbiju-u-julu\/","title":{"rendered":"Pet razloga zbog kojih morate da posetite Srbiju u julu"},"content":{"rendered":"<h4>Prepustite se neodoljivim zvucima najbolje muzike, pustite da vas ponesu nemirni slapovi srpskih reka ili u\u017eivajte u mirisu poko\u0161ene trave i tradicionalne doma\u0107e kuhinje\u2026 Jul u Srbiji je mesec sjajnog provoda, umetnosti i najboljih manefestacija koje jednostavno ne smete da propustite. Odabrali smo pet najzanimljivijih za vas!<\/h4>\n<p><strong>EXIT festival (10-12 Jul)<\/strong><\/p>\n<p>I ove godine o\u010dekuje vas neverovatna letnja avantura na <a href=\"http:\/\/www.serbia.com\/srpski\/posetite-srbiju\/sta-raditi\/festivali-i-manifestacije\/exit-festival-najbolji-u-regionu\/\">najve\u0107em festivalu Jugosito\u010dne Evrope<\/a>, EXIT-u! Magi\u010dna <strong><a href=\"http:\/\/www.serbia.com\/srpski\/posetite-srbiju\/sta-videti\/kulturne-atrakcije\/dvorci-i-tvrdave\/petrovaradinska-tvrdava-gibraltar-na-dunavu\/\">Petrovaradinska<\/a> srednjovekovna tvr\u0111ava<\/strong> na obali <a href=\"http:\/\/www.serbia.com\/srpski\/posetite-srbiju\/sta-videti\/prirodne-lepote\/reke-i-jezera\/dunav-mesto-spajanja-i-razdvajanja\/\">Dunava<\/a> pretvara se u mesto gde uz muziku najpoznatijih imena svetske i doma\u0107e scene, na hiljade ljudi \u0111uska u istom ritmu.<\/p>\n<p><img loading=\"lazy\" decoding=\"async\" class=\"aligncenter size-full wp-image-34625\" src=\"http:\/\/www.serbia.com\/wp-content\/uploads\/2015\/07\/exit2015.jpg\" alt=\"exit2015\" width=\"685\" height=\"365\" srcset=\"https:\/\/serbia.com\/wp-content\/uploads\/2015\/07\/exit2015.jpg 685w, https:\/\/serbia.com\/wp-content\/uploads\/2015\/07\/exit2015-300x160.jpg 300w\" sizes=\"auto, (max-width: 685px) 100vw, 685px\" \/><\/p>\n<p>\u010cetiri dana neprestane zabave, preko 500 izvo\u0111a\u010da, 20 bina i mnogo iznena\u0111enja, samo su neki od razloga za\u0161to morate posetiti ovogodi\u0161nji EXIT festival. Zbog jedinstvene atmosfere i nezaboravnog provoda, EXIT je progla\u0161en i <a href=\"http:\/\/www.serbia.com\/srpski\/exit-festival-proglasen-za-najbolji-evropski-festival\/\"><strong>najboljim evropskim festivalom za 2013. godinu.<\/strong> <\/a><\/p>\n<p>Vi\u0161e informacija: <a href=\"http:\/\/www.exitfest.org\/sr\">http:\/\/www.exitfest.org\/sr<\/a><\/p>\n<p><strong>Kosidba na Rajcu (17-19 Jul)<\/strong><\/p>\n<p>Manifestacija koja od 1965. godine okuplja ve\u0161te kosa\u010de, vodono\u0161e, truba\u010de ali i znati\u017eeljne posetioce,<strong> \u010duvar je srpske tradicije i obi\u010daja<\/strong>. Takmi\u010denje kosa\u010da na planinskim livadama Rajca , tradicionalni kulturno-umetni\u010dki program, narodno prelo i izlo\u017ebu poljoprivredne mehanizacije, svake godine poseti vi\u0161e od 10.000 doma\u0107ih i stranih turista.<\/p>\n<p><img loading=\"lazy\" decoding=\"async\" class=\"aligncenter wp-image-34627\" src=\"http:\/\/www.serbia.com\/wp-content\/uploads\/2015\/07\/kosidba-na-rajcu.jpg\" alt=\"kosidba-na-rajcu\" width=\"685\" height=\"362\" srcset=\"https:\/\/serbia.com\/wp-content\/uploads\/2015\/07\/kosidba-na-rajcu.jpg 700w, https:\/\/serbia.com\/wp-content\/uploads\/2015\/07\/kosidba-na-rajcu-300x159.jpg 300w\" sizes=\"auto, (max-width: 685px) 100vw, 685px\" \/><\/p>\n<p>&nbsp;<\/p>\n<p>Ovaj jedinstveni doga\u0111aj predstavlja mnogo vi\u0161e od samog takmi\u010denja kosa\u010da. On prikazuje narodne svetkovine, obi\u010daje i \u017eivot srpskog naroda na autenti\u010dan i decenijama o\u010duvan na\u010din. Zbog toga nemojte propustiti da osetite deli\u0107 takmi\u010darskog duha, nau\u010dite ne\u0161to novo o \u017eivotu i radu ljudi sa ovih prostora, i u\u017eivate u mirisnim livadama tek poko\u0161ene trave prelepog Rajca.<\/p>\n<p>Vi\u0161e informacija: <a href=\"http:\/\/kosidba.com\/manifestacije\/\">http:\/\/kosidba.com\/manifestacije\/<\/a><\/p>\n<p><strong>Drinska regata (14-19 Jul)<\/strong><\/p>\n<p><a href=\"http:\/\/www.serbia.com\/srpski\/sve-drinske-regate\/\">Splavarenje Drinom<\/a> uvek je dobar razlog da posetite ovu divlju smaragdnu reku i osve\u017eite se u toplim julskim danima. Atmosferu na centralnoj letnjoj manifestaciji na vodi, zaista je te\u0161ko opisati re\u010dima. Ako bi morali da je defini\u0161emo u samo tri re\u010di, one bi bile: <strong>adrenalin, priroda i zabava!<\/strong><\/p>\n<p><img loading=\"lazy\" decoding=\"async\" class=\"aligncenter wp-image-34629\" src=\"http:\/\/www.serbia.com\/wp-content\/uploads\/2015\/07\/regata-drina.jpg\" alt=\"regata drina\" width=\"685\" height=\"457\" srcset=\"https:\/\/serbia.com\/wp-content\/uploads\/2015\/07\/regata-drina.jpg 1600w, https:\/\/serbia.com\/wp-content\/uploads\/2015\/07\/regata-drina-300x200.jpg 300w, https:\/\/serbia.com\/wp-content\/uploads\/2015\/07\/regata-drina-1024x683.jpg 1024w\" sizes=\"auto, (max-width: 685px) 100vw, 685px\" \/><\/p>\n<p>Tokom trajanja najstarije manifestacije turisti\u010dko \u2013 rekreativnog karaktera na <a href=\"http:\/\/www.serbia.com\/srpski\/posetite-srbiju\/sta-videti\/prirodne-lepote\/reke-i-jezera\/drina-divlja-smaragdna-lepotica\/\">reci Drini<\/a>, raznovrsni sadr\u017eaji, fascinantne prirodne lepote i neponovljivo iskustvo splavarenja, privu\u010de na desetine hiljada ljudi. Pored odli\u010dne zabave na valovima ove nemirne reke, organizovani su i mnogobrojni koncerti i takmi\u010denja, pripremanje <a href=\"http:\/\/www.serbia.com\/srpski\/o-srbiji\/tradicionalna-kuhinja\/\">tradicionalnih srpskih specijaliteta<\/a>, kao i mini sajam <a href=\"http:\/\/www.serbia.com\/srpski\/suveniri-iz-srbije-poklon-od-srca\/\">suvenira<\/a>, meda i <a href=\"http:\/\/www.serbia.com\/srpski\/sljivovica-kraljica-srpskih-rakija\/\">rakija<\/a>\u2026<\/p>\n<p>Vi\u0161e informacija: <a href=\"http:\/\/regata.rs\/\">http:\/\/regata.rs\/<\/a><\/p>\n<p><strong>Festival evropskog filma \u201cPali\u0107 2015\u201c (18-24 Jul)<\/strong><\/p>\n<p>Ljubitelj ste dobrog filma, u\u017eivanja pored jezera i kvalitetnog vina? Onda ne smete da propustite 22 evropski festival filma. Naime, bajkovito <a href=\"http:\/\/www.serbia.com\/srpski\/posetite-srbiju\/sta-videti\/prirodne-lepote\/reke-i-jezera\/palic-jezero-napravljeno-od-suza\/\">Pali\u0107ko jezero<\/a> od 1992. godine doma\u0107in je ovog presti\u017enog evropskog festivala.<\/p>\n<p><img loading=\"lazy\" decoding=\"async\" class=\"aligncenter wp-image-34631\" src=\"http:\/\/www.serbia.com\/wp-content\/uploads\/2015\/07\/palic-film.jpg\" alt=\"palic film\" width=\"685\" height=\"456\" srcset=\"https:\/\/serbia.com\/wp-content\/uploads\/2015\/07\/palic-film.jpg 800w, https:\/\/serbia.com\/wp-content\/uploads\/2015\/07\/palic-film-300x200.jpg 300w\" sizes=\"auto, (max-width: 685px) 100vw, 685px\" \/><\/p>\n<p>Od nekada malih Pali\u0107kih filmskih ve\u010deri, do dobijanja \u010dlanstva u \u201eEvropskoj koordinaciji filmskih festivala\u201c ova manifestacija danas predstavlja va\u017enu ta\u010dku na mapi evropskih filmskih festivala. Zahvaljuju\u0107i kvalitetnom programu, humanoj misiji i 100% evropskom sadr\u017eaju, Pali\u0107 se mo\u017ee pohvaliti manifestacijom koja okuplja veliki broj ljudi iz Srbije i inostranstva.<\/p>\n<p>Vi\u0161e informacija: <a href=\"http:\/\/www.palicfilmfestival.com\/\">http:\/\/www.palicfilmfestival.com\/<\/a><\/p>\n<p><strong>Gitarijada (29 Jul -1 Avgust)<\/strong><\/p>\n<p>Na najstarijem festivalu neafirmisanih rok bendova i ovog leta vas o\u010dekuje <strong>luda zabava, odli\u010dan Rock\u2019n\u2019roll i sjajni izvo\u0111a\u010di!<\/strong> Ali, to nisu jedini razlozi za posetu manifestaciji koja \u0107e ovoga leta u <a href=\"http:\/\/www.serbia.com\/srpski\/posetite-srbiju\/sta-videti\/gradovi\/zajecar-domacin-najstarijeg-rok-festivala-u-srbiji\/\">Zaje\u010daru<\/a> biti odr\u017eana po 49. put.<\/p>\n<p><img loading=\"lazy\" decoding=\"async\" class=\"aligncenter size-full wp-image-34633\" src=\"http:\/\/www.serbia.com\/wp-content\/uploads\/2015\/07\/gitarijada.jpg\" alt=\"gitarijada\" width=\"600\" height=\"300\" srcset=\"https:\/\/serbia.com\/wp-content\/uploads\/2015\/07\/gitarijada.jpg 600w, https:\/\/serbia.com\/wp-content\/uploads\/2015\/07\/gitarijada-300x150.jpg 300w\" sizes=\"auto, (max-width: 600px) 100vw, 600px\" \/><\/p>\n<p>Naime, organizatori festivala trude se da svake godine program upotpune novim i zanimljivim sadr\u017eajima, kako bi svaka Gitarijada bila jedinstvena i neponovljiva. Iz toga razloga ovoga jula mo\u017eete o\u010dekivati mnogo toga novog i nesvakida\u0161njeg, a opet u autenti\u010dnom i prepoznatljivom duhu najzna\u010dajnijeg festivala demo bendova u regionu. Uostalom, uverite se sami!<\/p>\n<p>Vi\u0161e informacija: <a href=\"http:\/\/www.gitarijada.org\/\">http:\/\/www.gitarijada.org\/<\/a><\/p>\n<p>Upravo zbog toga \u0161to jul u Srbiju osim vrelih letnijh dana donese i sjajne manifestacije, bilo nam je izuzetno te\u0161ko da izaberemo samo pet. Zato mali dodatak. Za sve ljubitelje prirode, splavarenja i ekstremnih sportova, pored Drinske regate obavezno posetite i one na <strong>Tami\u0161u, Ibru, Velikoj Plani i Ov\u010darsko-Kablarskoj klisuri<\/strong>. Ukoliko u\u017eivate u karnevalskoj atmosferi nemojte propustiti <strong><a href=\"http:\/\/www.serbia.com\/srpski\/posetite-srbiju\/sta-raditi\/festivali-i-manifestacije\/vrnjacki-karneval\/\">Me\u0111unarodni Vrnja\u010dki karneval<\/a><\/strong>, a ako \u017eelite da saznate ne\u0161to novo iz oblasti umetnosti i kulture obavezno posetite manifestacije<strong> \u201eMi\u0161i\u0107evi\u00a0 i \u010cobanski dani\u201c<\/strong>, <strong>\u201eIvanjdansku likovnu koloniju\u201c<\/strong> kao i <strong>\u201eZlatne ruke Sokobanje\u201c<\/strong> i dr.<\/p>\n","protected":false},"excerpt":{"rendered":"<p>Prepustite se neodoljivim zvucima najbolje muzike, pustite da vas ponesu nemirni slapovi srpskih reka ili u\u017eivajte u mirisu poko\u0161ene trave i tradicionalne doma\u0107e kuhinje\u2026 Jul u Srbiji je mesec sjajnog [&hellip;]<\/p>\n","protected":false},"author":27,"featured_media":34639,"comment_status":"closed","ping_status":"closed","sticky":false,"template":"","format":"standard","meta":{"_acf_changed":false,"inline_featured_image":false,"_monsterinsights_skip_tracking":false,"_monsterinsights_sitenote_active":false,"_monsterinsights_sitenote_note":"","_monsterinsights_sitenote_category":0,"footnotes":""},"categories":[1696,2846,2818,2700],"tags":[3717,923,3548,3550,3306,3549,3666,3675,790],"class_list":["post-34640","post","type-post","status-publish","format-standard","has-post-thumbnail","hentry","category-festivali-manifestacije","category-istaknuto","category-poseti-srbiju","category-vesti","tag-drina-srpski","tag-drinska-regata-srpski","tag-exit-2015","tag-festival-evropskog-filma-palic-2015","tag-gitarijada","tag-kosidba-na-rajcu","tag-novi-sad-srpski","tag-palic-srpski","tag-petrovaradin-srpski"],"acf":[],"yoast_head":"<!-- This site is optimized with the Yoast SEO plugin v27.4 - https:\/\/yoast.com\/product\/yoast-seo-wordpress\/ -->\n<title>Pet razloga zbog kojih morate da posetite Srbiju u julu - Serbia.com<\/title>\n<meta name=\"robots\" content=\"index, follow, max-snippet:-1, max-image-preview:large, max-video-preview:-1\" \/>\n<link rel=\"canonical\" href=\"https:\/\/serbia.com\/srpski\/pet-razloga-zbog-kojih-morate-da-posetite-srbiju-u-julu\/\" \/>\n<meta property=\"og:locale\" content=\"en_US\" \/>\n<meta property=\"og:type\" content=\"article\" \/>\n<meta property=\"og:title\" content=\"Pet razloga zbog kojih morate da posetite Srbiju u julu - Serbia.com\" \/>\n<meta property=\"og:description\" content=\"Prepustite se neodoljivim zvucima najbolje muzike, pustite da vas ponesu nemirni slapovi srpskih reka ili u\u017eivajte u mirisu poko\u0161ene trave i tradicionalne doma\u0107e kuhinje\u2026 Jul u Srbiji je mesec sjajnog [&hellip;]\" \/>\n<meta property=\"og:url\" content=\"https:\/\/serbia.com\/srpski\/pet-razloga-zbog-kojih-morate-da-posetite-srbiju-u-julu\/\" \/>\n<meta property=\"og:site_name\" content=\"Serbia.com\" \/>\n<meta property=\"article:published_time\" content=\"2015-07-03T09:53:36+00:00\" \/>\n<meta property=\"og:image\" content=\"https:\/\/serbia.com\/wp-content\/uploads\/2015\/07\/collage-jul1.jpg\" \/>\n\t<meta property=\"og:image:width\" content=\"734\" \/>\n\t<meta property=\"og:image:height\" content=\"492\" \/>\n\t<meta property=\"og:image:type\" content=\"image\/jpeg\" \/>\n<meta name=\"author\" content=\"Ivona Lekan\" \/>\n<meta name=\"twitter:label1\" content=\"Written by\" \/>\n\t<meta name=\"twitter:data1\" content=\"Ivona Lekan\" \/>\n\t<meta name=\"twitter:label2\" content=\"Est. reading time\" \/>\n\t<meta name=\"twitter:data2\" content=\"4 minutes\" \/>\n<script type=\"application\/ld+json\" class=\"yoast-schema-graph\">{\"@context\":\"https:\\\/\\\/schema.org\",\"@graph\":[{\"@type\":\"Article\",\"@id\":\"https:\\\/\\\/serbia.com\\\/srpski\\\/pet-razloga-zbog-kojih-morate-da-posetite-srbiju-u-julu\\\/#article\",\"isPartOf\":{\"@id\":\"https:\\\/\\\/serbia.com\\\/srpski\\\/pet-razloga-zbog-kojih-morate-da-posetite-srbiju-u-julu\\\/\"},\"author\":{\"name\":\"Ivona Lekan\",\"@id\":\"https:\\\/\\\/serbia.com\\\/#\\\/schema\\\/person\\\/954f6599db4406bd5f2e8384659bdc33\"},\"headline\":\"Pet razloga zbog kojih morate da posetite Srbiju u julu\",\"datePublished\":\"2015-07-03T09:53:36+00:00\",\"mainEntityOfPage\":{\"@id\":\"https:\\\/\\\/serbia.com\\\/srpski\\\/pet-razloga-zbog-kojih-morate-da-posetite-srbiju-u-julu\\\/\"},\"wordCount\":727,\"image\":{\"@id\":\"https:\\\/\\\/serbia.com\\\/srpski\\\/pet-razloga-zbog-kojih-morate-da-posetite-srbiju-u-julu\\\/#primaryimage\"},\"thumbnailUrl\":\"https:\\\/\\\/serbia.com\\\/wp-content\\\/uploads\\\/2015\\\/07\\\/collage-jul1.jpg\",\"keywords\":[\"Drina\",\"Drinska regata\",\"EXIT 2015\",\"Festival evropskog filma \u201cPali\u0107 2015\u201c\",\"Gitarijada\",\"Kosidba na Rajcu\",\"Novi Sad\",\"Pali\u0107\",\"Petrovaradin\"],\"articleSection\":[\"Festivali i manifestacije\",\"Istaknuto\",\"Poseti Srbiju\",\"Vesti\"],\"inLanguage\":\"srpski\"},{\"@type\":\"WebPage\",\"@id\":\"https:\\\/\\\/serbia.com\\\/srpski\\\/pet-razloga-zbog-kojih-morate-da-posetite-srbiju-u-julu\\\/\",\"url\":\"https:\\\/\\\/serbia.com\\\/srpski\\\/pet-razloga-zbog-kojih-morate-da-posetite-srbiju-u-julu\\\/\",\"name\":\"Pet razloga zbog kojih morate da posetite Srbiju u julu - Serbia.com\",\"isPartOf\":{\"@id\":\"https:\\\/\\\/serbia.com\\\/#website\"},\"primaryImageOfPage\":{\"@id\":\"https:\\\/\\\/serbia.com\\\/srpski\\\/pet-razloga-zbog-kojih-morate-da-posetite-srbiju-u-julu\\\/#primaryimage\"},\"image\":{\"@id\":\"https:\\\/\\\/serbia.com\\\/srpski\\\/pet-razloga-zbog-kojih-morate-da-posetite-srbiju-u-julu\\\/#primaryimage\"},\"thumbnailUrl\":\"https:\\\/\\\/serbia.com\\\/wp-content\\\/uploads\\\/2015\\\/07\\\/collage-jul1.jpg\",\"datePublished\":\"2015-07-03T09:53:36+00:00\",\"author\":{\"@id\":\"https:\\\/\\\/serbia.com\\\/#\\\/schema\\\/person\\\/954f6599db4406bd5f2e8384659bdc33\"},\"breadcrumb\":{\"@id\":\"https:\\\/\\\/serbia.com\\\/srpski\\\/pet-razloga-zbog-kojih-morate-da-posetite-srbiju-u-julu\\\/#breadcrumb\"},\"inLanguage\":\"srpski\",\"potentialAction\":[{\"@type\":\"ReadAction\",\"target\":[\"https:\\\/\\\/serbia.com\\\/srpski\\\/pet-razloga-zbog-kojih-morate-da-posetite-srbiju-u-julu\\\/\"]}]},{\"@type\":\"ImageObject\",\"inLanguage\":\"srpski\",\"@id\":\"https:\\\/\\\/serbia.com\\\/srpski\\\/pet-razloga-zbog-kojih-morate-da-posetite-srbiju-u-julu\\\/#primaryimage\",\"url\":\"https:\\\/\\\/serbia.com\\\/wp-content\\\/uploads\\\/2015\\\/07\\\/collage-jul1.jpg\",\"contentUrl\":\"https:\\\/\\\/serbia.com\\\/wp-content\\\/uploads\\\/2015\\\/07\\\/collage-jul1.jpg\",\"width\":734,\"height\":492},{\"@type\":\"BreadcrumbList\",\"@id\":\"https:\\\/\\\/serbia.com\\\/srpski\\\/pet-razloga-zbog-kojih-morate-da-posetite-srbiju-u-julu\\\/#breadcrumb\",\"itemListElement\":[{\"@type\":\"ListItem\",\"position\":1,\"name\":\"Home\",\"item\":\"https:\\\/\\\/serbia.com\\\/srpski\\\/srbija\\\/\"},{\"@type\":\"ListItem\",\"position\":2,\"name\":\"Pet razloga zbog kojih morate da posetite Srbiju u julu\"}]},{\"@type\":\"WebSite\",\"@id\":\"https:\\\/\\\/serbia.com\\\/#website\",\"url\":\"https:\\\/\\\/serbia.com\\\/\",\"name\":\"Serbia.com\",\"description\":\"Your Gateway to Serbia\",\"potentialAction\":[{\"@type\":\"SearchAction\",\"target\":{\"@type\":\"EntryPoint\",\"urlTemplate\":\"https:\\\/\\\/serbia.com\\\/?s={search_term_string}\"},\"query-input\":{\"@type\":\"PropertyValueSpecification\",\"valueRequired\":true,\"valueName\":\"search_term_string\"}}],\"inLanguage\":\"srpski\"},{\"@type\":\"Person\",\"@id\":\"https:\\\/\\\/serbia.com\\\/#\\\/schema\\\/person\\\/954f6599db4406bd5f2e8384659bdc33\",\"name\":\"Ivona Lekan\",\"image\":{\"@type\":\"ImageObject\",\"inLanguage\":\"srpski\",\"@id\":\"https:\\\/\\\/secure.gravatar.com\\\/avatar\\\/4eba414fa53ccc3824d6c0254e6c3425ccdebeb4c72580208b23386c071b50b2?s=96&d=mm&r=g\",\"url\":\"https:\\\/\\\/secure.gravatar.com\\\/avatar\\\/4eba414fa53ccc3824d6c0254e6c3425ccdebeb4c72580208b23386c071b50b2?s=96&d=mm&r=g\",\"contentUrl\":\"https:\\\/\\\/secure.gravatar.com\\\/avatar\\\/4eba414fa53ccc3824d6c0254e6c3425ccdebeb4c72580208b23386c071b50b2?s=96&d=mm&r=g\",\"caption\":\"Ivona Lekan\"},\"url\":\"https:\\\/\\\/serbia.com\\\/srpski\\\/author\\\/ivondivine\\\/\"}]}<\/script>\n<!-- \/ Yoast SEO plugin. -->","yoast_head_json":{"title":"Pet razloga zbog kojih morate da posetite Srbiju u julu - Serbia.com","robots":{"index":"index","follow":"follow","max-snippet":"max-snippet:-1","max-image-preview":"max-image-preview:large","max-video-preview":"max-video-preview:-1"},"canonical":"https:\/\/serbia.com\/srpski\/pet-razloga-zbog-kojih-morate-da-posetite-srbiju-u-julu\/","og_locale":"en_US","og_type":"article","og_title":"Pet razloga zbog kojih morate da posetite Srbiju u julu - Serbia.com","og_description":"Prepustite se neodoljivim zvucima najbolje muzike, pustite da vas ponesu nemirni slapovi srpskih reka ili u\u017eivajte u mirisu poko\u0161ene trave i tradicionalne doma\u0107e kuhinje\u2026 Jul u Srbiji je mesec sjajnog [&hellip;]","og_url":"https:\/\/serbia.com\/srpski\/pet-razloga-zbog-kojih-morate-da-posetite-srbiju-u-julu\/","og_site_name":"Serbia.com","article_published_time":"2015-07-03T09:53:36+00:00","og_image":[{"width":734,"height":492,"url":"https:\/\/serbia.com\/wp-content\/uploads\/2015\/07\/collage-jul1.jpg","type":"image\/jpeg"}],"author":"Ivona Lekan","twitter_misc":{"Written by":"Ivona Lekan","Est. reading time":"4 minutes"},"schema":{"@context":"https:\/\/schema.org","@graph":[{"@type":"Article","@id":"https:\/\/serbia.com\/srpski\/pet-razloga-zbog-kojih-morate-da-posetite-srbiju-u-julu\/#article","isPartOf":{"@id":"https:\/\/serbia.com\/srpski\/pet-razloga-zbog-kojih-morate-da-posetite-srbiju-u-julu\/"},"author":{"name":"Ivona Lekan","@id":"https:\/\/serbia.com\/#\/schema\/person\/954f6599db4406bd5f2e8384659bdc33"},"headline":"Pet razloga zbog kojih morate da posetite Srbiju u julu","datePublished":"2015-07-03T09:53:36+00:00","mainEntityOfPage":{"@id":"https:\/\/serbia.com\/srpski\/pet-razloga-zbog-kojih-morate-da-posetite-srbiju-u-julu\/"},"wordCount":727,"image":{"@id":"https:\/\/serbia.com\/srpski\/pet-razloga-zbog-kojih-morate-da-posetite-srbiju-u-julu\/#primaryimage"},"thumbnailUrl":"https:\/\/serbia.com\/wp-content\/uploads\/2015\/07\/collage-jul1.jpg","keywords":["Drina","Drinska regata","EXIT 2015","Festival evropskog filma \u201cPali\u0107 2015\u201c","Gitarijada","Kosidba na Rajcu","Novi Sad","Pali\u0107","Petrovaradin"],"articleSection":["Festivali i manifestacije","Istaknuto","Poseti Srbiju","Vesti"],"inLanguage":"srpski"},{"@type":"WebPage","@id":"https:\/\/serbia.com\/srpski\/pet-razloga-zbog-kojih-morate-da-posetite-srbiju-u-julu\/","url":"https:\/\/serbia.com\/srpski\/pet-razloga-zbog-kojih-morate-da-posetite-srbiju-u-julu\/","name":"Pet razloga zbog kojih morate da posetite Srbiju u julu - Serbia.com","isPartOf":{"@id":"https:\/\/serbia.com\/#website"},"primaryImageOfPage":{"@id":"https:\/\/serbia.com\/srpski\/pet-razloga-zbog-kojih-morate-da-posetite-srbiju-u-julu\/#primaryimage"},"image":{"@id":"https:\/\/serbia.com\/srpski\/pet-razloga-zbog-kojih-morate-da-posetite-srbiju-u-julu\/#primaryimage"},"thumbnailUrl":"https:\/\/serbia.com\/wp-content\/uploads\/2015\/07\/collage-jul1.jpg","datePublished":"2015-07-03T09:53:36+00:00","author":{"@id":"https:\/\/serbia.com\/#\/schema\/person\/954f6599db4406bd5f2e8384659bdc33"},"breadcrumb":{"@id":"https:\/\/serbia.com\/srpski\/pet-razloga-zbog-kojih-morate-da-posetite-srbiju-u-julu\/#breadcrumb"},"inLanguage":"srpski","potentialAction":[{"@type":"ReadAction","target":["https:\/\/serbia.com\/srpski\/pet-razloga-zbog-kojih-morate-da-posetite-srbiju-u-julu\/"]}]},{"@type":"ImageObject","inLanguage":"srpski","@id":"https:\/\/serbia.com\/srpski\/pet-razloga-zbog-kojih-morate-da-posetite-srbiju-u-julu\/#primaryimage","url":"https:\/\/serbia.com\/wp-content\/uploads\/2015\/07\/collage-jul1.jpg","contentUrl":"https:\/\/serbia.com\/wp-content\/uploads\/2015\/07\/collage-jul1.jpg","width":734,"height":492},{"@type":"BreadcrumbList","@id":"https:\/\/serbia.com\/srpski\/pet-razloga-zbog-kojih-morate-da-posetite-srbiju-u-julu\/#breadcrumb","itemListElement":[{"@type":"ListItem","position":1,"name":"Home","item":"https:\/\/serbia.com\/srpski\/srbija\/"},{"@type":"ListItem","position":2,"name":"Pet razloga zbog kojih morate da posetite Srbiju u julu"}]},{"@type":"WebSite","@id":"https:\/\/serbia.com\/#website","url":"https:\/\/serbia.com\/","name":"Serbia.com","description":"Your Gateway to Serbia","potentialAction":[{"@type":"SearchAction","target":{"@type":"EntryPoint","urlTemplate":"https:\/\/serbia.com\/?s={search_term_string}"},"query-input":{"@type":"PropertyValueSpecification","valueRequired":true,"valueName":"search_term_string"}}],"inLanguage":"srpski"},{"@type":"Person","@id":"https:\/\/serbia.com\/#\/schema\/person\/954f6599db4406bd5f2e8384659bdc33","name":"Ivona Lekan","image":{"@type":"ImageObject","inLanguage":"srpski","@id":"https:\/\/secure.gravatar.com\/avatar\/4eba414fa53ccc3824d6c0254e6c3425ccdebeb4c72580208b23386c071b50b2?s=96&d=mm&r=g","url":"https:\/\/secure.gravatar.com\/avatar\/4eba414fa53ccc3824d6c0254e6c3425ccdebeb4c72580208b23386c071b50b2?s=96&d=mm&r=g","contentUrl":"https:\/\/secure.gravatar.com\/avatar\/4eba414fa53ccc3824d6c0254e6c3425ccdebeb4c72580208b23386c071b50b2?s=96&d=mm&r=g","caption":"Ivona Lekan"},"url":"https:\/\/serbia.com\/srpski\/author\/ivondivine\/"}]}},"brizy_media":[],"_links":{"self":[{"href":"https:\/\/serbia.com\/srpski\/wp-json\/wp\/v2\/posts\/34640","targetHints":{"allow":["GET"]}}],"collection":[{"href":"https:\/\/serbia.com\/srpski\/wp-json\/wp\/v2\/posts"}],"about":[{"href":"https:\/\/serbia.com\/srpski\/wp-json\/wp\/v2\/types\/post"}],"author":[{"embeddable":true,"href":"https:\/\/serbia.com\/srpski\/wp-json\/wp\/v2\/users\/27"}],"replies":[{"embeddable":true,"href":"https:\/\/serbia.com\/srpski\/wp-json\/wp\/v2\/comments?post=34640"}],"version-history":[{"count":0,"href":"https:\/\/serbia.com\/srpski\/wp-json\/wp\/v2\/posts\/34640\/revisions"}],"wp:featuredmedia":[{"embeddable":true,"href":"https:\/\/serbia.com\/srpski\/wp-json\/wp\/v2\/media\/34639"}],"wp:attachment":[{"href":"https:\/\/serbia.com\/srpski\/wp-json\/wp\/v2\/media?parent=34640"}],"wp:term":[{"taxonomy":"category","embeddable":true,"href":"https:\/\/serbia.com\/srpski\/wp-json\/wp\/v2\/categories?post=34640"},{"taxonomy":"post_tag","embeddable":true,"href":"https:\/\/serbia.com\/srpski\/wp-json\/wp\/v2\/tags?post=34640"}],"curies":[{"name":"wp","href":"https:\/\/api.w.org\/{rel}","templated":true}]}}