{"id":31006,"date":"2015-04-15T13:31:57","date_gmt":"2015-04-15T11:31:57","guid":{"rendered":"http:\/\/www.serbia.com\/?p=31006"},"modified":"2015-04-17T14:59:03","modified_gmt":"2015-04-17T12:59:03","slug":"karadordeva-snicla-srpski-izum-velikog-kuvara","status":"publish","type":"post","link":"https:\/\/serbia.com\/srpski\/karadordeva-snicla-srpski-izum-velikog-kuvara\/","title":{"rendered":"Kara\u0111or\u0111eva \u0161nicla, srpski izum velikog kuvara"},"content":{"rendered":"<h4>Kada je davne 1956. godine najpoznatiji srpski kuvar Milovan Mi\u0107a Stojanovi\u0107 spontano napravio prvu Kara\u0111or\u0111evu \u0161niclu, niko nije znao kakva sudbina \u010deka ovo jelo. Pola veka kasnije Kara\u0111or\u0111eva \u0161nicla ili popularno \u201edevoja\u010dki san\u201c, predstavlja jedno od najpoznatijih jela srpske doma\u0107e kuhinje, koje se nalazi na meniju gotovo svakog restorana.<\/h4>\n<p><strong><img loading=\"lazy\" decoding=\"async\" class=\"alignleft size-medium wp-image-30991\" src=\"http:\/\/www.serbia.com\/wp-content\/uploads\/2015\/04\/milovan-stojanovic-212x300.jpg\" alt=\"milovan stojanovic\" width=\"212\" height=\"300\" srcset=\"https:\/\/serbia.com\/wp-content\/uploads\/2015\/04\/milovan-stojanovic-212x300.jpg 212w, https:\/\/serbia.com\/wp-content\/uploads\/2015\/04\/milovan-stojanovic.jpg 500w\" sizes=\"auto, (max-width: 212px) 100vw, 212px\" \/>Legenda ka\u017ee da je u restoranu \u201eGolf\u201c 1956. godine, tada mladi \u0161ef kuhinje Milovan Mi\u0107a Stojanovi\u0107 dobio narud\u017ebinu za koju nije imao sve potrebne sastojke<\/strong>.<\/p>\n<p>Redovna go\u0161\u0107a restorana, spikerka Radio Beograda, tra\u017eila je jelo koje je i obi\u010dno naru\u010divala -\u201eKijevski kotlet\u201c. Kako nije imao potrebne namirnice za pripremu, snala\u017eljivi mladi\u0107 odlu\u010dio je da napravi novo jelo.<\/p>\n<p><strong>Talenat i znanje koje je posedovao, ali i inovativnost i \u017eelja da obogati <a title=\"Tradicionalna kuhinja\" href=\"http:\/\/www.serbia.com\/srpski\/o-srbiji\/tradicionalna-kuhinja\/\">srpsku nacionalnu kuhinju<\/a>, u\u010dinile su da nastane jedno od danas najpoznatijih srpskih jela \u2013 Kara\u0111or\u0111eva \u0161nicla<\/strong>.<\/p>\n<p>Kao i samo jelo, i ime je nastalo poprili\u010dno spontano. Po\u0161to ga je ukrasio u obliku Kara\u0111or\u0111eve zvezde,\u00a0 Mi\u0107a je odlu\u010dio da ga nazove u duhu panslovenizma i dinasti\u010dke povezanosti.<\/p>\n<p>Za ovaj \u010duveni specijalitet nije neohodno previ\u0161e sastojaka \u2013 gove\u0111e, svinjsko ili pile\u0107e meso, kajmak, jaja, bra\u0161no i prezle. Ali, kombinacijom jednostavnih sastojaka sjedinjenih po autenti\u010dnom receptu, dobija se ukusno jelo koje se naj\u010de\u0161\u0107e servira sa tartar sosom, limunom, barenom boranijom ili pomfritom.<\/p>\n<blockquote><p><em>Milovan Mi\u0107a Stojanovi\u0107 je najpoznatiji srpski kuvar. Bio je profesor kulinarstva u srednjoj i Vi\u0161oj ugostiteljskoj \u0161koli, \u0161ef kuhinje u hotelu &#8220;Interkontinental&#8221; i Titov li\u010dni kuvar gotovo \u010detvrt veka. Stojanovi\u0107 je osmislio 200 novih jela koja nisu postojala u meniju srpskih restorana.\u00a0Neka od njegovih najpoznatijih specijaliteta nose zanimljive nazive: &#8220;smederevsko \u0111ule&#8221;, &#8220;oplena\u010dke pala\u010dinke&#8221;, &#8220;gru\u017eanski krompir&#8221;, &#8220;Titovo jelo&#8221;, &#8220;Teslina teletina&#8221;, &#8220;Gagarin supa&#8221;, &#8220;Fiat Anjelijeva supa\u201d itd.<\/em><\/p><\/blockquote>\n<p>Vremenom je Kara\u0111or\u0111eva \u0161nicla postajala sve omiljenija u narodu. Ljudi su je \u010desto tra\u017eili i naru\u010divali, pa ju je gotovo svaki restoran uvrstio u svoj jelovnik. <strong>Popularnost ovog jela nije se zadr\u017eala samo u granicama Srbije. Pored mnogobrojnih restorana u regionu, ovaj srpski specijalitet slu\u017ei se i na najeksluzivnijim mestima u Singapuru i Tokiju<\/strong>.<\/p>\n<p>Varijacija u pripremi Kara\u0111or\u0111eve \u0161nicle ima par. Uglavnom se svinjsko ili pile\u0107e meso roluje sa kajmakom, ka\u010dkavaljem i \u0161unkom. Zatim se rolovana \u0161nicla uvalja u bra\u0161no, prelije umu\u0107enim jajima i nakon toga se pospe prezlama. Pr\u017ei se u dubljoj posudi ili fritezi, i nakon otprilike dvadeset minuta spremna je za serviranje. Od kreativnosti i ukusa zavisi kako \u0107e se dekorisati i poslu\u017eiti.<\/p>\n<figure id=\"attachment_30994\" aria-describedby=\"caption-attachment-30994\" style=\"width: 600px\" class=\"wp-caption aligncenter\"><img loading=\"lazy\" decoding=\"async\" class=\"wp-image-30994 size-full\" src=\"http:\/\/www.serbia.com\/wp-content\/uploads\/2015\/04\/karadjordjeva2.jpg\" alt=\"karadjordjeva2\" width=\"600\" height=\"400\" srcset=\"https:\/\/serbia.com\/wp-content\/uploads\/2015\/04\/karadjordjeva2.jpg 600w, https:\/\/serbia.com\/wp-content\/uploads\/2015\/04\/karadjordjeva2-300x200.jpg 300w\" sizes=\"auto, (max-width: 600px) 100vw, 600px\" \/><figcaption id=\"caption-attachment-30994\" class=\"wp-caption-text\">Kara\u0111or\u0111eva \u0161nicla poslu\u017eena sa tartar sosom, limunom i pomfritom<\/figcaption><\/figure>\n<blockquote><p><em>MIlovan Stojanovi\u0107 kuvao je za Gadafija, kraljicu Elizabetu, Bre\u017enjeva, Slobodana Milo\u0161evi\u0107a I mnoge druge. Iz dugogodi\u0161nje saradnje sa Josipom Brozom Titom pamti : \u201cKada smo putovali vozom, za meze bih Titu ostavio polukuvanu kolenicu uz litar mleka i litar viskija. Dok bih se, kako se ka\u017ee, okrenuo, ostale bi samo koska, prazna fla\u0161a viskija i tri prsta mleka\u201d.<\/em><\/p><\/blockquote>\n<p>Ukoliko niste imali priliku da probate ovo nacionalno jelo, preporu\u010dujemo vam da to obavezno u\u010dinite. Bilo da se na\u0111ete u nekom ekskluzivnom restoranu ili kafani, u Srbiji \u0107e vas rado poslu\u017eiti sa Kara\u0111or\u0111evom \u0161niclom. <strong>Neodoljiv ukus, tradicionalni recept i zanimljiv oblik ovog jela, pribli\u017ei\u0107e vam srpsku kuhinju, ukuse i duh<\/strong>.<\/p>\n","protected":false},"excerpt":{"rendered":"<p>Kada je davne 1956. godine najpoznatiji srpski kuvar Milovan Mi\u0107a Stojanovi\u0107 spontano napravio prvu Kara\u0111or\u0111evu \u0161niclu, niko nije znao kakva sudbina \u010deka ovo jelo. Pola veka kasnije Kara\u0111or\u0111eva \u0161nicla ili [&hellip;]<\/p>\n","protected":false},"author":27,"featured_media":30989,"comment_status":"closed","ping_status":"closed","sticky":false,"template":"","format":"standard","meta":{"_acf_changed":false,"inline_featured_image":false,"_monsterinsights_skip_tracking":false,"_monsterinsights_sitenote_active":false,"_monsterinsights_sitenote_note":"","_monsterinsights_sitenote_category":0,"footnotes":""},"categories":[2846,972],"tags":[3443,3442,3386,3385],"class_list":["post-31006","post","type-post","status-publish","format-standard","has-post-thumbnail","hentry","category-istaknuto","category-tradicionalna-kuhinja-o-srbiji","tag-karadordeva-snicla","tag-milovan-mica-stojanovic","tag-srpska-hrana","tag-srpska-kuhinja"],"acf":[],"yoast_head":"<!-- This site is optimized with the Yoast SEO plugin v27.4 - https:\/\/yoast.com\/product\/yoast-seo-wordpress\/ -->\n<title>Kara\u0111or\u0111eva \u0161nicla, srpski izum velikog kuvara - Serbia.com<\/title>\n<meta name=\"robots\" content=\"index, follow, max-snippet:-1, max-image-preview:large, max-video-preview:-1\" \/>\n<link rel=\"canonical\" href=\"https:\/\/serbia.com\/srpski\/karadordeva-snicla-srpski-izum-velikog-kuvara\/\" \/>\n<meta property=\"og:locale\" content=\"en_US\" \/>\n<meta property=\"og:type\" content=\"article\" \/>\n<meta property=\"og:title\" content=\"Kara\u0111or\u0111eva \u0161nicla, srpski izum velikog kuvara - Serbia.com\" \/>\n<meta property=\"og:description\" content=\"Kada je davne 1956. godine najpoznatiji srpski kuvar Milovan Mi\u0107a Stojanovi\u0107 spontano napravio prvu Kara\u0111or\u0111evu \u0161niclu, niko nije znao kakva sudbina \u010deka ovo jelo. Pola veka kasnije Kara\u0111or\u0111eva \u0161nicla ili [&hellip;]\" \/>\n<meta property=\"og:url\" content=\"https:\/\/serbia.com\/srpski\/karadordeva-snicla-srpski-izum-velikog-kuvara\/\" \/>\n<meta property=\"og:site_name\" content=\"Serbia.com\" \/>\n<meta property=\"article:published_time\" content=\"2015-04-15T11:31:57+00:00\" \/>\n<meta property=\"article:modified_time\" content=\"2015-04-17T12:59:03+00:00\" \/>\n<meta property=\"og:image\" content=\"https:\/\/serbia.com\/wp-content\/uploads\/2015\/04\/011-karadjordjeva-snicla1.jpg\" \/>\n\t<meta property=\"og:image:width\" content=\"735\" \/>\n\t<meta property=\"og:image:height\" content=\"490\" \/>\n\t<meta property=\"og:image:type\" content=\"image\/jpeg\" \/>\n<meta name=\"author\" content=\"Ivona Lekan\" \/>\n<meta name=\"twitter:label1\" content=\"Written by\" \/>\n\t<meta name=\"twitter:data1\" content=\"Ivona Lekan\" \/>\n\t<meta name=\"twitter:label2\" content=\"Est. reading time\" \/>\n\t<meta name=\"twitter:data2\" content=\"3 minutes\" \/>\n<script type=\"application\/ld+json\" class=\"yoast-schema-graph\">{\"@context\":\"https:\\\/\\\/schema.org\",\"@graph\":[{\"@type\":\"Article\",\"@id\":\"https:\\\/\\\/serbia.com\\\/srpski\\\/karadordeva-snicla-srpski-izum-velikog-kuvara\\\/#article\",\"isPartOf\":{\"@id\":\"https:\\\/\\\/serbia.com\\\/srpski\\\/karadordeva-snicla-srpski-izum-velikog-kuvara\\\/\"},\"author\":{\"name\":\"Ivona Lekan\",\"@id\":\"https:\\\/\\\/serbia.com\\\/#\\\/schema\\\/person\\\/954f6599db4406bd5f2e8384659bdc33\"},\"headline\":\"Kara\u0111or\u0111eva \u0161nicla, srpski izum velikog kuvara\",\"datePublished\":\"2015-04-15T11:31:57+00:00\",\"dateModified\":\"2015-04-17T12:59:03+00:00\",\"mainEntityOfPage\":{\"@id\":\"https:\\\/\\\/serbia.com\\\/srpski\\\/karadordeva-snicla-srpski-izum-velikog-kuvara\\\/\"},\"wordCount\":586,\"image\":{\"@id\":\"https:\\\/\\\/serbia.com\\\/srpski\\\/karadordeva-snicla-srpski-izum-velikog-kuvara\\\/#primaryimage\"},\"thumbnailUrl\":\"https:\\\/\\\/serbia.com\\\/wp-content\\\/uploads\\\/2015\\\/04\\\/011-karadjordjeva-snicla1.jpg\",\"keywords\":[\"Kara\u0111or\u0111eva \u0161nicla\",\"Milovan Mi\u0107a Stojanovi\u0107\",\"Srpska hrana\",\"Srpska kuhinja\"],\"articleSection\":[\"Istaknuto\",\"Tradicionalna kuhinja\"],\"inLanguage\":\"srpski\"},{\"@type\":\"WebPage\",\"@id\":\"https:\\\/\\\/serbia.com\\\/srpski\\\/karadordeva-snicla-srpski-izum-velikog-kuvara\\\/\",\"url\":\"https:\\\/\\\/serbia.com\\\/srpski\\\/karadordeva-snicla-srpski-izum-velikog-kuvara\\\/\",\"name\":\"Kara\u0111or\u0111eva \u0161nicla, srpski izum velikog kuvara - Serbia.com\",\"isPartOf\":{\"@id\":\"https:\\\/\\\/serbia.com\\\/#website\"},\"primaryImageOfPage\":{\"@id\":\"https:\\\/\\\/serbia.com\\\/srpski\\\/karadordeva-snicla-srpski-izum-velikog-kuvara\\\/#primaryimage\"},\"image\":{\"@id\":\"https:\\\/\\\/serbia.com\\\/srpski\\\/karadordeva-snicla-srpski-izum-velikog-kuvara\\\/#primaryimage\"},\"thumbnailUrl\":\"https:\\\/\\\/serbia.com\\\/wp-content\\\/uploads\\\/2015\\\/04\\\/011-karadjordjeva-snicla1.jpg\",\"datePublished\":\"2015-04-15T11:31:57+00:00\",\"dateModified\":\"2015-04-17T12:59:03+00:00\",\"author\":{\"@id\":\"https:\\\/\\\/serbia.com\\\/#\\\/schema\\\/person\\\/954f6599db4406bd5f2e8384659bdc33\"},\"breadcrumb\":{\"@id\":\"https:\\\/\\\/serbia.com\\\/srpski\\\/karadordeva-snicla-srpski-izum-velikog-kuvara\\\/#breadcrumb\"},\"inLanguage\":\"srpski\",\"potentialAction\":[{\"@type\":\"ReadAction\",\"target\":[\"https:\\\/\\\/serbia.com\\\/srpski\\\/karadordeva-snicla-srpski-izum-velikog-kuvara\\\/\"]}]},{\"@type\":\"ImageObject\",\"inLanguage\":\"srpski\",\"@id\":\"https:\\\/\\\/serbia.com\\\/srpski\\\/karadordeva-snicla-srpski-izum-velikog-kuvara\\\/#primaryimage\",\"url\":\"https:\\\/\\\/serbia.com\\\/wp-content\\\/uploads\\\/2015\\\/04\\\/011-karadjordjeva-snicla1.jpg\",\"contentUrl\":\"https:\\\/\\\/serbia.com\\\/wp-content\\\/uploads\\\/2015\\\/04\\\/011-karadjordjeva-snicla1.jpg\",\"width\":735,\"height\":490},{\"@type\":\"BreadcrumbList\",\"@id\":\"https:\\\/\\\/serbia.com\\\/srpski\\\/karadordeva-snicla-srpski-izum-velikog-kuvara\\\/#breadcrumb\",\"itemListElement\":[{\"@type\":\"ListItem\",\"position\":1,\"name\":\"Home\",\"item\":\"https:\\\/\\\/serbia.com\\\/srpski\\\/srbija\\\/\"},{\"@type\":\"ListItem\",\"position\":2,\"name\":\"Kara\u0111or\u0111eva \u0161nicla, srpski izum velikog kuvara\"}]},{\"@type\":\"WebSite\",\"@id\":\"https:\\\/\\\/serbia.com\\\/#website\",\"url\":\"https:\\\/\\\/serbia.com\\\/\",\"name\":\"Serbia.com\",\"description\":\"Your Gateway to Serbia\",\"potentialAction\":[{\"@type\":\"SearchAction\",\"target\":{\"@type\":\"EntryPoint\",\"urlTemplate\":\"https:\\\/\\\/serbia.com\\\/?s={search_term_string}\"},\"query-input\":{\"@type\":\"PropertyValueSpecification\",\"valueRequired\":true,\"valueName\":\"search_term_string\"}}],\"inLanguage\":\"srpski\"},{\"@type\":\"Person\",\"@id\":\"https:\\\/\\\/serbia.com\\\/#\\\/schema\\\/person\\\/954f6599db4406bd5f2e8384659bdc33\",\"name\":\"Ivona Lekan\",\"image\":{\"@type\":\"ImageObject\",\"inLanguage\":\"srpski\",\"@id\":\"https:\\\/\\\/secure.gravatar.com\\\/avatar\\\/4eba414fa53ccc3824d6c0254e6c3425ccdebeb4c72580208b23386c071b50b2?s=96&d=mm&r=g\",\"url\":\"https:\\\/\\\/secure.gravatar.com\\\/avatar\\\/4eba414fa53ccc3824d6c0254e6c3425ccdebeb4c72580208b23386c071b50b2?s=96&d=mm&r=g\",\"contentUrl\":\"https:\\\/\\\/secure.gravatar.com\\\/avatar\\\/4eba414fa53ccc3824d6c0254e6c3425ccdebeb4c72580208b23386c071b50b2?s=96&d=mm&r=g\",\"caption\":\"Ivona Lekan\"},\"url\":\"https:\\\/\\\/serbia.com\\\/srpski\\\/author\\\/ivondivine\\\/\"}]}<\/script>\n<!-- \/ Yoast SEO plugin. -->","yoast_head_json":{"title":"Kara\u0111or\u0111eva \u0161nicla, srpski izum velikog kuvara - Serbia.com","robots":{"index":"index","follow":"follow","max-snippet":"max-snippet:-1","max-image-preview":"max-image-preview:large","max-video-preview":"max-video-preview:-1"},"canonical":"https:\/\/serbia.com\/srpski\/karadordeva-snicla-srpski-izum-velikog-kuvara\/","og_locale":"en_US","og_type":"article","og_title":"Kara\u0111or\u0111eva \u0161nicla, srpski izum velikog kuvara - Serbia.com","og_description":"Kada je davne 1956. godine najpoznatiji srpski kuvar Milovan Mi\u0107a Stojanovi\u0107 spontano napravio prvu Kara\u0111or\u0111evu \u0161niclu, niko nije znao kakva sudbina \u010deka ovo jelo. Pola veka kasnije Kara\u0111or\u0111eva \u0161nicla ili [&hellip;]","og_url":"https:\/\/serbia.com\/srpski\/karadordeva-snicla-srpski-izum-velikog-kuvara\/","og_site_name":"Serbia.com","article_published_time":"2015-04-15T11:31:57+00:00","article_modified_time":"2015-04-17T12:59:03+00:00","og_image":[{"width":735,"height":490,"url":"https:\/\/serbia.com\/wp-content\/uploads\/2015\/04\/011-karadjordjeva-snicla1.jpg","type":"image\/jpeg"}],"author":"Ivona Lekan","twitter_misc":{"Written by":"Ivona Lekan","Est. reading time":"3 minutes"},"schema":{"@context":"https:\/\/schema.org","@graph":[{"@type":"Article","@id":"https:\/\/serbia.com\/srpski\/karadordeva-snicla-srpski-izum-velikog-kuvara\/#article","isPartOf":{"@id":"https:\/\/serbia.com\/srpski\/karadordeva-snicla-srpski-izum-velikog-kuvara\/"},"author":{"name":"Ivona Lekan","@id":"https:\/\/serbia.com\/#\/schema\/person\/954f6599db4406bd5f2e8384659bdc33"},"headline":"Kara\u0111or\u0111eva \u0161nicla, srpski izum velikog kuvara","datePublished":"2015-04-15T11:31:57+00:00","dateModified":"2015-04-17T12:59:03+00:00","mainEntityOfPage":{"@id":"https:\/\/serbia.com\/srpski\/karadordeva-snicla-srpski-izum-velikog-kuvara\/"},"wordCount":586,"image":{"@id":"https:\/\/serbia.com\/srpski\/karadordeva-snicla-srpski-izum-velikog-kuvara\/#primaryimage"},"thumbnailUrl":"https:\/\/serbia.com\/wp-content\/uploads\/2015\/04\/011-karadjordjeva-snicla1.jpg","keywords":["Kara\u0111or\u0111eva \u0161nicla","Milovan Mi\u0107a Stojanovi\u0107","Srpska hrana","Srpska kuhinja"],"articleSection":["Istaknuto","Tradicionalna kuhinja"],"inLanguage":"srpski"},{"@type":"WebPage","@id":"https:\/\/serbia.com\/srpski\/karadordeva-snicla-srpski-izum-velikog-kuvara\/","url":"https:\/\/serbia.com\/srpski\/karadordeva-snicla-srpski-izum-velikog-kuvara\/","name":"Kara\u0111or\u0111eva \u0161nicla, srpski izum velikog kuvara - Serbia.com","isPartOf":{"@id":"https:\/\/serbia.com\/#website"},"primaryImageOfPage":{"@id":"https:\/\/serbia.com\/srpski\/karadordeva-snicla-srpski-izum-velikog-kuvara\/#primaryimage"},"image":{"@id":"https:\/\/serbia.com\/srpski\/karadordeva-snicla-srpski-izum-velikog-kuvara\/#primaryimage"},"thumbnailUrl":"https:\/\/serbia.com\/wp-content\/uploads\/2015\/04\/011-karadjordjeva-snicla1.jpg","datePublished":"2015-04-15T11:31:57+00:00","dateModified":"2015-04-17T12:59:03+00:00","author":{"@id":"https:\/\/serbia.com\/#\/schema\/person\/954f6599db4406bd5f2e8384659bdc33"},"breadcrumb":{"@id":"https:\/\/serbia.com\/srpski\/karadordeva-snicla-srpski-izum-velikog-kuvara\/#breadcrumb"},"inLanguage":"srpski","potentialAction":[{"@type":"ReadAction","target":["https:\/\/serbia.com\/srpski\/karadordeva-snicla-srpski-izum-velikog-kuvara\/"]}]},{"@type":"ImageObject","inLanguage":"srpski","@id":"https:\/\/serbia.com\/srpski\/karadordeva-snicla-srpski-izum-velikog-kuvara\/#primaryimage","url":"https:\/\/serbia.com\/wp-content\/uploads\/2015\/04\/011-karadjordjeva-snicla1.jpg","contentUrl":"https:\/\/serbia.com\/wp-content\/uploads\/2015\/04\/011-karadjordjeva-snicla1.jpg","width":735,"height":490},{"@type":"BreadcrumbList","@id":"https:\/\/serbia.com\/srpski\/karadordeva-snicla-srpski-izum-velikog-kuvara\/#breadcrumb","itemListElement":[{"@type":"ListItem","position":1,"name":"Home","item":"https:\/\/serbia.com\/srpski\/srbija\/"},{"@type":"ListItem","position":2,"name":"Kara\u0111or\u0111eva \u0161nicla, srpski izum velikog kuvara"}]},{"@type":"WebSite","@id":"https:\/\/serbia.com\/#website","url":"https:\/\/serbia.com\/","name":"Serbia.com","description":"Your Gateway to Serbia","potentialAction":[{"@type":"SearchAction","target":{"@type":"EntryPoint","urlTemplate":"https:\/\/serbia.com\/?s={search_term_string}"},"query-input":{"@type":"PropertyValueSpecification","valueRequired":true,"valueName":"search_term_string"}}],"inLanguage":"srpski"},{"@type":"Person","@id":"https:\/\/serbia.com\/#\/schema\/person\/954f6599db4406bd5f2e8384659bdc33","name":"Ivona Lekan","image":{"@type":"ImageObject","inLanguage":"srpski","@id":"https:\/\/secure.gravatar.com\/avatar\/4eba414fa53ccc3824d6c0254e6c3425ccdebeb4c72580208b23386c071b50b2?s=96&d=mm&r=g","url":"https:\/\/secure.gravatar.com\/avatar\/4eba414fa53ccc3824d6c0254e6c3425ccdebeb4c72580208b23386c071b50b2?s=96&d=mm&r=g","contentUrl":"https:\/\/secure.gravatar.com\/avatar\/4eba414fa53ccc3824d6c0254e6c3425ccdebeb4c72580208b23386c071b50b2?s=96&d=mm&r=g","caption":"Ivona Lekan"},"url":"https:\/\/serbia.com\/srpski\/author\/ivondivine\/"}]}},"brizy_media":[],"_links":{"self":[{"href":"https:\/\/serbia.com\/srpski\/wp-json\/wp\/v2\/posts\/31006","targetHints":{"allow":["GET"]}}],"collection":[{"href":"https:\/\/serbia.com\/srpski\/wp-json\/wp\/v2\/posts"}],"about":[{"href":"https:\/\/serbia.com\/srpski\/wp-json\/wp\/v2\/types\/post"}],"author":[{"embeddable":true,"href":"https:\/\/serbia.com\/srpski\/wp-json\/wp\/v2\/users\/27"}],"replies":[{"embeddable":true,"href":"https:\/\/serbia.com\/srpski\/wp-json\/wp\/v2\/comments?post=31006"}],"version-history":[{"count":0,"href":"https:\/\/serbia.com\/srpski\/wp-json\/wp\/v2\/posts\/31006\/revisions"}],"wp:featuredmedia":[{"embeddable":true,"href":"https:\/\/serbia.com\/srpski\/wp-json\/wp\/v2\/media\/30989"}],"wp:attachment":[{"href":"https:\/\/serbia.com\/srpski\/wp-json\/wp\/v2\/media?parent=31006"}],"wp:term":[{"taxonomy":"category","embeddable":true,"href":"https:\/\/serbia.com\/srpski\/wp-json\/wp\/v2\/categories?post=31006"},{"taxonomy":"post_tag","embeddable":true,"href":"https:\/\/serbia.com\/srpski\/wp-json\/wp\/v2\/tags?post=31006"}],"curies":[{"name":"wp","href":"https:\/\/api.w.org\/{rel}","templated":true}]}}