{"id":29073,"date":"2014-08-12T17:38:24","date_gmt":"2014-08-12T15:38:24","guid":{"rendered":"http:\/\/www.serbia.com\/?p=29073"},"modified":"2015-04-08T13:19:40","modified_gmt":"2015-04-08T11:19:40","slug":"proglasen-pobednik-izbora-za-izuzetne-destinacije-evrope","status":"publish","type":"post","link":"https:\/\/serbia.com\/srpski\/proglasen-pobednik-izbora-za-izuzetne-destinacije-evrope\/","title":{"rendered":"Progla\u0161en pobednik izbora za \u201eIzuzetne destinacije Evrope\u201c"},"content":{"rendered":"<h4>U okviru nacionalnog izbora za \u201eIzuzetne destinacije Evrope\u201c, Turisti\u010dka organizacija Srbije raspisala je konkurs na temu \u201eTurizam i nematerijalno kulturno nasle\u0111e\u201c, a pobedu na prvom konkursu u Srbiji odnela je op\u0161tina Knja\u017eevac sa \u0111ur\u0111evdanskim obredom Molitva.<\/h4>\n<p>Na adresu Turisti\u010dke organizacije Srbije stiglo je 40 prijava za konkurs \u010diji su ciljevi prepoznavanje i nagra\u0111ivanje destinacija koje baziraju i razvijaju svoju turisti\u010dku ponudu na promociji sopstvenog teritorjalno-specifi\u010dnog nematerijalnog kulturnog nasle\u0111a kao \u0161to su <strong>zanati<\/strong>, <strong>rukotvorine<\/strong>, <strong>usmene tradicije<\/strong>, <strong>manifestacije<\/strong>, <a title=\"Obi\u010daji u Srbiji: rituali od pre Hrista\" href=\"http:\/\/www.serbia.com\/srpski\/etno-naslede-srbije-rituali-od-pre-hrista\/\"><strong>obi\u010daji<\/strong><\/a>, <a title=\"Tradicionalna kuhinja\" href=\"http:\/\/www.serbia.com\/srpski\/o-srbiji\/tradicionalna-kuhinja\/\"><strong>tradicionalna ishrana<\/strong><\/a> i sli\u010dno.<\/p>\n<blockquote><p><em>Nakon sticanja statusa kandidata za \u010dlanstvo u EU, Srbija je po prvi put dobila priliku da u\u010destvuje u programu koji od 2005. godine sprovodi Evropska komisija. Ciljevi programa su pove\u0107anje vidljivosti manje poznatih turisti\u010dkih destinacija, stvaranje svesti o raznolikosti i kvalitetu evropske turisti\u010dke ponude, promocija svih evropskih zemalja i regija, ubla\u017eavanje sezonalnosti i usmeravanje turisti\u010dkog prometa ka netradicionalnim destinacijama, uz nagra\u0111ivanje odr\u017eivih formi turizma.<\/em><\/p><\/blockquote>\n<p><strong>Za pobednika prvog konkursa odabrana je op\u0161tina Knja\u017eevac sa \u0111ur\u0111evdanskim obredom Molitva<\/strong>, koji je upisan na Listu elemenata nematerijanog kulturnog nasle\u0111a Republike Srbije.<\/p>\n<figure id=\"attachment_29027\" aria-describedby=\"caption-attachment-29027\" style=\"width: 600px\" class=\"wp-caption aligncenter\"><img loading=\"lazy\" decoding=\"async\" class=\"wp-image-29027 size-full\" src=\"http:\/\/www.serbia.com\/wp-content\/uploads\/2014\/08\/knjazevac-autor-Dragan-Bosnic-slika.jpg\" alt=\"\" width=\"600\" height=\"400\" srcset=\"https:\/\/serbia.com\/wp-content\/uploads\/2014\/08\/knjazevac-autor-Dragan-Bosnic-slika.jpg 600w, https:\/\/serbia.com\/wp-content\/uploads\/2014\/08\/knjazevac-autor-Dragan-Bosnic-slika-300x200.jpg 300w\" sizes=\"auto, (max-width: 600px) 100vw, 600px\" \/><figcaption id=\"caption-attachment-29027\" class=\"wp-caption-text\">Knjazevac, autor Dragan Bosni\u0107, arhiva TOS<\/figcaption><\/figure>\n<p><strong>\u00a0Za prate\u0107e destinacije\u00a0izabrani su<\/strong><b>:<\/b><\/p>\n<figure id=\"attachment_29029\" aria-describedby=\"caption-attachment-29029\" style=\"width: 600px\" class=\"wp-caption aligncenter\"><img loading=\"lazy\" decoding=\"async\" class=\"wp-image-29029 size-full\" src=\"http:\/\/www.serbia.com\/wp-content\/uploads\/2014\/08\/kovacica-zuzana-autor-Dragan-Bosnic-serbia.jpg\" alt=\"\" width=\"600\" height=\"400\" srcset=\"https:\/\/serbia.com\/wp-content\/uploads\/2014\/08\/kovacica-zuzana-autor-Dragan-Bosnic-serbia.jpg 600w, https:\/\/serbia.com\/wp-content\/uploads\/2014\/08\/kovacica-zuzana-autor-Dragan-Bosnic-serbia-300x200.jpg 300w\" sizes=\"auto, (max-width: 600px) 100vw, 600px\" \/><figcaption id=\"caption-attachment-29029\" class=\"wp-caption-text\">Kova\u010dica Zuzana Halupova. Autor Dragan Bosni\u0107, arhiva TOS<\/figcaption><\/figure>\n<p>&nbsp;<\/p>\n<figure id=\"attachment_29037\" aria-describedby=\"caption-attachment-29037\" style=\"width: 600px\" class=\"wp-caption aligncenter\"><img loading=\"lazy\" decoding=\"async\" class=\"wp-image-29037 size-full\" src=\"http:\/\/www.serbia.com\/wp-content\/uploads\/2014\/08\/homolje-autor-Dragan-Bosnic-serbia.jpg\" alt=\"\" width=\"600\" height=\"520\" srcset=\"https:\/\/serbia.com\/wp-content\/uploads\/2014\/08\/homolje-autor-Dragan-Bosnic-serbia.jpg 600w, https:\/\/serbia.com\/wp-content\/uploads\/2014\/08\/homolje-autor-Dragan-Bosnic-serbia-300x260.jpg 300w\" sizes=\"auto, (max-width: 600px) 100vw, 600px\" \/><figcaption id=\"caption-attachment-29037\" class=\"wp-caption-text\">Homolje, autor Dragan Bosni\u0107, arhiva TOS<\/figcaption><\/figure>\n<p>&nbsp;<\/p>\n<figure id=\"attachment_29039\" aria-describedby=\"caption-attachment-29039\" style=\"width: 600px\" class=\"wp-caption aligncenter\"><img loading=\"lazy\" decoding=\"async\" class=\"wp-image-29039 size-full\" src=\"http:\/\/www.serbia.com\/wp-content\/uploads\/2014\/08\/ZlatarFest-autor-Marko-Rupena-serbia.jpg\" alt=\"\" width=\"600\" height=\"401\" srcset=\"https:\/\/serbia.com\/wp-content\/uploads\/2014\/08\/ZlatarFest-autor-Marko-Rupena-serbia.jpg 600w, https:\/\/serbia.com\/wp-content\/uploads\/2014\/08\/ZlatarFest-autor-Marko-Rupena-serbia-300x200.jpg 300w\" sizes=\"auto, (max-width: 600px) 100vw, 600px\" \/><figcaption id=\"caption-attachment-29039\" class=\"wp-caption-text\">ZlatarFest, autor Marko Rupena, arhiva TOS<\/figcaption><\/figure>\n<p>&nbsp;<\/p>\n<figure id=\"attachment_29066\" aria-describedby=\"caption-attachment-29066\" style=\"width: 600px\" class=\"wp-caption aligncenter\"><img loading=\"lazy\" decoding=\"async\" class=\"wp-image-29066 size-full\" src=\"http:\/\/www.serbia.com\/wp-content\/uploads\/2014\/08\/oplenac-vinogradi-autor-Dragan-Bosnic-1-original.jpg\" alt=\"\" width=\"600\" height=\"901\" srcset=\"https:\/\/serbia.com\/wp-content\/uploads\/2014\/08\/oplenac-vinogradi-autor-Dragan-Bosnic-1-original.jpg 600w, https:\/\/serbia.com\/wp-content\/uploads\/2014\/08\/oplenac-vinogradi-autor-Dragan-Bosnic-1-original-199x300.jpg 199w\" sizes=\"auto, (max-width: 600px) 100vw, 600px\" \/><figcaption id=\"caption-attachment-29066\" class=\"wp-caption-text\">Oplenac vinogradi, autor Dragan Bosni\u0107, arhiva TOS<\/figcaption><\/figure>\n<p>Nacionalna ceremonija dodele nagrada pobedni\u010dkoj i prate\u0107im destinacijama bi\u0107e odr\u017eana u okviru proslave Svetskog dana turizma i dodele nagrade \u201eTuristi\u010dki cvet\u201c krajem septembra ove godine.<\/p>\n<p><strong>Izabrane destinacije u Srbiji bi\u0107e uvr\u0161\u0107ene u \u201eMre\u017eu izuzetnih destinacija Evrope\u201c (EDEN Network)<\/strong>, \u010diji ciljevi su stvaranje platforme za razmenu dobrih primera iz prakse me\u0111u nagra\u0111enim destinacijama i podsticanje drugih destinacija u Evropi da usvoje modele odr\u017eivog turisti\u010dkog razvoja.<\/p>\n","protected":false},"excerpt":{"rendered":"<p>U okviru nacionalnog izbora za \u201eIzuzetne destinacije Evrope\u201c, Turisti\u010dka organizacija Srbije raspisala je konkurs na temu \u201eTurizam i nematerijalno kulturno nasle\u0111e\u201c, a pobedu na prvom konkursu u Srbiji odnela je [&hellip;]<\/p>\n","protected":false},"author":27,"featured_media":29026,"comment_status":"closed","ping_status":"closed","sticky":false,"template":"","format":"image","meta":{"_acf_changed":false,"inline_featured_image":false,"_monsterinsights_skip_tracking":false,"_monsterinsights_sitenote_active":false,"_monsterinsights_sitenote_note":"","_monsterinsights_sitenote_category":0,"footnotes":""},"categories":[2846,2700],"tags":[3317,3323,3319,3320,3322,3321,3318],"class_list":["post-29073","post","type-post","status-publish","format-image","has-post-thumbnail","hentry","category-istaknuto","category-vesti","tag-eden","tag-homolje","tag-izuzetne-destinacije-evrope","tag-knjazevac","tag-nova-varos","tag-topola","tag-tos","post_format-post-format-image"],"acf":[],"yoast_head":"<!-- This site is optimized with the Yoast SEO plugin v27.4 - https:\/\/yoast.com\/product\/yoast-seo-wordpress\/ -->\n<title>Progla\u0161en pobednik izbora za \u201eIzuzetne destinacije Evrope\u201c - Serbia.com<\/title>\n<meta name=\"robots\" content=\"index, follow, max-snippet:-1, max-image-preview:large, max-video-preview:-1\" \/>\n<link rel=\"canonical\" href=\"https:\/\/serbia.com\/srpski\/proglasen-pobednik-izbora-za-izuzetne-destinacije-evrope\/\" \/>\n<meta property=\"og:locale\" content=\"en_US\" \/>\n<meta property=\"og:type\" content=\"article\" \/>\n<meta property=\"og:title\" content=\"Progla\u0161en pobednik izbora za \u201eIzuzetne destinacije Evrope\u201c - Serbia.com\" \/>\n<meta property=\"og:description\" content=\"U okviru nacionalnog izbora za \u201eIzuzetne destinacije Evrope\u201c, Turisti\u010dka organizacija Srbije raspisala je konkurs na temu \u201eTurizam i nematerijalno kulturno nasle\u0111e\u201c, a pobedu na prvom konkursu u Srbiji odnela je [&hellip;]\" \/>\n<meta property=\"og:url\" content=\"https:\/\/serbia.com\/srpski\/proglasen-pobednik-izbora-za-izuzetne-destinacije-evrope\/\" \/>\n<meta property=\"og:site_name\" content=\"Serbia.com\" \/>\n<meta property=\"article:published_time\" content=\"2014-08-12T15:38:24+00:00\" \/>\n<meta property=\"article:modified_time\" content=\"2015-04-08T11:19:40+00:00\" \/>\n<meta property=\"og:image\" content=\"https:\/\/serbia.com\/wp-content\/uploads\/2014\/08\/knjazevac-autor-Dragan-Bosnic-serbia.jpg\" \/>\n\t<meta property=\"og:image:width\" content=\"734\" \/>\n\t<meta property=\"og:image:height\" content=\"489\" \/>\n\t<meta property=\"og:image:type\" content=\"image\/jpeg\" \/>\n<meta name=\"author\" content=\"Ivona Lekan\" \/>\n<meta name=\"twitter:label1\" content=\"Written by\" \/>\n\t<meta name=\"twitter:data1\" content=\"Ivona Lekan\" \/>\n\t<meta name=\"twitter:label2\" content=\"Est. reading time\" \/>\n\t<meta name=\"twitter:data2\" content=\"2 minutes\" \/>\n<script type=\"application\/ld+json\" class=\"yoast-schema-graph\">{\"@context\":\"https:\\\/\\\/schema.org\",\"@graph\":[{\"@type\":\"Article\",\"@id\":\"https:\\\/\\\/serbia.com\\\/srpski\\\/proglasen-pobednik-izbora-za-izuzetne-destinacije-evrope\\\/#article\",\"isPartOf\":{\"@id\":\"https:\\\/\\\/serbia.com\\\/srpski\\\/proglasen-pobednik-izbora-za-izuzetne-destinacije-evrope\\\/\"},\"author\":{\"name\":\"Ivona Lekan\",\"@id\":\"https:\\\/\\\/serbia.com\\\/#\\\/schema\\\/person\\\/954f6599db4406bd5f2e8384659bdc33\"},\"headline\":\"Progla\u0161en pobednik izbora za \u201eIzuzetne destinacije Evrope\u201c\",\"datePublished\":\"2014-08-12T15:38:24+00:00\",\"dateModified\":\"2015-04-08T11:19:40+00:00\",\"mainEntityOfPage\":{\"@id\":\"https:\\\/\\\/serbia.com\\\/srpski\\\/proglasen-pobednik-izbora-za-izuzetne-destinacije-evrope\\\/\"},\"wordCount\":352,\"image\":{\"@id\":\"https:\\\/\\\/serbia.com\\\/srpski\\\/proglasen-pobednik-izbora-za-izuzetne-destinacije-evrope\\\/#primaryimage\"},\"thumbnailUrl\":\"https:\\\/\\\/serbia.com\\\/wp-content\\\/uploads\\\/2014\\\/08\\\/knjazevac-autor-Dragan-Bosnic-serbia.jpg\",\"keywords\":[\"EDEN\",\"Homolje\",\"Izuzetne destinacije Evrope\",\"Knja\u017eevac\",\"Nova Varo\u0161\",\"Topola\",\"TOS\"],\"articleSection\":[\"Istaknuto\",\"Vesti\"],\"inLanguage\":\"srpski\"},{\"@type\":\"WebPage\",\"@id\":\"https:\\\/\\\/serbia.com\\\/srpski\\\/proglasen-pobednik-izbora-za-izuzetne-destinacije-evrope\\\/\",\"url\":\"https:\\\/\\\/serbia.com\\\/srpski\\\/proglasen-pobednik-izbora-za-izuzetne-destinacije-evrope\\\/\",\"name\":\"Progla\u0161en pobednik izbora za \u201eIzuzetne destinacije Evrope\u201c - Serbia.com\",\"isPartOf\":{\"@id\":\"https:\\\/\\\/serbia.com\\\/#website\"},\"primaryImageOfPage\":{\"@id\":\"https:\\\/\\\/serbia.com\\\/srpski\\\/proglasen-pobednik-izbora-za-izuzetne-destinacije-evrope\\\/#primaryimage\"},\"image\":{\"@id\":\"https:\\\/\\\/serbia.com\\\/srpski\\\/proglasen-pobednik-izbora-za-izuzetne-destinacije-evrope\\\/#primaryimage\"},\"thumbnailUrl\":\"https:\\\/\\\/serbia.com\\\/wp-content\\\/uploads\\\/2014\\\/08\\\/knjazevac-autor-Dragan-Bosnic-serbia.jpg\",\"datePublished\":\"2014-08-12T15:38:24+00:00\",\"dateModified\":\"2015-04-08T11:19:40+00:00\",\"author\":{\"@id\":\"https:\\\/\\\/serbia.com\\\/#\\\/schema\\\/person\\\/954f6599db4406bd5f2e8384659bdc33\"},\"breadcrumb\":{\"@id\":\"https:\\\/\\\/serbia.com\\\/srpski\\\/proglasen-pobednik-izbora-za-izuzetne-destinacije-evrope\\\/#breadcrumb\"},\"inLanguage\":\"srpski\",\"potentialAction\":[{\"@type\":\"ReadAction\",\"target\":[\"https:\\\/\\\/serbia.com\\\/srpski\\\/proglasen-pobednik-izbora-za-izuzetne-destinacije-evrope\\\/\"]}]},{\"@type\":\"ImageObject\",\"inLanguage\":\"srpski\",\"@id\":\"https:\\\/\\\/serbia.com\\\/srpski\\\/proglasen-pobednik-izbora-za-izuzetne-destinacije-evrope\\\/#primaryimage\",\"url\":\"https:\\\/\\\/serbia.com\\\/wp-content\\\/uploads\\\/2014\\\/08\\\/knjazevac-autor-Dragan-Bosnic-serbia.jpg\",\"contentUrl\":\"https:\\\/\\\/serbia.com\\\/wp-content\\\/uploads\\\/2014\\\/08\\\/knjazevac-autor-Dragan-Bosnic-serbia.jpg\",\"width\":734,\"height\":489},{\"@type\":\"BreadcrumbList\",\"@id\":\"https:\\\/\\\/serbia.com\\\/srpski\\\/proglasen-pobednik-izbora-za-izuzetne-destinacije-evrope\\\/#breadcrumb\",\"itemListElement\":[{\"@type\":\"ListItem\",\"position\":1,\"name\":\"Home\",\"item\":\"https:\\\/\\\/serbia.com\\\/srpski\\\/srbija\\\/\"},{\"@type\":\"ListItem\",\"position\":2,\"name\":\"Progla\u0161en pobednik izbora za \u201eIzuzetne destinacije Evrope\u201c\"}]},{\"@type\":\"WebSite\",\"@id\":\"https:\\\/\\\/serbia.com\\\/#website\",\"url\":\"https:\\\/\\\/serbia.com\\\/\",\"name\":\"Serbia.com\",\"description\":\"Your Gateway to Serbia\",\"potentialAction\":[{\"@type\":\"SearchAction\",\"target\":{\"@type\":\"EntryPoint\",\"urlTemplate\":\"https:\\\/\\\/serbia.com\\\/?s={search_term_string}\"},\"query-input\":{\"@type\":\"PropertyValueSpecification\",\"valueRequired\":true,\"valueName\":\"search_term_string\"}}],\"inLanguage\":\"srpski\"},{\"@type\":\"Person\",\"@id\":\"https:\\\/\\\/serbia.com\\\/#\\\/schema\\\/person\\\/954f6599db4406bd5f2e8384659bdc33\",\"name\":\"Ivona Lekan\",\"image\":{\"@type\":\"ImageObject\",\"inLanguage\":\"srpski\",\"@id\":\"https:\\\/\\\/secure.gravatar.com\\\/avatar\\\/4eba414fa53ccc3824d6c0254e6c3425ccdebeb4c72580208b23386c071b50b2?s=96&d=mm&r=g\",\"url\":\"https:\\\/\\\/secure.gravatar.com\\\/avatar\\\/4eba414fa53ccc3824d6c0254e6c3425ccdebeb4c72580208b23386c071b50b2?s=96&d=mm&r=g\",\"contentUrl\":\"https:\\\/\\\/secure.gravatar.com\\\/avatar\\\/4eba414fa53ccc3824d6c0254e6c3425ccdebeb4c72580208b23386c071b50b2?s=96&d=mm&r=g\",\"caption\":\"Ivona Lekan\"},\"url\":\"https:\\\/\\\/serbia.com\\\/srpski\\\/author\\\/ivondivine\\\/\"}]}<\/script>\n<!-- \/ Yoast SEO plugin. -->","yoast_head_json":{"title":"Progla\u0161en pobednik izbora za \u201eIzuzetne destinacije Evrope\u201c - Serbia.com","robots":{"index":"index","follow":"follow","max-snippet":"max-snippet:-1","max-image-preview":"max-image-preview:large","max-video-preview":"max-video-preview:-1"},"canonical":"https:\/\/serbia.com\/srpski\/proglasen-pobednik-izbora-za-izuzetne-destinacije-evrope\/","og_locale":"en_US","og_type":"article","og_title":"Progla\u0161en pobednik izbora za \u201eIzuzetne destinacije Evrope\u201c - Serbia.com","og_description":"U okviru nacionalnog izbora za \u201eIzuzetne destinacije Evrope\u201c, Turisti\u010dka organizacija Srbije raspisala je konkurs na temu \u201eTurizam i nematerijalno kulturno nasle\u0111e\u201c, a pobedu na prvom konkursu u Srbiji odnela je [&hellip;]","og_url":"https:\/\/serbia.com\/srpski\/proglasen-pobednik-izbora-za-izuzetne-destinacije-evrope\/","og_site_name":"Serbia.com","article_published_time":"2014-08-12T15:38:24+00:00","article_modified_time":"2015-04-08T11:19:40+00:00","og_image":[{"width":734,"height":489,"url":"https:\/\/serbia.com\/wp-content\/uploads\/2014\/08\/knjazevac-autor-Dragan-Bosnic-serbia.jpg","type":"image\/jpeg"}],"author":"Ivona Lekan","twitter_misc":{"Written by":"Ivona Lekan","Est. reading time":"2 minutes"},"schema":{"@context":"https:\/\/schema.org","@graph":[{"@type":"Article","@id":"https:\/\/serbia.com\/srpski\/proglasen-pobednik-izbora-za-izuzetne-destinacije-evrope\/#article","isPartOf":{"@id":"https:\/\/serbia.com\/srpski\/proglasen-pobednik-izbora-za-izuzetne-destinacije-evrope\/"},"author":{"name":"Ivona Lekan","@id":"https:\/\/serbia.com\/#\/schema\/person\/954f6599db4406bd5f2e8384659bdc33"},"headline":"Progla\u0161en pobednik izbora za \u201eIzuzetne destinacije Evrope\u201c","datePublished":"2014-08-12T15:38:24+00:00","dateModified":"2015-04-08T11:19:40+00:00","mainEntityOfPage":{"@id":"https:\/\/serbia.com\/srpski\/proglasen-pobednik-izbora-za-izuzetne-destinacije-evrope\/"},"wordCount":352,"image":{"@id":"https:\/\/serbia.com\/srpski\/proglasen-pobednik-izbora-za-izuzetne-destinacije-evrope\/#primaryimage"},"thumbnailUrl":"https:\/\/serbia.com\/wp-content\/uploads\/2014\/08\/knjazevac-autor-Dragan-Bosnic-serbia.jpg","keywords":["EDEN","Homolje","Izuzetne destinacije Evrope","Knja\u017eevac","Nova Varo\u0161","Topola","TOS"],"articleSection":["Istaknuto","Vesti"],"inLanguage":"srpski"},{"@type":"WebPage","@id":"https:\/\/serbia.com\/srpski\/proglasen-pobednik-izbora-za-izuzetne-destinacije-evrope\/","url":"https:\/\/serbia.com\/srpski\/proglasen-pobednik-izbora-za-izuzetne-destinacije-evrope\/","name":"Progla\u0161en pobednik izbora za \u201eIzuzetne destinacije Evrope\u201c - Serbia.com","isPartOf":{"@id":"https:\/\/serbia.com\/#website"},"primaryImageOfPage":{"@id":"https:\/\/serbia.com\/srpski\/proglasen-pobednik-izbora-za-izuzetne-destinacije-evrope\/#primaryimage"},"image":{"@id":"https:\/\/serbia.com\/srpski\/proglasen-pobednik-izbora-za-izuzetne-destinacije-evrope\/#primaryimage"},"thumbnailUrl":"https:\/\/serbia.com\/wp-content\/uploads\/2014\/08\/knjazevac-autor-Dragan-Bosnic-serbia.jpg","datePublished":"2014-08-12T15:38:24+00:00","dateModified":"2015-04-08T11:19:40+00:00","author":{"@id":"https:\/\/serbia.com\/#\/schema\/person\/954f6599db4406bd5f2e8384659bdc33"},"breadcrumb":{"@id":"https:\/\/serbia.com\/srpski\/proglasen-pobednik-izbora-za-izuzetne-destinacije-evrope\/#breadcrumb"},"inLanguage":"srpski","potentialAction":[{"@type":"ReadAction","target":["https:\/\/serbia.com\/srpski\/proglasen-pobednik-izbora-za-izuzetne-destinacije-evrope\/"]}]},{"@type":"ImageObject","inLanguage":"srpski","@id":"https:\/\/serbia.com\/srpski\/proglasen-pobednik-izbora-za-izuzetne-destinacije-evrope\/#primaryimage","url":"https:\/\/serbia.com\/wp-content\/uploads\/2014\/08\/knjazevac-autor-Dragan-Bosnic-serbia.jpg","contentUrl":"https:\/\/serbia.com\/wp-content\/uploads\/2014\/08\/knjazevac-autor-Dragan-Bosnic-serbia.jpg","width":734,"height":489},{"@type":"BreadcrumbList","@id":"https:\/\/serbia.com\/srpski\/proglasen-pobednik-izbora-za-izuzetne-destinacije-evrope\/#breadcrumb","itemListElement":[{"@type":"ListItem","position":1,"name":"Home","item":"https:\/\/serbia.com\/srpski\/srbija\/"},{"@type":"ListItem","position":2,"name":"Progla\u0161en pobednik izbora za \u201eIzuzetne destinacije Evrope\u201c"}]},{"@type":"WebSite","@id":"https:\/\/serbia.com\/#website","url":"https:\/\/serbia.com\/","name":"Serbia.com","description":"Your Gateway to Serbia","potentialAction":[{"@type":"SearchAction","target":{"@type":"EntryPoint","urlTemplate":"https:\/\/serbia.com\/?s={search_term_string}"},"query-input":{"@type":"PropertyValueSpecification","valueRequired":true,"valueName":"search_term_string"}}],"inLanguage":"srpski"},{"@type":"Person","@id":"https:\/\/serbia.com\/#\/schema\/person\/954f6599db4406bd5f2e8384659bdc33","name":"Ivona Lekan","image":{"@type":"ImageObject","inLanguage":"srpski","@id":"https:\/\/secure.gravatar.com\/avatar\/4eba414fa53ccc3824d6c0254e6c3425ccdebeb4c72580208b23386c071b50b2?s=96&d=mm&r=g","url":"https:\/\/secure.gravatar.com\/avatar\/4eba414fa53ccc3824d6c0254e6c3425ccdebeb4c72580208b23386c071b50b2?s=96&d=mm&r=g","contentUrl":"https:\/\/secure.gravatar.com\/avatar\/4eba414fa53ccc3824d6c0254e6c3425ccdebeb4c72580208b23386c071b50b2?s=96&d=mm&r=g","caption":"Ivona Lekan"},"url":"https:\/\/serbia.com\/srpski\/author\/ivondivine\/"}]}},"brizy_media":[],"_links":{"self":[{"href":"https:\/\/serbia.com\/srpski\/wp-json\/wp\/v2\/posts\/29073","targetHints":{"allow":["GET"]}}],"collection":[{"href":"https:\/\/serbia.com\/srpski\/wp-json\/wp\/v2\/posts"}],"about":[{"href":"https:\/\/serbia.com\/srpski\/wp-json\/wp\/v2\/types\/post"}],"author":[{"embeddable":true,"href":"https:\/\/serbia.com\/srpski\/wp-json\/wp\/v2\/users\/27"}],"replies":[{"embeddable":true,"href":"https:\/\/serbia.com\/srpski\/wp-json\/wp\/v2\/comments?post=29073"}],"version-history":[{"count":0,"href":"https:\/\/serbia.com\/srpski\/wp-json\/wp\/v2\/posts\/29073\/revisions"}],"wp:featuredmedia":[{"embeddable":true,"href":"https:\/\/serbia.com\/srpski\/wp-json\/wp\/v2\/media\/29026"}],"wp:attachment":[{"href":"https:\/\/serbia.com\/srpski\/wp-json\/wp\/v2\/media?parent=29073"}],"wp:term":[{"taxonomy":"category","embeddable":true,"href":"https:\/\/serbia.com\/srpski\/wp-json\/wp\/v2\/categories?post=29073"},{"taxonomy":"post_tag","embeddable":true,"href":"https:\/\/serbia.com\/srpski\/wp-json\/wp\/v2\/tags?post=29073"}],"curies":[{"name":"wp","href":"https:\/\/api.w.org\/{rel}","templated":true}]}}