{"id":28958,"date":"2014-07-06T13:47:02","date_gmt":"2014-07-06T11:47:02","guid":{"rendered":"http:\/\/www.serbia.com\/?p=28958"},"modified":"2014-07-06T13:47:02","modified_gmt":"2014-07-06T11:47:02","slug":"top-5-manifestacija-u-julu-koje-ne-smete-da-propustite","status":"publish","type":"post","link":"https:\/\/serbia.com\/srpski\/top-5-manifestacija-u-julu-koje-ne-smete-da-propustite\/","title":{"rendered":"TOP 5 manifestacija u julu koje ne smete da propustite"},"content":{"rendered":"<h4>Adrenalin, muzika, \u017eurke do jutra, dobra energija, zabava i smeh! Spremite se za najbolji provod i nezaboravne momente, jer je jul u Srbiji rezervisan za sve ovo i jo\u0161 mnogo toga. Raznovrsnost manifestacija u ovom mesecu nudi zabavu za sva\u010diji ukus, na vama je da odaberete va\u0161u!<\/h4>\n<p>&nbsp;<\/p>\n<p style=\"text-align: center;\"><strong>EXIT (10-13 jul), nezaboravan provod na najve\u0107em festivalu u regionu<\/strong><\/p>\n<p><strong>Stotine najboljih doma\u0107ih i stranih izvo\u0111a\u010da, sedam bina, sjajna atmosfera, tona pozitivne energije i dobre muzike<\/strong>, garantuju vam jedinstveno iskustvo i pregr\u0161t lepih momenata za pam\u0107enje. Doma\u0107in ovog presti\u017enog festivala koji od 2000. godine <strong>va\u017ei za jedan od najboljih i najpose\u0107enijih u Evropi<\/strong>, tradicionalno je <a title=\"Novi Sad\" href=\"http:\/\/www.serbia.com\/srpski\/posetite-srbiju\/sta-videti\/gradovi\/novi-sad\/\">Novi Sad<\/a> i najlep\u0161a vojvo\u0111anska tvr\u0111ava- <a title=\"Petrovaradinska tvr\u0111ava, Gibraltar na Dunavu\" href=\"http:\/\/www.serbia.com\/srpski\/petrovaradinska-tvrdava-gibraltar-na-dunavu\/\">Petrovaradin<\/a>. Ukoliko \u017eelite da provedite tri nezaboravna dana \u0111uskaju\u0107i uz muziku najboljih DJ-eva, \u017eurkama do jutra, u\u017eivanju sa prijateljima u najlu\u0111oj atmosferi, obavezno posetite ovaj festival i postanite deo \u010duvene EXIT avanture!<\/p>\n<p>Vi\u0161e informacija na:\u00a0<a title=\"http:\/\/www.exitfest.org\/sr\" href=\"http:\/\/www.exitfest.org\/sr\" target=\"_blank\">http:\/\/www.exitfest.org\/sr<\/a><\/p>\n<p><img loading=\"lazy\" decoding=\"async\" class=\"aligncenter size-full wp-image-28935\" src=\"http:\/\/www.serbia.com\/wp-content\/uploads\/2014\/07\/exit-serbia.jpg\" alt=\"exit serbia\" width=\"500\" height=\"346\" srcset=\"https:\/\/serbia.com\/wp-content\/uploads\/2014\/07\/exit-serbia.jpg 500w, https:\/\/serbia.com\/wp-content\/uploads\/2014\/07\/exit-serbia-300x207.jpg 300w\" sizes=\"auto, (max-width: 500px) 100vw, 500px\" \/><\/p>\n<p>&nbsp;<\/p>\n<p style=\"text-align: center;\"><strong>Vrnja\u010dki karneval (13-20 jul), brazilska atmosfera u srcu Srbije<\/strong><\/p>\n<p><strong>Volite sjaj, glamur, veselu muziku, blje\u0161tavilo jarkih boja i karnevalskih kostima<\/strong>? Onda definitivno ne smete da propustite ovaj fantasti\u010dni karneval, koji godinama unazad okuplja <strong>preko 200.000 posetilaca<\/strong>. Ina\u010de poznata po prelepoj prirodi i sve\u017eem vazduhu, <a title=\"Vrnja\u010dka Banja\" href=\"http:\/\/www.serbia.com\/srpski\/posetite-srbiju\/sta-videti\/prirodne-lepote\/banje\/vrnjacka-banja\/\">Vrnja\u010dka banja<\/a> se tokom karnevalskih dana pretvara u pozornicu na kojoj se odr\u017eava veliki broj maskenbala, koncerata, pozori\u0161nih predstava, sportskih de\u0161avanja\u2026 Centralni doga\u0111aj je <strong>Velika me\u0111unarodna karnevalska povorka<\/strong>, a pored toga vas o\u010dekuje mnogo iznena\u0111enja, dobre zabave, i igre uz sjajan ritam karnevalske muzike!<\/p>\n<p>Vi\u0161e informacija na: <a title=\"http:\/\/www.vrnjackikarneval.com\/pages\/okarnevalu.html\" href=\"http:\/\/www.vrnjackikarneval.com\/pages\/okarnevalu.html\" target=\"_blank\">http:\/\/www.vrnjackikarneval.com\/pages\/okarnevalu.html<\/a><\/p>\n<p><img loading=\"lazy\" decoding=\"async\" class=\"aligncenter size-full wp-image-28959\" src=\"http:\/\/www.serbia.com\/wp-content\/uploads\/2014\/07\/karneval-Vrnjacka-Banja-serbia.com_.jpg\" alt=\"karneval-Vrnjacka-Banja serbia.com\" width=\"500\" height=\"352\" srcset=\"https:\/\/serbia.com\/wp-content\/uploads\/2014\/07\/karneval-Vrnjacka-Banja-serbia.com_.jpg 500w, https:\/\/serbia.com\/wp-content\/uploads\/2014\/07\/karneval-Vrnjacka-Banja-serbia.com_-300x211.jpg 300w\" sizes=\"auto, (max-width: 500px) 100vw, 500px\" \/><\/p>\n<p>&nbsp;<\/p>\n<p style=\"text-align: center;\"><strong>Drinska regata (15-20 jul), adrenalinska avantura na vodi<\/strong><\/p>\n<p><strong>Smaragdna, bistra i osve\u017eavaju\u0107a voda Drine, muzika, dobro raspolo\u017eenje, i na hiljade ljudi u \u010damcima spremni za tradicionalno dobru vo\u017enju brzacima ove \u010duvene reke<\/strong>, \u010dine sjajnu atmosferu i jo\u0161 bolju avanturu koju \u0107ete zasigurno dugo pamtiti. Centralna turisti\u010dko-rekreativna manifestacija Srbije, koja godinama unazad okuplja ogroman broj ljudi iz Srbije i sveta \u017eeljne avanture i fantasti\u010dnog provoda, i ove godine je pripremila odli\u010dan program koji garantuje sjajan provod. <strong>Koncerti poznatih izvo\u0111a\u010da, takmi\u010denja truba\u010dkih orkestara i majstora riblje \u010dorbe, zabavno rekreativni spust i jo\u0161 mnogo toga<\/strong>!<\/p>\n<p>Vi\u0161e informacija na:\u00a0<a href=\"http:\/\/regata.rs\/novi\/\" target=\"_blank\">http:\/\/regata.rs\/novi\/<\/a><\/p>\n<p><img loading=\"lazy\" decoding=\"async\" class=\"aligncenter size-full wp-image-28949\" src=\"http:\/\/www.serbia.com\/wp-content\/uploads\/2014\/07\/regata-bajina-basta-serbia.jpg\" alt=\"regata-bajina-basta serbia\" width=\"500\" height=\"319\" srcset=\"https:\/\/serbia.com\/wp-content\/uploads\/2014\/07\/regata-bajina-basta-serbia.jpg 500w, https:\/\/serbia.com\/wp-content\/uploads\/2014\/07\/regata-bajina-basta-serbia-300x191.jpg 300w\" sizes=\"auto, (max-width: 500px) 100vw, 500px\" \/><\/p>\n<p>&nbsp;<\/p>\n<p style=\"text-align: center;\"><strong>Sabor frula\u0161a Srbije \u201cOj Moravo\u201d (26-27 jul), u\u017eivanje u autenti\u010dnoj srpskoj muzici, kulturi i zanatima<\/strong><\/p>\n<p>Za sve ljubitelje zvukova tradicionalne srpske muzike, umetnosti starih zanata, lepote i bogastva obi\u010daja i tradicije, ova manifestacija koja traje vi\u0161e od dve decenije predstavlja pravo u\u017eivanje. U Prislonici kod <a title=\"\u010ca\u010dak, grad u pokretu\" href=\"http:\/\/www.serbia.com\/srpski\/cacak-grad-u-pokretu\/\">\u010ca\u010dka<\/a> okupi\u0107e se najbolji <strong>frula\u0161i<\/strong>, <strong>tkalje<\/strong>, <strong>vezilje<\/strong>, <strong>pletilje<\/strong> i <strong>majstori starih <a title=\"Tradicionalna kuhinja\" href=\"http:\/\/www.serbia.com\/srpski\/o-srbiji\/tradicionalna-kuhinja\/\">srpskih specijaliteta<\/a><\/strong>, da bi uz dru\u017eenje i negovanje srpskih obi\u010daja, priu\u0161tili nezaboravno iskustvo desetinama hiljada posetilaca. Ovaj jedinstveni doga\u0111aj koji neguje va\u017ene odlike srpskog naroda kroz pesmu, igru, tradiciju i kulturu, posebno upotpunjuje i takmi\u010denje za <strong>zlatnu frulu<\/strong> koje ne smete propustiti!<\/p>\n<p><img loading=\"lazy\" decoding=\"async\" class=\"aligncenter size-full wp-image-28941\" src=\"http:\/\/www.serbia.com\/wp-content\/uploads\/2014\/07\/Prislonica-2-serbia.jpg\" alt=\"Prislonica-2 serbia\" width=\"500\" height=\"330\" srcset=\"https:\/\/serbia.com\/wp-content\/uploads\/2014\/07\/Prislonica-2-serbia.jpg 500w, https:\/\/serbia.com\/wp-content\/uploads\/2014\/07\/Prislonica-2-serbia-300x198.jpg 300w\" sizes=\"auto, (max-width: 500px) 100vw, 500px\" \/><\/p>\n<p>&nbsp;<\/p>\n<p style=\"text-align: center;\"><strong>Gitarijada (30 jul-2 avgust), lud provod na najstarijoj rok-manifestaciji na planeti<\/strong><\/p>\n<p>Ove godine u <strong>Zaje\u010daru<\/strong> ima\u0107ete jedinstvenu priliku da prisustvujete <strong>48.Gitarijadi by Woodstock<\/strong>, koja je dobila podr\u0161ku ameri\u010dkog grada Woodstock-a proslavljenog po \u010duvenom rok festivalu iz 1969. godine. <strong>Poznat po sjajnom provodu, velikom broju rok demo bendova i odli\u010dnoj atmosferi<\/strong>, ovaj festival iz godine u godine postavlja nove standarde dobrog i kvalitetnog provoda. <strong>Rock akademija<\/strong> (radionica za demo bendove), <strong>Rock camp<\/strong> (tradicionalno najpopularnije mesto za okupljanje posetilaca), <strong>Salon rock fotografije<\/strong> kao i \u010duveni <strong>moto skup<\/strong> obe\u0107avaju \u010detiri luda i nezaboravna dana!<\/p>\n<p>Vi\u0161e informacija na: <a href=\"http:\/\/www.gitarijada.org\/\" target=\"_blank\">http:\/\/www.gitarijada.org\/<\/a><\/p>\n<p><img loading=\"lazy\" decoding=\"async\" class=\"aligncenter size-full wp-image-28951\" src=\"http:\/\/www.serbia.com\/wp-content\/uploads\/2014\/07\/gitarijda-parni-valjak-zajecar-1375569761-348097-serbia.jpg\" alt=\"gitarijda-parni-valjak-zajecar-1375569761-348097 serbia\" width=\"500\" height=\"268\" srcset=\"https:\/\/serbia.com\/wp-content\/uploads\/2014\/07\/gitarijda-parni-valjak-zajecar-1375569761-348097-serbia.jpg 500w, https:\/\/serbia.com\/wp-content\/uploads\/2014\/07\/gitarijda-parni-valjak-zajecar-1375569761-348097-serbia-300x160.jpg 300w\" sizes=\"auto, (max-width: 500px) 100vw, 500px\" \/><\/p>\n<p>&nbsp;<\/p>\n<p>&nbsp;<\/p>\n","protected":false},"excerpt":{"rendered":"<p>Adrenalin, muzika, \u017eurke do jutra, dobra energija, zabava i smeh! Spremite se za najbolji provod i nezaboravne momente, jer je jul u Srbiji rezervisan za sve ovo i jo\u0161 mnogo [&hellip;]<\/p>\n","protected":false},"author":27,"featured_media":28956,"comment_status":"closed","ping_status":"closed","sticky":false,"template":"","format":"image","meta":{"_acf_changed":false,"inline_featured_image":false,"_monsterinsights_skip_tracking":false,"_monsterinsights_sitenote_active":false,"_monsterinsights_sitenote_note":"","_monsterinsights_sitenote_category":0,"footnotes":""},"categories":[1696,2846,2700],"tags":[923,3680,3306,3305,3695],"class_list":["post-28958","post","type-post","status-publish","format-image","has-post-thumbnail","hentry","category-festivali-manifestacije","category-istaknuto","category-vesti","tag-drinska-regata-srpski","tag-exit-srpski","tag-gitarijada","tag-sabor-frulasa","tag-vrnjacki-karneval","post_format-post-format-image"],"acf":[],"yoast_head":"<!-- This site is optimized with the Yoast SEO plugin v27.4 - https:\/\/yoast.com\/product\/yoast-seo-wordpress\/ -->\n<title>TOP 5 manifestacija u julu koje ne smete da propustite - Serbia.com<\/title>\n<meta name=\"robots\" content=\"index, follow, max-snippet:-1, max-image-preview:large, max-video-preview:-1\" \/>\n<link rel=\"canonical\" href=\"https:\/\/serbia.com\/srpski\/top-5-manifestacija-u-julu-koje-ne-smete-da-propustite\/\" \/>\n<meta property=\"og:locale\" content=\"en_US\" \/>\n<meta property=\"og:type\" content=\"article\" \/>\n<meta property=\"og:title\" content=\"TOP 5 manifestacija u julu koje ne smete da propustite - Serbia.com\" \/>\n<meta property=\"og:description\" content=\"Adrenalin, muzika, \u017eurke do jutra, dobra energija, zabava i smeh! Spremite se za najbolji provod i nezaboravne momente, jer je jul u Srbiji rezervisan za sve ovo i jo\u0161 mnogo [&hellip;]\" \/>\n<meta property=\"og:url\" content=\"https:\/\/serbia.com\/srpski\/top-5-manifestacija-u-julu-koje-ne-smete-da-propustite\/\" \/>\n<meta property=\"og:site_name\" content=\"Serbia.com\" \/>\n<meta property=\"article:published_time\" content=\"2014-07-06T11:47:02+00:00\" \/>\n<meta property=\"og:image\" content=\"https:\/\/serbia.com\/wp-content\/uploads\/2014\/07\/exit-featured.jpg\" \/>\n\t<meta property=\"og:image:width\" content=\"732\" \/>\n\t<meta property=\"og:image:height\" content=\"507\" \/>\n\t<meta property=\"og:image:type\" content=\"image\/jpeg\" \/>\n<meta name=\"author\" content=\"Ivona Lekan\" \/>\n<meta name=\"twitter:label1\" content=\"Written by\" \/>\n\t<meta name=\"twitter:data1\" content=\"Ivona Lekan\" \/>\n\t<meta name=\"twitter:label2\" content=\"Est. reading time\" \/>\n\t<meta name=\"twitter:data2\" content=\"3 minutes\" \/>\n<script type=\"application\/ld+json\" class=\"yoast-schema-graph\">{\"@context\":\"https:\\\/\\\/schema.org\",\"@graph\":[{\"@type\":\"Article\",\"@id\":\"https:\\\/\\\/serbia.com\\\/srpski\\\/top-5-manifestacija-u-julu-koje-ne-smete-da-propustite\\\/#article\",\"isPartOf\":{\"@id\":\"https:\\\/\\\/serbia.com\\\/srpski\\\/top-5-manifestacija-u-julu-koje-ne-smete-da-propustite\\\/\"},\"author\":{\"name\":\"Ivona Lekan\",\"@id\":\"https:\\\/\\\/serbia.com\\\/#\\\/schema\\\/person\\\/954f6599db4406bd5f2e8384659bdc33\"},\"headline\":\"TOP 5 manifestacija u julu koje ne smete da propustite\",\"datePublished\":\"2014-07-06T11:47:02+00:00\",\"mainEntityOfPage\":{\"@id\":\"https:\\\/\\\/serbia.com\\\/srpski\\\/top-5-manifestacija-u-julu-koje-ne-smete-da-propustite\\\/\"},\"wordCount\":620,\"image\":{\"@id\":\"https:\\\/\\\/serbia.com\\\/srpski\\\/top-5-manifestacija-u-julu-koje-ne-smete-da-propustite\\\/#primaryimage\"},\"thumbnailUrl\":\"https:\\\/\\\/serbia.com\\\/wp-content\\\/uploads\\\/2014\\\/07\\\/exit-featured.jpg\",\"keywords\":[\"Drinska regata\",\"EXIT\",\"Gitarijada\",\"Sabor frula\u0161a\",\"Vrnja\u010dki karneval\"],\"articleSection\":[\"Festivali i manifestacije\",\"Istaknuto\",\"Vesti\"],\"inLanguage\":\"srpski\"},{\"@type\":\"WebPage\",\"@id\":\"https:\\\/\\\/serbia.com\\\/srpski\\\/top-5-manifestacija-u-julu-koje-ne-smete-da-propustite\\\/\",\"url\":\"https:\\\/\\\/serbia.com\\\/srpski\\\/top-5-manifestacija-u-julu-koje-ne-smete-da-propustite\\\/\",\"name\":\"TOP 5 manifestacija u julu koje ne smete da propustite - Serbia.com\",\"isPartOf\":{\"@id\":\"https:\\\/\\\/serbia.com\\\/#website\"},\"primaryImageOfPage\":{\"@id\":\"https:\\\/\\\/serbia.com\\\/srpski\\\/top-5-manifestacija-u-julu-koje-ne-smete-da-propustite\\\/#primaryimage\"},\"image\":{\"@id\":\"https:\\\/\\\/serbia.com\\\/srpski\\\/top-5-manifestacija-u-julu-koje-ne-smete-da-propustite\\\/#primaryimage\"},\"thumbnailUrl\":\"https:\\\/\\\/serbia.com\\\/wp-content\\\/uploads\\\/2014\\\/07\\\/exit-featured.jpg\",\"datePublished\":\"2014-07-06T11:47:02+00:00\",\"author\":{\"@id\":\"https:\\\/\\\/serbia.com\\\/#\\\/schema\\\/person\\\/954f6599db4406bd5f2e8384659bdc33\"},\"breadcrumb\":{\"@id\":\"https:\\\/\\\/serbia.com\\\/srpski\\\/top-5-manifestacija-u-julu-koje-ne-smete-da-propustite\\\/#breadcrumb\"},\"inLanguage\":\"srpski\",\"potentialAction\":[{\"@type\":\"ReadAction\",\"target\":[\"https:\\\/\\\/serbia.com\\\/srpski\\\/top-5-manifestacija-u-julu-koje-ne-smete-da-propustite\\\/\"]}]},{\"@type\":\"ImageObject\",\"inLanguage\":\"srpski\",\"@id\":\"https:\\\/\\\/serbia.com\\\/srpski\\\/top-5-manifestacija-u-julu-koje-ne-smete-da-propustite\\\/#primaryimage\",\"url\":\"https:\\\/\\\/serbia.com\\\/wp-content\\\/uploads\\\/2014\\\/07\\\/exit-featured.jpg\",\"contentUrl\":\"https:\\\/\\\/serbia.com\\\/wp-content\\\/uploads\\\/2014\\\/07\\\/exit-featured.jpg\",\"width\":732,\"height\":507},{\"@type\":\"BreadcrumbList\",\"@id\":\"https:\\\/\\\/serbia.com\\\/srpski\\\/top-5-manifestacija-u-julu-koje-ne-smete-da-propustite\\\/#breadcrumb\",\"itemListElement\":[{\"@type\":\"ListItem\",\"position\":1,\"name\":\"Home\",\"item\":\"https:\\\/\\\/serbia.com\\\/srpski\\\/\"},{\"@type\":\"ListItem\",\"position\":2,\"name\":\"TOP 5 manifestacija u julu koje ne smete da propustite\"}]},{\"@type\":\"WebSite\",\"@id\":\"https:\\\/\\\/serbia.com\\\/#website\",\"url\":\"https:\\\/\\\/serbia.com\\\/\",\"name\":\"Serbia.com\",\"description\":\"Your Gateway to Serbia\",\"potentialAction\":[{\"@type\":\"SearchAction\",\"target\":{\"@type\":\"EntryPoint\",\"urlTemplate\":\"https:\\\/\\\/serbia.com\\\/?s={search_term_string}\"},\"query-input\":{\"@type\":\"PropertyValueSpecification\",\"valueRequired\":true,\"valueName\":\"search_term_string\"}}],\"inLanguage\":\"srpski\"},{\"@type\":\"Person\",\"@id\":\"https:\\\/\\\/serbia.com\\\/#\\\/schema\\\/person\\\/954f6599db4406bd5f2e8384659bdc33\",\"name\":\"Ivona Lekan\",\"image\":{\"@type\":\"ImageObject\",\"inLanguage\":\"srpski\",\"@id\":\"https:\\\/\\\/secure.gravatar.com\\\/avatar\\\/4eba414fa53ccc3824d6c0254e6c3425ccdebeb4c72580208b23386c071b50b2?s=96&d=mm&r=g\",\"url\":\"https:\\\/\\\/secure.gravatar.com\\\/avatar\\\/4eba414fa53ccc3824d6c0254e6c3425ccdebeb4c72580208b23386c071b50b2?s=96&d=mm&r=g\",\"contentUrl\":\"https:\\\/\\\/secure.gravatar.com\\\/avatar\\\/4eba414fa53ccc3824d6c0254e6c3425ccdebeb4c72580208b23386c071b50b2?s=96&d=mm&r=g\",\"caption\":\"Ivona Lekan\"},\"url\":\"https:\\\/\\\/serbia.com\\\/srpski\\\/author\\\/ivondivine\\\/\"}]}<\/script>\n<!-- \/ Yoast SEO plugin. -->","yoast_head_json":{"title":"TOP 5 manifestacija u julu koje ne smete da propustite - Serbia.com","robots":{"index":"index","follow":"follow","max-snippet":"max-snippet:-1","max-image-preview":"max-image-preview:large","max-video-preview":"max-video-preview:-1"},"canonical":"https:\/\/serbia.com\/srpski\/top-5-manifestacija-u-julu-koje-ne-smete-da-propustite\/","og_locale":"en_US","og_type":"article","og_title":"TOP 5 manifestacija u julu koje ne smete da propustite - Serbia.com","og_description":"Adrenalin, muzika, \u017eurke do jutra, dobra energija, zabava i smeh! Spremite se za najbolji provod i nezaboravne momente, jer je jul u Srbiji rezervisan za sve ovo i jo\u0161 mnogo [&hellip;]","og_url":"https:\/\/serbia.com\/srpski\/top-5-manifestacija-u-julu-koje-ne-smete-da-propustite\/","og_site_name":"Serbia.com","article_published_time":"2014-07-06T11:47:02+00:00","og_image":[{"width":732,"height":507,"url":"https:\/\/serbia.com\/wp-content\/uploads\/2014\/07\/exit-featured.jpg","type":"image\/jpeg"}],"author":"Ivona Lekan","twitter_misc":{"Written by":"Ivona Lekan","Est. reading time":"3 minutes"},"schema":{"@context":"https:\/\/schema.org","@graph":[{"@type":"Article","@id":"https:\/\/serbia.com\/srpski\/top-5-manifestacija-u-julu-koje-ne-smete-da-propustite\/#article","isPartOf":{"@id":"https:\/\/serbia.com\/srpski\/top-5-manifestacija-u-julu-koje-ne-smete-da-propustite\/"},"author":{"name":"Ivona Lekan","@id":"https:\/\/serbia.com\/#\/schema\/person\/954f6599db4406bd5f2e8384659bdc33"},"headline":"TOP 5 manifestacija u julu koje ne smete da propustite","datePublished":"2014-07-06T11:47:02+00:00","mainEntityOfPage":{"@id":"https:\/\/serbia.com\/srpski\/top-5-manifestacija-u-julu-koje-ne-smete-da-propustite\/"},"wordCount":620,"image":{"@id":"https:\/\/serbia.com\/srpski\/top-5-manifestacija-u-julu-koje-ne-smete-da-propustite\/#primaryimage"},"thumbnailUrl":"https:\/\/serbia.com\/wp-content\/uploads\/2014\/07\/exit-featured.jpg","keywords":["Drinska regata","EXIT","Gitarijada","Sabor frula\u0161a","Vrnja\u010dki karneval"],"articleSection":["Festivali i manifestacije","Istaknuto","Vesti"],"inLanguage":"srpski"},{"@type":"WebPage","@id":"https:\/\/serbia.com\/srpski\/top-5-manifestacija-u-julu-koje-ne-smete-da-propustite\/","url":"https:\/\/serbia.com\/srpski\/top-5-manifestacija-u-julu-koje-ne-smete-da-propustite\/","name":"TOP 5 manifestacija u julu koje ne smete da propustite - Serbia.com","isPartOf":{"@id":"https:\/\/serbia.com\/#website"},"primaryImageOfPage":{"@id":"https:\/\/serbia.com\/srpski\/top-5-manifestacija-u-julu-koje-ne-smete-da-propustite\/#primaryimage"},"image":{"@id":"https:\/\/serbia.com\/srpski\/top-5-manifestacija-u-julu-koje-ne-smete-da-propustite\/#primaryimage"},"thumbnailUrl":"https:\/\/serbia.com\/wp-content\/uploads\/2014\/07\/exit-featured.jpg","datePublished":"2014-07-06T11:47:02+00:00","author":{"@id":"https:\/\/serbia.com\/#\/schema\/person\/954f6599db4406bd5f2e8384659bdc33"},"breadcrumb":{"@id":"https:\/\/serbia.com\/srpski\/top-5-manifestacija-u-julu-koje-ne-smete-da-propustite\/#breadcrumb"},"inLanguage":"srpski","potentialAction":[{"@type":"ReadAction","target":["https:\/\/serbia.com\/srpski\/top-5-manifestacija-u-julu-koje-ne-smete-da-propustite\/"]}]},{"@type":"ImageObject","inLanguage":"srpski","@id":"https:\/\/serbia.com\/srpski\/top-5-manifestacija-u-julu-koje-ne-smete-da-propustite\/#primaryimage","url":"https:\/\/serbia.com\/wp-content\/uploads\/2014\/07\/exit-featured.jpg","contentUrl":"https:\/\/serbia.com\/wp-content\/uploads\/2014\/07\/exit-featured.jpg","width":732,"height":507},{"@type":"BreadcrumbList","@id":"https:\/\/serbia.com\/srpski\/top-5-manifestacija-u-julu-koje-ne-smete-da-propustite\/#breadcrumb","itemListElement":[{"@type":"ListItem","position":1,"name":"Home","item":"https:\/\/serbia.com\/srpski\/"},{"@type":"ListItem","position":2,"name":"TOP 5 manifestacija u julu koje ne smete da propustite"}]},{"@type":"WebSite","@id":"https:\/\/serbia.com\/#website","url":"https:\/\/serbia.com\/","name":"Serbia.com","description":"Your Gateway to Serbia","potentialAction":[{"@type":"SearchAction","target":{"@type":"EntryPoint","urlTemplate":"https:\/\/serbia.com\/?s={search_term_string}"},"query-input":{"@type":"PropertyValueSpecification","valueRequired":true,"valueName":"search_term_string"}}],"inLanguage":"srpski"},{"@type":"Person","@id":"https:\/\/serbia.com\/#\/schema\/person\/954f6599db4406bd5f2e8384659bdc33","name":"Ivona Lekan","image":{"@type":"ImageObject","inLanguage":"srpski","@id":"https:\/\/secure.gravatar.com\/avatar\/4eba414fa53ccc3824d6c0254e6c3425ccdebeb4c72580208b23386c071b50b2?s=96&d=mm&r=g","url":"https:\/\/secure.gravatar.com\/avatar\/4eba414fa53ccc3824d6c0254e6c3425ccdebeb4c72580208b23386c071b50b2?s=96&d=mm&r=g","contentUrl":"https:\/\/secure.gravatar.com\/avatar\/4eba414fa53ccc3824d6c0254e6c3425ccdebeb4c72580208b23386c071b50b2?s=96&d=mm&r=g","caption":"Ivona Lekan"},"url":"https:\/\/serbia.com\/srpski\/author\/ivondivine\/"}]}},"brizy_media":[],"_links":{"self":[{"href":"https:\/\/serbia.com\/srpski\/wp-json\/wp\/v2\/posts\/28958","targetHints":{"allow":["GET"]}}],"collection":[{"href":"https:\/\/serbia.com\/srpski\/wp-json\/wp\/v2\/posts"}],"about":[{"href":"https:\/\/serbia.com\/srpski\/wp-json\/wp\/v2\/types\/post"}],"author":[{"embeddable":true,"href":"https:\/\/serbia.com\/srpski\/wp-json\/wp\/v2\/users\/27"}],"replies":[{"embeddable":true,"href":"https:\/\/serbia.com\/srpski\/wp-json\/wp\/v2\/comments?post=28958"}],"version-history":[{"count":0,"href":"https:\/\/serbia.com\/srpski\/wp-json\/wp\/v2\/posts\/28958\/revisions"}],"wp:featuredmedia":[{"embeddable":true,"href":"https:\/\/serbia.com\/srpski\/wp-json\/wp\/v2\/media\/28956"}],"wp:attachment":[{"href":"https:\/\/serbia.com\/srpski\/wp-json\/wp\/v2\/media?parent=28958"}],"wp:term":[{"taxonomy":"category","embeddable":true,"href":"https:\/\/serbia.com\/srpski\/wp-json\/wp\/v2\/categories?post=28958"},{"taxonomy":"post_tag","embeddable":true,"href":"https:\/\/serbia.com\/srpski\/wp-json\/wp\/v2\/tags?post=28958"}],"curies":[{"name":"wp","href":"https:\/\/api.w.org\/{rel}","templated":true}]}}