{"id":28646,"date":"2014-05-26T17:05:11","date_gmt":"2014-05-26T15:05:11","guid":{"rendered":"http:\/\/www.serbia.com\/?p=28646"},"modified":"2014-05-27T13:11:31","modified_gmt":"2014-05-27T11:11:31","slug":"ko-su-heroji-vodene-stihije","status":"publish","type":"post","link":"https:\/\/serbia.com\/srpski\/ko-su-heroji-vodene-stihije\/","title":{"rendered":"Ko su heroji vodene stihije?"},"content":{"rendered":"<h4>Oni su zaboravili na strah i setili se tu\u0111ih nevolja.<strong>\u00a0<\/strong>Oni nisu oklevali da pomognu drugima. Oni su ljudi\u00a0velikog srca koji su bili spremni da rizikuju svoj, da bi spasili tu\u0111i \u017eivot. Heroji su svi koji su pomogli ugro\u017eenima! Volonteri koji su danono\u0107no brinuli o evakuisanim osobama, ljudi koji su pravili nasipe, na hiljade onih\u00a0koji su donirali novac i osnovne ljudske potreb\u0161tine, ali i sve \u017ertve koje su stoi\u010dki podnele u\u017ease i tugu koju im je <a title=\"Srbija se brani od nezapam\u0107enih poplava u zadnjih 120 godina\" href=\"http:\/\/www.serbia.com\/srpski\/srbija-se-brani-od-nezapamcenih-poplava\/\" target=\"_blank\">vodena stihija<\/a> donela, ili mo\u017eda bolje re\u0107i odnela. Ovo su samo neki od njih&#8230;<\/h4>\n<p style=\"text-align: center;\"><strong><em>Dejan Lazarevi\u0107, vatrogasac velikog srca koje je dao spa\u0161avaju\u0107i svoj narod<\/em><\/strong><\/p>\n<p><a href=\"http:\/\/www.serbia.com\/wp-content\/uploads\/2014\/05\/470724_heroj-dejan-lazarevic_f.jpg\"><img loading=\"lazy\" decoding=\"async\" class=\"aligncenter size-full wp-image-28647\" src=\"http:\/\/www.serbia.com\/wp-content\/uploads\/2014\/05\/470724_heroj-dejan-lazarevic_f.jpg\" alt=\"470724_heroj-dejan-lazarevic_f\" width=\"600\" height=\"345\" srcset=\"https:\/\/serbia.com\/wp-content\/uploads\/2014\/05\/470724_heroj-dejan-lazarevic_f.jpg 600w, https:\/\/serbia.com\/wp-content\/uploads\/2014\/05\/470724_heroj-dejan-lazarevic_f-300x172.jpg 300w\" sizes=\"auto, (max-width: 600px) 100vw, 600px\" \/><\/a><\/p>\n<p>Umoran, <strong>nakon 24 sata provedenih u hladnoj vodi reke Jasenice<\/strong> koja je harala Topolom, taman kada se spremao da ode ku\u0107i da predahne, usledio je poziv u pomo\u0107 \u010doveka koji se poslednjim atomima snage dr\u017eao na drvetu okru\u017eenom podivljalom vodom. Bez oklevanja, Dejan se odazvao vapaju nesre\u0107nog \u010doveka. Vezan sigurnom sajlom, <strong>bore\u0107i se protiv snage nabujale vode<\/strong>, u gotovo mrklom mraku, hrabri vatrogasac je polako prilazio \u017ertvi\u2026 ali, <strong>preumorne Dejanove noge nisu izdr\u017eale<\/strong>. Pao je kao poko\u0161en. Sajla je od siline pukla, a Dejanovo telo odnela je nemilosrdna vodena stihija. Iako nije vi\u0161e sa nama, <strong>Dejanova neizmerna hrabrost, po\u017ertvovanost i odva\u017enost \u0107e zauvek \u017eiveti u se\u0107anjima stotina ljudi \u010dije je \u017eivote spasao<\/strong>.<\/p>\n<p>&nbsp;<\/p>\n<p><strong><em>Olgica \u0160ehovi\u0107, neustra\u0161iva \u017eena koja je spasila na stotine\u00a0Obrenov\u010dana<\/em><\/strong><\/p>\n<p><a href=\"http:\/\/www.serbia.com\/wp-content\/uploads\/2014\/05\/olgica-1.jpg\"><img loading=\"lazy\" decoding=\"async\" class=\"alignleft size-full wp-image-28679\" src=\"http:\/\/www.serbia.com\/wp-content\/uploads\/2014\/05\/olgica-serbia.com_.jpg\" alt=\"olgica serbia.com\" width=\"400\" height=\"281\" srcset=\"https:\/\/serbia.com\/wp-content\/uploads\/2014\/05\/olgica-serbia.com_.jpg 400w, https:\/\/serbia.com\/wp-content\/uploads\/2014\/05\/olgica-serbia.com_-300x210.jpg 300w\" sizes=\"auto, (max-width: 400px) 100vw, 400px\" \/><\/a><\/p>\n<p><strong>Po mrklom mraku, jezivim ulicama <a title=\"Srbija se brani od nezapam\u0107enih poplava u zadnjih 120 godina\" href=\"http:\/\/www.serbia.com\/srpski\/srbija-se-brani-od-nezapamcenih-poplava\/\" target=\"_blank\">poplavljenog Obrenovca<\/a><\/strong>, zajedno sa svojim ronila\u010dkim timom Olgica nije imala vremena za strah. Ogromnom \u017eeljom da spase \u0161to vi\u0161e me\u0161tana <strong>potiskivala je suze u o\u010dima i bol u grudima koje su prouzrokavale u\u017easne slike<\/strong> koje su joj se na\u0161le pred o\u010dima. \u010camcem koji je udarao o poplavljene automobile, kroz ledenu i blatnjavu vodu probijala se do zarobljenih \u017ertava, me\u0111u kojima je bila i <strong>desetomese\u010dna beba<\/strong>. Prizori grada koga je progutala voda Olgici \u0107e ostati zauvek urezani u se\u0107anju, a Srbija \u0107e pamtiti nju kao <strong>hrabru \u017eenu koja je rizikovaju\u0107i svoj spasila na stotine drugih \u017eivota<\/strong>.<\/p>\n<p>&nbsp;<\/p>\n<p style=\"text-align: center;\"><strong><em>Slobodan Nedeljkovi\u0107 D\u017eambo, heroj koji je izgubio porodicu i nastavio da poma\u017ee ljudima<\/em><\/strong><\/p>\n<p><a href=\"http:\/\/www.serbia.com\/wp-content\/uploads\/2014\/05\/Slobodan-Nedeljkovic-Dzamba-1.jpg\"><img loading=\"lazy\" decoding=\"async\" class=\"aligncenter size-full wp-image-28651\" src=\"http:\/\/www.serbia.com\/wp-content\/uploads\/2014\/05\/Slobodan-Nedeljkovic-Dzamba-1.jpg\" alt=\"Slobodan-Nedeljkovic-Dzamba- 1\" width=\"600\" height=\"400\" srcset=\"https:\/\/serbia.com\/wp-content\/uploads\/2014\/05\/Slobodan-Nedeljkovic-Dzamba-1.jpg 600w, https:\/\/serbia.com\/wp-content\/uploads\/2014\/05\/Slobodan-Nedeljkovic-Dzamba-1-300x200.jpg 300w\" sizes=\"auto, (max-width: 600px) 100vw, 600px\" \/><\/a><\/p>\n<p>Pri\u010da o <strong>mladom heroju iz Obrenovca<\/strong> koji je u te\u0161kim poplavama koje su zadesile njegov grad <strong>izgubio suprugu i dvogodi\u0161njeg sina<\/strong> je u isto vreme potresla i zadivila celu Srbiju. Naime, ovaj mladi\u0107 koji nije uspeo da prona\u0111e svoju porodicu nastavio je da <strong>evakui\u0161e i poma\u017ee stotinama svojih sugra\u0111ana u opasnosti<\/strong>. Iako skrhan od tuge i bola, <strong>D\u017eambo<\/strong> nije mogao da sedi skr\u0161tenih ruku i posmatra ljude koji isto kao i on mogu da ostanu bez najmilijih. Bez imalo odmora, straha i brige za sopstveni \u017eivot, Slobodan je neprestano u najgorim i najopasnijim momentima nastavio da poma\u017ee u akcijama spasavanja \u017ertvi, i tako postao heroj velikog srca koga \u0107e Srbija pamtiti po <strong>humanosti i hrabrosti koja nema granice<\/strong>.<\/p>\n<p>&nbsp;<\/p>\n<p><strong><em>Milutin Radonji\u0107, hrabri srednjo\u0161kolac\u00a0spasavao \u017eivote<\/em><\/strong><\/p>\n<p>Iako ima samo\u00a0<strong>18 godina<\/strong>, Milutin ne zna za strah i bojazan. Tr\u010de\u0107i pred naletom neukrotive i brze vode koja je nadirala ogromnom brzinom, Milutin je <strong>tragao za ljudima kojima je potrebna pomo\u0107<\/strong>. Zvukovi pucanja ograda i zidova koji se ru\u0161e, jecaji i krici bespomo\u0107nih ljudi i \u017eivotinja, mladom momku su davali snagu da istraje u borbi. Kada je do\u0161ao do svoje ku\u0107e ugledao je <strong>dva psa kojima je voda do\u0161la do vrata<\/strong>. I njima je \u017eeleo da pomogne! Uzeo ih je u naru\u010dje i nastavio s potragom za onima kojima je pomo\u0107 potrebna.<\/p>\n<p><a href=\"http:\/\/www.serbia.com\/wp-content\/uploads\/2014\/05\/milutin-radonjic.jpg\"><img loading=\"lazy\" decoding=\"async\" class=\"aligncenter size-full wp-image-28653\" src=\"http:\/\/www.serbia.com\/wp-content\/uploads\/2014\/05\/milutin-radonjic.jpg\" alt=\"milutin radonjic\" width=\"600\" height=\"850\" srcset=\"https:\/\/serbia.com\/wp-content\/uploads\/2014\/05\/milutin-radonjic.jpg 600w, https:\/\/serbia.com\/wp-content\/uploads\/2014\/05\/milutin-radonjic-211x300.jpg 211w\" sizes=\"auto, (max-width: 600px) 100vw, 600px\" \/><\/a><\/p>\n<p>&nbsp;<\/p>\n<p><strong><em>Mirko Vukomanovi\u0107, odva\u017ean policajac koji je spasio devoj\u010dicu po imenu Sara<\/em><\/strong><\/p>\n<p>Ugledav\u0161i prizor uplakane devoj\u010dice i roditelja koji su u panici stajali ispred ku\u0107e u koju je voda po\u010dela da nadire, <strong>hrabri policajac je znao da mora brzo da reaguje<\/strong>. Bez imalo straha i razmi\u0161ljanja usko\u010dio je u strahovito hladnu vodu \u010diji se nivo svakog \u010dasa pove\u0107avao, i zaplivao ka devoj\u010dici. Zgrabio ju je i podigao iznad nivoa vode i bore\u0107i se sa gr\u010devima i vodom koja mu je do\u0161la do ramena <strong>uspeo je da je izvu\u010de na sigurno<\/strong>. Staviv\u0161i \u017eivot devoj\u010dice ispred svog, ovaj policajac je u\u010dinio <strong>plemenit i hrabar \u010din koji ga je u\u010dinio ne samo Sarinim herojem, ve\u0107 i herojem \u010ditave nacije<\/strong>.<\/p>\n<p><a href=\"http:\/\/www.serbia.com\/wp-content\/uploads\/2014\/05\/floods-in-serbia-11.jpg\"><img loading=\"lazy\" decoding=\"async\" class=\"aligncenter wp-image-28684 size-full\" src=\"http:\/\/www.serbia.com\/wp-content\/uploads\/2014\/05\/mirko-vukomanovic-serbia.com_.jpg\" alt=\"mirko vukomanovic serbia.com\" width=\"506\" height=\"413\" srcset=\"https:\/\/serbia.com\/wp-content\/uploads\/2014\/05\/mirko-vukomanovic-serbia.com_.jpg 506w, https:\/\/serbia.com\/wp-content\/uploads\/2014\/05\/mirko-vukomanovic-serbia.com_-300x244.jpg 300w\" sizes=\"auto, (max-width: 506px) 100vw, 506px\" \/><\/a><\/p>\n<p>&nbsp;<\/p>\n<p><em>Hrabrost i plemenitost svih ljudi koji su u\u010destvovali na bilo koji na\u010din u pomaganju ugro\u017eenima osta\u0107e upam\u0107eni kao podvizi koji Srbiji daju snagu da prevazi\u0111e u\u017easnu elementarnu nepogodu koja ju je zadisila. <strong>Borba jo\u0161 uvek traje<\/strong>, a dr\u017eavi i njenim gra\u0111anima \u0107e <strong>pomo\u0107 i ujedinjenost<\/strong> u narednom periodu biti neophodna kao pokreta\u010d i oslonac u te\u0161kim trenucima koji tek predstoje.<\/em><\/p>\n<p style=\"font-weight: 300;\"><strong style=\"font-weight: bold;\">Ra\u010duni za pomo\u0107 ugro\u017eenima:<\/strong><\/p>\n<p style=\"font-weight: 300;\"><strong style=\"font-weight: bold;\">DINARSKI RA\u010cUN<\/strong>: 840-3546721-89, SVRHA UPLATE: otklanjanje posledica vanrednih okolnosti \u2013 poplave<\/p>\n<p style=\"font-weight: 300;\"><strong style=\"font-weight: bold;\">NAMENSKI DEVIZNI RA\u010cUN<\/strong>: 01-504619-100193230-000000-0000<\/p>\n<p style=\"font-weight: 300;\">Po\u0161aljite\u00a0<strong style=\"font-weight: bold;\">SMS<\/strong>\u00a0poruku na broj\u00a0<strong style=\"font-weight: bold;\">1003<\/strong>\u00a0za pomo\u0107 ugro\u017eenima. Broj va\u017ei za sve mre\u017ee u Srbiji, cena poruke je 100 RSD.<\/p>\n<p style=\"font-weight: 300;\"><a href=\"http:\/\/www.srbija.gov.rs\/pages\/popupimage_popup.php?id=209921\">INSTRUKCIJA ZA UPLATU IZ INOSTRANSTVA<\/a><\/p>\n<p style=\"font-weight: 300;\">Uplata humanitarne pomo\u0107i \u017ertvama poplava u Srbiji putem PayPal-a iz 193 zemlje i regiona omogu\u0107ena je putem adrese\u00a0<a href=\"http:\/\/floodrelief.gov.rs\/\">floodrelief.gov.rs<\/a>.<\/p>\n<p>&nbsp;<\/p>\n<p>&nbsp;<\/p>\n","protected":false},"excerpt":{"rendered":"<p>Oni su zaboravili na strah i setili se tu\u0111ih nevolja.\u00a0Oni nisu oklevali da pomognu drugima. Oni su ljudi\u00a0velikog srca koji su bili spremni da rizikuju svoj, da bi spasili tu\u0111i [&hellip;]<\/p>\n","protected":false},"author":27,"featured_media":28674,"comment_status":"closed","ping_status":"closed","sticky":false,"template":"","format":"image","meta":{"_acf_changed":false,"inline_featured_image":false,"_monsterinsights_skip_tracking":false,"_monsterinsights_sitenote_active":false,"_monsterinsights_sitenote_note":"","_monsterinsights_sitenote_category":0,"footnotes":""},"categories":[2846,2700],"tags":[3242,3245,3246,3243,3239,3244],"class_list":["post-28646","post","type-post","status-publish","format-image","has-post-thumbnail","hentry","category-istaknuto","category-vesti","tag-dejan-lazarevic","tag-milutin-radonjic","tag-mirko-vukomanovic","tag-olgica-sehovic","tag-poplave","tag-slobodan-nedeljkovic-dzambo","post_format-post-format-image"],"acf":[],"yoast_head":"<!-- This site is optimized with the Yoast SEO plugin v27.4 - https:\/\/yoast.com\/product\/yoast-seo-wordpress\/ -->\n<title>Ko su heroji vodene stihije? - Serbia.com<\/title>\n<meta name=\"robots\" content=\"index, follow, max-snippet:-1, max-image-preview:large, max-video-preview:-1\" \/>\n<link rel=\"canonical\" href=\"https:\/\/serbia.com\/srpski\/ko-su-heroji-vodene-stihije\/\" \/>\n<meta property=\"og:locale\" content=\"en_US\" \/>\n<meta property=\"og:type\" content=\"article\" \/>\n<meta property=\"og:title\" content=\"Ko su heroji vodene stihije? - Serbia.com\" \/>\n<meta property=\"og:description\" content=\"Oni su zaboravili na strah i setili se tu\u0111ih nevolja.\u00a0Oni nisu oklevali da pomognu drugima. Oni su ljudi\u00a0velikog srca koji su bili spremni da rizikuju svoj, da bi spasili tu\u0111i [&hellip;]\" \/>\n<meta property=\"og:url\" content=\"https:\/\/serbia.com\/srpski\/ko-su-heroji-vodene-stihije\/\" \/>\n<meta property=\"og:site_name\" content=\"Serbia.com\" \/>\n<meta property=\"article:published_time\" content=\"2014-05-26T15:05:11+00:00\" \/>\n<meta property=\"article:modified_time\" content=\"2014-05-27T11:11:31+00:00\" \/>\n<meta property=\"og:image\" content=\"https:\/\/serbia.com\/wp-content\/uploads\/2014\/05\/milutin-radonjic1.jpg\" \/>\n\t<meta property=\"og:image:width\" content=\"600\" \/>\n\t<meta property=\"og:image:height\" content=\"850\" \/>\n\t<meta property=\"og:image:type\" content=\"image\/jpeg\" \/>\n<meta name=\"author\" content=\"Ivona Lekan\" \/>\n<meta name=\"twitter:label1\" content=\"Written by\" \/>\n\t<meta name=\"twitter:data1\" content=\"Ivona Lekan\" \/>\n\t<meta name=\"twitter:label2\" content=\"Est. reading time\" \/>\n\t<meta name=\"twitter:data2\" content=\"4 minutes\" \/>\n<script type=\"application\/ld+json\" class=\"yoast-schema-graph\">{\"@context\":\"https:\\\/\\\/schema.org\",\"@graph\":[{\"@type\":\"Article\",\"@id\":\"https:\\\/\\\/serbia.com\\\/srpski\\\/ko-su-heroji-vodene-stihije\\\/#article\",\"isPartOf\":{\"@id\":\"https:\\\/\\\/serbia.com\\\/srpski\\\/ko-su-heroji-vodene-stihije\\\/\"},\"author\":{\"name\":\"Ivona Lekan\",\"@id\":\"https:\\\/\\\/serbia.com\\\/#\\\/schema\\\/person\\\/954f6599db4406bd5f2e8384659bdc33\"},\"headline\":\"Ko su heroji vodene stihije?\",\"datePublished\":\"2014-05-26T15:05:11+00:00\",\"dateModified\":\"2014-05-27T11:11:31+00:00\",\"mainEntityOfPage\":{\"@id\":\"https:\\\/\\\/serbia.com\\\/srpski\\\/ko-su-heroji-vodene-stihije\\\/\"},\"wordCount\":901,\"image\":{\"@id\":\"https:\\\/\\\/serbia.com\\\/srpski\\\/ko-su-heroji-vodene-stihije\\\/#primaryimage\"},\"thumbnailUrl\":\"https:\\\/\\\/serbia.com\\\/wp-content\\\/uploads\\\/2014\\\/05\\\/milutin-radonjic1.jpg\",\"keywords\":[\"dejan lazarevi\u0107\",\"milutin radonji\u0107\",\"mirko vukomanovi\u0107\",\"olgica \u0161ehovi\u0107\",\"poplave\",\"slobodan nedeljkovi\u0107 d\u017eambo\"],\"articleSection\":[\"Istaknuto\",\"Vesti\"],\"inLanguage\":\"srpski\"},{\"@type\":\"WebPage\",\"@id\":\"https:\\\/\\\/serbia.com\\\/srpski\\\/ko-su-heroji-vodene-stihije\\\/\",\"url\":\"https:\\\/\\\/serbia.com\\\/srpski\\\/ko-su-heroji-vodene-stihije\\\/\",\"name\":\"Ko su heroji vodene stihije? - Serbia.com\",\"isPartOf\":{\"@id\":\"https:\\\/\\\/serbia.com\\\/#website\"},\"primaryImageOfPage\":{\"@id\":\"https:\\\/\\\/serbia.com\\\/srpski\\\/ko-su-heroji-vodene-stihije\\\/#primaryimage\"},\"image\":{\"@id\":\"https:\\\/\\\/serbia.com\\\/srpski\\\/ko-su-heroji-vodene-stihije\\\/#primaryimage\"},\"thumbnailUrl\":\"https:\\\/\\\/serbia.com\\\/wp-content\\\/uploads\\\/2014\\\/05\\\/milutin-radonjic1.jpg\",\"datePublished\":\"2014-05-26T15:05:11+00:00\",\"dateModified\":\"2014-05-27T11:11:31+00:00\",\"author\":{\"@id\":\"https:\\\/\\\/serbia.com\\\/#\\\/schema\\\/person\\\/954f6599db4406bd5f2e8384659bdc33\"},\"breadcrumb\":{\"@id\":\"https:\\\/\\\/serbia.com\\\/srpski\\\/ko-su-heroji-vodene-stihije\\\/#breadcrumb\"},\"inLanguage\":\"srpski\",\"potentialAction\":[{\"@type\":\"ReadAction\",\"target\":[\"https:\\\/\\\/serbia.com\\\/srpski\\\/ko-su-heroji-vodene-stihije\\\/\"]}]},{\"@type\":\"ImageObject\",\"inLanguage\":\"srpski\",\"@id\":\"https:\\\/\\\/serbia.com\\\/srpski\\\/ko-su-heroji-vodene-stihije\\\/#primaryimage\",\"url\":\"https:\\\/\\\/serbia.com\\\/wp-content\\\/uploads\\\/2014\\\/05\\\/milutin-radonjic1.jpg\",\"contentUrl\":\"https:\\\/\\\/serbia.com\\\/wp-content\\\/uploads\\\/2014\\\/05\\\/milutin-radonjic1.jpg\",\"width\":600,\"height\":850},{\"@type\":\"BreadcrumbList\",\"@id\":\"https:\\\/\\\/serbia.com\\\/srpski\\\/ko-su-heroji-vodene-stihije\\\/#breadcrumb\",\"itemListElement\":[{\"@type\":\"ListItem\",\"position\":1,\"name\":\"Home\",\"item\":\"https:\\\/\\\/serbia.com\\\/srpski\\\/srbija\\\/\"},{\"@type\":\"ListItem\",\"position\":2,\"name\":\"Ko su heroji vodene stihije?\"}]},{\"@type\":\"WebSite\",\"@id\":\"https:\\\/\\\/serbia.com\\\/#website\",\"url\":\"https:\\\/\\\/serbia.com\\\/\",\"name\":\"Serbia.com\",\"description\":\"Your Gateway to Serbia\",\"potentialAction\":[{\"@type\":\"SearchAction\",\"target\":{\"@type\":\"EntryPoint\",\"urlTemplate\":\"https:\\\/\\\/serbia.com\\\/?s={search_term_string}\"},\"query-input\":{\"@type\":\"PropertyValueSpecification\",\"valueRequired\":true,\"valueName\":\"search_term_string\"}}],\"inLanguage\":\"srpski\"},{\"@type\":\"Person\",\"@id\":\"https:\\\/\\\/serbia.com\\\/#\\\/schema\\\/person\\\/954f6599db4406bd5f2e8384659bdc33\",\"name\":\"Ivona Lekan\",\"image\":{\"@type\":\"ImageObject\",\"inLanguage\":\"srpski\",\"@id\":\"https:\\\/\\\/secure.gravatar.com\\\/avatar\\\/4eba414fa53ccc3824d6c0254e6c3425ccdebeb4c72580208b23386c071b50b2?s=96&d=mm&r=g\",\"url\":\"https:\\\/\\\/secure.gravatar.com\\\/avatar\\\/4eba414fa53ccc3824d6c0254e6c3425ccdebeb4c72580208b23386c071b50b2?s=96&d=mm&r=g\",\"contentUrl\":\"https:\\\/\\\/secure.gravatar.com\\\/avatar\\\/4eba414fa53ccc3824d6c0254e6c3425ccdebeb4c72580208b23386c071b50b2?s=96&d=mm&r=g\",\"caption\":\"Ivona Lekan\"},\"url\":\"https:\\\/\\\/serbia.com\\\/srpski\\\/author\\\/ivondivine\\\/\"}]}<\/script>\n<!-- \/ Yoast SEO plugin. -->","yoast_head_json":{"title":"Ko su heroji vodene stihije? - Serbia.com","robots":{"index":"index","follow":"follow","max-snippet":"max-snippet:-1","max-image-preview":"max-image-preview:large","max-video-preview":"max-video-preview:-1"},"canonical":"https:\/\/serbia.com\/srpski\/ko-su-heroji-vodene-stihije\/","og_locale":"en_US","og_type":"article","og_title":"Ko su heroji vodene stihije? - Serbia.com","og_description":"Oni su zaboravili na strah i setili se tu\u0111ih nevolja.\u00a0Oni nisu oklevali da pomognu drugima. Oni su ljudi\u00a0velikog srca koji su bili spremni da rizikuju svoj, da bi spasili tu\u0111i [&hellip;]","og_url":"https:\/\/serbia.com\/srpski\/ko-su-heroji-vodene-stihije\/","og_site_name":"Serbia.com","article_published_time":"2014-05-26T15:05:11+00:00","article_modified_time":"2014-05-27T11:11:31+00:00","og_image":[{"width":600,"height":850,"url":"https:\/\/serbia.com\/wp-content\/uploads\/2014\/05\/milutin-radonjic1.jpg","type":"image\/jpeg"}],"author":"Ivona Lekan","twitter_misc":{"Written by":"Ivona Lekan","Est. reading time":"4 minutes"},"schema":{"@context":"https:\/\/schema.org","@graph":[{"@type":"Article","@id":"https:\/\/serbia.com\/srpski\/ko-su-heroji-vodene-stihije\/#article","isPartOf":{"@id":"https:\/\/serbia.com\/srpski\/ko-su-heroji-vodene-stihije\/"},"author":{"name":"Ivona Lekan","@id":"https:\/\/serbia.com\/#\/schema\/person\/954f6599db4406bd5f2e8384659bdc33"},"headline":"Ko su heroji vodene stihije?","datePublished":"2014-05-26T15:05:11+00:00","dateModified":"2014-05-27T11:11:31+00:00","mainEntityOfPage":{"@id":"https:\/\/serbia.com\/srpski\/ko-su-heroji-vodene-stihije\/"},"wordCount":901,"image":{"@id":"https:\/\/serbia.com\/srpski\/ko-su-heroji-vodene-stihije\/#primaryimage"},"thumbnailUrl":"https:\/\/serbia.com\/wp-content\/uploads\/2014\/05\/milutin-radonjic1.jpg","keywords":["dejan lazarevi\u0107","milutin radonji\u0107","mirko vukomanovi\u0107","olgica \u0161ehovi\u0107","poplave","slobodan nedeljkovi\u0107 d\u017eambo"],"articleSection":["Istaknuto","Vesti"],"inLanguage":"srpski"},{"@type":"WebPage","@id":"https:\/\/serbia.com\/srpski\/ko-su-heroji-vodene-stihije\/","url":"https:\/\/serbia.com\/srpski\/ko-su-heroji-vodene-stihije\/","name":"Ko su heroji vodene stihije? - Serbia.com","isPartOf":{"@id":"https:\/\/serbia.com\/#website"},"primaryImageOfPage":{"@id":"https:\/\/serbia.com\/srpski\/ko-su-heroji-vodene-stihije\/#primaryimage"},"image":{"@id":"https:\/\/serbia.com\/srpski\/ko-su-heroji-vodene-stihije\/#primaryimage"},"thumbnailUrl":"https:\/\/serbia.com\/wp-content\/uploads\/2014\/05\/milutin-radonjic1.jpg","datePublished":"2014-05-26T15:05:11+00:00","dateModified":"2014-05-27T11:11:31+00:00","author":{"@id":"https:\/\/serbia.com\/#\/schema\/person\/954f6599db4406bd5f2e8384659bdc33"},"breadcrumb":{"@id":"https:\/\/serbia.com\/srpski\/ko-su-heroji-vodene-stihije\/#breadcrumb"},"inLanguage":"srpski","potentialAction":[{"@type":"ReadAction","target":["https:\/\/serbia.com\/srpski\/ko-su-heroji-vodene-stihije\/"]}]},{"@type":"ImageObject","inLanguage":"srpski","@id":"https:\/\/serbia.com\/srpski\/ko-su-heroji-vodene-stihije\/#primaryimage","url":"https:\/\/serbia.com\/wp-content\/uploads\/2014\/05\/milutin-radonjic1.jpg","contentUrl":"https:\/\/serbia.com\/wp-content\/uploads\/2014\/05\/milutin-radonjic1.jpg","width":600,"height":850},{"@type":"BreadcrumbList","@id":"https:\/\/serbia.com\/srpski\/ko-su-heroji-vodene-stihije\/#breadcrumb","itemListElement":[{"@type":"ListItem","position":1,"name":"Home","item":"https:\/\/serbia.com\/srpski\/srbija\/"},{"@type":"ListItem","position":2,"name":"Ko su heroji vodene stihije?"}]},{"@type":"WebSite","@id":"https:\/\/serbia.com\/#website","url":"https:\/\/serbia.com\/","name":"Serbia.com","description":"Your Gateway to Serbia","potentialAction":[{"@type":"SearchAction","target":{"@type":"EntryPoint","urlTemplate":"https:\/\/serbia.com\/?s={search_term_string}"},"query-input":{"@type":"PropertyValueSpecification","valueRequired":true,"valueName":"search_term_string"}}],"inLanguage":"srpski"},{"@type":"Person","@id":"https:\/\/serbia.com\/#\/schema\/person\/954f6599db4406bd5f2e8384659bdc33","name":"Ivona Lekan","image":{"@type":"ImageObject","inLanguage":"srpski","@id":"https:\/\/secure.gravatar.com\/avatar\/4eba414fa53ccc3824d6c0254e6c3425ccdebeb4c72580208b23386c071b50b2?s=96&d=mm&r=g","url":"https:\/\/secure.gravatar.com\/avatar\/4eba414fa53ccc3824d6c0254e6c3425ccdebeb4c72580208b23386c071b50b2?s=96&d=mm&r=g","contentUrl":"https:\/\/secure.gravatar.com\/avatar\/4eba414fa53ccc3824d6c0254e6c3425ccdebeb4c72580208b23386c071b50b2?s=96&d=mm&r=g","caption":"Ivona Lekan"},"url":"https:\/\/serbia.com\/srpski\/author\/ivondivine\/"}]}},"brizy_media":[],"_links":{"self":[{"href":"https:\/\/serbia.com\/srpski\/wp-json\/wp\/v2\/posts\/28646","targetHints":{"allow":["GET"]}}],"collection":[{"href":"https:\/\/serbia.com\/srpski\/wp-json\/wp\/v2\/posts"}],"about":[{"href":"https:\/\/serbia.com\/srpski\/wp-json\/wp\/v2\/types\/post"}],"author":[{"embeddable":true,"href":"https:\/\/serbia.com\/srpski\/wp-json\/wp\/v2\/users\/27"}],"replies":[{"embeddable":true,"href":"https:\/\/serbia.com\/srpski\/wp-json\/wp\/v2\/comments?post=28646"}],"version-history":[{"count":0,"href":"https:\/\/serbia.com\/srpski\/wp-json\/wp\/v2\/posts\/28646\/revisions"}],"wp:featuredmedia":[{"embeddable":true,"href":"https:\/\/serbia.com\/srpski\/wp-json\/wp\/v2\/media\/28674"}],"wp:attachment":[{"href":"https:\/\/serbia.com\/srpski\/wp-json\/wp\/v2\/media?parent=28646"}],"wp:term":[{"taxonomy":"category","embeddable":true,"href":"https:\/\/serbia.com\/srpski\/wp-json\/wp\/v2\/categories?post=28646"},{"taxonomy":"post_tag","embeddable":true,"href":"https:\/\/serbia.com\/srpski\/wp-json\/wp\/v2\/tags?post=28646"}],"curies":[{"name":"wp","href":"https:\/\/api.w.org\/{rel}","templated":true}]}}