{"id":24584,"date":"2014-04-07T17:39:50","date_gmt":"2014-04-07T15:39:50","guid":{"rendered":"http:\/\/www.serbia.com\/?p=24584"},"modified":"2014-04-07T17:45:59","modified_gmt":"2014-04-07T15:45:59","slug":"austro-ugarska-objava-rata-i-manifest-regenta-aleksandra","status":"publish","type":"post","link":"https:\/\/serbia.com\/srpski\/austro-ugarska-objava-rata-i-manifest-regenta-aleksandra\/","title":{"rendered":"Austro-ugarska objava rata i manifest regenta Aleksandra"},"content":{"rendered":"<h4>\u00a0<em>\u201eAustrija nam je objavila rat. To je njen kraj. Bog \u0107e nam dati pobedu\u201d<\/em>, kratko je rekao predsednik srpske vlade, Nikola Pa\u0161i\u0107, sede\u0107i u ba\u0161ti ni\u0161kog hotela Orient u kojoj mu je 28. jula. 1914. godine uru\u010dena austrougaraska objava rata. Sutradan se oglasio i prestolonaslednik Aleksandar I Kara\u0111or\u0111evi\u0107 koji je<em> \u201csvojim dragim i juna\u010dnim Srbima<\/em>\u201d manifestom najavio dolaze\u0107i rat.<\/h4>\n<p>Objava rata Srbiji stigla je preko Bukure\u0161ta redovnom po\u0161tom u obliku otvorenog telegrama. Napisana je na tada slu\u017ebenom francuskom jeziku, a potom je predata Nikoli Pa\u0161i\u0107u koji se prethodnog dana sa vladom povukao u Ni\u0161. Sede\u0107i u ba\u0161ti hotela &#8220;Orijent&#8221;, 28. jula oko 13 \u010dasova, Nikola Pa\u0161i\u0107 je dobio depe\u0161u kojom je Austro-ugarska objavila rat Srbiji.<\/p>\n<figure id=\"attachment_24567\" aria-describedby=\"caption-attachment-24567\" style=\"width: 736px\" class=\"wp-caption aligncenter\"><a href=\"http:\/\/www.serbia.com\/wp-content\/uploads\/2014\/04\/hotel-orient-nis-res.jpg\"><img loading=\"lazy\" decoding=\"async\" class=\"size-full wp-image-24567 \" alt=\"hotel orient nis res\" src=\"http:\/\/www.serbia.com\/wp-content\/uploads\/2014\/04\/hotel-orient-nis-res.jpg\" width=\"736\" height=\"472\" srcset=\"https:\/\/serbia.com\/wp-content\/uploads\/2014\/04\/hotel-orient-nis-res.jpg 736w, https:\/\/serbia.com\/wp-content\/uploads\/2014\/04\/hotel-orient-nis-res-300x192.jpg 300w\" sizes=\"auto, (max-width: 736px) 100vw, 736px\" \/><\/a><figcaption id=\"caption-attachment-24567\" class=\"wp-caption-text\">Hotel Orient u Ni\u0161u u kome je Pa\u0161i\u0107 primio objavu rata<\/figcaption><\/figure>\n<p><strong>Pisac Ivo \u0106ipiko, koji se u tom trenutku nalazio na istom mestu, zapisao je<\/strong>:<\/p>\n<p><em>&#8220;Po ru\u010dku di\u017ee se Pa\u0161i\u0107, miran, naoko bezbri\u017ean. Ali, ipak u\u010dinilo mi se, kad sam ga pogledao, da njegove povu\u010dene o\u010di izra\u017eavaju ne\u0161to neobi\u010dno, \u0161to se tog \u010dasa dogodilo. Na ulici, ispred hotela, Pa\u0161i\u0107 izvadi iz d\u017eepa jednu depe\u0161u i pokaza je francuskom ministru. To je bila depe\u0161a objave rata&#8221;<\/em>. Kasnije tog dana, Pa\u0161i\u0107 je ovu depe\u0161u pro\u010ditao i okupljenim Ni\u0161lijama, veruje se sa balkona Banovine.<\/p>\n<figure id=\"attachment_24557\" aria-describedby=\"caption-attachment-24557\" style=\"width: 242px\" class=\"wp-caption alignleft\"><a href=\"http:\/\/www.serbia.com\/wp-content\/uploads\/2014\/04\/Telegram-objave-rata-Austro-Ugarske-Srbiji-15-28.-juli-1914..jpg\"><img loading=\"lazy\" decoding=\"async\" class=\" wp-image-24557   \" alt=\"Telegram-objave-rata-Austro-Ugarske-Srbiji-15-28.-juli-1914.\" src=\"http:\/\/www.serbia.com\/wp-content\/uploads\/2014\/04\/Telegram-objave-rata-Austro-Ugarske-Srbiji-15-28.-juli-1914..jpg\" width=\"242\" height=\"224\" srcset=\"https:\/\/serbia.com\/wp-content\/uploads\/2014\/04\/Telegram-objave-rata-Austro-Ugarske-Srbiji-15-28.-juli-1914..jpg 577w, https:\/\/serbia.com\/wp-content\/uploads\/2014\/04\/Telegram-objave-rata-Austro-Ugarske-Srbiji-15-28.-juli-1914.-541x500.jpg 541w, https:\/\/serbia.com\/wp-content\/uploads\/2014\/04\/Telegram-objave-rata-Austro-Ugarske-Srbiji-15-28.-juli-1914.-300x277.jpg 300w\" sizes=\"auto, (max-width: 242px) 100vw, 242px\" \/><\/a><figcaption id=\"caption-attachment-24557\" class=\"wp-caption-text\">Telegram objave rata<br \/>Foto: www.archives.org.rs<\/figcaption><\/figure>\n<p>Ovaj istorijski dokument, kao jedno od najzna\u010dajnijih pisanih svedo\u010danstava, \u010duva se u Arhivu Srbije.<\/p>\n<p>Monarhija nije \u010dasila da napadne Srbiju, pa su iste ve\u010deri po objavi rata prvi plutoni sa Save poleteli ka Beogradu. <strong>A sutradan se narodu obratio prestolonaslednik, regent Aleksandar I Kara\u0111or\u0111evi\u0107<\/strong>, manifestom koji je iz Ni\u0161a uputio \u201csvojim juna\u010dnim i dragim Srbima\u201d:<\/p>\n<p><em>\u201cNa na\u0161u Srbiju nasrnulo je veliko zlo. Austrougarska nam je objavila rat. Sad svi imamo da budemo slo\u017eni i junaci.\u201d Ovim re\u010dima je srpski prstolonaslednik i budu\u0107i kralj Srba, Hrvata i Slovenaca, zapo\u010deo svoje obra\u0107anje srpskom narodu u kome ih je podsetio na to da je \u201c zaludu Srbija radila sve \u0161to je mogla da \u017eivi u prijateljstvu sa susednom carevinom \u2013 sve to nije ni\u0161ta pomoglo\u201d jer je Monarhija nepravedno prebacila krivicu za Sarajevski atentat na Srbiju: \u201cTakvo optu\u017eivanje jedne nezavisne dr\u017eave za tu\u0111e krivice, jedinstveno je u istoriji Evrope\u2026\u201d<\/em><\/p>\n<figure id=\"attachment_24576\" aria-describedby=\"caption-attachment-24576\" style=\"width: 154px\" class=\"wp-caption alignright\"><a href=\"http:\/\/www.serbia.com\/wp-content\/uploads\/2014\/04\/Kralj-Aleksandar-I-Karadjordjevic.jpg\"><img loading=\"lazy\" decoding=\"async\" class=\"wp-image-24576   \" alt=\"Kralj Aleksandar I Karadjordjevic\" src=\"http:\/\/www.serbia.com\/wp-content\/uploads\/2014\/04\/Kralj-Aleksandar-I-Karadjordjevic.jpg\" width=\"154\" height=\"230\" srcset=\"https:\/\/serbia.com\/wp-content\/uploads\/2014\/04\/Kralj-Aleksandar-I-Karadjordjevic.jpg 427w, https:\/\/serbia.com\/wp-content\/uploads\/2014\/04\/Kralj-Aleksandar-I-Karadjordjevic-200x300.jpg 200w\" sizes=\"auto, (max-width: 154px) 100vw, 154px\" \/><\/a><figcaption id=\"caption-attachment-24576\" class=\"wp-caption-text\">Kralj Aleksandar I Kara\u0111or\u0111evic<\/figcaption><\/figure>\n<p>Stoga prestolonaslednik \u201cte\u0161ka srca i svestan svih te\u0161ko\u0107a i opasnosti\u201d poziva <em>\u201csvoje drage i hrabre Srbe pod srpsku trobojku s uverenjem da \u0107e se oni u ovoj prilici pokazati dostojni svojih slavnih predaka, onaki kaki su bili lane i preklane.\u201d<\/em><\/p>\n<p>Aleksandar I Kara\u0111or\u0111evi\u0107 je pozivao Srbe na slo\u017enost u odbrani zemlje jer <em>\u201cu na\u0161oj slavnoj pro\u0161losti, starijoj i novijoj, ima dosta svedo\u010danstava da Srbin, kad je slo\u017ean, mo\u017ee pobediti i mnogo ve\u0107eg protivnika\u201d.<\/em><\/p>\n<p>Pa \u010dak i ovo bu\u0111enje hrabrosti Srba <strong>nije izuzelo se\u0107anje na kosovsku \u017ertvu Milo\u0161a Obili\u0107a<\/strong>, koju regent Aleksandar I na kraju ovog manifesta pominje kao primer po\u017ertvovanja za odbranu zemlje pred mnogobrojnim oholim neprijateljem.<\/p>\n<p>Re\u010dima:<strong> <em>\u201cSrbi branite svom snagom svoje ognji\u0161te i srpsko pleme\u201d<\/em>,<\/strong> pestolonaslednik je zavr\u0161io ovaj istorijski va\u017ean manifest obelodaniv\u0161i Srbiji i svetu po\u010detak rata koji \u0107e poprimiti svetske razmere.<\/p>\n<p><em><a href=\"http:\/\/www.serbia.com\/wp-content\/uploads\/2014\/03\/kancelarija-za-dijasporu-logo1.jpg\"><img loading=\"lazy\" decoding=\"async\" class=\"size-full wp-image-21922 alignleft\" alt=\"kancelarija-za-dijasporu-logo1\" src=\"http:\/\/www.serbia.com\/wp-content\/uploads\/2014\/03\/kancelarija-za-dijasporu-logo1.jpg\" width=\"275\" height=\"100\" \/><\/a>Tekst je podr\u017ean od strane <a href=\"http:\/\/www.dijaspora.gov.rs\/\" target=\"_blank\">Kancelarije za saradnju sa dijasporom i Srbima u regionu<\/a>.<\/em><\/p>\n","protected":false},"excerpt":{"rendered":"<p>\u00a0\u201eAustrija nam je objavila rat. To je njen kraj. Bog \u0107e nam dati pobedu\u201d, kratko je rekao predsednik srpske vlade, Nikola Pa\u0161i\u0107, sede\u0107i u ba\u0161ti ni\u0161kog hotela Orient u kojoj [&hellip;]<\/p>\n","protected":false},"author":9,"featured_media":24557,"comment_status":"closed","ping_status":"closed","sticky":false,"template":"","format":"standard","meta":{"_acf_changed":false,"inline_featured_image":false,"_monsterinsights_skip_tracking":false,"_monsterinsights_sitenote_active":false,"_monsterinsights_sitenote_note":"","_monsterinsights_sitenote_category":0,"footnotes":""},"categories":[2846,1639],"tags":[1129],"class_list":["post-24584","post","type-post","status-publish","format-standard","has-post-thumbnail","hentry","category-istaknuto","category-istorija-kultura-otkrijte-srbiju","tag-prvi-svetski-rat-srpski"],"acf":[],"yoast_head":"<!-- This site is optimized with the Yoast SEO plugin v27.4 - https:\/\/yoast.com\/product\/yoast-seo-wordpress\/ -->\n<title>Austro-ugarska objava rata i manifest regenta Aleksandra - Serbia.com<\/title>\n<meta name=\"description\" content=\"\u201eAustrija nam je objavila rat. To je njen kraj. Bog \u0107e nam dati pobedu\u201d, kratko je rekao predsednik srpske vlade, Nikola Pa\u0161i\u0107, sede\u0107i u ba\u0161ti ni\u0161kog hotela Orient u kojoj mu je 28. jula. 1914. godine uru\u010dena austrougaraska objava rata. Sutradan se oglasio i prestolonaslednik Aleksandar I Kara\u0111or\u0111evi\u0107 koji je \u201csvojim dragim i juna\u010dnim Srbima\u201d manifestom najavio dolaze\u0107i rat.\" \/>\n<meta name=\"robots\" content=\"index, follow, max-snippet:-1, max-image-preview:large, max-video-preview:-1\" \/>\n<link rel=\"canonical\" href=\"https:\/\/serbia.com\/srpski\/austro-ugarska-objava-rata-i-manifest-regenta-aleksandra\/\" \/>\n<meta property=\"og:locale\" content=\"en_US\" \/>\n<meta property=\"og:type\" content=\"article\" \/>\n<meta property=\"og:title\" content=\"Austro-ugarska objava rata i manifest regenta Aleksandra - Serbia.com\" \/>\n<meta property=\"og:description\" content=\"\u201eAustrija nam je objavila rat. To je njen kraj. Bog \u0107e nam dati pobedu\u201d, kratko je rekao predsednik srpske vlade, Nikola Pa\u0161i\u0107, sede\u0107i u ba\u0161ti ni\u0161kog hotela Orient u kojoj mu je 28. jula. 1914. godine uru\u010dena austrougaraska objava rata. Sutradan se oglasio i prestolonaslednik Aleksandar I Kara\u0111or\u0111evi\u0107 koji je \u201csvojim dragim i juna\u010dnim Srbima\u201d manifestom najavio dolaze\u0107i rat.\" \/>\n<meta property=\"og:url\" content=\"https:\/\/serbia.com\/srpski\/austro-ugarska-objava-rata-i-manifest-regenta-aleksandra\/\" \/>\n<meta property=\"og:site_name\" content=\"Serbia.com\" \/>\n<meta property=\"article:published_time\" content=\"2014-04-07T15:39:50+00:00\" \/>\n<meta property=\"article:modified_time\" content=\"2014-04-07T15:45:59+00:00\" \/>\n<meta property=\"og:image\" content=\"https:\/\/serbia.com\/wp-content\/uploads\/2014\/04\/Telegram-objave-rata-Austro-Ugarske-Srbiji-15-28.-juli-1914..jpg\" \/>\n\t<meta property=\"og:image:width\" content=\"577\" \/>\n\t<meta property=\"og:image:height\" content=\"533\" \/>\n\t<meta property=\"og:image:type\" content=\"image\/jpeg\" \/>\n<meta name=\"author\" content=\"Serbia.com\" \/>\n<meta name=\"twitter:label1\" content=\"Written by\" \/>\n\t<meta name=\"twitter:data1\" content=\"Serbia.com\" \/>\n\t<meta name=\"twitter:label2\" content=\"Est. reading time\" \/>\n\t<meta name=\"twitter:data2\" content=\"3 minutes\" \/>\n<script type=\"application\/ld+json\" class=\"yoast-schema-graph\">{\"@context\":\"https:\\\/\\\/schema.org\",\"@graph\":[{\"@type\":\"Article\",\"@id\":\"https:\\\/\\\/serbia.com\\\/srpski\\\/austro-ugarska-objava-rata-i-manifest-regenta-aleksandra\\\/#article\",\"isPartOf\":{\"@id\":\"https:\\\/\\\/serbia.com\\\/srpski\\\/austro-ugarska-objava-rata-i-manifest-regenta-aleksandra\\\/\"},\"author\":{\"name\":\"Serbia.com\",\"@id\":\"https:\\\/\\\/serbia.com\\\/#\\\/schema\\\/person\\\/6fe28d3055f5f291d832531e555da490\"},\"headline\":\"Austro-ugarska objava rata i manifest regenta Aleksandra\",\"datePublished\":\"2014-04-07T15:39:50+00:00\",\"dateModified\":\"2014-04-07T15:45:59+00:00\",\"mainEntityOfPage\":{\"@id\":\"https:\\\/\\\/serbia.com\\\/srpski\\\/austro-ugarska-objava-rata-i-manifest-regenta-aleksandra\\\/\"},\"wordCount\":615,\"image\":{\"@id\":\"https:\\\/\\\/serbia.com\\\/srpski\\\/austro-ugarska-objava-rata-i-manifest-regenta-aleksandra\\\/#primaryimage\"},\"thumbnailUrl\":\"https:\\\/\\\/serbia.com\\\/wp-content\\\/uploads\\\/2014\\\/04\\\/Telegram-objave-rata-Austro-Ugarske-Srbiji-15-28.-juli-1914..jpg\",\"keywords\":[\"Prvi svetski rat\"],\"articleSection\":[\"Istaknuto\",\"Istorija\"],\"inLanguage\":\"srpski\"},{\"@type\":\"WebPage\",\"@id\":\"https:\\\/\\\/serbia.com\\\/srpski\\\/austro-ugarska-objava-rata-i-manifest-regenta-aleksandra\\\/\",\"url\":\"https:\\\/\\\/serbia.com\\\/srpski\\\/austro-ugarska-objava-rata-i-manifest-regenta-aleksandra\\\/\",\"name\":\"Austro-ugarska objava rata i manifest regenta Aleksandra - Serbia.com\",\"isPartOf\":{\"@id\":\"https:\\\/\\\/serbia.com\\\/#website\"},\"primaryImageOfPage\":{\"@id\":\"https:\\\/\\\/serbia.com\\\/srpski\\\/austro-ugarska-objava-rata-i-manifest-regenta-aleksandra\\\/#primaryimage\"},\"image\":{\"@id\":\"https:\\\/\\\/serbia.com\\\/srpski\\\/austro-ugarska-objava-rata-i-manifest-regenta-aleksandra\\\/#primaryimage\"},\"thumbnailUrl\":\"https:\\\/\\\/serbia.com\\\/wp-content\\\/uploads\\\/2014\\\/04\\\/Telegram-objave-rata-Austro-Ugarske-Srbiji-15-28.-juli-1914..jpg\",\"datePublished\":\"2014-04-07T15:39:50+00:00\",\"dateModified\":\"2014-04-07T15:45:59+00:00\",\"author\":{\"@id\":\"https:\\\/\\\/serbia.com\\\/#\\\/schema\\\/person\\\/6fe28d3055f5f291d832531e555da490\"},\"description\":\"\u201eAustrija nam je objavila rat. To je njen kraj. Bog \u0107e nam dati pobedu\u201d, kratko je rekao predsednik srpske vlade, Nikola Pa\u0161i\u0107, sede\u0107i u ba\u0161ti ni\u0161kog hotela Orient u kojoj mu je 28. jula. 1914. godine uru\u010dena austrougaraska objava rata. Sutradan se oglasio i prestolonaslednik Aleksandar I Kara\u0111or\u0111evi\u0107 koji je \u201csvojim dragim i juna\u010dnim Srbima\u201d manifestom najavio dolaze\u0107i rat.\",\"breadcrumb\":{\"@id\":\"https:\\\/\\\/serbia.com\\\/srpski\\\/austro-ugarska-objava-rata-i-manifest-regenta-aleksandra\\\/#breadcrumb\"},\"inLanguage\":\"srpski\",\"potentialAction\":[{\"@type\":\"ReadAction\",\"target\":[\"https:\\\/\\\/serbia.com\\\/srpski\\\/austro-ugarska-objava-rata-i-manifest-regenta-aleksandra\\\/\"]}]},{\"@type\":\"ImageObject\",\"inLanguage\":\"srpski\",\"@id\":\"https:\\\/\\\/serbia.com\\\/srpski\\\/austro-ugarska-objava-rata-i-manifest-regenta-aleksandra\\\/#primaryimage\",\"url\":\"https:\\\/\\\/serbia.com\\\/wp-content\\\/uploads\\\/2014\\\/04\\\/Telegram-objave-rata-Austro-Ugarske-Srbiji-15-28.-juli-1914..jpg\",\"contentUrl\":\"https:\\\/\\\/serbia.com\\\/wp-content\\\/uploads\\\/2014\\\/04\\\/Telegram-objave-rata-Austro-Ugarske-Srbiji-15-28.-juli-1914..jpg\",\"width\":577,\"height\":533},{\"@type\":\"BreadcrumbList\",\"@id\":\"https:\\\/\\\/serbia.com\\\/srpski\\\/austro-ugarska-objava-rata-i-manifest-regenta-aleksandra\\\/#breadcrumb\",\"itemListElement\":[{\"@type\":\"ListItem\",\"position\":1,\"name\":\"Home\",\"item\":\"https:\\\/\\\/serbia.com\\\/srpski\\\/srbija\\\/\"},{\"@type\":\"ListItem\",\"position\":2,\"name\":\"Austro-ugarska objava rata i manifest regenta Aleksandra\"}]},{\"@type\":\"WebSite\",\"@id\":\"https:\\\/\\\/serbia.com\\\/#website\",\"url\":\"https:\\\/\\\/serbia.com\\\/\",\"name\":\"Serbia.com\",\"description\":\"Your Gateway to Serbia\",\"potentialAction\":[{\"@type\":\"SearchAction\",\"target\":{\"@type\":\"EntryPoint\",\"urlTemplate\":\"https:\\\/\\\/serbia.com\\\/?s={search_term_string}\"},\"query-input\":{\"@type\":\"PropertyValueSpecification\",\"valueRequired\":true,\"valueName\":\"search_term_string\"}}],\"inLanguage\":\"srpski\"},{\"@type\":\"Person\",\"@id\":\"https:\\\/\\\/serbia.com\\\/#\\\/schema\\\/person\\\/6fe28d3055f5f291d832531e555da490\",\"name\":\"Serbia.com\",\"image\":{\"@type\":\"ImageObject\",\"inLanguage\":\"srpski\",\"@id\":\"https:\\\/\\\/secure.gravatar.com\\\/avatar\\\/8381eb54f5b393857857cb5fd6c42264c9e14b10435326bc567fcc3511bd8df4?s=96&d=mm&r=g\",\"url\":\"https:\\\/\\\/secure.gravatar.com\\\/avatar\\\/8381eb54f5b393857857cb5fd6c42264c9e14b10435326bc567fcc3511bd8df4?s=96&d=mm&r=g\",\"contentUrl\":\"https:\\\/\\\/secure.gravatar.com\\\/avatar\\\/8381eb54f5b393857857cb5fd6c42264c9e14b10435326bc567fcc3511bd8df4?s=96&d=mm&r=g\",\"caption\":\"Serbia.com\"},\"url\":\"https:\\\/\\\/serbia.com\\\/srpski\\\/author\\\/serbia-com\\\/\"}]}<\/script>\n<!-- \/ Yoast SEO plugin. -->","yoast_head_json":{"title":"Austro-ugarska objava rata i manifest regenta Aleksandra - Serbia.com","description":"\u201eAustrija nam je objavila rat. To je njen kraj. Bog \u0107e nam dati pobedu\u201d, kratko je rekao predsednik srpske vlade, Nikola Pa\u0161i\u0107, sede\u0107i u ba\u0161ti ni\u0161kog hotela Orient u kojoj mu je 28. jula. 1914. godine uru\u010dena austrougaraska objava rata. Sutradan se oglasio i prestolonaslednik Aleksandar I Kara\u0111or\u0111evi\u0107 koji je \u201csvojim dragim i juna\u010dnim Srbima\u201d manifestom najavio dolaze\u0107i rat.","robots":{"index":"index","follow":"follow","max-snippet":"max-snippet:-1","max-image-preview":"max-image-preview:large","max-video-preview":"max-video-preview:-1"},"canonical":"https:\/\/serbia.com\/srpski\/austro-ugarska-objava-rata-i-manifest-regenta-aleksandra\/","og_locale":"en_US","og_type":"article","og_title":"Austro-ugarska objava rata i manifest regenta Aleksandra - Serbia.com","og_description":"\u201eAustrija nam je objavila rat. To je njen kraj. Bog \u0107e nam dati pobedu\u201d, kratko je rekao predsednik srpske vlade, Nikola Pa\u0161i\u0107, sede\u0107i u ba\u0161ti ni\u0161kog hotela Orient u kojoj mu je 28. jula. 1914. godine uru\u010dena austrougaraska objava rata. Sutradan se oglasio i prestolonaslednik Aleksandar I Kara\u0111or\u0111evi\u0107 koji je \u201csvojim dragim i juna\u010dnim Srbima\u201d manifestom najavio dolaze\u0107i rat.","og_url":"https:\/\/serbia.com\/srpski\/austro-ugarska-objava-rata-i-manifest-regenta-aleksandra\/","og_site_name":"Serbia.com","article_published_time":"2014-04-07T15:39:50+00:00","article_modified_time":"2014-04-07T15:45:59+00:00","og_image":[{"width":577,"height":533,"url":"https:\/\/serbia.com\/wp-content\/uploads\/2014\/04\/Telegram-objave-rata-Austro-Ugarske-Srbiji-15-28.-juli-1914..jpg","type":"image\/jpeg"}],"author":"Serbia.com","twitter_misc":{"Written by":"Serbia.com","Est. reading time":"3 minutes"},"schema":{"@context":"https:\/\/schema.org","@graph":[{"@type":"Article","@id":"https:\/\/serbia.com\/srpski\/austro-ugarska-objava-rata-i-manifest-regenta-aleksandra\/#article","isPartOf":{"@id":"https:\/\/serbia.com\/srpski\/austro-ugarska-objava-rata-i-manifest-regenta-aleksandra\/"},"author":{"name":"Serbia.com","@id":"https:\/\/serbia.com\/#\/schema\/person\/6fe28d3055f5f291d832531e555da490"},"headline":"Austro-ugarska objava rata i manifest regenta Aleksandra","datePublished":"2014-04-07T15:39:50+00:00","dateModified":"2014-04-07T15:45:59+00:00","mainEntityOfPage":{"@id":"https:\/\/serbia.com\/srpski\/austro-ugarska-objava-rata-i-manifest-regenta-aleksandra\/"},"wordCount":615,"image":{"@id":"https:\/\/serbia.com\/srpski\/austro-ugarska-objava-rata-i-manifest-regenta-aleksandra\/#primaryimage"},"thumbnailUrl":"https:\/\/serbia.com\/wp-content\/uploads\/2014\/04\/Telegram-objave-rata-Austro-Ugarske-Srbiji-15-28.-juli-1914..jpg","keywords":["Prvi svetski rat"],"articleSection":["Istaknuto","Istorija"],"inLanguage":"srpski"},{"@type":"WebPage","@id":"https:\/\/serbia.com\/srpski\/austro-ugarska-objava-rata-i-manifest-regenta-aleksandra\/","url":"https:\/\/serbia.com\/srpski\/austro-ugarska-objava-rata-i-manifest-regenta-aleksandra\/","name":"Austro-ugarska objava rata i manifest regenta Aleksandra - Serbia.com","isPartOf":{"@id":"https:\/\/serbia.com\/#website"},"primaryImageOfPage":{"@id":"https:\/\/serbia.com\/srpski\/austro-ugarska-objava-rata-i-manifest-regenta-aleksandra\/#primaryimage"},"image":{"@id":"https:\/\/serbia.com\/srpski\/austro-ugarska-objava-rata-i-manifest-regenta-aleksandra\/#primaryimage"},"thumbnailUrl":"https:\/\/serbia.com\/wp-content\/uploads\/2014\/04\/Telegram-objave-rata-Austro-Ugarske-Srbiji-15-28.-juli-1914..jpg","datePublished":"2014-04-07T15:39:50+00:00","dateModified":"2014-04-07T15:45:59+00:00","author":{"@id":"https:\/\/serbia.com\/#\/schema\/person\/6fe28d3055f5f291d832531e555da490"},"description":"\u201eAustrija nam je objavila rat. To je njen kraj. Bog \u0107e nam dati pobedu\u201d, kratko je rekao predsednik srpske vlade, Nikola Pa\u0161i\u0107, sede\u0107i u ba\u0161ti ni\u0161kog hotela Orient u kojoj mu je 28. jula. 1914. godine uru\u010dena austrougaraska objava rata. Sutradan se oglasio i prestolonaslednik Aleksandar I Kara\u0111or\u0111evi\u0107 koji je \u201csvojim dragim i juna\u010dnim Srbima\u201d manifestom najavio dolaze\u0107i rat.","breadcrumb":{"@id":"https:\/\/serbia.com\/srpski\/austro-ugarska-objava-rata-i-manifest-regenta-aleksandra\/#breadcrumb"},"inLanguage":"srpski","potentialAction":[{"@type":"ReadAction","target":["https:\/\/serbia.com\/srpski\/austro-ugarska-objava-rata-i-manifest-regenta-aleksandra\/"]}]},{"@type":"ImageObject","inLanguage":"srpski","@id":"https:\/\/serbia.com\/srpski\/austro-ugarska-objava-rata-i-manifest-regenta-aleksandra\/#primaryimage","url":"https:\/\/serbia.com\/wp-content\/uploads\/2014\/04\/Telegram-objave-rata-Austro-Ugarske-Srbiji-15-28.-juli-1914..jpg","contentUrl":"https:\/\/serbia.com\/wp-content\/uploads\/2014\/04\/Telegram-objave-rata-Austro-Ugarske-Srbiji-15-28.-juli-1914..jpg","width":577,"height":533},{"@type":"BreadcrumbList","@id":"https:\/\/serbia.com\/srpski\/austro-ugarska-objava-rata-i-manifest-regenta-aleksandra\/#breadcrumb","itemListElement":[{"@type":"ListItem","position":1,"name":"Home","item":"https:\/\/serbia.com\/srpski\/srbija\/"},{"@type":"ListItem","position":2,"name":"Austro-ugarska objava rata i manifest regenta Aleksandra"}]},{"@type":"WebSite","@id":"https:\/\/serbia.com\/#website","url":"https:\/\/serbia.com\/","name":"Serbia.com","description":"Your Gateway to Serbia","potentialAction":[{"@type":"SearchAction","target":{"@type":"EntryPoint","urlTemplate":"https:\/\/serbia.com\/?s={search_term_string}"},"query-input":{"@type":"PropertyValueSpecification","valueRequired":true,"valueName":"search_term_string"}}],"inLanguage":"srpski"},{"@type":"Person","@id":"https:\/\/serbia.com\/#\/schema\/person\/6fe28d3055f5f291d832531e555da490","name":"Serbia.com","image":{"@type":"ImageObject","inLanguage":"srpski","@id":"https:\/\/secure.gravatar.com\/avatar\/8381eb54f5b393857857cb5fd6c42264c9e14b10435326bc567fcc3511bd8df4?s=96&d=mm&r=g","url":"https:\/\/secure.gravatar.com\/avatar\/8381eb54f5b393857857cb5fd6c42264c9e14b10435326bc567fcc3511bd8df4?s=96&d=mm&r=g","contentUrl":"https:\/\/secure.gravatar.com\/avatar\/8381eb54f5b393857857cb5fd6c42264c9e14b10435326bc567fcc3511bd8df4?s=96&d=mm&r=g","caption":"Serbia.com"},"url":"https:\/\/serbia.com\/srpski\/author\/serbia-com\/"}]}},"brizy_media":[],"_links":{"self":[{"href":"https:\/\/serbia.com\/srpski\/wp-json\/wp\/v2\/posts\/24584","targetHints":{"allow":["GET"]}}],"collection":[{"href":"https:\/\/serbia.com\/srpski\/wp-json\/wp\/v2\/posts"}],"about":[{"href":"https:\/\/serbia.com\/srpski\/wp-json\/wp\/v2\/types\/post"}],"author":[{"embeddable":true,"href":"https:\/\/serbia.com\/srpski\/wp-json\/wp\/v2\/users\/9"}],"replies":[{"embeddable":true,"href":"https:\/\/serbia.com\/srpski\/wp-json\/wp\/v2\/comments?post=24584"}],"version-history":[{"count":0,"href":"https:\/\/serbia.com\/srpski\/wp-json\/wp\/v2\/posts\/24584\/revisions"}],"wp:featuredmedia":[{"embeddable":true,"href":"https:\/\/serbia.com\/srpski\/wp-json\/wp\/v2\/media\/24557"}],"wp:attachment":[{"href":"https:\/\/serbia.com\/srpski\/wp-json\/wp\/v2\/media?parent=24584"}],"wp:term":[{"taxonomy":"category","embeddable":true,"href":"https:\/\/serbia.com\/srpski\/wp-json\/wp\/v2\/categories?post=24584"},{"taxonomy":"post_tag","embeddable":true,"href":"https:\/\/serbia.com\/srpski\/wp-json\/wp\/v2\/tags?post=24584"}],"curies":[{"name":"wp","href":"https:\/\/api.w.org\/{rel}","templated":true}]}}