{"id":2073,"date":"2012-07-03T12:49:38","date_gmt":"2012-07-03T10:49:38","guid":{"rendered":"http:\/\/wordpress-24506-nenadlekan.vpsapps.net\/?p=2073"},"modified":"2014-03-17T14:12:32","modified_gmt":"2014-03-17T13:12:32","slug":"zeljko-joksimovic-evrovizija-kao-sudbina","status":"publish","type":"post","link":"https:\/\/serbia.com\/srpski\/zeljko-joksimovic-evrovizija-kao-sudbina\/","title":{"rendered":"\u017deljko Joksimovi\u0107 &#8211; Evrovizija kao sudbina"},"content":{"rendered":"<h2>Iako je karijeru izgradio, a kvalitet potvrdio i van Evrovizije, \u017deljko Joksimovi\u0107 ne krije da je upravo ovo takmi\u010denje mnogo pomoglo njegovoj karijeri i afirmaciji u Evropi. Ipak, mla\u0111im kolegama savetuje oprez.<\/h2>\n<p>Pred milionski auditorijum 2004. godine <strong>\u017deljko Joksimovi\u0107<\/strong> je\u00a0iza\u0161ao u srednjevekovnoj srpskoj <a title=\"Narodna no\u0161nja, oznaka identiteta i pripadnosti\" href=\"http:\/\/serbia.com\/srpski\/narodna-nosnja-oznaka-identiteta-i-pripadnosti-2\/\">narodnoj no\u0161nji<\/a> i otpevao pesmu po kojoj je odmah potom u javnosti dobio nadimak &#8220;<strong>Lane<\/strong>&#8220;. Bilo je to na <strong>takmi\u010denju za pesmu Evrovizije u Istanbulu<\/strong>, a osim no\u0161njom, i pesmom koju je sam komponovao i izvodio podsetio je na, do tada skoro zaboravljeno, <a title=\"Etno nasle\u0111e Srbije, rituali od pre Hrista\" href=\"http:\/\/serbia.com\/srpski\/etno-naslede-srbije-rituali-od-pre-hrista\/\">etno nasle\u0111e<\/a> sa prostora Srbije.<\/p>\n<p>Osam godina kasnije, na scenu istog takmi\u010denja, ovog puta u <strong>Bakuu<\/strong>, \u017deljko Joksimovi\u0107\u00a0je iza\u0161ao u elegantnom crnom odelu, mnogo ozbiljniji i, reklo bi se, zreliji. Prvi put, bio je drugi. Drugi, osvojio je tre\u0107e mesto. Izme\u0111u ova dva datuma, desila se blistava karijera muzi\u010dara, peva\u010da i kompozitora kome je evrovizijsko takmi\u010denje u mnogome obele\u017eilo \u017eivot.<\/p>\n\n<p>&nbsp;<\/p>\n<p>\u017deljko Joksimovi\u0107\u00a0ne krije da je, iako je u\u010destvovao i na drugim muzi\u010dkim festivalima, Evrovizija posebno takmi\u010denje za njega. Na njoj je, na ovaj ili onaj na\u010din u\u010destvovao \u010dak \u010detiri puta, a stigao je da bude i <strong>voditelj <a title=\"Evrovizija u Beogradu\" href=\"http:\/\/serbia.com\/srpski\/eurosong-u-beogradu\/\">Evrovizije u Beogradu<\/a> 2008. godine<\/strong> kada je, pobedom Marije \u0160erifovi\u0107, ovo takmi\u010denje stiglo u Srbiju.<\/p>\n<p>Kada nije pevao, komponovao je pesme drugim predstavnicima \u2013 grupa Hari Mata Hari je sa Joksimovi\u0107evom kompozicijom &#8220;<strong>Lejla<\/strong>&#8221; 2006. osvojila 3. mesto za Bosnu i Hercegovinu, a Jelena Toma\u0161evi\u0107 za Srbiju 2008. sa pesmom &#8220;<strong>Oro<\/strong>&#8220;, 6. mesto. Od svih ovih uloga, \u017deljko Joksimovi\u0107\u00a0ka\u017ee da mu, ipak, najbolje le\u017ei uloga kompozitora i izvo\u0111a\u010da, jer se u njoj ose\u0107a najsigurnije.<\/p>\n<p>&#8220;Predstavljati zemlju na ovako velikom muzi\u010dkom takmi\u010denju za mene je \u010dast i veliko zadovoljstvo. Odgovornost jeste velika i tako sam i pristupio pripremi i realizaciji pesme i nastupa kao i svega \u0161to sam tim povodom u\u010dinio. Maksimum sam dao i na pozornici u Bakuu i verujem da sam opravdao poverenje koje mi je ukazano&#8221;, ka\u017ee \u017deljko Joksimovi\u0107\u00a0u intervjuu za Serbia.com.<\/p>\n<p>Sa pesmom &#8220;<strong>Nije ljubav stvar<\/strong>&#8221; Joksimovi\u0107 je kao predstavnik Srbije osvojio 3. mesto na nedavno zavr\u0161enoj Evroviziji. Ka\u017ee da je na pesmi mnogo radio i smatra da ju je doveo do maksimuma. Iz ove perspektive, ona mu se \u010dini mnogo zahtevnijom od \u010duvenog hita &#8220;<strong>Lane moje<\/strong>&#8221; sa kojim je osvojio 2. mesto u Istanbulu. Ipak, \u017eeleo je da poruka njegove ovogodi\u0161nje pesme: &#8220;Jezici su razli\u010diti, poruke su uvek iste&#8221;, dopre do svih.<\/p>\n<p>&#8220;Poruka, emocija, pesme sadr\u017eana je u njenom naslovu koji iako jednostavan i kratak \u2013 &#8216;Nije ljubav stvar&#8217;, zapravo jeste dubok, smislen i verujem sna\u017ean. Pesma je do sada iza\u0161la na engleskom, ruskom, \u0161panskom, instrumental verziji, sa jezikom znakova, a objavljena je i simfonijska verzija. \u017deleo sam da pesma i njena poruka zaista do\u0111u do svih&#8221;, nagla\u0161ava \u017deljko Joksimovi\u0107.<\/p>\n<p>Iako je karijeru izgradio, a kvalitet i uspeh potvrdio i van Evrovizije, Joksimovi\u0107 ne krije da je upravo ovo takmi\u010denje mnogo pomoglo njegovoj karijeri i afirmaciji u Evropi, naro\u010dito u po\u010detku. Ipak, mla\u0111im kolegama uvek savetuje oprez.<\/p>\n<p>&#8220;Smatram da je iskustvo u pripremama i u\u010de\u0161\u0107u na ovoj manifestaciji dragoceno, ali \u010dovek, pogotovu mlad, mo\u017ee da se u kratkom vremenskom roku lako istro\u0161i ne razmi\u0161ljaju\u0107i mnogo o tome \u0161ta ga \u010deka posle. Samo jedan je pobednik. Zbog toga koliko je dobra i korisna u karijeri, toliko se mora biti obazriv kada je re\u010d o Evroviziji&#8221;, ka\u017ee \u017deljko Joksimovi\u0107.<\/p>\n<p>O tome \u0161ta \u0107e raditi posle Evrovizije Joksimovi\u0107 nema velike dileme i ka\u017ee da ga \u010deka dosta posla. Najavljuje nove pesme i po neko iznena\u0111enje. A po\u0161to mu dobro ide predstavljanje na me\u0111unarodnim takmi\u010denjima, mi o\u010dekujemo i neke nove nastupe, nikad se ne zna!<\/p>\n<p>&nbsp;<\/p>\n","protected":false},"excerpt":{"rendered":"<p>Iako je karijeru izgradio, a kvalitet potvrdio i van Evrovizije, \u017deljko Joksimovi\u0107 ne krije da je upravo ovo takmi\u010denje mnogo pomoglo njegovoj karijeri i afirmaciji u Evropi. Ipak, mla\u0111im kolegama [&hellip;]<\/p>\n","protected":false},"author":9,"featured_media":2071,"comment_status":"open","ping_status":"open","sticky":false,"template":"","format":"standard","meta":{"_acf_changed":false,"inline_featured_image":false,"_monsterinsights_skip_tracking":false,"_monsterinsights_sitenote_active":false,"_monsterinsights_sitenote_note":"","_monsterinsights_sitenote_category":0,"footnotes":""},"categories":[1696,2846],"tags":[729,2529,789,881],"class_list":["post-2073","post","type-post","status-publish","format-standard","has-post-thumbnail","hentry","category-festivali-manifestacije","category-istaknuto","tag-beograd-srpski","tag-eurosong-srpski","tag-muzika-srpski","tag-zeljko-joksimovic-srpski"],"acf":[],"yoast_head":"<!-- This site is optimized with the Yoast SEO plugin v27.4 - https:\/\/yoast.com\/product\/yoast-seo-wordpress\/ -->\n<title>\u017deljko Joksimovi\u0107 - Evrovizija kao sudbina - Serbia.com<\/title>\n<meta name=\"description\" content=\"Iako je karijeru izgradio, a kvalitet potvrdio i van Evrovizije, \u017deljko Joksimovi\u0107 ne krije da je upravo ovo takmi\u010denje mnogo pomoglo njegovoj karijeri i afirmaciji u Evropi. Ipak, mla\u0111im kolegama savetuje oprez\" \/>\n<meta name=\"robots\" content=\"index, follow, max-snippet:-1, max-image-preview:large, max-video-preview:-1\" \/>\n<link rel=\"canonical\" href=\"https:\/\/serbia.com\/srpski\/zeljko-joksimovic-evrovizija-kao-sudbina\/\" \/>\n<meta property=\"og:locale\" content=\"en_US\" \/>\n<meta property=\"og:type\" content=\"article\" \/>\n<meta property=\"og:title\" content=\"\u017deljko Joksimovi\u0107 - Evrovizija kao sudbina - Serbia.com\" \/>\n<meta property=\"og:description\" content=\"Iako je karijeru izgradio, a kvalitet potvrdio i van Evrovizije, \u017deljko Joksimovi\u0107 ne krije da je upravo ovo takmi\u010denje mnogo pomoglo njegovoj karijeri i afirmaciji u Evropi. Ipak, mla\u0111im kolegama savetuje oprez\" \/>\n<meta property=\"og:url\" content=\"https:\/\/serbia.com\/srpski\/zeljko-joksimovic-evrovizija-kao-sudbina\/\" \/>\n<meta property=\"og:site_name\" content=\"Serbia.com\" \/>\n<meta property=\"article:published_time\" content=\"2012-07-03T10:49:38+00:00\" \/>\n<meta property=\"article:modified_time\" content=\"2014-03-17T13:12:32+00:00\" \/>\n<meta property=\"og:image\" content=\"https:\/\/serbia.com\/wp-content\/uploads\/2012\/12\/Zeljko-Joksimovic-Eurosong.jpg\" \/>\n\t<meta property=\"og:image:width\" content=\"720\" \/>\n\t<meta property=\"og:image:height\" content=\"480\" \/>\n\t<meta property=\"og:image:type\" content=\"image\/jpeg\" \/>\n<meta name=\"author\" content=\"Serbia.com\" \/>\n<meta name=\"twitter:label1\" content=\"Written by\" \/>\n\t<meta name=\"twitter:data1\" content=\"Serbia.com\" \/>\n\t<meta name=\"twitter:label2\" content=\"Est. reading time\" \/>\n\t<meta name=\"twitter:data2\" content=\"3 minutes\" \/>\n<script type=\"application\/ld+json\" class=\"yoast-schema-graph\">{\"@context\":\"https:\\\/\\\/schema.org\",\"@graph\":[{\"@type\":\"Article\",\"@id\":\"https:\\\/\\\/serbia.com\\\/srpski\\\/zeljko-joksimovic-evrovizija-kao-sudbina\\\/#article\",\"isPartOf\":{\"@id\":\"https:\\\/\\\/serbia.com\\\/srpski\\\/zeljko-joksimovic-evrovizija-kao-sudbina\\\/\"},\"author\":{\"name\":\"Serbia.com\",\"@id\":\"https:\\\/\\\/serbia.com\\\/#\\\/schema\\\/person\\\/6fe28d3055f5f291d832531e555da490\"},\"headline\":\"\u017deljko Joksimovi\u0107 &#8211; Evrovizija kao sudbina\",\"datePublished\":\"2012-07-03T10:49:38+00:00\",\"dateModified\":\"2014-03-17T13:12:32+00:00\",\"mainEntityOfPage\":{\"@id\":\"https:\\\/\\\/serbia.com\\\/srpski\\\/zeljko-joksimovic-evrovizija-kao-sudbina\\\/\"},\"wordCount\":657,\"commentCount\":0,\"image\":{\"@id\":\"https:\\\/\\\/serbia.com\\\/srpski\\\/zeljko-joksimovic-evrovizija-kao-sudbina\\\/#primaryimage\"},\"thumbnailUrl\":\"https:\\\/\\\/serbia.com\\\/wp-content\\\/uploads\\\/2012\\\/12\\\/Zeljko-Joksimovic-Eurosong.jpg\",\"keywords\":[\"Beograd\",\"Eurosong\",\"Muzika\",\"\u017deljko Joksimovi\u0107\"],\"articleSection\":[\"Festivali i manifestacije\",\"Istaknuto\"],\"inLanguage\":\"srpski\",\"potentialAction\":[{\"@type\":\"CommentAction\",\"name\":\"Comment\",\"target\":[\"https:\\\/\\\/serbia.com\\\/srpski\\\/zeljko-joksimovic-evrovizija-kao-sudbina\\\/#respond\"]}]},{\"@type\":\"WebPage\",\"@id\":\"https:\\\/\\\/serbia.com\\\/srpski\\\/zeljko-joksimovic-evrovizija-kao-sudbina\\\/\",\"url\":\"https:\\\/\\\/serbia.com\\\/srpski\\\/zeljko-joksimovic-evrovizija-kao-sudbina\\\/\",\"name\":\"\u017deljko Joksimovi\u0107 - Evrovizija kao sudbina - Serbia.com\",\"isPartOf\":{\"@id\":\"https:\\\/\\\/serbia.com\\\/#website\"},\"primaryImageOfPage\":{\"@id\":\"https:\\\/\\\/serbia.com\\\/srpski\\\/zeljko-joksimovic-evrovizija-kao-sudbina\\\/#primaryimage\"},\"image\":{\"@id\":\"https:\\\/\\\/serbia.com\\\/srpski\\\/zeljko-joksimovic-evrovizija-kao-sudbina\\\/#primaryimage\"},\"thumbnailUrl\":\"https:\\\/\\\/serbia.com\\\/wp-content\\\/uploads\\\/2012\\\/12\\\/Zeljko-Joksimovic-Eurosong.jpg\",\"datePublished\":\"2012-07-03T10:49:38+00:00\",\"dateModified\":\"2014-03-17T13:12:32+00:00\",\"author\":{\"@id\":\"https:\\\/\\\/serbia.com\\\/#\\\/schema\\\/person\\\/6fe28d3055f5f291d832531e555da490\"},\"description\":\"Iako je karijeru izgradio, a kvalitet potvrdio i van Evrovizije, \u017deljko Joksimovi\u0107 ne krije da je upravo ovo takmi\u010denje mnogo pomoglo njegovoj karijeri i afirmaciji u Evropi. Ipak, mla\u0111im kolegama savetuje oprez\",\"breadcrumb\":{\"@id\":\"https:\\\/\\\/serbia.com\\\/srpski\\\/zeljko-joksimovic-evrovizija-kao-sudbina\\\/#breadcrumb\"},\"inLanguage\":\"srpski\",\"potentialAction\":[{\"@type\":\"ReadAction\",\"target\":[\"https:\\\/\\\/serbia.com\\\/srpski\\\/zeljko-joksimovic-evrovizija-kao-sudbina\\\/\"]}]},{\"@type\":\"ImageObject\",\"inLanguage\":\"srpski\",\"@id\":\"https:\\\/\\\/serbia.com\\\/srpski\\\/zeljko-joksimovic-evrovizija-kao-sudbina\\\/#primaryimage\",\"url\":\"https:\\\/\\\/serbia.com\\\/wp-content\\\/uploads\\\/2012\\\/12\\\/Zeljko-Joksimovic-Eurosong.jpg\",\"contentUrl\":\"https:\\\/\\\/serbia.com\\\/wp-content\\\/uploads\\\/2012\\\/12\\\/Zeljko-Joksimovic-Eurosong.jpg\",\"width\":720,\"height\":480},{\"@type\":\"BreadcrumbList\",\"@id\":\"https:\\\/\\\/serbia.com\\\/srpski\\\/zeljko-joksimovic-evrovizija-kao-sudbina\\\/#breadcrumb\",\"itemListElement\":[{\"@type\":\"ListItem\",\"position\":1,\"name\":\"Home\",\"item\":\"https:\\\/\\\/serbia.com\\\/srpski\\\/srbija\\\/\"},{\"@type\":\"ListItem\",\"position\":2,\"name\":\"\u017deljko Joksimovi\u0107 &#8211; Evrovizija kao sudbina\"}]},{\"@type\":\"WebSite\",\"@id\":\"https:\\\/\\\/serbia.com\\\/#website\",\"url\":\"https:\\\/\\\/serbia.com\\\/\",\"name\":\"Serbia.com\",\"description\":\"Your Gateway to Serbia\",\"potentialAction\":[{\"@type\":\"SearchAction\",\"target\":{\"@type\":\"EntryPoint\",\"urlTemplate\":\"https:\\\/\\\/serbia.com\\\/?s={search_term_string}\"},\"query-input\":{\"@type\":\"PropertyValueSpecification\",\"valueRequired\":true,\"valueName\":\"search_term_string\"}}],\"inLanguage\":\"srpski\"},{\"@type\":\"Person\",\"@id\":\"https:\\\/\\\/serbia.com\\\/#\\\/schema\\\/person\\\/6fe28d3055f5f291d832531e555da490\",\"name\":\"Serbia.com\",\"image\":{\"@type\":\"ImageObject\",\"inLanguage\":\"srpski\",\"@id\":\"https:\\\/\\\/secure.gravatar.com\\\/avatar\\\/8381eb54f5b393857857cb5fd6c42264c9e14b10435326bc567fcc3511bd8df4?s=96&d=mm&r=g\",\"url\":\"https:\\\/\\\/secure.gravatar.com\\\/avatar\\\/8381eb54f5b393857857cb5fd6c42264c9e14b10435326bc567fcc3511bd8df4?s=96&d=mm&r=g\",\"contentUrl\":\"https:\\\/\\\/secure.gravatar.com\\\/avatar\\\/8381eb54f5b393857857cb5fd6c42264c9e14b10435326bc567fcc3511bd8df4?s=96&d=mm&r=g\",\"caption\":\"Serbia.com\"},\"url\":\"https:\\\/\\\/serbia.com\\\/srpski\\\/author\\\/serbia-com\\\/\"}]}<\/script>\n<!-- \/ Yoast SEO plugin. -->","yoast_head_json":{"title":"\u017deljko Joksimovi\u0107 - Evrovizija kao sudbina - Serbia.com","description":"Iako je karijeru izgradio, a kvalitet potvrdio i van Evrovizije, \u017deljko Joksimovi\u0107 ne krije da je upravo ovo takmi\u010denje mnogo pomoglo njegovoj karijeri i afirmaciji u Evropi. Ipak, mla\u0111im kolegama savetuje oprez","robots":{"index":"index","follow":"follow","max-snippet":"max-snippet:-1","max-image-preview":"max-image-preview:large","max-video-preview":"max-video-preview:-1"},"canonical":"https:\/\/serbia.com\/srpski\/zeljko-joksimovic-evrovizija-kao-sudbina\/","og_locale":"en_US","og_type":"article","og_title":"\u017deljko Joksimovi\u0107 - Evrovizija kao sudbina - Serbia.com","og_description":"Iako je karijeru izgradio, a kvalitet potvrdio i van Evrovizije, \u017deljko Joksimovi\u0107 ne krije da je upravo ovo takmi\u010denje mnogo pomoglo njegovoj karijeri i afirmaciji u Evropi. Ipak, mla\u0111im kolegama savetuje oprez","og_url":"https:\/\/serbia.com\/srpski\/zeljko-joksimovic-evrovizija-kao-sudbina\/","og_site_name":"Serbia.com","article_published_time":"2012-07-03T10:49:38+00:00","article_modified_time":"2014-03-17T13:12:32+00:00","og_image":[{"width":720,"height":480,"url":"https:\/\/serbia.com\/wp-content\/uploads\/2012\/12\/Zeljko-Joksimovic-Eurosong.jpg","type":"image\/jpeg"}],"author":"Serbia.com","twitter_misc":{"Written by":"Serbia.com","Est. reading time":"3 minutes"},"schema":{"@context":"https:\/\/schema.org","@graph":[{"@type":"Article","@id":"https:\/\/serbia.com\/srpski\/zeljko-joksimovic-evrovizija-kao-sudbina\/#article","isPartOf":{"@id":"https:\/\/serbia.com\/srpski\/zeljko-joksimovic-evrovizija-kao-sudbina\/"},"author":{"name":"Serbia.com","@id":"https:\/\/serbia.com\/#\/schema\/person\/6fe28d3055f5f291d832531e555da490"},"headline":"\u017deljko Joksimovi\u0107 &#8211; Evrovizija kao sudbina","datePublished":"2012-07-03T10:49:38+00:00","dateModified":"2014-03-17T13:12:32+00:00","mainEntityOfPage":{"@id":"https:\/\/serbia.com\/srpski\/zeljko-joksimovic-evrovizija-kao-sudbina\/"},"wordCount":657,"commentCount":0,"image":{"@id":"https:\/\/serbia.com\/srpski\/zeljko-joksimovic-evrovizija-kao-sudbina\/#primaryimage"},"thumbnailUrl":"https:\/\/serbia.com\/wp-content\/uploads\/2012\/12\/Zeljko-Joksimovic-Eurosong.jpg","keywords":["Beograd","Eurosong","Muzika","\u017deljko Joksimovi\u0107"],"articleSection":["Festivali i manifestacije","Istaknuto"],"inLanguage":"srpski","potentialAction":[{"@type":"CommentAction","name":"Comment","target":["https:\/\/serbia.com\/srpski\/zeljko-joksimovic-evrovizija-kao-sudbina\/#respond"]}]},{"@type":"WebPage","@id":"https:\/\/serbia.com\/srpski\/zeljko-joksimovic-evrovizija-kao-sudbina\/","url":"https:\/\/serbia.com\/srpski\/zeljko-joksimovic-evrovizija-kao-sudbina\/","name":"\u017deljko Joksimovi\u0107 - Evrovizija kao sudbina - Serbia.com","isPartOf":{"@id":"https:\/\/serbia.com\/#website"},"primaryImageOfPage":{"@id":"https:\/\/serbia.com\/srpski\/zeljko-joksimovic-evrovizija-kao-sudbina\/#primaryimage"},"image":{"@id":"https:\/\/serbia.com\/srpski\/zeljko-joksimovic-evrovizija-kao-sudbina\/#primaryimage"},"thumbnailUrl":"https:\/\/serbia.com\/wp-content\/uploads\/2012\/12\/Zeljko-Joksimovic-Eurosong.jpg","datePublished":"2012-07-03T10:49:38+00:00","dateModified":"2014-03-17T13:12:32+00:00","author":{"@id":"https:\/\/serbia.com\/#\/schema\/person\/6fe28d3055f5f291d832531e555da490"},"description":"Iako je karijeru izgradio, a kvalitet potvrdio i van Evrovizije, \u017deljko Joksimovi\u0107 ne krije da je upravo ovo takmi\u010denje mnogo pomoglo njegovoj karijeri i afirmaciji u Evropi. Ipak, mla\u0111im kolegama savetuje oprez","breadcrumb":{"@id":"https:\/\/serbia.com\/srpski\/zeljko-joksimovic-evrovizija-kao-sudbina\/#breadcrumb"},"inLanguage":"srpski","potentialAction":[{"@type":"ReadAction","target":["https:\/\/serbia.com\/srpski\/zeljko-joksimovic-evrovizija-kao-sudbina\/"]}]},{"@type":"ImageObject","inLanguage":"srpski","@id":"https:\/\/serbia.com\/srpski\/zeljko-joksimovic-evrovizija-kao-sudbina\/#primaryimage","url":"https:\/\/serbia.com\/wp-content\/uploads\/2012\/12\/Zeljko-Joksimovic-Eurosong.jpg","contentUrl":"https:\/\/serbia.com\/wp-content\/uploads\/2012\/12\/Zeljko-Joksimovic-Eurosong.jpg","width":720,"height":480},{"@type":"BreadcrumbList","@id":"https:\/\/serbia.com\/srpski\/zeljko-joksimovic-evrovizija-kao-sudbina\/#breadcrumb","itemListElement":[{"@type":"ListItem","position":1,"name":"Home","item":"https:\/\/serbia.com\/srpski\/srbija\/"},{"@type":"ListItem","position":2,"name":"\u017deljko Joksimovi\u0107 &#8211; Evrovizija kao sudbina"}]},{"@type":"WebSite","@id":"https:\/\/serbia.com\/#website","url":"https:\/\/serbia.com\/","name":"Serbia.com","description":"Your Gateway to Serbia","potentialAction":[{"@type":"SearchAction","target":{"@type":"EntryPoint","urlTemplate":"https:\/\/serbia.com\/?s={search_term_string}"},"query-input":{"@type":"PropertyValueSpecification","valueRequired":true,"valueName":"search_term_string"}}],"inLanguage":"srpski"},{"@type":"Person","@id":"https:\/\/serbia.com\/#\/schema\/person\/6fe28d3055f5f291d832531e555da490","name":"Serbia.com","image":{"@type":"ImageObject","inLanguage":"srpski","@id":"https:\/\/secure.gravatar.com\/avatar\/8381eb54f5b393857857cb5fd6c42264c9e14b10435326bc567fcc3511bd8df4?s=96&d=mm&r=g","url":"https:\/\/secure.gravatar.com\/avatar\/8381eb54f5b393857857cb5fd6c42264c9e14b10435326bc567fcc3511bd8df4?s=96&d=mm&r=g","contentUrl":"https:\/\/secure.gravatar.com\/avatar\/8381eb54f5b393857857cb5fd6c42264c9e14b10435326bc567fcc3511bd8df4?s=96&d=mm&r=g","caption":"Serbia.com"},"url":"https:\/\/serbia.com\/srpski\/author\/serbia-com\/"}]}},"brizy_media":[],"_links":{"self":[{"href":"https:\/\/serbia.com\/srpski\/wp-json\/wp\/v2\/posts\/2073","targetHints":{"allow":["GET"]}}],"collection":[{"href":"https:\/\/serbia.com\/srpski\/wp-json\/wp\/v2\/posts"}],"about":[{"href":"https:\/\/serbia.com\/srpski\/wp-json\/wp\/v2\/types\/post"}],"author":[{"embeddable":true,"href":"https:\/\/serbia.com\/srpski\/wp-json\/wp\/v2\/users\/9"}],"replies":[{"embeddable":true,"href":"https:\/\/serbia.com\/srpski\/wp-json\/wp\/v2\/comments?post=2073"}],"version-history":[{"count":0,"href":"https:\/\/serbia.com\/srpski\/wp-json\/wp\/v2\/posts\/2073\/revisions"}],"wp:featuredmedia":[{"embeddable":true,"href":"https:\/\/serbia.com\/srpski\/wp-json\/wp\/v2\/media\/2071"}],"wp:attachment":[{"href":"https:\/\/serbia.com\/srpski\/wp-json\/wp\/v2\/media?parent=2073"}],"wp:term":[{"taxonomy":"category","embeddable":true,"href":"https:\/\/serbia.com\/srpski\/wp-json\/wp\/v2\/categories?post=2073"},{"taxonomy":"post_tag","embeddable":true,"href":"https:\/\/serbia.com\/srpski\/wp-json\/wp\/v2\/tags?post=2073"}],"curies":[{"name":"wp","href":"https:\/\/api.w.org\/{rel}","templated":true}]}}