{"id":13685,"date":"2014-02-07T09:52:27","date_gmt":"2014-02-07T08:52:27","guid":{"rendered":"http:\/\/www.serbia.com\/?p=13685"},"modified":"2014-03-17T13:20:05","modified_gmt":"2014-03-17T12:20:05","slug":"150-godina-od-smrti-vuka-stefanovica-karadzica","status":"publish","type":"post","link":"https:\/\/serbia.com\/srpski\/150-godina-od-smrti-vuka-stefanovica-karadzica\/","title":{"rendered":"150 godina od smrti Vuka Stefanovi\u0107a Karad\u017ei\u0107a"},"content":{"rendered":"<p>[dt_gap height=&#8221;10&#8243;]<\/p>\n<h4>Danas se navr\u0161ava 150 godina od smrti <strong>Vuka Stefanovi\u0107a Karad\u017ei\u0107a<\/strong>, lingviste, reformatora srpskog jezika, tvorca novog pravopisa i knji\u017eevnog jezika.<\/h4>\n<p>Vuk Karad\u017ei\u0107, koji je svojim delom zadu\u017eio srpski narod, umro je 7. februara 1864. godine u 77 godini u Be\u010du gde je i sahranjen, a od 1897. godine njegovi posmrtni ostaci se nalaze u porti Saborne crkve u Beogradu.<\/p>\n<p>Napravio je odlu\u010duju\u0107i preokret preto\u010div\u0161i narodni jezik u knji\u017eevni. Nemerljiv je njegov doprinos tome \u0161to su srpske narodne pesme, kultura i istorija postali dostupni i poznati \u0161irom Evrope.<\/p>\n<p>Vuk je sa\u010dinio srpsku gramatiku i utemeljio pravopis na principu jedno slovo &#8211; jedan glas. \u010cetiri godine nakon njegove smrti &#8211; 1868. godine, tako reformisani srpski jezik u\u0161ao je zvani\u010dno u \u0161kole.<\/p>\n<p>Ro\u0111en je 1787. godine u <strong>Tr\u0161i\u0107u<\/strong>, kod Loznice, i darovit i samouk, pre\u0161ao je put od deteta iz siroma\u0161ne porodice, do najznamenitije li\u010dnosti srpske prosvete i kulture.<\/p>\n<p>Slova je u\u010dio u rodnom selu od rodjaka &#8211; jedinog pismenog \u010doveka u \u010ditavom kraju, a potom u \u0161koli u Loznici i u obli\u017enjem manastiru Trono\u0161a odakle se brzo vratio jer za u\u010denje nije bilo prilike. U Karlova\u010dku gimnaziju ga nisu primili. U\u010dio je kratko i od Dositeja Obradovi\u0107a.<\/p>\n<p>Tokom Prvog srpskog ustanka bio je pisar ustani\u010dkog vojvode \u0110ordja \u0106ur\u010dije, zatim u\u010ditelj u Beogradu i carinik na Dunavu kod Kladova.<\/p>\n<p>Na srpskom pravopisu i jeziku po\u010deo je da radi po odlasku u Be\u010d 1813, posle propasti ustanka, kada je po\u010deo da sakuplja narodne pesme i umotvorine.<\/p>\n<p>Pre ta\u010dno dva veka, 1814. godine, u Be\u010du je objavio zbirku narodnih pesama nazvanu &#8220;Mala prostonarodna slaveno-serbska pjesnarica&#8221; i &#8220;Pismenicu serbskoga jezika po govoru prostoga naroda napisanu&#8221; &#8211; koja se, sastavljena po na\u010delu<strong> &#8220;Pi\u0161i kao \u0161to govori\u0161, a \u010ditaj kao \u0161to je napisano&#8221;<\/strong>, smatra prvom gramatikom na narodnom govoru Srba.<\/p>\n<p>Godinu dana kasnije je objavljena njegova druga zbirka narodnih pesama &#8211; &#8220;Narodna serbska pesnarica&#8221;. Drugo izdanje &#8220;Pismenice&#8221; &#8211; gramatike i &#8220;Srpski rje\u010dnik&#8221; sa 26.270 re\u010di, objavio je 1818. godine, te je tako pravopis srpskog utemeljen i uobli\u010den.<\/p>\n","protected":false},"excerpt":{"rendered":"<p>[dt_gap height=&#8221;10&#8243;] Danas se navr\u0161ava 150 godina od smrti Vuka Stefanovi\u0107a Karad\u017ei\u0107a, lingviste, reformatora srpskog jezika, tvorca novog pravopisa i knji\u017eevnog jezika. Vuk Karad\u017ei\u0107, koji je svojim delom zadu\u017eio srpski [&hellip;]<\/p>\n","protected":false},"author":9,"featured_media":19601,"comment_status":"open","ping_status":"open","sticky":false,"template":"","format":"standard","meta":{"_acf_changed":false,"inline_featured_image":false,"_monsterinsights_skip_tracking":false,"_monsterinsights_sitenote_active":false,"_monsterinsights_sitenote_note":"","_monsterinsights_sitenote_category":0,"footnotes":""},"categories":[2846,2700],"tags":[1067,3753],"class_list":["post-13685","post","type-post","status-publish","format-standard","has-post-thumbnail","hentry","category-istaknuto","category-vesti","tag-knjizevnost-srpski","tag-vuk-karadzic"],"acf":[],"yoast_head":"<!-- This site is optimized with the Yoast SEO plugin v27.4 - https:\/\/yoast.com\/product\/yoast-seo-wordpress\/ -->\n<title>150 godina od smrti Vuka Stefanovi\u0107a Karad\u017ei\u0107a - Serbia.com<\/title>\n<meta name=\"description\" content=\"Danas se navr\u0161ava 150 godina od smrti Vuka Stefanovi\u0107a Karad\u017ei\u0107a, lingviste, reformatora srpskog jezika, tvorca novog pravopisa i knji\u017eevnog jezika.\" \/>\n<meta name=\"robots\" content=\"index, follow, max-snippet:-1, max-image-preview:large, max-video-preview:-1\" \/>\n<link rel=\"canonical\" href=\"https:\/\/serbia.com\/srpski\/150-godina-od-smrti-vuka-stefanovica-karadzica\/\" \/>\n<meta property=\"og:locale\" content=\"en_US\" \/>\n<meta property=\"og:type\" content=\"article\" \/>\n<meta property=\"og:title\" content=\"150 godina od smrti Vuka Stefanovi\u0107a Karad\u017ei\u0107a - Serbia.com\" \/>\n<meta property=\"og:description\" content=\"Danas se navr\u0161ava 150 godina od smrti Vuka Stefanovi\u0107a Karad\u017ei\u0107a, lingviste, reformatora srpskog jezika, tvorca novog pravopisa i knji\u017eevnog jezika.\" \/>\n<meta property=\"og:url\" content=\"https:\/\/serbia.com\/srpski\/150-godina-od-smrti-vuka-stefanovica-karadzica\/\" \/>\n<meta property=\"og:site_name\" content=\"Serbia.com\" \/>\n<meta property=\"article:published_time\" content=\"2014-02-07T08:52:27+00:00\" \/>\n<meta property=\"article:modified_time\" content=\"2014-03-17T12:20:05+00:00\" \/>\n<meta property=\"og:image\" content=\"https:\/\/serbia.com\/wp-content\/uploads\/2014\/02\/vuk-karadzic-1352207773-203424.jpg\" \/>\n\t<meta property=\"og:image:width\" content=\"620\" \/>\n\t<meta property=\"og:image:height\" content=\"333\" \/>\n\t<meta property=\"og:image:type\" content=\"image\/jpeg\" \/>\n<meta name=\"author\" content=\"Serbia.com\" \/>\n<meta name=\"twitter:label1\" content=\"Written by\" \/>\n\t<meta name=\"twitter:data1\" content=\"Serbia.com\" \/>\n\t<meta name=\"twitter:label2\" content=\"Est. reading time\" \/>\n\t<meta name=\"twitter:data2\" content=\"2 minutes\" \/>\n<script type=\"application\/ld+json\" class=\"yoast-schema-graph\">{\"@context\":\"https:\\\/\\\/schema.org\",\"@graph\":[{\"@type\":\"Article\",\"@id\":\"https:\\\/\\\/serbia.com\\\/srpski\\\/150-godina-od-smrti-vuka-stefanovica-karadzica\\\/#article\",\"isPartOf\":{\"@id\":\"https:\\\/\\\/serbia.com\\\/srpski\\\/150-godina-od-smrti-vuka-stefanovica-karadzica\\\/\"},\"author\":{\"name\":\"Serbia.com\",\"@id\":\"https:\\\/\\\/serbia.com\\\/#\\\/schema\\\/person\\\/6fe28d3055f5f291d832531e555da490\"},\"headline\":\"150 godina od smrti Vuka Stefanovi\u0107a Karad\u017ei\u0107a\",\"datePublished\":\"2014-02-07T08:52:27+00:00\",\"dateModified\":\"2014-03-17T12:20:05+00:00\",\"mainEntityOfPage\":{\"@id\":\"https:\\\/\\\/serbia.com\\\/srpski\\\/150-godina-od-smrti-vuka-stefanovica-karadzica\\\/\"},\"wordCount\":371,\"commentCount\":0,\"image\":{\"@id\":\"https:\\\/\\\/serbia.com\\\/srpski\\\/150-godina-od-smrti-vuka-stefanovica-karadzica\\\/#primaryimage\"},\"thumbnailUrl\":\"https:\\\/\\\/serbia.com\\\/wp-content\\\/uploads\\\/2014\\\/02\\\/vuk-karadzic-1352207773-203424.jpg\",\"keywords\":[\"Knji\u017eevnost\",\"Vuk Karad\u017ei\u0107\"],\"articleSection\":[\"Istaknuto\",\"Vesti\"],\"inLanguage\":\"srpski\",\"potentialAction\":[{\"@type\":\"CommentAction\",\"name\":\"Comment\",\"target\":[\"https:\\\/\\\/serbia.com\\\/srpski\\\/150-godina-od-smrti-vuka-stefanovica-karadzica\\\/#respond\"]}]},{\"@type\":\"WebPage\",\"@id\":\"https:\\\/\\\/serbia.com\\\/srpski\\\/150-godina-od-smrti-vuka-stefanovica-karadzica\\\/\",\"url\":\"https:\\\/\\\/serbia.com\\\/srpski\\\/150-godina-od-smrti-vuka-stefanovica-karadzica\\\/\",\"name\":\"150 godina od smrti Vuka Stefanovi\u0107a Karad\u017ei\u0107a - Serbia.com\",\"isPartOf\":{\"@id\":\"https:\\\/\\\/serbia.com\\\/#website\"},\"primaryImageOfPage\":{\"@id\":\"https:\\\/\\\/serbia.com\\\/srpski\\\/150-godina-od-smrti-vuka-stefanovica-karadzica\\\/#primaryimage\"},\"image\":{\"@id\":\"https:\\\/\\\/serbia.com\\\/srpski\\\/150-godina-od-smrti-vuka-stefanovica-karadzica\\\/#primaryimage\"},\"thumbnailUrl\":\"https:\\\/\\\/serbia.com\\\/wp-content\\\/uploads\\\/2014\\\/02\\\/vuk-karadzic-1352207773-203424.jpg\",\"datePublished\":\"2014-02-07T08:52:27+00:00\",\"dateModified\":\"2014-03-17T12:20:05+00:00\",\"author\":{\"@id\":\"https:\\\/\\\/serbia.com\\\/#\\\/schema\\\/person\\\/6fe28d3055f5f291d832531e555da490\"},\"description\":\"Danas se navr\u0161ava 150 godina od smrti Vuka Stefanovi\u0107a Karad\u017ei\u0107a, lingviste, reformatora srpskog jezika, tvorca novog pravopisa i knji\u017eevnog jezika.\",\"breadcrumb\":{\"@id\":\"https:\\\/\\\/serbia.com\\\/srpski\\\/150-godina-od-smrti-vuka-stefanovica-karadzica\\\/#breadcrumb\"},\"inLanguage\":\"srpski\",\"potentialAction\":[{\"@type\":\"ReadAction\",\"target\":[\"https:\\\/\\\/serbia.com\\\/srpski\\\/150-godina-od-smrti-vuka-stefanovica-karadzica\\\/\"]}]},{\"@type\":\"ImageObject\",\"inLanguage\":\"srpski\",\"@id\":\"https:\\\/\\\/serbia.com\\\/srpski\\\/150-godina-od-smrti-vuka-stefanovica-karadzica\\\/#primaryimage\",\"url\":\"https:\\\/\\\/serbia.com\\\/wp-content\\\/uploads\\\/2014\\\/02\\\/vuk-karadzic-1352207773-203424.jpg\",\"contentUrl\":\"https:\\\/\\\/serbia.com\\\/wp-content\\\/uploads\\\/2014\\\/02\\\/vuk-karadzic-1352207773-203424.jpg\",\"width\":620,\"height\":333},{\"@type\":\"BreadcrumbList\",\"@id\":\"https:\\\/\\\/serbia.com\\\/srpski\\\/150-godina-od-smrti-vuka-stefanovica-karadzica\\\/#breadcrumb\",\"itemListElement\":[{\"@type\":\"ListItem\",\"position\":1,\"name\":\"Home\",\"item\":\"https:\\\/\\\/serbia.com\\\/srpski\\\/srbija\\\/\"},{\"@type\":\"ListItem\",\"position\":2,\"name\":\"150 godina od smrti Vuka Stefanovi\u0107a Karad\u017ei\u0107a\"}]},{\"@type\":\"WebSite\",\"@id\":\"https:\\\/\\\/serbia.com\\\/#website\",\"url\":\"https:\\\/\\\/serbia.com\\\/\",\"name\":\"Serbia.com\",\"description\":\"Your Gateway to Serbia\",\"potentialAction\":[{\"@type\":\"SearchAction\",\"target\":{\"@type\":\"EntryPoint\",\"urlTemplate\":\"https:\\\/\\\/serbia.com\\\/?s={search_term_string}\"},\"query-input\":{\"@type\":\"PropertyValueSpecification\",\"valueRequired\":true,\"valueName\":\"search_term_string\"}}],\"inLanguage\":\"srpski\"},{\"@type\":\"Person\",\"@id\":\"https:\\\/\\\/serbia.com\\\/#\\\/schema\\\/person\\\/6fe28d3055f5f291d832531e555da490\",\"name\":\"Serbia.com\",\"image\":{\"@type\":\"ImageObject\",\"inLanguage\":\"srpski\",\"@id\":\"https:\\\/\\\/secure.gravatar.com\\\/avatar\\\/8381eb54f5b393857857cb5fd6c42264c9e14b10435326bc567fcc3511bd8df4?s=96&d=mm&r=g\",\"url\":\"https:\\\/\\\/secure.gravatar.com\\\/avatar\\\/8381eb54f5b393857857cb5fd6c42264c9e14b10435326bc567fcc3511bd8df4?s=96&d=mm&r=g\",\"contentUrl\":\"https:\\\/\\\/secure.gravatar.com\\\/avatar\\\/8381eb54f5b393857857cb5fd6c42264c9e14b10435326bc567fcc3511bd8df4?s=96&d=mm&r=g\",\"caption\":\"Serbia.com\"},\"url\":\"https:\\\/\\\/serbia.com\\\/srpski\\\/author\\\/serbia-com\\\/\"}]}<\/script>\n<!-- \/ Yoast SEO plugin. -->","yoast_head_json":{"title":"150 godina od smrti Vuka Stefanovi\u0107a Karad\u017ei\u0107a - Serbia.com","description":"Danas se navr\u0161ava 150 godina od smrti Vuka Stefanovi\u0107a Karad\u017ei\u0107a, lingviste, reformatora srpskog jezika, tvorca novog pravopisa i knji\u017eevnog jezika.","robots":{"index":"index","follow":"follow","max-snippet":"max-snippet:-1","max-image-preview":"max-image-preview:large","max-video-preview":"max-video-preview:-1"},"canonical":"https:\/\/serbia.com\/srpski\/150-godina-od-smrti-vuka-stefanovica-karadzica\/","og_locale":"en_US","og_type":"article","og_title":"150 godina od smrti Vuka Stefanovi\u0107a Karad\u017ei\u0107a - Serbia.com","og_description":"Danas se navr\u0161ava 150 godina od smrti Vuka Stefanovi\u0107a Karad\u017ei\u0107a, lingviste, reformatora srpskog jezika, tvorca novog pravopisa i knji\u017eevnog jezika.","og_url":"https:\/\/serbia.com\/srpski\/150-godina-od-smrti-vuka-stefanovica-karadzica\/","og_site_name":"Serbia.com","article_published_time":"2014-02-07T08:52:27+00:00","article_modified_time":"2014-03-17T12:20:05+00:00","og_image":[{"width":620,"height":333,"url":"https:\/\/serbia.com\/wp-content\/uploads\/2014\/02\/vuk-karadzic-1352207773-203424.jpg","type":"image\/jpeg"}],"author":"Serbia.com","twitter_misc":{"Written by":"Serbia.com","Est. reading time":"2 minutes"},"schema":{"@context":"https:\/\/schema.org","@graph":[{"@type":"Article","@id":"https:\/\/serbia.com\/srpski\/150-godina-od-smrti-vuka-stefanovica-karadzica\/#article","isPartOf":{"@id":"https:\/\/serbia.com\/srpski\/150-godina-od-smrti-vuka-stefanovica-karadzica\/"},"author":{"name":"Serbia.com","@id":"https:\/\/serbia.com\/#\/schema\/person\/6fe28d3055f5f291d832531e555da490"},"headline":"150 godina od smrti Vuka Stefanovi\u0107a Karad\u017ei\u0107a","datePublished":"2014-02-07T08:52:27+00:00","dateModified":"2014-03-17T12:20:05+00:00","mainEntityOfPage":{"@id":"https:\/\/serbia.com\/srpski\/150-godina-od-smrti-vuka-stefanovica-karadzica\/"},"wordCount":371,"commentCount":0,"image":{"@id":"https:\/\/serbia.com\/srpski\/150-godina-od-smrti-vuka-stefanovica-karadzica\/#primaryimage"},"thumbnailUrl":"https:\/\/serbia.com\/wp-content\/uploads\/2014\/02\/vuk-karadzic-1352207773-203424.jpg","keywords":["Knji\u017eevnost","Vuk Karad\u017ei\u0107"],"articleSection":["Istaknuto","Vesti"],"inLanguage":"srpski","potentialAction":[{"@type":"CommentAction","name":"Comment","target":["https:\/\/serbia.com\/srpski\/150-godina-od-smrti-vuka-stefanovica-karadzica\/#respond"]}]},{"@type":"WebPage","@id":"https:\/\/serbia.com\/srpski\/150-godina-od-smrti-vuka-stefanovica-karadzica\/","url":"https:\/\/serbia.com\/srpski\/150-godina-od-smrti-vuka-stefanovica-karadzica\/","name":"150 godina od smrti Vuka Stefanovi\u0107a Karad\u017ei\u0107a - Serbia.com","isPartOf":{"@id":"https:\/\/serbia.com\/#website"},"primaryImageOfPage":{"@id":"https:\/\/serbia.com\/srpski\/150-godina-od-smrti-vuka-stefanovica-karadzica\/#primaryimage"},"image":{"@id":"https:\/\/serbia.com\/srpski\/150-godina-od-smrti-vuka-stefanovica-karadzica\/#primaryimage"},"thumbnailUrl":"https:\/\/serbia.com\/wp-content\/uploads\/2014\/02\/vuk-karadzic-1352207773-203424.jpg","datePublished":"2014-02-07T08:52:27+00:00","dateModified":"2014-03-17T12:20:05+00:00","author":{"@id":"https:\/\/serbia.com\/#\/schema\/person\/6fe28d3055f5f291d832531e555da490"},"description":"Danas se navr\u0161ava 150 godina od smrti Vuka Stefanovi\u0107a Karad\u017ei\u0107a, lingviste, reformatora srpskog jezika, tvorca novog pravopisa i knji\u017eevnog jezika.","breadcrumb":{"@id":"https:\/\/serbia.com\/srpski\/150-godina-od-smrti-vuka-stefanovica-karadzica\/#breadcrumb"},"inLanguage":"srpski","potentialAction":[{"@type":"ReadAction","target":["https:\/\/serbia.com\/srpski\/150-godina-od-smrti-vuka-stefanovica-karadzica\/"]}]},{"@type":"ImageObject","inLanguage":"srpski","@id":"https:\/\/serbia.com\/srpski\/150-godina-od-smrti-vuka-stefanovica-karadzica\/#primaryimage","url":"https:\/\/serbia.com\/wp-content\/uploads\/2014\/02\/vuk-karadzic-1352207773-203424.jpg","contentUrl":"https:\/\/serbia.com\/wp-content\/uploads\/2014\/02\/vuk-karadzic-1352207773-203424.jpg","width":620,"height":333},{"@type":"BreadcrumbList","@id":"https:\/\/serbia.com\/srpski\/150-godina-od-smrti-vuka-stefanovica-karadzica\/#breadcrumb","itemListElement":[{"@type":"ListItem","position":1,"name":"Home","item":"https:\/\/serbia.com\/srpski\/srbija\/"},{"@type":"ListItem","position":2,"name":"150 godina od smrti Vuka Stefanovi\u0107a Karad\u017ei\u0107a"}]},{"@type":"WebSite","@id":"https:\/\/serbia.com\/#website","url":"https:\/\/serbia.com\/","name":"Serbia.com","description":"Your Gateway to Serbia","potentialAction":[{"@type":"SearchAction","target":{"@type":"EntryPoint","urlTemplate":"https:\/\/serbia.com\/?s={search_term_string}"},"query-input":{"@type":"PropertyValueSpecification","valueRequired":true,"valueName":"search_term_string"}}],"inLanguage":"srpski"},{"@type":"Person","@id":"https:\/\/serbia.com\/#\/schema\/person\/6fe28d3055f5f291d832531e555da490","name":"Serbia.com","image":{"@type":"ImageObject","inLanguage":"srpski","@id":"https:\/\/secure.gravatar.com\/avatar\/8381eb54f5b393857857cb5fd6c42264c9e14b10435326bc567fcc3511bd8df4?s=96&d=mm&r=g","url":"https:\/\/secure.gravatar.com\/avatar\/8381eb54f5b393857857cb5fd6c42264c9e14b10435326bc567fcc3511bd8df4?s=96&d=mm&r=g","contentUrl":"https:\/\/secure.gravatar.com\/avatar\/8381eb54f5b393857857cb5fd6c42264c9e14b10435326bc567fcc3511bd8df4?s=96&d=mm&r=g","caption":"Serbia.com"},"url":"https:\/\/serbia.com\/srpski\/author\/serbia-com\/"}]}},"brizy_media":[],"_links":{"self":[{"href":"https:\/\/serbia.com\/srpski\/wp-json\/wp\/v2\/posts\/13685","targetHints":{"allow":["GET"]}}],"collection":[{"href":"https:\/\/serbia.com\/srpski\/wp-json\/wp\/v2\/posts"}],"about":[{"href":"https:\/\/serbia.com\/srpski\/wp-json\/wp\/v2\/types\/post"}],"author":[{"embeddable":true,"href":"https:\/\/serbia.com\/srpski\/wp-json\/wp\/v2\/users\/9"}],"replies":[{"embeddable":true,"href":"https:\/\/serbia.com\/srpski\/wp-json\/wp\/v2\/comments?post=13685"}],"version-history":[{"count":0,"href":"https:\/\/serbia.com\/srpski\/wp-json\/wp\/v2\/posts\/13685\/revisions"}],"wp:featuredmedia":[{"embeddable":true,"href":"https:\/\/serbia.com\/srpski\/wp-json\/wp\/v2\/media\/19601"}],"wp:attachment":[{"href":"https:\/\/serbia.com\/srpski\/wp-json\/wp\/v2\/media?parent=13685"}],"wp:term":[{"taxonomy":"category","embeddable":true,"href":"https:\/\/serbia.com\/srpski\/wp-json\/wp\/v2\/categories?post=13685"},{"taxonomy":"post_tag","embeddable":true,"href":"https:\/\/serbia.com\/srpski\/wp-json\/wp\/v2\/tags?post=13685"}],"curies":[{"name":"wp","href":"https:\/\/api.w.org\/{rel}","templated":true}]}}