{"id":12960,"date":"2013-12-19T12:49:07","date_gmt":"2013-12-19T11:49:07","guid":{"rendered":"http:\/\/www.serbia.com\/?p=12960"},"modified":"2014-02-26T13:38:45","modified_gmt":"2014-02-26T12:38:45","slug":"preminula-ruzica-sokic","status":"publish","type":"post","link":"https:\/\/serbia.com\/srpski\/preminula-ruzica-sokic\/","title":{"rendered":"Preminula Ru\u017eica Soki\u0107"},"content":{"rendered":"<h4>Ru\u017eica Soki\u0107, legendarna srpska glumica preminula je jutros u 79. godini \u017eivota nakon duge i te\u0161ke bolesti.<\/h4>\n<p>&nbsp;<\/p>\n<p><a href=\"http:\/\/www.serbia.com\/wp-content\/uploads\/2013\/12\/484_013ruzica-sokic-foto-edvard-nalbantjan_ph2.jpg\"><img loading=\"lazy\" decoding=\"async\" class=\"wp-image-19339 alignleft\" alt=\"484_013ruzica-sokic-foto-edvard-nalbantjan_ph\" src=\"http:\/\/www.serbia.com\/wp-content\/uploads\/2013\/12\/484_013ruzica-sokic-foto-edvard-nalbantjan_ph2-253x300.jpg\" width=\"253\" height=\"300\" \/><\/a><\/p>\n<p>\u010cuvena glumica ro\u0111ena je u Beogradu 14. decembra 1934. godine. Jo\u0161 kao devoj\u010dica u\u010destvovala je u\u00a0De\u010dijoj radio-dramskoj grupi Radio-Beograda, a 1958. godine diplomirala je na Akademiji za pozori\u0161nu umetnost u Beogradu. Njena impozantna karijera broji vi\u0161e od 180 filmova i serija, a najve\u0107e uspehe ostvarila je glavnim ulogama u filmovima \u201eKad budem mrtav beo\u201c i \u201e\u017duta\u201c, za koju je nagra\u0111ena Zlatnom arenom na Filmskom festivalu u Puli.<\/p>\n<p>U neke od najpoznatijih ostvarenja ove darovite glumice spadaju i filmovi \u201eBokseri idu u raj\u201d, \u201eU\u017ei\u010dka republika\u201d, \u201eSavamala\u201d i \u201eZona Zamfirova\u201d, kao i brojne TV serije \u00a0kao \u0161to su \u201eSamci\u201d, \u201eSeobe\u201d, \u201eSre\u0107ni ljudi\u201d, \u201eGore-dole\u201d, \u201eMetla bez dr\u0161ke\u201d, \u201eVojnici\u201d, \u201eVru\u0107 vetar\u201d, \u201eMajstori\u201d.<\/p>\n<p>I pored toga \u0161to je gotovo \u010ditav \u017eivot posvetila Ateljeu 212 u kome je bila od 1961. godine, igrala je na scenama skoro svih beogradskih pozori\u0161ta. Ka\u017eu da je glumica koja je prva opsovala na sceni, a njen najomiljeniji partner Zoran Radmilovi\u0107 tu psovku je uzdigao do poezije.<\/p>\n<p>Ru\u017eica Soki\u0107 dobitnica je brojnih priznanja i nagrada poput Dobri\u010dinog prstena, nagrade Velika \u017danka, nagrade Pavle Vuisi\u0107, Statueta zlatni \u0107uran, Statueta Joakim Vuji\u0107.<\/p>\n<p>Kao rezultat njene velike ljubavi prema pozori\u0161tu, Ru\u017eica Soki\u0107 je 2010. napisala knjigu \u201eStrast za letenjem\u201d u kojoj je iznela detalje svoje bogate gluma\u010dke biografije.<\/p>\n<p>&nbsp;<\/p>\n<p>Foto: novosti.rs<\/p>\n","protected":false},"excerpt":{"rendered":"<p>Ru\u017eica Soki\u0107, legendarna srpska glumica preminula je jutros u 79. godini \u017eivota nakon duge i te\u0161ke bolesti. &nbsp; \u010cuvena glumica ro\u0111ena je u Beogradu 14. decembra 1934. godine. Jo\u0161 kao [&hellip;]<\/p>\n","protected":false},"author":9,"featured_media":19339,"comment_status":"open","ping_status":"open","sticky":false,"template":"","format":"standard","meta":{"_acf_changed":false,"inline_featured_image":false,"_monsterinsights_skip_tracking":false,"_monsterinsights_sitenote_active":false,"_monsterinsights_sitenote_note":"","_monsterinsights_sitenote_category":0,"footnotes":""},"categories":[2700],"tags":[3738,2735,2736,2734],"class_list":["post-12960","post","type-post","status-publish","format-standard","has-post-thumbnail","hentry","category-vesti","tag-film-srpski","tag-glumica","tag-pozoriste-2","tag-ruzica-sokic"],"acf":[],"yoast_head":"<!-- This site is optimized with the Yoast SEO plugin v27.4 - https:\/\/yoast.com\/product\/yoast-seo-wordpress\/ -->\n<title>Preminula Ru\u017eica Soki\u0107 - Serbia.com<\/title>\n<meta name=\"description\" content=\"Ru\u017eica Soki\u0107, legendarna srpska glumica preminula je jutros u 79. godini \u017eivota nakon duge i te\u0161ke bolesti.\" \/>\n<meta name=\"robots\" content=\"index, follow, max-snippet:-1, max-image-preview:large, max-video-preview:-1\" \/>\n<link rel=\"canonical\" href=\"https:\/\/serbia.com\/srpski\/preminula-ruzica-sokic\/\" \/>\n<meta property=\"og:locale\" content=\"en_US\" \/>\n<meta property=\"og:type\" content=\"article\" \/>\n<meta property=\"og:title\" content=\"Preminula Ru\u017eica Soki\u0107 - Serbia.com\" \/>\n<meta property=\"og:description\" content=\"Ru\u017eica Soki\u0107, legendarna srpska glumica preminula je jutros u 79. godini \u017eivota nakon duge i te\u0161ke bolesti.\" \/>\n<meta property=\"og:url\" content=\"https:\/\/serbia.com\/srpski\/preminula-ruzica-sokic\/\" \/>\n<meta property=\"og:site_name\" content=\"Serbia.com\" \/>\n<meta property=\"article:published_time\" content=\"2013-12-19T11:49:07+00:00\" \/>\n<meta property=\"article:modified_time\" content=\"2014-02-26T12:38:45+00:00\" \/>\n<meta property=\"og:image\" content=\"https:\/\/serbia.com\/wp-content\/uploads\/2013\/12\/484_013ruzica-sokic-foto-edvard-nalbantjan_ph2.jpg\" \/>\n\t<meta property=\"og:image:width\" content=\"480\" \/>\n\t<meta property=\"og:image:height\" content=\"567\" \/>\n\t<meta property=\"og:image:type\" content=\"image\/jpeg\" \/>\n<meta name=\"author\" content=\"Serbia.com\" \/>\n<meta name=\"twitter:label1\" content=\"Written by\" \/>\n\t<meta name=\"twitter:data1\" content=\"Serbia.com\" \/>\n\t<meta name=\"twitter:label2\" content=\"Est. reading time\" \/>\n\t<meta name=\"twitter:data2\" content=\"1 minute\" \/>\n<script type=\"application\/ld+json\" class=\"yoast-schema-graph\">{\"@context\":\"https:\\\/\\\/schema.org\",\"@graph\":[{\"@type\":\"Article\",\"@id\":\"https:\\\/\\\/serbia.com\\\/srpski\\\/preminula-ruzica-sokic\\\/#article\",\"isPartOf\":{\"@id\":\"https:\\\/\\\/serbia.com\\\/srpski\\\/preminula-ruzica-sokic\\\/\"},\"author\":{\"name\":\"Serbia.com\",\"@id\":\"https:\\\/\\\/serbia.com\\\/#\\\/schema\\\/person\\\/6fe28d3055f5f291d832531e555da490\"},\"headline\":\"Preminula Ru\u017eica Soki\u0107\",\"datePublished\":\"2013-12-19T11:49:07+00:00\",\"dateModified\":\"2014-02-26T12:38:45+00:00\",\"mainEntityOfPage\":{\"@id\":\"https:\\\/\\\/serbia.com\\\/srpski\\\/preminula-ruzica-sokic\\\/\"},\"wordCount\":244,\"commentCount\":0,\"image\":{\"@id\":\"https:\\\/\\\/serbia.com\\\/srpski\\\/preminula-ruzica-sokic\\\/#primaryimage\"},\"thumbnailUrl\":\"https:\\\/\\\/serbia.com\\\/wp-content\\\/uploads\\\/2013\\\/12\\\/484_013ruzica-sokic-foto-edvard-nalbantjan_ph2.jpg\",\"keywords\":[\"Film\",\"glumica\",\"pozori\u0161te\",\"Ru\u017eica Soki\u0107\"],\"articleSection\":[\"Vesti\"],\"inLanguage\":\"srpski\",\"potentialAction\":[{\"@type\":\"CommentAction\",\"name\":\"Comment\",\"target\":[\"https:\\\/\\\/serbia.com\\\/srpski\\\/preminula-ruzica-sokic\\\/#respond\"]}]},{\"@type\":\"WebPage\",\"@id\":\"https:\\\/\\\/serbia.com\\\/srpski\\\/preminula-ruzica-sokic\\\/\",\"url\":\"https:\\\/\\\/serbia.com\\\/srpski\\\/preminula-ruzica-sokic\\\/\",\"name\":\"Preminula Ru\u017eica Soki\u0107 - Serbia.com\",\"isPartOf\":{\"@id\":\"https:\\\/\\\/serbia.com\\\/#website\"},\"primaryImageOfPage\":{\"@id\":\"https:\\\/\\\/serbia.com\\\/srpski\\\/preminula-ruzica-sokic\\\/#primaryimage\"},\"image\":{\"@id\":\"https:\\\/\\\/serbia.com\\\/srpski\\\/preminula-ruzica-sokic\\\/#primaryimage\"},\"thumbnailUrl\":\"https:\\\/\\\/serbia.com\\\/wp-content\\\/uploads\\\/2013\\\/12\\\/484_013ruzica-sokic-foto-edvard-nalbantjan_ph2.jpg\",\"datePublished\":\"2013-12-19T11:49:07+00:00\",\"dateModified\":\"2014-02-26T12:38:45+00:00\",\"author\":{\"@id\":\"https:\\\/\\\/serbia.com\\\/#\\\/schema\\\/person\\\/6fe28d3055f5f291d832531e555da490\"},\"description\":\"Ru\u017eica Soki\u0107, legendarna srpska glumica preminula je jutros u 79. godini \u017eivota nakon duge i te\u0161ke bolesti.\",\"breadcrumb\":{\"@id\":\"https:\\\/\\\/serbia.com\\\/srpski\\\/preminula-ruzica-sokic\\\/#breadcrumb\"},\"inLanguage\":\"srpski\",\"potentialAction\":[{\"@type\":\"ReadAction\",\"target\":[\"https:\\\/\\\/serbia.com\\\/srpski\\\/preminula-ruzica-sokic\\\/\"]}]},{\"@type\":\"ImageObject\",\"inLanguage\":\"srpski\",\"@id\":\"https:\\\/\\\/serbia.com\\\/srpski\\\/preminula-ruzica-sokic\\\/#primaryimage\",\"url\":\"https:\\\/\\\/serbia.com\\\/wp-content\\\/uploads\\\/2013\\\/12\\\/484_013ruzica-sokic-foto-edvard-nalbantjan_ph2.jpg\",\"contentUrl\":\"https:\\\/\\\/serbia.com\\\/wp-content\\\/uploads\\\/2013\\\/12\\\/484_013ruzica-sokic-foto-edvard-nalbantjan_ph2.jpg\",\"width\":480,\"height\":567},{\"@type\":\"BreadcrumbList\",\"@id\":\"https:\\\/\\\/serbia.com\\\/srpski\\\/preminula-ruzica-sokic\\\/#breadcrumb\",\"itemListElement\":[{\"@type\":\"ListItem\",\"position\":1,\"name\":\"Home\",\"item\":\"https:\\\/\\\/serbia.com\\\/srpski\\\/\"},{\"@type\":\"ListItem\",\"position\":2,\"name\":\"Preminula Ru\u017eica Soki\u0107\"}]},{\"@type\":\"WebSite\",\"@id\":\"https:\\\/\\\/serbia.com\\\/#website\",\"url\":\"https:\\\/\\\/serbia.com\\\/\",\"name\":\"Serbia.com\",\"description\":\"Your Gateway to Serbia\",\"potentialAction\":[{\"@type\":\"SearchAction\",\"target\":{\"@type\":\"EntryPoint\",\"urlTemplate\":\"https:\\\/\\\/serbia.com\\\/?s={search_term_string}\"},\"query-input\":{\"@type\":\"PropertyValueSpecification\",\"valueRequired\":true,\"valueName\":\"search_term_string\"}}],\"inLanguage\":\"srpski\"},{\"@type\":\"Person\",\"@id\":\"https:\\\/\\\/serbia.com\\\/#\\\/schema\\\/person\\\/6fe28d3055f5f291d832531e555da490\",\"name\":\"Serbia.com\",\"image\":{\"@type\":\"ImageObject\",\"inLanguage\":\"srpski\",\"@id\":\"https:\\\/\\\/secure.gravatar.com\\\/avatar\\\/8381eb54f5b393857857cb5fd6c42264c9e14b10435326bc567fcc3511bd8df4?s=96&d=mm&r=g\",\"url\":\"https:\\\/\\\/secure.gravatar.com\\\/avatar\\\/8381eb54f5b393857857cb5fd6c42264c9e14b10435326bc567fcc3511bd8df4?s=96&d=mm&r=g\",\"contentUrl\":\"https:\\\/\\\/secure.gravatar.com\\\/avatar\\\/8381eb54f5b393857857cb5fd6c42264c9e14b10435326bc567fcc3511bd8df4?s=96&d=mm&r=g\",\"caption\":\"Serbia.com\"},\"url\":\"https:\\\/\\\/serbia.com\\\/srpski\\\/author\\\/serbia-com\\\/\"}]}<\/script>\n<!-- \/ Yoast SEO plugin. -->","yoast_head_json":{"title":"Preminula Ru\u017eica Soki\u0107 - Serbia.com","description":"Ru\u017eica Soki\u0107, legendarna srpska glumica preminula je jutros u 79. godini \u017eivota nakon duge i te\u0161ke bolesti.","robots":{"index":"index","follow":"follow","max-snippet":"max-snippet:-1","max-image-preview":"max-image-preview:large","max-video-preview":"max-video-preview:-1"},"canonical":"https:\/\/serbia.com\/srpski\/preminula-ruzica-sokic\/","og_locale":"en_US","og_type":"article","og_title":"Preminula Ru\u017eica Soki\u0107 - Serbia.com","og_description":"Ru\u017eica Soki\u0107, legendarna srpska glumica preminula je jutros u 79. godini \u017eivota nakon duge i te\u0161ke bolesti.","og_url":"https:\/\/serbia.com\/srpski\/preminula-ruzica-sokic\/","og_site_name":"Serbia.com","article_published_time":"2013-12-19T11:49:07+00:00","article_modified_time":"2014-02-26T12:38:45+00:00","og_image":[{"width":480,"height":567,"url":"https:\/\/serbia.com\/wp-content\/uploads\/2013\/12\/484_013ruzica-sokic-foto-edvard-nalbantjan_ph2.jpg","type":"image\/jpeg"}],"author":"Serbia.com","twitter_misc":{"Written by":"Serbia.com","Est. reading time":"1 minute"},"schema":{"@context":"https:\/\/schema.org","@graph":[{"@type":"Article","@id":"https:\/\/serbia.com\/srpski\/preminula-ruzica-sokic\/#article","isPartOf":{"@id":"https:\/\/serbia.com\/srpski\/preminula-ruzica-sokic\/"},"author":{"name":"Serbia.com","@id":"https:\/\/serbia.com\/#\/schema\/person\/6fe28d3055f5f291d832531e555da490"},"headline":"Preminula Ru\u017eica Soki\u0107","datePublished":"2013-12-19T11:49:07+00:00","dateModified":"2014-02-26T12:38:45+00:00","mainEntityOfPage":{"@id":"https:\/\/serbia.com\/srpski\/preminula-ruzica-sokic\/"},"wordCount":244,"commentCount":0,"image":{"@id":"https:\/\/serbia.com\/srpski\/preminula-ruzica-sokic\/#primaryimage"},"thumbnailUrl":"https:\/\/serbia.com\/wp-content\/uploads\/2013\/12\/484_013ruzica-sokic-foto-edvard-nalbantjan_ph2.jpg","keywords":["Film","glumica","pozori\u0161te","Ru\u017eica Soki\u0107"],"articleSection":["Vesti"],"inLanguage":"srpski","potentialAction":[{"@type":"CommentAction","name":"Comment","target":["https:\/\/serbia.com\/srpski\/preminula-ruzica-sokic\/#respond"]}]},{"@type":"WebPage","@id":"https:\/\/serbia.com\/srpski\/preminula-ruzica-sokic\/","url":"https:\/\/serbia.com\/srpski\/preminula-ruzica-sokic\/","name":"Preminula Ru\u017eica Soki\u0107 - Serbia.com","isPartOf":{"@id":"https:\/\/serbia.com\/#website"},"primaryImageOfPage":{"@id":"https:\/\/serbia.com\/srpski\/preminula-ruzica-sokic\/#primaryimage"},"image":{"@id":"https:\/\/serbia.com\/srpski\/preminula-ruzica-sokic\/#primaryimage"},"thumbnailUrl":"https:\/\/serbia.com\/wp-content\/uploads\/2013\/12\/484_013ruzica-sokic-foto-edvard-nalbantjan_ph2.jpg","datePublished":"2013-12-19T11:49:07+00:00","dateModified":"2014-02-26T12:38:45+00:00","author":{"@id":"https:\/\/serbia.com\/#\/schema\/person\/6fe28d3055f5f291d832531e555da490"},"description":"Ru\u017eica Soki\u0107, legendarna srpska glumica preminula je jutros u 79. godini \u017eivota nakon duge i te\u0161ke bolesti.","breadcrumb":{"@id":"https:\/\/serbia.com\/srpski\/preminula-ruzica-sokic\/#breadcrumb"},"inLanguage":"srpski","potentialAction":[{"@type":"ReadAction","target":["https:\/\/serbia.com\/srpski\/preminula-ruzica-sokic\/"]}]},{"@type":"ImageObject","inLanguage":"srpski","@id":"https:\/\/serbia.com\/srpski\/preminula-ruzica-sokic\/#primaryimage","url":"https:\/\/serbia.com\/wp-content\/uploads\/2013\/12\/484_013ruzica-sokic-foto-edvard-nalbantjan_ph2.jpg","contentUrl":"https:\/\/serbia.com\/wp-content\/uploads\/2013\/12\/484_013ruzica-sokic-foto-edvard-nalbantjan_ph2.jpg","width":480,"height":567},{"@type":"BreadcrumbList","@id":"https:\/\/serbia.com\/srpski\/preminula-ruzica-sokic\/#breadcrumb","itemListElement":[{"@type":"ListItem","position":1,"name":"Home","item":"https:\/\/serbia.com\/srpski\/"},{"@type":"ListItem","position":2,"name":"Preminula Ru\u017eica Soki\u0107"}]},{"@type":"WebSite","@id":"https:\/\/serbia.com\/#website","url":"https:\/\/serbia.com\/","name":"Serbia.com","description":"Your Gateway to Serbia","potentialAction":[{"@type":"SearchAction","target":{"@type":"EntryPoint","urlTemplate":"https:\/\/serbia.com\/?s={search_term_string}"},"query-input":{"@type":"PropertyValueSpecification","valueRequired":true,"valueName":"search_term_string"}}],"inLanguage":"srpski"},{"@type":"Person","@id":"https:\/\/serbia.com\/#\/schema\/person\/6fe28d3055f5f291d832531e555da490","name":"Serbia.com","image":{"@type":"ImageObject","inLanguage":"srpski","@id":"https:\/\/secure.gravatar.com\/avatar\/8381eb54f5b393857857cb5fd6c42264c9e14b10435326bc567fcc3511bd8df4?s=96&d=mm&r=g","url":"https:\/\/secure.gravatar.com\/avatar\/8381eb54f5b393857857cb5fd6c42264c9e14b10435326bc567fcc3511bd8df4?s=96&d=mm&r=g","contentUrl":"https:\/\/secure.gravatar.com\/avatar\/8381eb54f5b393857857cb5fd6c42264c9e14b10435326bc567fcc3511bd8df4?s=96&d=mm&r=g","caption":"Serbia.com"},"url":"https:\/\/serbia.com\/srpski\/author\/serbia-com\/"}]}},"brizy_media":[],"_links":{"self":[{"href":"https:\/\/serbia.com\/srpski\/wp-json\/wp\/v2\/posts\/12960","targetHints":{"allow":["GET"]}}],"collection":[{"href":"https:\/\/serbia.com\/srpski\/wp-json\/wp\/v2\/posts"}],"about":[{"href":"https:\/\/serbia.com\/srpski\/wp-json\/wp\/v2\/types\/post"}],"author":[{"embeddable":true,"href":"https:\/\/serbia.com\/srpski\/wp-json\/wp\/v2\/users\/9"}],"replies":[{"embeddable":true,"href":"https:\/\/serbia.com\/srpski\/wp-json\/wp\/v2\/comments?post=12960"}],"version-history":[{"count":0,"href":"https:\/\/serbia.com\/srpski\/wp-json\/wp\/v2\/posts\/12960\/revisions"}],"wp:featuredmedia":[{"embeddable":true,"href":"https:\/\/serbia.com\/srpski\/wp-json\/wp\/v2\/media\/19339"}],"wp:attachment":[{"href":"https:\/\/serbia.com\/srpski\/wp-json\/wp\/v2\/media?parent=12960"}],"wp:term":[{"taxonomy":"category","embeddable":true,"href":"https:\/\/serbia.com\/srpski\/wp-json\/wp\/v2\/categories?post=12960"},{"taxonomy":"post_tag","embeddable":true,"href":"https:\/\/serbia.com\/srpski\/wp-json\/wp\/v2\/tags?post=12960"}],"curies":[{"name":"wp","href":"https:\/\/api.w.org\/{rel}","templated":true}]}}