{"id":12733,"date":"2013-12-11T11:00:35","date_gmt":"2013-12-11T10:00:35","guid":{"rendered":"http:\/\/www.serbia.com\/?p=12733"},"modified":"2014-03-10T11:40:56","modified_gmt":"2014-03-10T10:40:56","slug":"docek-nove-godine-hotel-zira","status":"publish","type":"post","link":"https:\/\/serbia.com\/srpski\/docek-nove-godine-hotel-zira\/","title":{"rendered":"Do\u010dek Nove godine &#8211; Hotel Zira"},"content":{"rendered":"<h2>Ukoliko planirate da sa dragom osobom, dru\u0161tvom, ili svojim najbli\u017eima ispratite staru, a do\u010dekate novu godinu,\u00a0<a href=\"http:\/\/zirahotels.com\/\">Hotel Zira<\/a> je \u00a0pravo mesto za vas.<\/h2>\n<p>Eksluzivan i prelepo ukra\u0161en prostor Hotela Zira, gala ve\u010dera, bogat izbor pi\u0107a i odli\u010dna atmosfera, preduslovi su za dobar provod. Meni na bazi \u0161vedskog stola obuhvata veliki izbor nacionalnih i internacionalnih jela. Za dobar provod i odli\u010dnu atmosferu najlu\u0111e no\u0107i pobrinu\u0107e se \u010duveni bend \u201cEXTRA ORCHESTRA\u201d. Prilikom rezervacije pozovite se na portal Serbia.com i bi\u0107e Vam obezbe\u0111en popust od 10e na celokupnu sumu.<\/p>\n<p>Sve informacije i rezervacije mo\u017eete dobiti na sales@zirahotels.com i reservations@zirahotels.com\u00a0ili na telefon 064\/889 888 7 .<\/p>\n<p><a href=\"http:\/\/www.serbia.com\/wp-content\/uploads\/2013\/12\/Copy-of-05-12-2013-docek-zira-hotel_facebook-docek-nove-godine-zira.jpg\"><img loading=\"lazy\" decoding=\"async\" width=\"640\" height=\"240\" class=\"alignnone size-full wp-image-12739\" alt=\"docek zira hotel_Serbia.com\" src=\"http:\/\/www.serbia.com\/wp-content\/uploads\/2013\/12\/Copy-of-05-12-2013-docek-zira-hotel_facebook-docek-nove-godine-zira.jpg\" srcset=\"https:\/\/serbia.com\/wp-content\/uploads\/2013\/12\/Copy-of-05-12-2013-docek-zira-hotel_facebook-docek-nove-godine-zira.jpg 640w, https:\/\/serbia.com\/wp-content\/uploads\/2013\/12\/Copy-of-05-12-2013-docek-zira-hotel_facebook-docek-nove-godine-zira-300x112.jpg 300w\" sizes=\"auto, (max-width: 640px) 100vw, 640px\" \/><\/a><\/p>\n","protected":false},"excerpt":{"rendered":"<p>Ukoliko planirate da sa dragom osobom, dru\u0161tvom, ili svojim najbli\u017eima ispratite staru, a do\u010dekate novu godinu,\u00a0Hotel Zira je \u00a0pravo mesto za vas. Eksluzivan i prelepo ukra\u0161en prostor Hotela Zira, gala [&hellip;]<\/p>\n","protected":false},"author":9,"featured_media":12736,"comment_status":"open","ping_status":"open","sticky":false,"template":"","format":"standard","meta":{"_acf_changed":false,"inline_featured_image":false,"_monsterinsights_skip_tracking":false,"_monsterinsights_sitenote_active":false,"_monsterinsights_sitenote_note":"","_monsterinsights_sitenote_category":0,"footnotes":""},"categories":[2700],"tags":[2741,2754,2740,2753],"class_list":["post-12733","post","type-post","status-publish","format-standard","has-post-thumbnail","hentry","category-vesti","tag-docek","tag-hotel-srpski","tag-nova-godina","tag-zira"],"acf":[],"yoast_head":"<!-- This site is optimized with the Yoast SEO plugin v27.4 - https:\/\/yoast.com\/product\/yoast-seo-wordpress\/ -->\n<title>Do\u010dek Nove godine - Hotel Zira - Serbia.com<\/title>\n<meta name=\"description\" content=\"Ukoliko planirate da sa dragom osobom, dru\u0161tvom, ili svojim najbli\u017eima ispratite staru, a do\u010dekate novu godinu, Hotel Zira je u tom slu\u010daju pravo mesto za vas.\" \/>\n<meta name=\"robots\" content=\"index, follow, max-snippet:-1, max-image-preview:large, max-video-preview:-1\" \/>\n<link rel=\"canonical\" href=\"https:\/\/serbia.com\/srpski\/docek-nove-godine-hotel-zira\/\" \/>\n<meta property=\"og:locale\" content=\"en_US\" \/>\n<meta property=\"og:type\" content=\"article\" \/>\n<meta property=\"og:title\" content=\"Do\u010dek Nove godine - Hotel Zira - Serbia.com\" \/>\n<meta property=\"og:description\" content=\"Ukoliko planirate da sa dragom osobom, dru\u0161tvom, ili svojim najbli\u017eima ispratite staru, a do\u010dekate novu godinu, Hotel Zira je u tom slu\u010daju pravo mesto za vas.\" \/>\n<meta property=\"og:url\" content=\"https:\/\/serbia.com\/srpski\/docek-nove-godine-hotel-zira\/\" \/>\n<meta property=\"og:site_name\" content=\"Serbia.com\" \/>\n<meta property=\"article:published_time\" content=\"2013-12-11T10:00:35+00:00\" \/>\n<meta property=\"article:modified_time\" content=\"2014-03-10T10:40:56+00:00\" \/>\n<meta property=\"og:image\" content=\"https:\/\/serbia.com\/wp-content\/uploads\/2013\/12\/Hotel.Zira_.Serbia.com_1.jpg\" \/>\n\t<meta property=\"og:image:width\" content=\"860\" \/>\n\t<meta property=\"og:image:height\" content=\"640\" \/>\n\t<meta property=\"og:image:type\" content=\"image\/jpeg\" \/>\n<meta name=\"author\" content=\"Serbia.com\" \/>\n<meta name=\"twitter:label1\" content=\"Written by\" \/>\n\t<meta name=\"twitter:data1\" content=\"Serbia.com\" \/>\n\t<meta name=\"twitter:label2\" content=\"Est. reading time\" \/>\n\t<meta name=\"twitter:data2\" content=\"1 minute\" \/>\n<script type=\"application\/ld+json\" class=\"yoast-schema-graph\">{\"@context\":\"https:\\\/\\\/schema.org\",\"@graph\":[{\"@type\":\"Article\",\"@id\":\"https:\\\/\\\/serbia.com\\\/srpski\\\/docek-nove-godine-hotel-zira\\\/#article\",\"isPartOf\":{\"@id\":\"https:\\\/\\\/serbia.com\\\/srpski\\\/docek-nove-godine-hotel-zira\\\/\"},\"author\":{\"name\":\"Serbia.com\",\"@id\":\"https:\\\/\\\/serbia.com\\\/#\\\/schema\\\/person\\\/6fe28d3055f5f291d832531e555da490\"},\"headline\":\"Do\u010dek Nove godine &#8211; Hotel Zira\",\"datePublished\":\"2013-12-11T10:00:35+00:00\",\"dateModified\":\"2014-03-10T10:40:56+00:00\",\"mainEntityOfPage\":{\"@id\":\"https:\\\/\\\/serbia.com\\\/srpski\\\/docek-nove-godine-hotel-zira\\\/\"},\"wordCount\":125,\"commentCount\":0,\"image\":{\"@id\":\"https:\\\/\\\/serbia.com\\\/srpski\\\/docek-nove-godine-hotel-zira\\\/#primaryimage\"},\"thumbnailUrl\":\"https:\\\/\\\/serbia.com\\\/wp-content\\\/uploads\\\/2013\\\/12\\\/Hotel.Zira_.Serbia.com_1.jpg\",\"keywords\":[\"do\u010dek\",\"hotel\",\"nova godina\",\"zira\"],\"articleSection\":[\"Vesti\"],\"inLanguage\":\"srpski\",\"potentialAction\":[{\"@type\":\"CommentAction\",\"name\":\"Comment\",\"target\":[\"https:\\\/\\\/serbia.com\\\/srpski\\\/docek-nove-godine-hotel-zira\\\/#respond\"]}]},{\"@type\":\"WebPage\",\"@id\":\"https:\\\/\\\/serbia.com\\\/srpski\\\/docek-nove-godine-hotel-zira\\\/\",\"url\":\"https:\\\/\\\/serbia.com\\\/srpski\\\/docek-nove-godine-hotel-zira\\\/\",\"name\":\"Do\u010dek Nove godine - Hotel Zira - Serbia.com\",\"isPartOf\":{\"@id\":\"https:\\\/\\\/serbia.com\\\/#website\"},\"primaryImageOfPage\":{\"@id\":\"https:\\\/\\\/serbia.com\\\/srpski\\\/docek-nove-godine-hotel-zira\\\/#primaryimage\"},\"image\":{\"@id\":\"https:\\\/\\\/serbia.com\\\/srpski\\\/docek-nove-godine-hotel-zira\\\/#primaryimage\"},\"thumbnailUrl\":\"https:\\\/\\\/serbia.com\\\/wp-content\\\/uploads\\\/2013\\\/12\\\/Hotel.Zira_.Serbia.com_1.jpg\",\"datePublished\":\"2013-12-11T10:00:35+00:00\",\"dateModified\":\"2014-03-10T10:40:56+00:00\",\"author\":{\"@id\":\"https:\\\/\\\/serbia.com\\\/#\\\/schema\\\/person\\\/6fe28d3055f5f291d832531e555da490\"},\"description\":\"Ukoliko planirate da sa dragom osobom, dru\u0161tvom, ili svojim najbli\u017eima ispratite staru, a do\u010dekate novu godinu, Hotel Zira je u tom slu\u010daju pravo mesto za vas.\",\"breadcrumb\":{\"@id\":\"https:\\\/\\\/serbia.com\\\/srpski\\\/docek-nove-godine-hotel-zira\\\/#breadcrumb\"},\"inLanguage\":\"srpski\",\"potentialAction\":[{\"@type\":\"ReadAction\",\"target\":[\"https:\\\/\\\/serbia.com\\\/srpski\\\/docek-nove-godine-hotel-zira\\\/\"]}]},{\"@type\":\"ImageObject\",\"inLanguage\":\"srpski\",\"@id\":\"https:\\\/\\\/serbia.com\\\/srpski\\\/docek-nove-godine-hotel-zira\\\/#primaryimage\",\"url\":\"https:\\\/\\\/serbia.com\\\/wp-content\\\/uploads\\\/2013\\\/12\\\/Hotel.Zira_.Serbia.com_1.jpg\",\"contentUrl\":\"https:\\\/\\\/serbia.com\\\/wp-content\\\/uploads\\\/2013\\\/12\\\/Hotel.Zira_.Serbia.com_1.jpg\",\"width\":860,\"height\":640},{\"@type\":\"BreadcrumbList\",\"@id\":\"https:\\\/\\\/serbia.com\\\/srpski\\\/docek-nove-godine-hotel-zira\\\/#breadcrumb\",\"itemListElement\":[{\"@type\":\"ListItem\",\"position\":1,\"name\":\"Home\",\"item\":\"https:\\\/\\\/serbia.com\\\/srpski\\\/srbija\\\/\"},{\"@type\":\"ListItem\",\"position\":2,\"name\":\"Do\u010dek Nove godine &#8211; Hotel Zira\"}]},{\"@type\":\"WebSite\",\"@id\":\"https:\\\/\\\/serbia.com\\\/#website\",\"url\":\"https:\\\/\\\/serbia.com\\\/\",\"name\":\"Serbia.com\",\"description\":\"Your Gateway to Serbia\",\"potentialAction\":[{\"@type\":\"SearchAction\",\"target\":{\"@type\":\"EntryPoint\",\"urlTemplate\":\"https:\\\/\\\/serbia.com\\\/?s={search_term_string}\"},\"query-input\":{\"@type\":\"PropertyValueSpecification\",\"valueRequired\":true,\"valueName\":\"search_term_string\"}}],\"inLanguage\":\"srpski\"},{\"@type\":\"Person\",\"@id\":\"https:\\\/\\\/serbia.com\\\/#\\\/schema\\\/person\\\/6fe28d3055f5f291d832531e555da490\",\"name\":\"Serbia.com\",\"image\":{\"@type\":\"ImageObject\",\"inLanguage\":\"srpski\",\"@id\":\"https:\\\/\\\/secure.gravatar.com\\\/avatar\\\/8381eb54f5b393857857cb5fd6c42264c9e14b10435326bc567fcc3511bd8df4?s=96&d=mm&r=g\",\"url\":\"https:\\\/\\\/secure.gravatar.com\\\/avatar\\\/8381eb54f5b393857857cb5fd6c42264c9e14b10435326bc567fcc3511bd8df4?s=96&d=mm&r=g\",\"contentUrl\":\"https:\\\/\\\/secure.gravatar.com\\\/avatar\\\/8381eb54f5b393857857cb5fd6c42264c9e14b10435326bc567fcc3511bd8df4?s=96&d=mm&r=g\",\"caption\":\"Serbia.com\"},\"url\":\"https:\\\/\\\/serbia.com\\\/srpski\\\/author\\\/serbia-com\\\/\"}]}<\/script>\n<!-- \/ Yoast SEO plugin. -->","yoast_head_json":{"title":"Do\u010dek Nove godine - Hotel Zira - Serbia.com","description":"Ukoliko planirate da sa dragom osobom, dru\u0161tvom, ili svojim najbli\u017eima ispratite staru, a do\u010dekate novu godinu, Hotel Zira je u tom slu\u010daju pravo mesto za vas.","robots":{"index":"index","follow":"follow","max-snippet":"max-snippet:-1","max-image-preview":"max-image-preview:large","max-video-preview":"max-video-preview:-1"},"canonical":"https:\/\/serbia.com\/srpski\/docek-nove-godine-hotel-zira\/","og_locale":"en_US","og_type":"article","og_title":"Do\u010dek Nove godine - Hotel Zira - Serbia.com","og_description":"Ukoliko planirate da sa dragom osobom, dru\u0161tvom, ili svojim najbli\u017eima ispratite staru, a do\u010dekate novu godinu, Hotel Zira je u tom slu\u010daju pravo mesto za vas.","og_url":"https:\/\/serbia.com\/srpski\/docek-nove-godine-hotel-zira\/","og_site_name":"Serbia.com","article_published_time":"2013-12-11T10:00:35+00:00","article_modified_time":"2014-03-10T10:40:56+00:00","og_image":[{"width":860,"height":640,"url":"https:\/\/serbia.com\/wp-content\/uploads\/2013\/12\/Hotel.Zira_.Serbia.com_1.jpg","type":"image\/jpeg"}],"author":"Serbia.com","twitter_misc":{"Written by":"Serbia.com","Est. reading time":"1 minute"},"schema":{"@context":"https:\/\/schema.org","@graph":[{"@type":"Article","@id":"https:\/\/serbia.com\/srpski\/docek-nove-godine-hotel-zira\/#article","isPartOf":{"@id":"https:\/\/serbia.com\/srpski\/docek-nove-godine-hotel-zira\/"},"author":{"name":"Serbia.com","@id":"https:\/\/serbia.com\/#\/schema\/person\/6fe28d3055f5f291d832531e555da490"},"headline":"Do\u010dek Nove godine &#8211; Hotel Zira","datePublished":"2013-12-11T10:00:35+00:00","dateModified":"2014-03-10T10:40:56+00:00","mainEntityOfPage":{"@id":"https:\/\/serbia.com\/srpski\/docek-nove-godine-hotel-zira\/"},"wordCount":125,"commentCount":0,"image":{"@id":"https:\/\/serbia.com\/srpski\/docek-nove-godine-hotel-zira\/#primaryimage"},"thumbnailUrl":"https:\/\/serbia.com\/wp-content\/uploads\/2013\/12\/Hotel.Zira_.Serbia.com_1.jpg","keywords":["do\u010dek","hotel","nova godina","zira"],"articleSection":["Vesti"],"inLanguage":"srpski","potentialAction":[{"@type":"CommentAction","name":"Comment","target":["https:\/\/serbia.com\/srpski\/docek-nove-godine-hotel-zira\/#respond"]}]},{"@type":"WebPage","@id":"https:\/\/serbia.com\/srpski\/docek-nove-godine-hotel-zira\/","url":"https:\/\/serbia.com\/srpski\/docek-nove-godine-hotel-zira\/","name":"Do\u010dek Nove godine - Hotel Zira - Serbia.com","isPartOf":{"@id":"https:\/\/serbia.com\/#website"},"primaryImageOfPage":{"@id":"https:\/\/serbia.com\/srpski\/docek-nove-godine-hotel-zira\/#primaryimage"},"image":{"@id":"https:\/\/serbia.com\/srpski\/docek-nove-godine-hotel-zira\/#primaryimage"},"thumbnailUrl":"https:\/\/serbia.com\/wp-content\/uploads\/2013\/12\/Hotel.Zira_.Serbia.com_1.jpg","datePublished":"2013-12-11T10:00:35+00:00","dateModified":"2014-03-10T10:40:56+00:00","author":{"@id":"https:\/\/serbia.com\/#\/schema\/person\/6fe28d3055f5f291d832531e555da490"},"description":"Ukoliko planirate da sa dragom osobom, dru\u0161tvom, ili svojim najbli\u017eima ispratite staru, a do\u010dekate novu godinu, Hotel Zira je u tom slu\u010daju pravo mesto za vas.","breadcrumb":{"@id":"https:\/\/serbia.com\/srpski\/docek-nove-godine-hotel-zira\/#breadcrumb"},"inLanguage":"srpski","potentialAction":[{"@type":"ReadAction","target":["https:\/\/serbia.com\/srpski\/docek-nove-godine-hotel-zira\/"]}]},{"@type":"ImageObject","inLanguage":"srpski","@id":"https:\/\/serbia.com\/srpski\/docek-nove-godine-hotel-zira\/#primaryimage","url":"https:\/\/serbia.com\/wp-content\/uploads\/2013\/12\/Hotel.Zira_.Serbia.com_1.jpg","contentUrl":"https:\/\/serbia.com\/wp-content\/uploads\/2013\/12\/Hotel.Zira_.Serbia.com_1.jpg","width":860,"height":640},{"@type":"BreadcrumbList","@id":"https:\/\/serbia.com\/srpski\/docek-nove-godine-hotel-zira\/#breadcrumb","itemListElement":[{"@type":"ListItem","position":1,"name":"Home","item":"https:\/\/serbia.com\/srpski\/srbija\/"},{"@type":"ListItem","position":2,"name":"Do\u010dek Nove godine &#8211; Hotel Zira"}]},{"@type":"WebSite","@id":"https:\/\/serbia.com\/#website","url":"https:\/\/serbia.com\/","name":"Serbia.com","description":"Your Gateway to Serbia","potentialAction":[{"@type":"SearchAction","target":{"@type":"EntryPoint","urlTemplate":"https:\/\/serbia.com\/?s={search_term_string}"},"query-input":{"@type":"PropertyValueSpecification","valueRequired":true,"valueName":"search_term_string"}}],"inLanguage":"srpski"},{"@type":"Person","@id":"https:\/\/serbia.com\/#\/schema\/person\/6fe28d3055f5f291d832531e555da490","name":"Serbia.com","image":{"@type":"ImageObject","inLanguage":"srpski","@id":"https:\/\/secure.gravatar.com\/avatar\/8381eb54f5b393857857cb5fd6c42264c9e14b10435326bc567fcc3511bd8df4?s=96&d=mm&r=g","url":"https:\/\/secure.gravatar.com\/avatar\/8381eb54f5b393857857cb5fd6c42264c9e14b10435326bc567fcc3511bd8df4?s=96&d=mm&r=g","contentUrl":"https:\/\/secure.gravatar.com\/avatar\/8381eb54f5b393857857cb5fd6c42264c9e14b10435326bc567fcc3511bd8df4?s=96&d=mm&r=g","caption":"Serbia.com"},"url":"https:\/\/serbia.com\/srpski\/author\/serbia-com\/"}]}},"brizy_media":[],"_links":{"self":[{"href":"https:\/\/serbia.com\/srpski\/wp-json\/wp\/v2\/posts\/12733","targetHints":{"allow":["GET"]}}],"collection":[{"href":"https:\/\/serbia.com\/srpski\/wp-json\/wp\/v2\/posts"}],"about":[{"href":"https:\/\/serbia.com\/srpski\/wp-json\/wp\/v2\/types\/post"}],"author":[{"embeddable":true,"href":"https:\/\/serbia.com\/srpski\/wp-json\/wp\/v2\/users\/9"}],"replies":[{"embeddable":true,"href":"https:\/\/serbia.com\/srpski\/wp-json\/wp\/v2\/comments?post=12733"}],"version-history":[{"count":0,"href":"https:\/\/serbia.com\/srpski\/wp-json\/wp\/v2\/posts\/12733\/revisions"}],"wp:featuredmedia":[{"embeddable":true,"href":"https:\/\/serbia.com\/srpski\/wp-json\/wp\/v2\/media\/12736"}],"wp:attachment":[{"href":"https:\/\/serbia.com\/srpski\/wp-json\/wp\/v2\/media?parent=12733"}],"wp:term":[{"taxonomy":"category","embeddable":true,"href":"https:\/\/serbia.com\/srpski\/wp-json\/wp\/v2\/categories?post=12733"},{"taxonomy":"post_tag","embeddable":true,"href":"https:\/\/serbia.com\/srpski\/wp-json\/wp\/v2\/tags?post=12733"}],"curies":[{"name":"wp","href":"https:\/\/api.w.org\/{rel}","templated":true}]}}