{"id":10876,"date":"2013-06-28T14:37:59","date_gmt":"2013-06-28T12:37:59","guid":{"rendered":"http:\/\/www.serbia.com\/?p=10876"},"modified":"2015-04-23T16:30:26","modified_gmt":"2015-04-23T14:30:26","slug":"boj-na-kosovu-2","status":"publish","type":"post","link":"https:\/\/serbia.com\/srpski\/boj-na-kosovu-2\/","title":{"rendered":"Boj na Kosovu"},"content":{"rendered":"<h4>Za ime kneza Lazara Hrebljanovi\u0107a, kosovske junake i bitku zna ceo srpski narod, bez preterivanja, sve generacije. Boj na Kosovu je bio jedan od prelomnih trenutaka u istoriji Srbije, posle kojeg je srpska dr\u017eava pala u vazalni polo\u017eaj prema Otomanskom carstvu, ali koja je do danas ostala simbol vite\u0161ke borbe za o\u010duvanje dr\u017eave.<\/h4>\n<figure id=\"attachment_10878\" aria-describedby=\"caption-attachment-10878\" style=\"width: 285px\" class=\"wp-caption alignright\"><a href=\"http:\/\/www.serbia.com\/wp-content\/uploads\/2013\/06\/Knezlazar.jpg\"><img loading=\"lazy\" decoding=\"async\" class=\"size-full wp-image-10878 \" src=\"http:\/\/www.serbia.com\/wp-content\/uploads\/2013\/06\/Knezlazar.jpg\" alt=\"Knezlazar\" width=\"285\" height=\"334\" srcset=\"https:\/\/serbia.com\/wp-content\/uploads\/2013\/06\/Knezlazar.jpg 285w, https:\/\/serbia.com\/wp-content\/uploads\/2013\/06\/Knezlazar-255x300.jpg 255w\" sizes=\"auto, (max-width: 285px) 100vw, 285px\" \/><\/a><figcaption id=\"caption-attachment-10878\" class=\"wp-caption-text\">Knez Lazar, slika \u0110ure Jak\u0161i\u0107a<\/figcaption><\/figure>\n<p>Datum Kosovske bitke sa\u010dinjavaju brojevi koji su se duboko urezali u kolektivnu svest srpskog naroda. Tog 28. juna 1389. godine, na Vidovdan, knez Lazar i veliki deo njegove vojske poginuli su na Gazimestanu kod Pri\u0161tine brane\u0107i svoju zemlju od turskog osvjanja. Srpski narod i Srpska pravoslavna crkva vekovima obele\u017eavaju ovaj dan koji je posve\u0107en knezu Lazaru, kasnije progla\u0161enom za sveca kao i svim kosovskim junacima.<\/p>\n<p>Srpska dr\u017eava, koja je u vreme Lazarevih prethodnika, Nemanji\u0107a, bila veoma oja\u010dana je nakon iznenadne smrti Du\u0161ana Nemanji\u0107a, a potom i Cara Uro\u0161a, postala veoma ranjiva. Du\u0161anovo carstvo se usled unutra\u0161njih borbi raspalo, a pretile su i spoljne opasnosti od Turske i Ugarske. Lazar Hrebeljanovi\u0107 koji je do tada gospodario obla\u0161\u0107u oko Novog Brda, vojno i ekonomski je prili\u010dno oja\u010dao, pa se u takvoj situaciji izdvojio me\u0111u srpskim oblasnim gospodarima i po\u010deo smatrati \u201cKnezom Srbije\u201d. Osim toga, Lazar je bio o\u017eenjen Milicom, koja je poticala iz dinastije Nemanji\u0107.<\/p>\n<p>Krajem osamdesetih godina 14. veka, nakon \u0161to su u ju\u017enoj Makedoniji i u Epiru utvrdili svoju prevlast, Turci su vrlo \u010desto organizovali upade u predeo \u0160ar planine, a 1386. godine uspeli su da osvoje <a title=\"Ni\u0161\" href=\"http:\/\/www.serbia.com\/srpski\/posetite-srbiju\/sta-videti\/gradovi\/nis\/\">Ni\u0161<\/a>, glavno \u010dvori\u0161te na putevima od juga prema severu i od istoka prema zapadu.<\/p>\n<p>Ipak, Turci do\u017eivljavali i gubitke. Porazi kod Plo\u010dnika i Bile\u0107e naterali su sultana Murata na ozbiljne pripreme za borbu sa Srbima. O ozbiljnosti borbe govori \u010dinjenica da su oba vladara do\u0161la li\u010dno na Kosovo polje na kome je bila zakazana odlu\u010duju\u0107a bitka. Murat je na Kosovo do\u0161ao sa oba sina, Bajazitom i Jakupom.<\/p>\n<p>U prvoj fazi bitke srpska vojska je bila uspe\u0161nija, a prema pisanju Konstantina Filozofa u \u201c\u017ditiju despota Stefana Lazarevi\u0107a\u201d, sultan je bio ubijen rukom junaka Milo\u0161a Obili\u0107a koji je na kne\u017eevoj ve\u010diri, no\u0107 uo\u010di bitke, bio optu\u017een da \u0107e izneveriti Lazara. Da bi dokazao vernost srpskom knezu, on je jo\u0161 u prvom delu bitke ubio turskog sultana.<\/p>\n<p>Nakon Muratove smrti, jo\u0161 za vreme bitke, njegov sin Bajazit ubija brata Jakupa kako bi osigurao sebi presto, upada sa janji\u010darima u centar Lazarevih snaga, slama njihov otpor, a Lazaru odrubljuje glavu kao osvetu za ubistvo njegovog oca. Smatra se da je Bajazit iz straha zbog prestola i jo\u0161 ve\u0107ih gubitaka u vojsci koja mu je bila potrebna za druga boji\u0161ta, prekinuo bitku i vratio se u Tursku.<\/p>\n<p>Iako se o ishodu bitke ne mo\u017ee govoriti sa sigurno\u0161\u0107u jer prvi izvori (15.vek) govore o srpskoj pobedi, a tek kasnije se javljaju navodi o srpskom porazu i nere\u0161enom ishodu jer su oba vladara poginula u bici, po svojim dalekose\u017enim posledicama bitka ipak predstavlja otomansku pobedu, jer je Srbija bez Lazareve vojske, znatno oslabila i postala turski vazal.<\/p>\n<p>Za samu bitku i njene aktere vezane su mnogobrojne legende opevane i u kosovskom ciklusu srpske epske poezije. Me\u0111utim, do danas je Kosovski boj ostao inspirativan svim vidovima umetnosti, jer Lazareva pogibija se oduvek shvatala kao velika \u017ertva da se o\u010duva narodna i dr\u017eavna sloboda koja bi trebalo da poslu\u017ei kao primer za budu\u0107e generacije.<\/p>\n<figure id=\"attachment_10879\" aria-describedby=\"caption-attachment-10879\" style=\"width: 750px\" class=\"wp-caption aligncenter\"><a href=\"http:\/\/www.serbia.com\/wp-content\/uploads\/2013\/06\/Knezeva_vecera.jpg\"><img loading=\"lazy\" decoding=\"async\" class=\"size-full wp-image-10879  \" src=\"http:\/\/www.serbia.com\/wp-content\/uploads\/2013\/06\/Knezeva_vecera.jpg\" alt=\"Knezeva_vecera\" width=\"750\" height=\"563\" srcset=\"https:\/\/serbia.com\/wp-content\/uploads\/2013\/06\/Knezeva_vecera.jpg 750w, https:\/\/serbia.com\/wp-content\/uploads\/2013\/06\/Knezeva_vecera-300x225.jpg 300w\" sizes=\"auto, (max-width: 750px) 100vw, 750px\" \/><\/a><figcaption id=\"caption-attachment-10879\" class=\"wp-caption-text\">Kne\u017eeva ve\u010dera, delo slikara Adama Stefanovi\u0107a<\/figcaption><\/figure>\n<p><strong><em>Vuk Brankovi\u0107: Izdajnik ili ne?<\/em><\/strong><\/p>\n<p><em>Narodno predanje u pri\u010di o Kosovskom boju ima svog junaka, Milo\u0161a Obili\u0107a koji je navodno ubio sultana Murata, ali i velikog izdajnika, Vuka Brankovi\u0107a, srpskog velika\u0161a koji je, bio jedna od najzna\u010dajnijih politi\u010dkih figura Srbije poslednje dve decenije XIV veka, ali i zet kneza Lazara. On je od malog porodi\u010dnog poseda oko Bor\u010da u Drenici na Kosovu stvorio prostranu oblast koja je na svom vrhuncu obuhvatala prostor izme\u0111u Skoplja, Kopaonika, Sjenice i gornjih tokova Tare i Mora\u010de i u kojoj su se nalazili Pe\u0107, Prizren, Vu\u010ditrn, Zve\u010dan, Komarani, zatim rudnici Trep\u010da i Brskovo, kao i Pri\u0161tina, u kojoj se nalazila njegova prestonica. Posle bitke, u kojoj je knez Lazar <\/em><em><em>poginuo<\/em>, a njegovi naslednici priznali vrhovnu vlast sultana Bajazita, Vuk Brankovi\u0107 je poku\u0161ao da se odupre Osmanlijama i o\u010duva nezavisnost svoje oblasti. Ipak, ve\u0107 po\u010detkom 1392. godine gubi Skoplje i krajem te godine postaje otomanski vazal.<\/em><\/p>\n<p><em>Brankovi\u0107 je umro u zarobljeni\u0161tvu i jo\u0161 uvek nije poznato za\u0161to se smatra izdajnikom, jer je istorijska \u010dinjenica da se do kraja \u017eivota odupirao Osmanlijama. Razli\u010dita su tuma\u010denja pripisanog mu izdajstva, a jedno od njih navodi neslaganje sa knjeginjom Milicom, Lazarevom udovicom.<\/em><\/p>\n<blockquote><p><em><strong>NA GAZIMESTANU, Milan Raki\u0107<\/strong><br \/>\n<\/em><\/p>\n<p><em>Silni oklopnici, bez mane i straha,<\/em><\/p>\n<p><em>Hladni ko va\u0161 oklop i pogleda mrka,<\/em><\/p>\n<p><em>Vi jurnuste tada u oblaku praha,<\/em><\/p>\n<p><em>I nastade tresak i krvava trka.<\/em><\/p>\n<p><em>Zaljuljano carstvo survalo se s vama&#8230;<\/em><\/p>\n<p><em>Kad oluja pro\u0111e vrh Kosova ravna,<\/em><\/p>\n<p><em>Kosovo postade nepregledna jama,<\/em><\/p>\n<p><em>Kosturnica stra\u0161na i porazom slavna.<\/em><\/p>\n<p><em>Kosovski junaci zasluga je va\u0161a<\/em><\/p>\n<p><em>\u0160to poslednji beste. U krvavoj stravi,<\/em><\/p>\n<p><em>Kada trulo carstvo oru\u017eja se ma\u0161a,<\/em><\/p>\n<p><em>Svaki le\u0161 je svesna \u017ertva, junak pravi.<\/em><\/p>\n<p><em>Danas nama ka\u017eu, deci ovog veka,<\/em><\/p>\n<p><em>Da smo nedostojni istorije na\u0161e,<\/em><\/p>\n<p><em>Da nas zahvatila zapadnja\u010dka reka,<\/em><\/p>\n<p><em>I da nam se du\u0161e opasnosti pla\u0161e.<\/em><\/p>\n<p><em>Dobra zemljo moja, la\u017eu! <\/em><\/p>\n<p><em>Ko te voli danas, taj te voli,<\/em><\/p>\n<p><em> Jer zna da si mati,<\/em><\/p>\n<p><em>Jer pre nas ni polja ni kr\u0161evi goli,<\/em><\/p>\n<p><em>ne moga\u0161e nikom svesnu ljubav dati!<\/em><\/p>\n<p><em>I danas kad do\u0111e do poslednjeg boja,<\/em><\/p>\n<p><em>Neozaren starog oreola sjajem,<\/em><\/p>\n<p><em>Ja \u0107u dati \u017eivot, otad\u017ebino moja,<\/em><\/p>\n<p><em>Znaju\u0107i \u0161ta dajem i za\u0161to ga dajem.<\/em><\/p><\/blockquote>\n<p>&nbsp;<\/p>\n<p>&nbsp;<\/p>\n<p>&nbsp;<\/p>\n","protected":false},"excerpt":{"rendered":"<p>Za ime kneza Lazara Hrebljanovi\u0107a, kosovske junake i bitku zna ceo srpski narod, bez preterivanja, sve generacije. Boj na Kosovu je bio jedan od prelomnih trenutaka u istoriji Srbije, posle [&hellip;]<\/p>\n","protected":false},"author":9,"featured_media":21461,"comment_status":"open","ping_status":"open","sticky":false,"template":"","format":"image","meta":{"_acf_changed":false,"inline_featured_image":false,"_monsterinsights_skip_tracking":false,"_monsterinsights_sitenote_active":false,"_monsterinsights_sitenote_note":"","_monsterinsights_sitenote_category":0,"footnotes":""},"categories":[2846,1639],"tags":[2652,258,2653,2203],"class_list":["post-10876","post","type-post","status-publish","format-image","has-post-thumbnail","hentry","category-istaknuto","category-istorija-kultura-otkrijte-srbiju","tag-boj-na-kosovu","tag-car-dusan","tag-knez-lazar","tag-kosovo-i-metohija","post_format-post-format-image"],"acf":[],"yoast_head":"<!-- This site is optimized with the Yoast SEO plugin v27.4 - https:\/\/yoast.com\/product\/yoast-seo-wordpress\/ -->\n<title>Boj na Kosovu - Serbia.com<\/title>\n<meta name=\"description\" content=\"Za ime kneza Lazara Hrebljanovi\u0107a, kosovske junake i bitku zna ceo srpski narod, bez preterivanja, sve generacije. Boj na Kosovu je bio jedan od prelomnih trenutaka u istoriji Srbije, posle kojeg je srpska dr\u017eava pala u vazalni polo\u017eaj prema Otomanskom carstvu, ali koja je do danas ostala simbol vite\u0161ke borbe za o\u010duvanje dr\u017eave.\" \/>\n<meta name=\"robots\" content=\"index, follow, max-snippet:-1, max-image-preview:large, max-video-preview:-1\" \/>\n<link rel=\"canonical\" href=\"https:\/\/serbia.com\/srpski\/boj-na-kosovu-2\/\" \/>\n<meta property=\"og:locale\" content=\"en_US\" \/>\n<meta property=\"og:type\" content=\"article\" \/>\n<meta property=\"og:title\" content=\"Boj na Kosovu - Serbia.com\" \/>\n<meta property=\"og:description\" content=\"Za ime kneza Lazara Hrebljanovi\u0107a, kosovske junake i bitku zna ceo srpski narod, bez preterivanja, sve generacije. Boj na Kosovu je bio jedan od prelomnih trenutaka u istoriji Srbije, posle kojeg je srpska dr\u017eava pala u vazalni polo\u017eaj prema Otomanskom carstvu, ali koja je do danas ostala simbol vite\u0161ke borbe za o\u010duvanje dr\u017eave.\" \/>\n<meta property=\"og:url\" content=\"https:\/\/serbia.com\/srpski\/boj-na-kosovu-2\/\" \/>\n<meta property=\"og:site_name\" content=\"Serbia.com\" \/>\n<meta property=\"article:published_time\" content=\"2013-06-28T12:37:59+00:00\" \/>\n<meta property=\"article:modified_time\" content=\"2015-04-23T14:30:26+00:00\" \/>\n<meta property=\"og:image\" content=\"https:\/\/serbia.com\/wp-content\/uploads\/2013\/06\/boj-na-kosovu-11.jpg\" \/>\n\t<meta property=\"og:image:width\" content=\"800\" \/>\n\t<meta property=\"og:image:height\" content=\"478\" \/>\n\t<meta property=\"og:image:type\" content=\"image\/jpeg\" \/>\n<meta name=\"author\" content=\"Serbia.com\" \/>\n<meta name=\"twitter:label1\" content=\"Written by\" \/>\n\t<meta name=\"twitter:data1\" content=\"Serbia.com\" \/>\n\t<meta name=\"twitter:label2\" content=\"Est. reading time\" \/>\n\t<meta name=\"twitter:data2\" content=\"5 minutes\" \/>\n<script type=\"application\/ld+json\" class=\"yoast-schema-graph\">{\"@context\":\"https:\\\/\\\/schema.org\",\"@graph\":[{\"@type\":\"Article\",\"@id\":\"https:\\\/\\\/serbia.com\\\/srpski\\\/boj-na-kosovu-2\\\/#article\",\"isPartOf\":{\"@id\":\"https:\\\/\\\/serbia.com\\\/srpski\\\/boj-na-kosovu-2\\\/\"},\"author\":{\"name\":\"Serbia.com\",\"@id\":\"https:\\\/\\\/serbia.com\\\/#\\\/schema\\\/person\\\/6fe28d3055f5f291d832531e555da490\"},\"headline\":\"Boj na Kosovu\",\"datePublished\":\"2013-06-28T12:37:59+00:00\",\"dateModified\":\"2015-04-23T14:30:26+00:00\",\"mainEntityOfPage\":{\"@id\":\"https:\\\/\\\/serbia.com\\\/srpski\\\/boj-na-kosovu-2\\\/\"},\"wordCount\":1014,\"commentCount\":0,\"image\":{\"@id\":\"https:\\\/\\\/serbia.com\\\/srpski\\\/boj-na-kosovu-2\\\/#primaryimage\"},\"thumbnailUrl\":\"https:\\\/\\\/serbia.com\\\/wp-content\\\/uploads\\\/2013\\\/06\\\/boj-na-kosovu-11.jpg\",\"keywords\":[\"Boj na Kosovu\",\"Car Du\u0161an\",\"Knez Lazar\",\"Kosovo i Metohija\"],\"articleSection\":[\"Istaknuto\",\"Istorija\"],\"inLanguage\":\"srpski\",\"potentialAction\":[{\"@type\":\"CommentAction\",\"name\":\"Comment\",\"target\":[\"https:\\\/\\\/serbia.com\\\/srpski\\\/boj-na-kosovu-2\\\/#respond\"]}]},{\"@type\":\"WebPage\",\"@id\":\"https:\\\/\\\/serbia.com\\\/srpski\\\/boj-na-kosovu-2\\\/\",\"url\":\"https:\\\/\\\/serbia.com\\\/srpski\\\/boj-na-kosovu-2\\\/\",\"name\":\"Boj na Kosovu - Serbia.com\",\"isPartOf\":{\"@id\":\"https:\\\/\\\/serbia.com\\\/#website\"},\"primaryImageOfPage\":{\"@id\":\"https:\\\/\\\/serbia.com\\\/srpski\\\/boj-na-kosovu-2\\\/#primaryimage\"},\"image\":{\"@id\":\"https:\\\/\\\/serbia.com\\\/srpski\\\/boj-na-kosovu-2\\\/#primaryimage\"},\"thumbnailUrl\":\"https:\\\/\\\/serbia.com\\\/wp-content\\\/uploads\\\/2013\\\/06\\\/boj-na-kosovu-11.jpg\",\"datePublished\":\"2013-06-28T12:37:59+00:00\",\"dateModified\":\"2015-04-23T14:30:26+00:00\",\"author\":{\"@id\":\"https:\\\/\\\/serbia.com\\\/#\\\/schema\\\/person\\\/6fe28d3055f5f291d832531e555da490\"},\"description\":\"Za ime kneza Lazara Hrebljanovi\u0107a, kosovske junake i bitku zna ceo srpski narod, bez preterivanja, sve generacije. Boj na Kosovu je bio jedan od prelomnih trenutaka u istoriji Srbije, posle kojeg je srpska dr\u017eava pala u vazalni polo\u017eaj prema Otomanskom carstvu, ali koja je do danas ostala simbol vite\u0161ke borbe za o\u010duvanje dr\u017eave.\",\"breadcrumb\":{\"@id\":\"https:\\\/\\\/serbia.com\\\/srpski\\\/boj-na-kosovu-2\\\/#breadcrumb\"},\"inLanguage\":\"srpski\",\"potentialAction\":[{\"@type\":\"ReadAction\",\"target\":[\"https:\\\/\\\/serbia.com\\\/srpski\\\/boj-na-kosovu-2\\\/\"]}]},{\"@type\":\"ImageObject\",\"inLanguage\":\"srpski\",\"@id\":\"https:\\\/\\\/serbia.com\\\/srpski\\\/boj-na-kosovu-2\\\/#primaryimage\",\"url\":\"https:\\\/\\\/serbia.com\\\/wp-content\\\/uploads\\\/2013\\\/06\\\/boj-na-kosovu-11.jpg\",\"contentUrl\":\"https:\\\/\\\/serbia.com\\\/wp-content\\\/uploads\\\/2013\\\/06\\\/boj-na-kosovu-11.jpg\",\"width\":800,\"height\":478},{\"@type\":\"BreadcrumbList\",\"@id\":\"https:\\\/\\\/serbia.com\\\/srpski\\\/boj-na-kosovu-2\\\/#breadcrumb\",\"itemListElement\":[{\"@type\":\"ListItem\",\"position\":1,\"name\":\"Home\",\"item\":\"https:\\\/\\\/serbia.com\\\/srpski\\\/srbija\\\/\"},{\"@type\":\"ListItem\",\"position\":2,\"name\":\"Boj na Kosovu\"}]},{\"@type\":\"WebSite\",\"@id\":\"https:\\\/\\\/serbia.com\\\/#website\",\"url\":\"https:\\\/\\\/serbia.com\\\/\",\"name\":\"Serbia.com\",\"description\":\"Your Gateway to Serbia\",\"potentialAction\":[{\"@type\":\"SearchAction\",\"target\":{\"@type\":\"EntryPoint\",\"urlTemplate\":\"https:\\\/\\\/serbia.com\\\/?s={search_term_string}\"},\"query-input\":{\"@type\":\"PropertyValueSpecification\",\"valueRequired\":true,\"valueName\":\"search_term_string\"}}],\"inLanguage\":\"srpski\"},{\"@type\":\"Person\",\"@id\":\"https:\\\/\\\/serbia.com\\\/#\\\/schema\\\/person\\\/6fe28d3055f5f291d832531e555da490\",\"name\":\"Serbia.com\",\"image\":{\"@type\":\"ImageObject\",\"inLanguage\":\"srpski\",\"@id\":\"https:\\\/\\\/secure.gravatar.com\\\/avatar\\\/8381eb54f5b393857857cb5fd6c42264c9e14b10435326bc567fcc3511bd8df4?s=96&d=mm&r=g\",\"url\":\"https:\\\/\\\/secure.gravatar.com\\\/avatar\\\/8381eb54f5b393857857cb5fd6c42264c9e14b10435326bc567fcc3511bd8df4?s=96&d=mm&r=g\",\"contentUrl\":\"https:\\\/\\\/secure.gravatar.com\\\/avatar\\\/8381eb54f5b393857857cb5fd6c42264c9e14b10435326bc567fcc3511bd8df4?s=96&d=mm&r=g\",\"caption\":\"Serbia.com\"},\"url\":\"https:\\\/\\\/serbia.com\\\/srpski\\\/author\\\/serbia-com\\\/\"}]}<\/script>\n<!-- \/ Yoast SEO plugin. -->","yoast_head_json":{"title":"Boj na Kosovu - Serbia.com","description":"Za ime kneza Lazara Hrebljanovi\u0107a, kosovske junake i bitku zna ceo srpski narod, bez preterivanja, sve generacije. Boj na Kosovu je bio jedan od prelomnih trenutaka u istoriji Srbije, posle kojeg je srpska dr\u017eava pala u vazalni polo\u017eaj prema Otomanskom carstvu, ali koja je do danas ostala simbol vite\u0161ke borbe za o\u010duvanje dr\u017eave.","robots":{"index":"index","follow":"follow","max-snippet":"max-snippet:-1","max-image-preview":"max-image-preview:large","max-video-preview":"max-video-preview:-1"},"canonical":"https:\/\/serbia.com\/srpski\/boj-na-kosovu-2\/","og_locale":"en_US","og_type":"article","og_title":"Boj na Kosovu - Serbia.com","og_description":"Za ime kneza Lazara Hrebljanovi\u0107a, kosovske junake i bitku zna ceo srpski narod, bez preterivanja, sve generacije. Boj na Kosovu je bio jedan od prelomnih trenutaka u istoriji Srbije, posle kojeg je srpska dr\u017eava pala u vazalni polo\u017eaj prema Otomanskom carstvu, ali koja je do danas ostala simbol vite\u0161ke borbe za o\u010duvanje dr\u017eave.","og_url":"https:\/\/serbia.com\/srpski\/boj-na-kosovu-2\/","og_site_name":"Serbia.com","article_published_time":"2013-06-28T12:37:59+00:00","article_modified_time":"2015-04-23T14:30:26+00:00","og_image":[{"width":800,"height":478,"url":"https:\/\/serbia.com\/wp-content\/uploads\/2013\/06\/boj-na-kosovu-11.jpg","type":"image\/jpeg"}],"author":"Serbia.com","twitter_misc":{"Written by":"Serbia.com","Est. reading time":"5 minutes"},"schema":{"@context":"https:\/\/schema.org","@graph":[{"@type":"Article","@id":"https:\/\/serbia.com\/srpski\/boj-na-kosovu-2\/#article","isPartOf":{"@id":"https:\/\/serbia.com\/srpski\/boj-na-kosovu-2\/"},"author":{"name":"Serbia.com","@id":"https:\/\/serbia.com\/#\/schema\/person\/6fe28d3055f5f291d832531e555da490"},"headline":"Boj na Kosovu","datePublished":"2013-06-28T12:37:59+00:00","dateModified":"2015-04-23T14:30:26+00:00","mainEntityOfPage":{"@id":"https:\/\/serbia.com\/srpski\/boj-na-kosovu-2\/"},"wordCount":1014,"commentCount":0,"image":{"@id":"https:\/\/serbia.com\/srpski\/boj-na-kosovu-2\/#primaryimage"},"thumbnailUrl":"https:\/\/serbia.com\/wp-content\/uploads\/2013\/06\/boj-na-kosovu-11.jpg","keywords":["Boj na Kosovu","Car Du\u0161an","Knez Lazar","Kosovo i Metohija"],"articleSection":["Istaknuto","Istorija"],"inLanguage":"srpski","potentialAction":[{"@type":"CommentAction","name":"Comment","target":["https:\/\/serbia.com\/srpski\/boj-na-kosovu-2\/#respond"]}]},{"@type":"WebPage","@id":"https:\/\/serbia.com\/srpski\/boj-na-kosovu-2\/","url":"https:\/\/serbia.com\/srpski\/boj-na-kosovu-2\/","name":"Boj na Kosovu - Serbia.com","isPartOf":{"@id":"https:\/\/serbia.com\/#website"},"primaryImageOfPage":{"@id":"https:\/\/serbia.com\/srpski\/boj-na-kosovu-2\/#primaryimage"},"image":{"@id":"https:\/\/serbia.com\/srpski\/boj-na-kosovu-2\/#primaryimage"},"thumbnailUrl":"https:\/\/serbia.com\/wp-content\/uploads\/2013\/06\/boj-na-kosovu-11.jpg","datePublished":"2013-06-28T12:37:59+00:00","dateModified":"2015-04-23T14:30:26+00:00","author":{"@id":"https:\/\/serbia.com\/#\/schema\/person\/6fe28d3055f5f291d832531e555da490"},"description":"Za ime kneza Lazara Hrebljanovi\u0107a, kosovske junake i bitku zna ceo srpski narod, bez preterivanja, sve generacije. Boj na Kosovu je bio jedan od prelomnih trenutaka u istoriji Srbije, posle kojeg je srpska dr\u017eava pala u vazalni polo\u017eaj prema Otomanskom carstvu, ali koja je do danas ostala simbol vite\u0161ke borbe za o\u010duvanje dr\u017eave.","breadcrumb":{"@id":"https:\/\/serbia.com\/srpski\/boj-na-kosovu-2\/#breadcrumb"},"inLanguage":"srpski","potentialAction":[{"@type":"ReadAction","target":["https:\/\/serbia.com\/srpski\/boj-na-kosovu-2\/"]}]},{"@type":"ImageObject","inLanguage":"srpski","@id":"https:\/\/serbia.com\/srpski\/boj-na-kosovu-2\/#primaryimage","url":"https:\/\/serbia.com\/wp-content\/uploads\/2013\/06\/boj-na-kosovu-11.jpg","contentUrl":"https:\/\/serbia.com\/wp-content\/uploads\/2013\/06\/boj-na-kosovu-11.jpg","width":800,"height":478},{"@type":"BreadcrumbList","@id":"https:\/\/serbia.com\/srpski\/boj-na-kosovu-2\/#breadcrumb","itemListElement":[{"@type":"ListItem","position":1,"name":"Home","item":"https:\/\/serbia.com\/srpski\/srbija\/"},{"@type":"ListItem","position":2,"name":"Boj na Kosovu"}]},{"@type":"WebSite","@id":"https:\/\/serbia.com\/#website","url":"https:\/\/serbia.com\/","name":"Serbia.com","description":"Your Gateway to Serbia","potentialAction":[{"@type":"SearchAction","target":{"@type":"EntryPoint","urlTemplate":"https:\/\/serbia.com\/?s={search_term_string}"},"query-input":{"@type":"PropertyValueSpecification","valueRequired":true,"valueName":"search_term_string"}}],"inLanguage":"srpski"},{"@type":"Person","@id":"https:\/\/serbia.com\/#\/schema\/person\/6fe28d3055f5f291d832531e555da490","name":"Serbia.com","image":{"@type":"ImageObject","inLanguage":"srpski","@id":"https:\/\/secure.gravatar.com\/avatar\/8381eb54f5b393857857cb5fd6c42264c9e14b10435326bc567fcc3511bd8df4?s=96&d=mm&r=g","url":"https:\/\/secure.gravatar.com\/avatar\/8381eb54f5b393857857cb5fd6c42264c9e14b10435326bc567fcc3511bd8df4?s=96&d=mm&r=g","contentUrl":"https:\/\/secure.gravatar.com\/avatar\/8381eb54f5b393857857cb5fd6c42264c9e14b10435326bc567fcc3511bd8df4?s=96&d=mm&r=g","caption":"Serbia.com"},"url":"https:\/\/serbia.com\/srpski\/author\/serbia-com\/"}]}},"brizy_media":[],"_links":{"self":[{"href":"https:\/\/serbia.com\/srpski\/wp-json\/wp\/v2\/posts\/10876","targetHints":{"allow":["GET"]}}],"collection":[{"href":"https:\/\/serbia.com\/srpski\/wp-json\/wp\/v2\/posts"}],"about":[{"href":"https:\/\/serbia.com\/srpski\/wp-json\/wp\/v2\/types\/post"}],"author":[{"embeddable":true,"href":"https:\/\/serbia.com\/srpski\/wp-json\/wp\/v2\/users\/9"}],"replies":[{"embeddable":true,"href":"https:\/\/serbia.com\/srpski\/wp-json\/wp\/v2\/comments?post=10876"}],"version-history":[{"count":0,"href":"https:\/\/serbia.com\/srpski\/wp-json\/wp\/v2\/posts\/10876\/revisions"}],"wp:featuredmedia":[{"embeddable":true,"href":"https:\/\/serbia.com\/srpski\/wp-json\/wp\/v2\/media\/21461"}],"wp:attachment":[{"href":"https:\/\/serbia.com\/srpski\/wp-json\/wp\/v2\/media?parent=10876"}],"wp:term":[{"taxonomy":"category","embeddable":true,"href":"https:\/\/serbia.com\/srpski\/wp-json\/wp\/v2\/categories?post=10876"},{"taxonomy":"post_tag","embeddable":true,"href":"https:\/\/serbia.com\/srpski\/wp-json\/wp\/v2\/tags?post=10876"}],"curies":[{"name":"wp","href":"https:\/\/api.w.org\/{rel}","templated":true}]}}