{"id":10459,"date":"2013-06-06T11:49:27","date_gmt":"2013-06-06T09:49:27","guid":{"rendered":"http:\/\/www.serbia.com\/?p=10459"},"modified":"2014-03-17T14:08:12","modified_gmt":"2014-03-17T13:08:12","slug":"kraljevski-dvorski-kompleks-na-dedinju","status":"publish","type":"post","link":"https:\/\/serbia.com\/srpski\/kraljevski-dvorski-kompleks-na-dedinju\/","title":{"rendered":"Kraljevski dvorski kompleks na Dedinju"},"content":{"rendered":"<h4>Kompleks dvorova srpske kraljevske porodice Kara\u0111or\u0111evi\u0107, koji obuhvata Kraljev dvor, Beli dvor, kapelu Sv. Andreja Prvozvanog i prate\u0107e objekte, sme\u0161ten je na najvi\u0161em bre\u017euljku Dedinja, luksuznog beogradskog naselja. Porodica Kara\u0111or\u0111evi\u0107 i danas \u017eivi u delu dvora, a drugi deo otvoren je za posetioce.<\/h4>\n<p>U\u0161u\u0161kan u gustom zelenilu samog vrha <strong>Dedinja<\/strong>, kraljevski dvorski kompleks ima veli\u010danstven pogled na Beograd i <a href=\"\/?p=3033\" target=\"_blank\">Avalu<\/a>. Najstarije zdanje u njemu je <strong>Kraljevski dvor<\/strong>.<\/p>\n<p>Po nalogu kralja Aleksandra I Kara\u0111or\u0111evi\u0107a, prvog vladara <strong>Kraljevine Srba, Hrvata i Slovenaca<\/strong>, izgradnja dvora fasade od belog bra\u010dkog mermera zavr\u0161ena je 1929. godine. Dvor je gra\u0111en u srpsko-vizantijskom stilu po projektima arhitekte \u017divojina Nikoli\u0107a i akademika <strong>Nikolaja Krasnova<\/strong>, ruskog carskog arhitekte.<\/p>\n<p>Renesansno prizemlje Kraljevskog dvora \u010dine biblioteka, kraljev kabinet, Zlatni salon, velika trpezarija i Sve\u010dani hol. Posebno se izdvaja barokni Plavi salon u kome je i slika \u201eVenera i Adonis\u201c Nikole Pusena.<\/p>\n<blockquote><p><em><strong>Druga\u010diji stanari Kraljevskog kompleksa<\/strong><\/em><\/p>\n<p><em>Posle Drugog svetskog rata nove komunisti\u010dke vlasti Jugoslavije proglasile su sve \u010dlanove dinastije Kara\u0111or\u0111evi\u0107 (koji su se ve\u0107 nalazili u izgnanstvu) dr\u017eavnim neprijateljima, oduzela im dr\u017eavljanstvo i konfiskovala imovinu.<\/em><\/p>\n<p><em>U Beli dvor se uselio novi stanar &#8211; do\u017eivotni predsednik Jugoslavije Josip Broz Tito. Za vreme njegove 35-godi\u0161nje vlasti u dvoru su boravili neki od najzna\u010dajnijih svetskih lidera tog vremena, kao \u0161to su \u0161panski kralj Huan Karlos, britanska kraljica Elizabeta, car Etiopije Hajle Selasije i drugi.<\/em><\/p>\n<p><em>U dvorskom kompleksu i dalje se \u010duvaju fotografije, slike i spomenici postavljeni tokom tog perioda, a nisu uklonjeni ni simboli komunisti\u010dke Jugoslavije kojima su tada zamenjivani oni iz perioda monarhije, pre svega u zidnim i svodnim dekoracijama, srebrnini i lusterima.<\/em><\/p>\n<p><em>Po raspadu Jugoslavije u dvoru je boravio predsednik Srbije Slobodan Milo\u0161evi\u0107. Nakon njegove smene, dvorski kompleks je 2001. ustupljen na kori\u0161\u0107enje princu Aleksandru II i njegovoj porodici.<\/em><\/p>\n<p>&nbsp;<\/p><\/blockquote>\n<p>Od nekada\u0161njeg vinskog podruma napravljena je bilijar sala, a tu je i \u201c<strong>mu\u0161ka soba<\/strong>\u201d, jedino mesto na kome je bilo dozvoljeno pu\u0161enje. Kralj je ovde u\u017eivao u kartanju sa najbli\u017eim prijateljima uz vino sa svojih <strong>oplena\u010dkih vinograda<\/strong>.<\/p>\n<p>Na prvom spratu Kraljevskog dvora su privatne prostorije u kojima danas \u017eivi porodica princa Aleksandra II. Tavanice i zidovi suterena rasko\u0161no su oslikani po uzoru na moskovski Kremlju. Tu se nalazi \u201cDvorana <a href=\"\/?p=2683\" target=\"_blank\">Du\u0161anove<\/a> \u017eenidbe\u201d na \u010dijoj su tavanici oslikani motivi iz istoimene narodne pesme.<\/p>\n<p>Posebne atrakcije Kraljevskog dvora su njegov \u010duveni bajkoviti podrum i \u201c<strong>Dvorana \u0161apata<\/strong>\u201d. Podrumske prostorije osvetljene su prigu\u0161enim crvenim i zelenim svetlima, a vrhunski umetnici oslikali su ih motivima iz ruskih bajki. Levo u \u201cDvorani \u0161apata\u201d nalazi se fontana ura\u0111ena po uzoru na \u201cFontanu suza\u201d iz Bah\u010disarajske kanove palate na Krimu. Voda u njoj toliko sna\u017eno \u017eubori da razgovor koji se u dvorani vodi niko ne mo\u017ee da prislu\u0161kuje.<\/p>\n<p>Dvorska \u201c<strong>Dvorana za projekcije<\/strong>\u201d je prvi privatni bioskop u na\u0161oj ze\u00acmlji, a najstariji film koji se \u010duva jeste Krunisa\u00acnje kralja Petra I iz 1904. godine.<\/p>\n<p>Kraljevski dvor sa <strong>Kraljevskom kapelom Svetog apostola Andreja Prvozvanog<\/strong> povezuje kolonada stubova. Unutra\u0161njost kapele oslikali su ruski slikari.<\/p>\n<p>Levo od ulazne kapije kompleksa, puteljkom se kroz drvorede sti\u017ee do Belog dvora. <strong>Kralj Aleksandar I<\/strong> nameravao je da to bude rezidencija njegovih sinova Petra (budu\u0107eg kralja), Tomislava i Andreja. Ipak, nije do\u017eiveo da vidi zavr\u0161etak gradnje &#8211; <strong>ubijen je u Marselju 1934. godine<\/strong>.<\/p>\n<p>Novi gospodar Dvora postao je maloletni kralj Petar II, a dovr\u0161enje Belog dvora je sa velikom posve\u0107eno\u0161\u0107u preuzeo njegov stric, knez-namesnik Pavle.<\/p>\n<p>U prizemlju ove bele klasicisti\u010dke zgrade nalazi se veliki <strong>Sve\u010dani hol<\/strong> i nekoliko salona u stilu Luja XV i Luja XVI sa venecijanskim lusterima. Knez je voleo da \u010dita, pa <strong>Dvorska biblioteka<\/strong> ima oko 35.000 knjiga na mnogim jezicima. Elegancijom pleni sve\u010dana trpezarija, name\u0161tena u stilu \u010dipendejla, engleskog rokoko name\u0161taja.<\/p>\n<p>Pored zgrade Belog dvora, sme\u0161tene su gara\u017ea, kasarna kraljevske garde, a u okviru kompleksa nalazi se i paviljon vajara <strong>Ivana Me\u0161trovi\u0107a<\/strong> kao i zgrada Mar\u0161alata.<\/p>\n<p>Zanimljivo je da kralj Aleksandar nije trpeo mirise iz kuhinje, pa je naredio da se ona smesti u zasebnu zgradu koja je sa trpezarijom povezana 90m duga\u010dkim podzemnim hodnikom. Nedaleko se nalazi i <strong>Slamnata ku\u0107a<\/strong> koja je slu\u017eila kao umetni\u010dki atelje kraljice Marije, rumunske princeze i \u017eene kralja Aleksandra.<\/p>\n<p><strong>Veliki dvorski parkovi<\/strong> ure\u0111eni su prema idejama pejza\u017enog arhitekte Eduarda Andrea, proslavljenog radovima u Luksemburgu, Rimu, Monte Karlu i Montevideu.<\/p>\n<p><em><strong>Posete Kraljevskom kompleksu<\/strong><\/em><\/p>\n<p>Obilasci Kraljevskog i Belog Dvora mogu\u0107i su samo u organizovanim turama u pratnji profesionalnih turisti\u010dkih vodi\u010da koje se zakazuju unapred, a podrazumevaju dvo\u010dasovnu \u0161etnju kompleksom. Vi\u0161e informacija: http:\/\/www.royalfamily.org\/palaces\/visit_yu.html.<\/p>\n","protected":false},"excerpt":{"rendered":"<p>Kompleks dvorova srpske kraljevske porodice Kara\u0111or\u0111evi\u0107, koji obuhvata Kraljev dvor, Beli dvor, kapelu Sv. Andreja Prvozvanog i prate\u0107e objekte, sme\u0161ten je na najvi\u0161em bre\u017euljku Dedinja, luksuznog beogradskog naselja. Porodica Kara\u0111or\u0111evi\u0107 [&hellip;]<\/p>\n","protected":false},"author":9,"featured_media":10460,"comment_status":"open","ping_status":"open","sticky":false,"template":"","format":"image","meta":{"_acf_changed":false,"inline_featured_image":false,"_monsterinsights_skip_tracking":false,"_monsterinsights_sitenote_active":false,"_monsterinsights_sitenote_note":"","_monsterinsights_sitenote_category":0,"footnotes":""},"categories":[2497,1666,2846],"tags":[729,2596,2589,1179,2543,2608],"class_list":["post-10459","post","type-post","status-publish","format-image","has-post-thumbnail","hentry","category-beograd-gradovi","category-dvorci-tvrdjave","category-istaknuto","tag-beograd-srpski","tag-dedinje-srpski","tag-josip-broz-tito","tag-kralj-petar-i-karadordevic-srpski","tag-savski-venac","tag-savski-venac-en-srpski","post_format-post-format-image"],"acf":[],"yoast_head":"<!-- This site is optimized with the Yoast SEO plugin v27.4 - https:\/\/yoast.com\/product\/yoast-seo-wordpress\/ -->\n<title>Kraljevski dvorski kompleks na Dedinju - Serbia.com<\/title>\n<meta name=\"description\" content=\"Kompleks dvorova srpske kraljevske porodice Kara\u0111or\u0111evi\u0107, koji obuhvata Kraljev dvor, Beli dvor, kapelu Sv. Andreja Prvozvanog i prate\u0107e objekte, sme\u0161ten je na najvi\u0161em bre\u017euljku Dedinja, luksuznog beogradskog naselja. Porodica Kara\u0111or\u0111evi\u0107 i danas \u017eivi u delu dvora, a drugi deo otvoren je za posetioce\" \/>\n<meta name=\"robots\" content=\"index, follow, max-snippet:-1, max-image-preview:large, max-video-preview:-1\" \/>\n<link rel=\"canonical\" href=\"https:\/\/serbia.com\/srpski\/kraljevski-dvorski-kompleks-na-dedinju\/\" \/>\n<meta property=\"og:locale\" content=\"en_US\" \/>\n<meta property=\"og:type\" content=\"article\" \/>\n<meta property=\"og:title\" content=\"Kraljevski dvorski kompleks na Dedinju - Serbia.com\" \/>\n<meta property=\"og:description\" content=\"Kompleks dvorova srpske kraljevske porodice Kara\u0111or\u0111evi\u0107, koji obuhvata Kraljev dvor, Beli dvor, kapelu Sv. Andreja Prvozvanog i prate\u0107e objekte, sme\u0161ten je na najvi\u0161em bre\u017euljku Dedinja, luksuznog beogradskog naselja. Porodica Kara\u0111or\u0111evi\u0107 i danas \u017eivi u delu dvora, a drugi deo otvoren je za posetioce\" \/>\n<meta property=\"og:url\" content=\"https:\/\/serbia.com\/srpski\/kraljevski-dvorski-kompleks-na-dedinju\/\" \/>\n<meta property=\"og:site_name\" content=\"Serbia.com\" \/>\n<meta property=\"article:published_time\" content=\"2013-06-06T09:49:27+00:00\" \/>\n<meta property=\"article:modified_time\" content=\"2014-03-17T13:08:12+00:00\" \/>\n<meta property=\"og:image\" content=\"https:\/\/serbia.com\/wp-content\/uploads\/2013\/06\/Beli-Dvor-11.jpg\" \/>\n\t<meta property=\"og:image:width\" content=\"640\" \/>\n\t<meta property=\"og:image:height\" content=\"425\" \/>\n\t<meta property=\"og:image:type\" content=\"image\/jpeg\" \/>\n<meta name=\"author\" content=\"Serbia.com\" \/>\n<meta name=\"twitter:label1\" content=\"Written by\" \/>\n\t<meta name=\"twitter:data1\" content=\"Serbia.com\" \/>\n\t<meta name=\"twitter:label2\" content=\"Est. reading time\" \/>\n\t<meta name=\"twitter:data2\" content=\"4 minutes\" \/>\n<script type=\"application\/ld+json\" class=\"yoast-schema-graph\">{\"@context\":\"https:\\\/\\\/schema.org\",\"@graph\":[{\"@type\":\"Article\",\"@id\":\"https:\\\/\\\/serbia.com\\\/srpski\\\/kraljevski-dvorski-kompleks-na-dedinju\\\/#article\",\"isPartOf\":{\"@id\":\"https:\\\/\\\/serbia.com\\\/srpski\\\/kraljevski-dvorski-kompleks-na-dedinju\\\/\"},\"author\":{\"name\":\"Serbia.com\",\"@id\":\"https:\\\/\\\/serbia.com\\\/#\\\/schema\\\/person\\\/6fe28d3055f5f291d832531e555da490\"},\"headline\":\"Kraljevski dvorski kompleks na Dedinju\",\"datePublished\":\"2013-06-06T09:49:27+00:00\",\"dateModified\":\"2014-03-17T13:08:12+00:00\",\"mainEntityOfPage\":{\"@id\":\"https:\\\/\\\/serbia.com\\\/srpski\\\/kraljevski-dvorski-kompleks-na-dedinju\\\/\"},\"wordCount\":804,\"commentCount\":0,\"image\":{\"@id\":\"https:\\\/\\\/serbia.com\\\/srpski\\\/kraljevski-dvorski-kompleks-na-dedinju\\\/#primaryimage\"},\"thumbnailUrl\":\"https:\\\/\\\/serbia.com\\\/wp-content\\\/uploads\\\/2013\\\/06\\\/Beli-Dvor-11.jpg\",\"keywords\":[\"Beograd\",\"Dedinje\",\"Josip Broz Tito\",\"Kralj Petar I Kara\u0111or\u0111evi\u0107\",\"Savski Venac\",\"Savski venac\"],\"articleSection\":[\"Beograd\",\"Dvorci i tvr\u0111ave\",\"Istaknuto\"],\"inLanguage\":\"srpski\",\"potentialAction\":[{\"@type\":\"CommentAction\",\"name\":\"Comment\",\"target\":[\"https:\\\/\\\/serbia.com\\\/srpski\\\/kraljevski-dvorski-kompleks-na-dedinju\\\/#respond\"]}]},{\"@type\":\"WebPage\",\"@id\":\"https:\\\/\\\/serbia.com\\\/srpski\\\/kraljevski-dvorski-kompleks-na-dedinju\\\/\",\"url\":\"https:\\\/\\\/serbia.com\\\/srpski\\\/kraljevski-dvorski-kompleks-na-dedinju\\\/\",\"name\":\"Kraljevski dvorski kompleks na Dedinju - Serbia.com\",\"isPartOf\":{\"@id\":\"https:\\\/\\\/serbia.com\\\/#website\"},\"primaryImageOfPage\":{\"@id\":\"https:\\\/\\\/serbia.com\\\/srpski\\\/kraljevski-dvorski-kompleks-na-dedinju\\\/#primaryimage\"},\"image\":{\"@id\":\"https:\\\/\\\/serbia.com\\\/srpski\\\/kraljevski-dvorski-kompleks-na-dedinju\\\/#primaryimage\"},\"thumbnailUrl\":\"https:\\\/\\\/serbia.com\\\/wp-content\\\/uploads\\\/2013\\\/06\\\/Beli-Dvor-11.jpg\",\"datePublished\":\"2013-06-06T09:49:27+00:00\",\"dateModified\":\"2014-03-17T13:08:12+00:00\",\"author\":{\"@id\":\"https:\\\/\\\/serbia.com\\\/#\\\/schema\\\/person\\\/6fe28d3055f5f291d832531e555da490\"},\"description\":\"Kompleks dvorova srpske kraljevske porodice Kara\u0111or\u0111evi\u0107, koji obuhvata Kraljev dvor, Beli dvor, kapelu Sv. Andreja Prvozvanog i prate\u0107e objekte, sme\u0161ten je na najvi\u0161em bre\u017euljku Dedinja, luksuznog beogradskog naselja. Porodica Kara\u0111or\u0111evi\u0107 i danas \u017eivi u delu dvora, a drugi deo otvoren je za posetioce\",\"breadcrumb\":{\"@id\":\"https:\\\/\\\/serbia.com\\\/srpski\\\/kraljevski-dvorski-kompleks-na-dedinju\\\/#breadcrumb\"},\"inLanguage\":\"srpski\",\"potentialAction\":[{\"@type\":\"ReadAction\",\"target\":[\"https:\\\/\\\/serbia.com\\\/srpski\\\/kraljevski-dvorski-kompleks-na-dedinju\\\/\"]}]},{\"@type\":\"ImageObject\",\"inLanguage\":\"srpski\",\"@id\":\"https:\\\/\\\/serbia.com\\\/srpski\\\/kraljevski-dvorski-kompleks-na-dedinju\\\/#primaryimage\",\"url\":\"https:\\\/\\\/serbia.com\\\/wp-content\\\/uploads\\\/2013\\\/06\\\/Beli-Dvor-11.jpg\",\"contentUrl\":\"https:\\\/\\\/serbia.com\\\/wp-content\\\/uploads\\\/2013\\\/06\\\/Beli-Dvor-11.jpg\",\"width\":640,\"height\":425},{\"@type\":\"BreadcrumbList\",\"@id\":\"https:\\\/\\\/serbia.com\\\/srpski\\\/kraljevski-dvorski-kompleks-na-dedinju\\\/#breadcrumb\",\"itemListElement\":[{\"@type\":\"ListItem\",\"position\":1,\"name\":\"Home\",\"item\":\"https:\\\/\\\/serbia.com\\\/srpski\\\/srbija\\\/\"},{\"@type\":\"ListItem\",\"position\":2,\"name\":\"Kraljevski dvorski kompleks na Dedinju\"}]},{\"@type\":\"WebSite\",\"@id\":\"https:\\\/\\\/serbia.com\\\/#website\",\"url\":\"https:\\\/\\\/serbia.com\\\/\",\"name\":\"Serbia.com\",\"description\":\"Your Gateway to Serbia\",\"potentialAction\":[{\"@type\":\"SearchAction\",\"target\":{\"@type\":\"EntryPoint\",\"urlTemplate\":\"https:\\\/\\\/serbia.com\\\/?s={search_term_string}\"},\"query-input\":{\"@type\":\"PropertyValueSpecification\",\"valueRequired\":true,\"valueName\":\"search_term_string\"}}],\"inLanguage\":\"srpski\"},{\"@type\":\"Person\",\"@id\":\"https:\\\/\\\/serbia.com\\\/#\\\/schema\\\/person\\\/6fe28d3055f5f291d832531e555da490\",\"name\":\"Serbia.com\",\"image\":{\"@type\":\"ImageObject\",\"inLanguage\":\"srpski\",\"@id\":\"https:\\\/\\\/secure.gravatar.com\\\/avatar\\\/8381eb54f5b393857857cb5fd6c42264c9e14b10435326bc567fcc3511bd8df4?s=96&d=mm&r=g\",\"url\":\"https:\\\/\\\/secure.gravatar.com\\\/avatar\\\/8381eb54f5b393857857cb5fd6c42264c9e14b10435326bc567fcc3511bd8df4?s=96&d=mm&r=g\",\"contentUrl\":\"https:\\\/\\\/secure.gravatar.com\\\/avatar\\\/8381eb54f5b393857857cb5fd6c42264c9e14b10435326bc567fcc3511bd8df4?s=96&d=mm&r=g\",\"caption\":\"Serbia.com\"},\"url\":\"https:\\\/\\\/serbia.com\\\/srpski\\\/author\\\/serbia-com\\\/\"}]}<\/script>\n<!-- \/ Yoast SEO plugin. -->","yoast_head_json":{"title":"Kraljevski dvorski kompleks na Dedinju - Serbia.com","description":"Kompleks dvorova srpske kraljevske porodice Kara\u0111or\u0111evi\u0107, koji obuhvata Kraljev dvor, Beli dvor, kapelu Sv. Andreja Prvozvanog i prate\u0107e objekte, sme\u0161ten je na najvi\u0161em bre\u017euljku Dedinja, luksuznog beogradskog naselja. Porodica Kara\u0111or\u0111evi\u0107 i danas \u017eivi u delu dvora, a drugi deo otvoren je za posetioce","robots":{"index":"index","follow":"follow","max-snippet":"max-snippet:-1","max-image-preview":"max-image-preview:large","max-video-preview":"max-video-preview:-1"},"canonical":"https:\/\/serbia.com\/srpski\/kraljevski-dvorski-kompleks-na-dedinju\/","og_locale":"en_US","og_type":"article","og_title":"Kraljevski dvorski kompleks na Dedinju - Serbia.com","og_description":"Kompleks dvorova srpske kraljevske porodice Kara\u0111or\u0111evi\u0107, koji obuhvata Kraljev dvor, Beli dvor, kapelu Sv. Andreja Prvozvanog i prate\u0107e objekte, sme\u0161ten je na najvi\u0161em bre\u017euljku Dedinja, luksuznog beogradskog naselja. Porodica Kara\u0111or\u0111evi\u0107 i danas \u017eivi u delu dvora, a drugi deo otvoren je za posetioce","og_url":"https:\/\/serbia.com\/srpski\/kraljevski-dvorski-kompleks-na-dedinju\/","og_site_name":"Serbia.com","article_published_time":"2013-06-06T09:49:27+00:00","article_modified_time":"2014-03-17T13:08:12+00:00","og_image":[{"width":640,"height":425,"url":"https:\/\/serbia.com\/wp-content\/uploads\/2013\/06\/Beli-Dvor-11.jpg","type":"image\/jpeg"}],"author":"Serbia.com","twitter_misc":{"Written by":"Serbia.com","Est. reading time":"4 minutes"},"schema":{"@context":"https:\/\/schema.org","@graph":[{"@type":"Article","@id":"https:\/\/serbia.com\/srpski\/kraljevski-dvorski-kompleks-na-dedinju\/#article","isPartOf":{"@id":"https:\/\/serbia.com\/srpski\/kraljevski-dvorski-kompleks-na-dedinju\/"},"author":{"name":"Serbia.com","@id":"https:\/\/serbia.com\/#\/schema\/person\/6fe28d3055f5f291d832531e555da490"},"headline":"Kraljevski dvorski kompleks na Dedinju","datePublished":"2013-06-06T09:49:27+00:00","dateModified":"2014-03-17T13:08:12+00:00","mainEntityOfPage":{"@id":"https:\/\/serbia.com\/srpski\/kraljevski-dvorski-kompleks-na-dedinju\/"},"wordCount":804,"commentCount":0,"image":{"@id":"https:\/\/serbia.com\/srpski\/kraljevski-dvorski-kompleks-na-dedinju\/#primaryimage"},"thumbnailUrl":"https:\/\/serbia.com\/wp-content\/uploads\/2013\/06\/Beli-Dvor-11.jpg","keywords":["Beograd","Dedinje","Josip Broz Tito","Kralj Petar I Kara\u0111or\u0111evi\u0107","Savski Venac","Savski venac"],"articleSection":["Beograd","Dvorci i tvr\u0111ave","Istaknuto"],"inLanguage":"srpski","potentialAction":[{"@type":"CommentAction","name":"Comment","target":["https:\/\/serbia.com\/srpski\/kraljevski-dvorski-kompleks-na-dedinju\/#respond"]}]},{"@type":"WebPage","@id":"https:\/\/serbia.com\/srpski\/kraljevski-dvorski-kompleks-na-dedinju\/","url":"https:\/\/serbia.com\/srpski\/kraljevski-dvorski-kompleks-na-dedinju\/","name":"Kraljevski dvorski kompleks na Dedinju - Serbia.com","isPartOf":{"@id":"https:\/\/serbia.com\/#website"},"primaryImageOfPage":{"@id":"https:\/\/serbia.com\/srpski\/kraljevski-dvorski-kompleks-na-dedinju\/#primaryimage"},"image":{"@id":"https:\/\/serbia.com\/srpski\/kraljevski-dvorski-kompleks-na-dedinju\/#primaryimage"},"thumbnailUrl":"https:\/\/serbia.com\/wp-content\/uploads\/2013\/06\/Beli-Dvor-11.jpg","datePublished":"2013-06-06T09:49:27+00:00","dateModified":"2014-03-17T13:08:12+00:00","author":{"@id":"https:\/\/serbia.com\/#\/schema\/person\/6fe28d3055f5f291d832531e555da490"},"description":"Kompleks dvorova srpske kraljevske porodice Kara\u0111or\u0111evi\u0107, koji obuhvata Kraljev dvor, Beli dvor, kapelu Sv. Andreja Prvozvanog i prate\u0107e objekte, sme\u0161ten je na najvi\u0161em bre\u017euljku Dedinja, luksuznog beogradskog naselja. Porodica Kara\u0111or\u0111evi\u0107 i danas \u017eivi u delu dvora, a drugi deo otvoren je za posetioce","breadcrumb":{"@id":"https:\/\/serbia.com\/srpski\/kraljevski-dvorski-kompleks-na-dedinju\/#breadcrumb"},"inLanguage":"srpski","potentialAction":[{"@type":"ReadAction","target":["https:\/\/serbia.com\/srpski\/kraljevski-dvorski-kompleks-na-dedinju\/"]}]},{"@type":"ImageObject","inLanguage":"srpski","@id":"https:\/\/serbia.com\/srpski\/kraljevski-dvorski-kompleks-na-dedinju\/#primaryimage","url":"https:\/\/serbia.com\/wp-content\/uploads\/2013\/06\/Beli-Dvor-11.jpg","contentUrl":"https:\/\/serbia.com\/wp-content\/uploads\/2013\/06\/Beli-Dvor-11.jpg","width":640,"height":425},{"@type":"BreadcrumbList","@id":"https:\/\/serbia.com\/srpski\/kraljevski-dvorski-kompleks-na-dedinju\/#breadcrumb","itemListElement":[{"@type":"ListItem","position":1,"name":"Home","item":"https:\/\/serbia.com\/srpski\/srbija\/"},{"@type":"ListItem","position":2,"name":"Kraljevski dvorski kompleks na Dedinju"}]},{"@type":"WebSite","@id":"https:\/\/serbia.com\/#website","url":"https:\/\/serbia.com\/","name":"Serbia.com","description":"Your Gateway to Serbia","potentialAction":[{"@type":"SearchAction","target":{"@type":"EntryPoint","urlTemplate":"https:\/\/serbia.com\/?s={search_term_string}"},"query-input":{"@type":"PropertyValueSpecification","valueRequired":true,"valueName":"search_term_string"}}],"inLanguage":"srpski"},{"@type":"Person","@id":"https:\/\/serbia.com\/#\/schema\/person\/6fe28d3055f5f291d832531e555da490","name":"Serbia.com","image":{"@type":"ImageObject","inLanguage":"srpski","@id":"https:\/\/secure.gravatar.com\/avatar\/8381eb54f5b393857857cb5fd6c42264c9e14b10435326bc567fcc3511bd8df4?s=96&d=mm&r=g","url":"https:\/\/secure.gravatar.com\/avatar\/8381eb54f5b393857857cb5fd6c42264c9e14b10435326bc567fcc3511bd8df4?s=96&d=mm&r=g","contentUrl":"https:\/\/secure.gravatar.com\/avatar\/8381eb54f5b393857857cb5fd6c42264c9e14b10435326bc567fcc3511bd8df4?s=96&d=mm&r=g","caption":"Serbia.com"},"url":"https:\/\/serbia.com\/srpski\/author\/serbia-com\/"}]}},"brizy_media":[],"_links":{"self":[{"href":"https:\/\/serbia.com\/srpski\/wp-json\/wp\/v2\/posts\/10459","targetHints":{"allow":["GET"]}}],"collection":[{"href":"https:\/\/serbia.com\/srpski\/wp-json\/wp\/v2\/posts"}],"about":[{"href":"https:\/\/serbia.com\/srpski\/wp-json\/wp\/v2\/types\/post"}],"author":[{"embeddable":true,"href":"https:\/\/serbia.com\/srpski\/wp-json\/wp\/v2\/users\/9"}],"replies":[{"embeddable":true,"href":"https:\/\/serbia.com\/srpski\/wp-json\/wp\/v2\/comments?post=10459"}],"version-history":[{"count":0,"href":"https:\/\/serbia.com\/srpski\/wp-json\/wp\/v2\/posts\/10459\/revisions"}],"wp:featuredmedia":[{"embeddable":true,"href":"https:\/\/serbia.com\/srpski\/wp-json\/wp\/v2\/media\/10460"}],"wp:attachment":[{"href":"https:\/\/serbia.com\/srpski\/wp-json\/wp\/v2\/media?parent=10459"}],"wp:term":[{"taxonomy":"category","embeddable":true,"href":"https:\/\/serbia.com\/srpski\/wp-json\/wp\/v2\/categories?post=10459"},{"taxonomy":"post_tag","embeddable":true,"href":"https:\/\/serbia.com\/srpski\/wp-json\/wp\/v2\/tags?post=10459"}],"curies":[{"name":"wp","href":"https:\/\/api.w.org\/{rel}","templated":true}]}}