{"id":13711,"global_id":"serbia.com\/srpski\/?id=13711","global_id_lineage":["serbia.com\/srpski\/?id=13711"],"author":"9","status":"publish","date":"2014-02-07 12:09:31","date_utc":"2014-02-07 11:09:31","modified":"2014-02-07 12:15:46","modified_utc":"2014-02-07 11:15:46","url":"https:\/\/serbia.com\/srpski\/event\/kragujevacki-sajam-lepote\/","rest_url":"https:\/\/serbia.com\/srpski\/wp-json\/tribe\/events\/v1\/events\/13711","title":"Kragujeva\u010dki sajam lepote","description":"<h2>Kragujeva\u010dki sajam lepote odr\u017eava se od 12. do 14. februara na \u0160umadija sajmu gde \u0107e najve\u0107e kompanije iz oblasti kozmetike, estetike i zdravlja na ovim prostorima predstaviti svoje proizvode.<\/h2>\n<p>Kragujeva\u010dki sajam lepote 2014 \u0107e na dve \u0161ou bine sa LED ekranima predstaviti trodnevni HAIR SHOW, kao i mno\u0161tvo besplatnih edukativnih tribina i prezentacija u modernom Biznis Medija Centru. Posetioce o\u010dekuju najve\u0107a svetska frizerska imena iz Amerike, Australije, Gr\u010dke, Italije i Nema\u010dke koji \u0107e predstaviti svoja profesionalna i svetska dostignu\u0107a na Centralnoj revijalnoj bini.<\/p>\n<p>U okviru festivala, 12. februara, odr\u017ea\u0107e se i takmi\u010denje timova \u0161kola \u2018\u2019JUNIOR CREATIVE STAR AWARD\u2019\u2019, kao i takmi\u010denje frizerskih salona \u2018\u2019SALON STAR AWARD\u2019\u2019, 13. februara.<\/p>\n<p>U okviru sajma odr\u017ea\u0107e se i takmi\u010denje u modeliranju i dizajnu noktiju \u201cMAGIC &amp; NAILS \u2013 SRBIJA 2014\u201d u organizaciji \u0160umadija sajma i ATELIER LK (12. i 13. Februara).<\/p>\n<p>Radno vreme sajma tokom manifestacije je od 10.00 do 21.00. Ulaz na sajam je besplatan, kao i u\u010destvovanje na svim edukativnim tribinama.<\/p>\n<p>&nbsp;<\/p>","excerpt":"","slug":"kragujevacki-sajam-lepote","image":{"url":"https:\/\/serbia.com\/wp-content\/uploads\/2014\/02\/kg1.jpg","id":13712,"extension":"jpg","width":336,"height":336,"filesize":12147,"sizes":{"thumbnail":{"width":150,"height":150,"mime-type":"image\/jpeg","ewww_image_optimizer":"Reduced by 7.0% (400.0&nbsp;B) - Previously Optimized","filesize":5348,"url":"https:\/\/serbia.com\/wp-content\/uploads\/2014\/02\/kg1-150x150.jpg"},"medium":{"width":300,"height":300,"mime-type":"image\/jpeg","ewww_image_optimizer":"Reduced by 8.8% (1.4&nbsp;kB) - Previously Optimized","filesize":15194,"url":"https:\/\/serbia.com\/wp-content\/uploads\/2014\/02\/kg1-300x300.jpg"},"blog-one":{"width":300,"height":300,"mime-type":"image\/jpeg","ewww_image_optimizer":"No savings","filesize":15194,"url":"https:\/\/serbia.com\/wp-content\/uploads\/2014\/02\/kg1-300x300.jpg"},"small-square":{"width":50,"height":50,"mime-type":"image\/jpeg","ewww_image_optimizer":"Reduced by 25.3% (366.0&nbsp;B) - Previously Optimized","filesize":1079,"url":"https:\/\/serbia.com\/wp-content\/uploads\/2014\/02\/kg1-50x50.jpg"},"half-landscape":{"width":290,"height":166,"mime-type":"image\/jpeg","ewww_image_optimizer":"Reduced by 8.3% (1.1&nbsp;kB) - Previously Optimized","filesize":12917,"url":"https:\/\/serbia.com\/wp-content\/uploads\/2014\/02\/kg1-290x166.jpg"},"blog-full-width":{"width":336,"height":310,"mime-type":"image\/jpeg","ewww_image_optimizer":"Reduced by 8.6% (1.8&nbsp;kB) - Previously Optimized","filesize":19512,"url":"https:\/\/serbia.com\/wp-content\/uploads\/2014\/02\/kg1-336x310.jpg"},"gallery-links":{"width":186,"height":186,"mime-type":"image\/jpeg","ewww_image_optimizer":"Reduced by 6.6% (515.0&nbsp;B) - Previously Optimized","filesize":7287,"url":"https:\/\/serbia.com\/wp-content\/uploads\/2014\/02\/kg1-186x186.jpg"},"blog-three":{"width":336,"height":220,"mime-type":"image\/jpeg","ewww_image_optimizer":"Reduced by 8.6% (1.7&nbsp;kB) - Previously Optimized","filesize":18482,"url":"https:\/\/serbia.com\/wp-content\/uploads\/2014\/02\/kg1-336x220.jpg"}}},"all_day":false,"start_date":"2014-02-12 10:00:00","start_date_details":{"year":"2014","month":"02","day":"12","hour":"10","minutes":"00","seconds":"00"},"end_date":"2014-02-14 21:00:00","end_date_details":{"year":"2014","month":"02","day":"14","hour":"21","minutes":"00","seconds":"00"},"utc_start_date":"2014-02-12 09:00:00","utc_start_date_details":{"year":"2014","month":"02","day":"12","hour":"09","minutes":"00","seconds":"00"},"utc_end_date":"2014-02-14 20:00:00","utc_end_date_details":{"year":"2014","month":"02","day":"14","hour":"20","minutes":"00","seconds":"00"},"timezone":"Europe\/Belgrade","timezone_abbr":"CET","cost":"","cost_details":{"currency_symbol":"","currency_code":"","currency_position":"","values":[]},"website":"https:\/\/serbia.com\/srpski\/event\/kragujevacki-sajam-lepote\/","show_map":true,"show_map_link":true,"hide_from_listings":false,"sticky":false,"featured":false,"categories":[],"tags":[],"venue":{"id":12050,"author":"9","status":"publish","date":"2013-10-21 11:49:45","date_utc":"2013-10-21 09:49:45","modified":"2013-10-21 11:49:45","modified_utc":"2013-10-21 09:49:45","url":"https:\/\/serbia.com\/venue\/sumadija-sajam\/","venue":"\u0160umadija sajam","slug":"sumadija-sajam","city":"Kragujevac","country":"Serbia","json_ld":{"@type":"Place","name":"\u0160umadija sajam","description":"","url":"","address":{"@type":"PostalAddress","addressLocality":"Kragujevac","addressCountry":"Serbia"},"telephone":"","sameAs":""},"show_map":true,"show_map_link":true,"global_id":"serbia.com\/srpski\/?id=12050","global_id_lineage":["serbia.com\/srpski\/?id=12050"]},"organizer":[],"custom_fields":[],"json_ld":{"@context":"http:\/\/schema.org","@type":"Event","name":"Kragujeva\u010dki sajam lepote","description":"&lt;p&gt;Kragujeva\u010dki sajam lepote odr\u017eava se od 12. do 14. februara na \u0160umadija sajmu gde \u0107e najve\u0107e kompanije iz oblasti kozmetike, estetike i zdravlja na ovim prostorima predstaviti svoje proizvode. Kragujeva\u010dki [&hellip;]&lt;\/p&gt;\\n","image":"https:\/\/serbia.com\/wp-content\/uploads\/2014\/02\/kg1.jpg","url":"https:\/\/serbia.com\/srpski\/event\/kragujevacki-sajam-lepote\/","eventAttendanceMode":"https:\/\/schema.org\/OfflineEventAttendanceMode","eventStatus":"https:\/\/schema.org\/EventScheduled","startDate":"2014-02-12T10:00:00+01:00","endDate":"2014-02-14T21:00:00+01:00","location":{"@type":"Place","name":"\u0160umadija sajam","description":"","url":"","address":{"@type":"PostalAddress","addressLocality":"Kragujevac","addressCountry":"Serbia"},"telephone":"","sameAs":""},"performer":"Organization"}}